{"id":3291,"date":"2025-10-06T16:45:05","date_gmt":"2025-10-06T16:45:05","guid":{"rendered":"https:\/\/lafuente.mx\/?p=3291"},"modified":"2025-10-21T16:52:06","modified_gmt":"2025-10-21T16:52:06","slug":"mentalizarte-11","status":"publish","type":"post","link":"https:\/\/lafuente.mx\/?p=3291","title":{"rendered":"Mentalizarte"},"content":{"rendered":"\n<p class=\"has-text-align-center has-text-color has-large-font-size\" style=\"color:#f613c4\"><strong>Durante octubre en mentalizarte <\/strong><\/p>\n\n\n\n<p class=\"has-text-align-center has-large-font-size\">hablaremos sobre<\/p>\n\n\n\n<p class=\"has-text-align-center has-text-color has-larger-font-size\" style=\"color:#096faa\"><strong>Sexualidad y salud mental<\/strong><\/p>\n\n\n\n<hr class=\"wp-block-separator has-text-color has-vivid-cyan-blue-color has-alpha-channel-opacity has-vivid-cyan-blue-background-color has-background\"\/>\n\n\n<div class=\"wp-block-image\">\n<figure class=\"aligncenter size-full\"><img decoding=\"async\" loading=\"lazy\" width=\"640\" height=\"370\" src=\"https:\/\/i0.wp.com\/lafuente.mx\/wp-content\/uploads\/2025\/10\/WhatsApp-Image-2025-10-06-at-10.19.26-AM.jpeg?resize=640%2C370&#038;ssl=1\" alt=\"\" class=\"wp-image-3293\" srcset=\"https:\/\/i0.wp.com\/lafuente.mx\/wp-content\/uploads\/2025\/10\/WhatsApp-Image-2025-10-06-at-10.19.26-AM.jpeg?w=655&amp;ssl=1 655w, https:\/\/i0.wp.com\/lafuente.mx\/wp-content\/uploads\/2025\/10\/WhatsApp-Image-2025-10-06-at-10.19.26-AM.jpeg?resize=300%2C174&amp;ssl=1 300w\" sizes=\"(max-width: 640px) 100vw, 640px\" data-recalc-dims=\"1\" \/><\/figure><\/div>\n\n\n<hr class=\"wp-block-separator has-text-color has-vivid-cyan-blue-color has-alpha-channel-opacity has-vivid-cyan-blue-background-color has-background\"\/>\n\n\n\n<p class=\"has-text-color has-medium-font-size\" style=\"color:#126798\">MENTALIZARTE es el proyecto de difusi\u00f3n en temas de salud mental del Instituto Nacional de Psiquiatr\u00eda Ram\u00f3n de la Fuente Mu\u00f1iz (INPRFM).<\/p>\n\n\n\n<p class=\"has-text-color has-medium-font-size\" style=\"color:#126798\">Tiene el objetivo de informar sobre los s\u00edntomas de los diferentes trastornos mentales, difundir que pedir ayuda no es signo de debilidad sino al contrario, adem\u00e1s de fomentar que las personas busquen atenci\u00f3n profesional y normalizar la conversaci\u00f3n en temas de salud y enfermedad mental equiparando la asistencia a psic\u00f3logos y psiquiatras con la de los dem\u00e1s profesionales de la salud.<\/p>\n\n\n\n<hr class=\"wp-block-separator has-text-color has-vivid-cyan-blue-color has-alpha-channel-opacity has-vivid-cyan-blue-background-color has-background is-style-default\"\/>\n\n\n\n<div class=\"wp-block-buttons is-layout-flex wp-block-buttons-is-layout-flex\">\n<div class=\"wp-block-button\"><a class=\"wp-block-button__link has-vivid-cyan-blue-background-color has-background wp-element-button\" href=\"https:\/\/www.mentalizarte.com\/\">Mentalizarte<\/a><\/div>\n<\/div>\n","protected":false},"excerpt":{"rendered":"<p>Durante octubre en mentalizarte hablaremos sobre Sexualidad y salud mental MENTALIZARTE es el proyecto de difusi\u00f3n en temas de salud mental del Instituto Nacional de<\/p>\n","protected":false},"author":3,"featured_media":3293,"comment_status":"closed","ping_status":"closed","sticky":false,"template":"","format":"standard","meta":{"footnotes":"","jetpack_publicize_message":"","jetpack_is_tweetstorm":false,"jetpack_publicize_feature_enabled":true},"categories":[14],"tags":[422,21,75,63,32,283],"jetpack_publicize_connections":[],"yoast_head":"<!-- This site is optimized with the Yoast SEO plugin v19.4 - https:\/\/yoast.com\/wordpress\/plugins\/seo\/ -->\n<title>Mentalizarte -<\/title>\n<meta name=\"robots\" content=\"index, follow, max-snippet:-1, max-image-preview:large, max-video-preview:-1\" \/>\n<link rel=\"canonical\" href=\"https:\/\/lafuente.mx\/?p=3291\" \/>\n<meta property=\"og:locale\" content=\"es_MX\" \/>\n<meta property=\"og:type\" content=\"article\" \/>\n<meta property=\"og:title\" content=\"Sexualidad y salud mental\" \/>\n<meta property=\"og:description\" content=\"MENTALIZARTE es el proyecto de difusi\u00f3n en temas de salud mental del Instituto Nacional de Psiquiatr\u00eda Ram\u00f3n de la Fuente Mu\u00f1iz (INPRFM).\" \/>\n<meta property=\"og:url\" content=\"https:\/\/lafuente.mx\/?p=3291\" \/>\n<meta property=\"article:published_time\" content=\"2025-10-06T16:45:05+00:00\" \/>\n<meta property=\"article:modified_time\" content=\"2025-10-21T16:52:06+00:00\" \/>\n<meta property=\"og:image\" content=\"http:\/\/lafuente.mx\/wp-content\/uploads\/2025\/10\/WhatsApp-Image-2025-10-06-at-10.19.26-AM.jpeg\" \/>\n\t<meta property=\"og:image:width\" content=\"655\" \/>\n\t<meta property=\"og:image:height\" content=\"379\" \/>\n\t<meta property=\"og:image:type\" content=\"image\/jpeg\" \/>\n<meta name=\"author\" content=\"Claudia Gallardo\" \/>\n<meta name=\"twitter:card\" content=\"summary_large_image\" \/>\n<meta name=\"twitter:title\" content=\"Sexualidad y salud mental\" \/>\n<meta name=\"twitter:description\" content=\"MENTALIZARTE es el proyecto de difusi\u00f3n en temas de salud mental del Instituto Nacional de Psiquiatr\u00eda Ram\u00f3n de la Fuente Mu\u00f1iz (INPRFM).\" \/>\n<meta name=\"twitter:image\" content=\"https:\/\/i0.wp.com\/lafuente.mx\/wp-content\/uploads\/2025\/10\/WhatsApp-Image-2025-10-06-at-10.19.26-AM.jpeg?fit=655%2C379&ssl=1\" \/>\n<meta name=\"twitter:label1\" content=\"Escrito por\" \/>\n\t<meta name=\"twitter:data1\" content=\"Claudia Gallardo\" \/>\n\t<meta name=\"twitter:label2\" content=\"Tiempo de lectura\" \/>\n\t<meta name=\"twitter:data2\" content=\"1 minuto\" \/>\n<script type=\"application\/ld+json\" class=\"yoast-schema-graph\">{\"@context\":\"https:\/\/schema.org\",\"@graph\":[{\"@type\":\"WebSite\",\"@id\":\"https:\/\/lafuente.mx\/#website\",\"url\":\"https:\/\/lafuente.mx\/\",\"name\":\"\",\"description\":\"Informaci\u00f3n confiable sobre salud mental\",\"potentialAction\":[{\"@type\":\"SearchAction\",\"target\":{\"@type\":\"EntryPoint\",\"urlTemplate\":\"https:\/\/lafuente.mx\/?s={search_term_string}\"},\"query-input\":\"required name=search_term_string\"}],\"inLanguage\":\"es-MX\"},{\"@type\":\"WebPage\",\"@id\":\"https:\/\/lafuente.mx\/?p=3291\",\"url\":\"https:\/\/lafuente.mx\/?p=3291\",\"name\":\"Mentalizarte -\",\"isPartOf\":{\"@id\":\"https:\/\/lafuente.mx\/#website\"},\"datePublished\":\"2025-10-06T16:45:05+00:00\",\"dateModified\":\"2025-10-21T16:52:06+00:00\",\"author\":{\"@id\":\"https:\/\/lafuente.mx\/#\/schema\/person\/603f3aa8e2f6f7879021ab722d39d6b0\"},\"breadcrumb\":{\"@id\":\"https:\/\/lafuente.mx\/?p=3291#breadcrumb\"},\"inLanguage\":\"es-MX\",\"potentialAction\":[{\"@type\":\"ReadAction\",\"target\":[\"https:\/\/lafuente.mx\/?p=3291\"]}]},{\"@type\":\"BreadcrumbList\",\"@id\":\"https:\/\/lafuente.mx\/?p=3291#breadcrumb\",\"itemListElement\":[{\"@type\":\"ListItem\",\"position\":1,\"name\":\"Inicio\",\"item\":\"https:\/\/lafuente.mx\/\"},{\"@type\":\"ListItem\",\"position\":2,\"name\":\"Mentalizarte\"}]},{\"@type\":\"Person\",\"@id\":\"https:\/\/lafuente.mx\/#\/schema\/person\/603f3aa8e2f6f7879021ab722d39d6b0\",\"name\":\"Claudia Gallardo\",\"image\":{\"@type\":\"ImageObject\",\"inLanguage\":\"es-MX\",\"@id\":\"https:\/\/lafuente.mx\/#\/schema\/person\/image\/\",\"url\":\"https:\/\/secure.gravatar.com\/avatar\/bfe9c966af1ccfb9d17bcdb9d04e8815?s=96&d=mm&r=g\",\"contentUrl\":\"https:\/\/secure.gravatar.com\/avatar\/bfe9c966af1ccfb9d17bcdb9d04e8815?s=96&d=mm&r=g\",\"caption\":\"Claudia Gallardo\"},\"url\":\"https:\/\/lafuente.mx\/?author=3\"}]}<\/script>\n<!-- \/ Yoast SEO plugin. -->","yoast_head_json":{"title":"Mentalizarte -","robots":{"index":"index","follow":"follow","max-snippet":"max-snippet:-1","max-image-preview":"max-image-preview:large","max-video-preview":"max-video-preview:-1"},"canonical":"https:\/\/lafuente.mx\/?p=3291","og_locale":"es_MX","og_type":"article","og_title":"Sexualidad y salud mental","og_description":"MENTALIZARTE es el proyecto de difusi\u00f3n en temas de salud mental del Instituto Nacional de Psiquiatr\u00eda Ram\u00f3n de la Fuente Mu\u00f1iz (INPRFM).","og_url":"https:\/\/lafuente.mx\/?p=3291","article_published_time":"2025-10-06T16:45:05+00:00","article_modified_time":"2025-10-21T16:52:06+00:00","og_image":[{"width":655,"height":379,"url":"http:\/\/lafuente.mx\/wp-content\/uploads\/2025\/10\/WhatsApp-Image-2025-10-06-at-10.19.26-AM.jpeg","type":"image\/jpeg"}],"author":"Claudia Gallardo","twitter_card":"summary_large_image","twitter_title":"Sexualidad y salud mental","twitter_description":"MENTALIZARTE es el proyecto de difusi\u00f3n en temas de salud mental del Instituto Nacional de Psiquiatr\u00eda Ram\u00f3n de la Fuente Mu\u00f1iz (INPRFM).","twitter_image":"https:\/\/i0.wp.com\/lafuente.mx\/wp-content\/uploads\/2025\/10\/WhatsApp-Image-2025-10-06-at-10.19.26-AM.jpeg?fit=655%2C379&ssl=1","twitter_misc":{"Escrito por":"Claudia Gallardo","Tiempo de lectura":"1 minuto"},"schema":{"@context":"https:\/\/schema.org","@graph":[{"@type":"WebSite","@id":"https:\/\/lafuente.mx\/#website","url":"https:\/\/lafuente.mx\/","name":"","description":"Informaci\u00f3n confiable sobre salud mental","potentialAction":[{"@type":"SearchAction","target":{"@type":"EntryPoint","urlTemplate":"https:\/\/lafuente.mx\/?s={search_term_string}"},"query-input":"required name=search_term_string"}],"inLanguage":"es-MX"},{"@type":"WebPage","@id":"https:\/\/lafuente.mx\/?p=3291","url":"https:\/\/lafuente.mx\/?p=3291","name":"Mentalizarte -","isPartOf":{"@id":"https:\/\/lafuente.mx\/#website"},"datePublished":"2025-10-06T16:45:05+00:00","dateModified":"2025-10-21T16:52:06+00:00","author":{"@id":"https:\/\/lafuente.mx\/#\/schema\/person\/603f3aa8e2f6f7879021ab722d39d6b0"},"breadcrumb":{"@id":"https:\/\/lafuente.mx\/?p=3291#breadcrumb"},"inLanguage":"es-MX","potentialAction":[{"@type":"ReadAction","target":["https:\/\/lafuente.mx\/?p=3291"]}]},{"@type":"BreadcrumbList","@id":"https:\/\/lafuente.mx\/?p=3291#breadcrumb","itemListElement":[{"@type":"ListItem","position":1,"name":"Inicio","item":"https:\/\/lafuente.mx\/"},{"@type":"ListItem","position":2,"name":"Mentalizarte"}]},{"@type":"Person","@id":"https:\/\/lafuente.mx\/#\/schema\/person\/603f3aa8e2f6f7879021ab722d39d6b0","name":"Claudia Gallardo","image":{"@type":"ImageObject","inLanguage":"es-MX","@id":"https:\/\/lafuente.mx\/#\/schema\/person\/image\/","url":"https:\/\/secure.gravatar.com\/avatar\/bfe9c966af1ccfb9d17bcdb9d04e8815?s=96&d=mm&r=g","contentUrl":"https:\/\/secure.gravatar.com\/avatar\/bfe9c966af1ccfb9d17bcdb9d04e8815?s=96&d=mm&r=g","caption":"Claudia Gallardo"},"url":"https:\/\/lafuente.mx\/?author=3"}]}},"jetpack_featured_media_url":"https:\/\/i0.wp.com\/lafuente.mx\/wp-content\/uploads\/2025\/10\/WhatsApp-Image-2025-10-06-at-10.19.26-AM.jpeg?fit=655%2C379&ssl=1","jetpack-related-posts":[{"id":2940,"url":"https:\/\/lafuente.mx\/?p=2940","url_meta":{"origin":3291,"position":0},"title":"Mentalizarte","date":"junio 6, 2025","format":false,"excerpt":"10 de cada mes Hablemos de salud mental CONVERSATORIO JUNIO \"M\u00e1s all\u00e1 del arco\u00edris: conversaciones sobre salud mental y diversidad sexual\" Coordinadoras: Dra. Tassili Frausto VirgenDr. Jes\u00fas Abrah\u00e1n Ru\u00edz Rosas El proyecto MENTALIZARTE nace en 2018, con la finalidad de difundir, de una manera diferente,\u00a0temas de salud mental. VISTA, APRENDE\u2026","rel":"","context":"En &quot;Eventos externos&quot;","img":{"alt_text":"","src":"https:\/\/i0.wp.com\/lafuente.mx\/wp-content\/uploads\/2025\/06\/WhatsApp-Image-2025-05-26-at-12.40.58-PM.jpeg?fit=1200%2C900&ssl=1&resize=350%2C200","width":350,"height":200},"classes":[]},{"id":1246,"url":"https:\/\/lafuente.mx\/?p=1246","url_meta":{"origin":3291,"position":1},"title":"Mentalizarte","date":"mayo 29, 2023","format":false,"excerpt":"En\u00a0junio\u00a0hablaremos sobre Diversidad sexual y salud mental. Personas Trans Imagen Juan David Naranjo M\u00e1s informaci\u00f3n","rel":"","context":"En &quot;Informaci\u00f3n de inter\u00e9s&quot;","img":{"alt_text":"","src":"https:\/\/i0.wp.com\/lafuente.mx\/wp-content\/uploads\/2023\/05\/WhatsApp-Image-2023-05-29-at-10.39.31-AM-1.jpeg?fit=1043%2C1042&ssl=1&resize=350%2C200","width":350,"height":200},"classes":[]},{"id":3225,"url":"https:\/\/lafuente.mx\/?p=3225","url_meta":{"origin":3291,"position":2},"title":"Mentalizarte","date":"septiembre 1, 2025","format":false,"excerpt":"Durante septiembre en Mentalizarte hablaremos sobre Prevenci\u00f3n del suicidio MENTALIZARTE es el proyecto de difusi\u00f3n en temas de salud mental del Instituto Nacional de Psiquiatr\u00eda Ram\u00f3n de la Fuente Mu\u00f1iz (INPRFM). Tiene el objetivo de informar sobre los s\u00edntomas de los diferentes trastornos mentales, difundir que pedir ayuda no es\u2026","rel":"","context":"En &quot;Informaci\u00f3n de inter\u00e9s&quot;","img":{"alt_text":"","src":"https:\/\/i0.wp.com\/lafuente.mx\/wp-content\/uploads\/2025\/09\/WhatsApp-Image-2025-09-01-at-11.08.40-AM.jpeg?fit=655%2C379&ssl=1&resize=350%2C200","width":350,"height":200},"classes":[]},{"id":2342,"url":"https:\/\/lafuente.mx\/?p=2342","url_meta":{"origin":3291,"position":3},"title":"MENTALIZARTE","date":"junio 3, 2024","format":false,"excerpt":"En junio hablaremos de Mental tips MENTALIZARTE es el proyecto de difusi\u00f3n en temas de salud mental del Instituto Nacional de Psiquiatr\u00eda Ram\u00f3n de la Fuente Mu\u00f1iz (INPRFM). Tiene el objetivo de informar sobre los s\u00edntomas de los diferentes trastornos mentales, difundir que pedir ayuda no es signo de debilidad\u2026","rel":"","context":"En &quot;Informaci\u00f3n de inter\u00e9s&quot;","img":{"alt_text":"","src":"https:\/\/i0.wp.com\/lafuente.mx\/wp-content\/uploads\/2024\/06\/WhatsApp-Image-2024-06-03-at-10.51.37-AM.jpeg?fit=1200%2C692&ssl=1&resize=350%2C200","width":350,"height":200},"classes":[]},{"id":2726,"url":"https:\/\/lafuente.mx\/?p=2726","url_meta":{"origin":3291,"position":4},"title":"MENTALIZARTE","date":"enero 13, 2025","format":false,"excerpt":"Duarante enero hablaremos sobre: DEPRESI\u00d3N MENTALIZARTE es el proyecto de difusi\u00f3n en temas de salud mental del Instituto Nacional de Psiquiatr\u00eda Ram\u00f3n de la Fuente Mu\u00f1iz (INPRFM). Tiene el objetivo de informar sobre los s\u00edntomas de los diferentes trastornos mentales, difundir que pedir ayuda no es signo de debilidad sino\u2026","rel":"","context":"En &quot;Informaci\u00f3n de inter\u00e9s&quot;","img":{"alt_text":"","src":"https:\/\/i0.wp.com\/lafuente.mx\/wp-content\/uploads\/2025\/01\/WhatsApp-Image-2025-01-08-at-10.56.18-AM.jpeg?fit=1200%2C692&ssl=1&resize=350%2C200","width":350,"height":200},"classes":[]},{"id":2473,"url":"https:\/\/lafuente.mx\/?p=2473","url_meta":{"origin":3291,"position":5},"title":"Mentalizarte","date":"julio 31, 2024","format":false,"excerpt":"Durante agosto en Mentalizarte hablaremos sobre Adicciones Mentalizarte es un proyecto de difusi\u00f3n en problemas de salud mental del Instituto Nacional de Psiquiatr\u00eda INPRFM. Su objetivo es informar sobre los s\u00edntomas de los diferentes trastornos mentales Mentalizarte","rel":"","context":"En &quot;Informaci\u00f3n de inter\u00e9s&quot;","img":{"alt_text":"","src":"https:\/\/i0.wp.com\/lafuente.mx\/wp-content\/uploads\/2024\/07\/WhatsApp-Image-2024-07-31-at-11.40.35-AM.jpeg?fit=1200%2C692&ssl=1&resize=350%2C200","width":350,"height":200},"classes":[]}],"jetpack_sharing_enabled":true,"jetpack_shortlink":"https:\/\/wp.me\/pe9WUx-R5","_links":{"self":[{"href":"https:\/\/lafuente.mx\/index.php?rest_route=\/wp\/v2\/posts\/3291"}],"collection":[{"href":"https:\/\/lafuente.mx\/index.php?rest_route=\/wp\/v2\/posts"}],"about":[{"href":"https:\/\/lafuente.mx\/index.php?rest_route=\/wp\/v2\/types\/post"}],"author":[{"embeddable":true,"href":"https:\/\/lafuente.mx\/index.php?rest_route=\/wp\/v2\/users\/3"}],"replies":[{"embeddable":true,"href":"https:\/\/lafuente.mx\/index.php?rest_route=%2Fwp%2Fv2%2Fcomments&post=3291"}],"version-history":[{"count":3,"href":"https:\/\/lafuente.mx\/index.php?rest_route=\/wp\/v2\/posts\/3291\/revisions"}],"predecessor-version":[{"id":3295,"href":"https:\/\/lafuente.mx\/index.php?rest_route=\/wp\/v2\/posts\/3291\/revisions\/3295"}],"wp:featuredmedia":[{"embeddable":true,"href":"https:\/\/lafuente.mx\/index.php?rest_route=\/wp\/v2\/media\/3293"}],"wp:attachment":[{"href":"https:\/\/lafuente.mx\/index.php?rest_route=%2Fwp%2Fv2%2Fmedia&parent=3291"}],"wp:term":[{"taxonomy":"category","embeddable":true,"href":"https:\/\/lafuente.mx\/index.php?rest_route=%2Fwp%2Fv2%2Fcategories&post=3291"},{"taxonomy":"post_tag","embeddable":true,"href":"https:\/\/lafuente.mx\/index.php?rest_route=%2Fwp%2Fv2%2Ftags&post=3291"}],"curies":[{"name":"wp","href":"https:\/\/api.w.org\/{rel}","templated":true}]}}