{"id":328,"date":"2022-09-02T19:17:06","date_gmt":"2022-09-02T19:17:06","guid":{"rendered":"https:\/\/lafuente.mx\/?p=328"},"modified":"2022-09-07T12:53:35","modified_gmt":"2022-09-07T12:53:35","slug":"sesion-academica","status":"publish","type":"post","link":"https:\/\/lafuente.mx\/?p=328","title":{"rendered":"Sesi\u00f3n Acad\u00e9mica. Estudios etiol\u00f3gicos en macacos cola de mu\u00f1\u00f3n (Macaca arctoides) en el Instituto Nacional de Psiquiatr\u00eda Ram\u00f3n de la Fuente Mu\u00f1iz: 1984-2022"},"content":{"rendered":"\n<p class=\"has-large-font-size\"><\/p>\n\n\n\n<p class=\"has-large-font-size\"><\/p>\n\n\n\n<p class=\"has-vivid-red-color has-text-color has-medium-font-size\">Martes 6 de septiembre 2022<br>9:00 am<br>Auditorio del INPRFM<\/p>\n\n\n<div class=\"wp-block-image\">\n<figure class=\"aligncenter size-large is-resized\"><img decoding=\"async\" loading=\"lazy\" src=\"https:\/\/i0.wp.com\/lafuente.mx\/wp-content\/uploads\/2022\/08\/DSC_0015-scaled-e1662061177907-1024x749.jpg?resize=640%2C468\" alt=\"\" class=\"wp-image-321\" width=\"640\" height=\"468\" srcset=\"https:\/\/i0.wp.com\/lafuente.mx\/wp-content\/uploads\/2022\/08\/DSC_0015-scaled-e1662061177907.jpg?resize=1024%2C749&amp;ssl=1 1024w, https:\/\/i0.wp.com\/lafuente.mx\/wp-content\/uploads\/2022\/08\/DSC_0015-scaled-e1662061177907.jpg?resize=300%2C219&amp;ssl=1 300w, https:\/\/i0.wp.com\/lafuente.mx\/wp-content\/uploads\/2022\/08\/DSC_0015-scaled-e1662061177907.jpg?resize=768%2C561&amp;ssl=1 768w, https:\/\/i0.wp.com\/lafuente.mx\/wp-content\/uploads\/2022\/08\/DSC_0015-scaled-e1662061177907.jpg?resize=1536%2C1123&amp;ssl=1 1536w, https:\/\/i0.wp.com\/lafuente.mx\/wp-content\/uploads\/2022\/08\/DSC_0015-scaled-e1662061177907.jpg?w=1785&amp;ssl=1 1785w, https:\/\/i0.wp.com\/lafuente.mx\/wp-content\/uploads\/2022\/08\/DSC_0015-scaled-e1662061177907.jpg?w=1280 1280w\" sizes=\"(max-width: 640px) 100vw, 640px\" data-recalc-dims=\"1\" \/><\/figure><\/div>\n\n\n<p class=\"has-text-align-left has-small-font-size\">La Etolog\u00eda, sustentada en la Teor\u00eda Evolutiva, se define como el estudio biol\u00f3gico del comportamiento y ofrece enfoques novedosos para comprender la salud mental y el comportamiento animal y humano a trav\u00e9s de m\u00e9todos de observaci\u00f3n, descripci\u00f3n y medici\u00f3n objetiva del comportamiento, \u00fatiles para su correlaci\u00f3n con datos fisiol\u00f3gicos. Las l\u00edneas de investigaci\u00f3n del Departamento de Etolog\u00eda se adhieren a esta perspectiva, y se avocan al estudio de comportamiento de primates humanos y no humanos.<\/p>\n\n\n\n<hr class=\"wp-block-separator has-alpha-channel-opacity\"\/>\n\n\n\n<p class=\"has-medium-font-size\">Ponente: <strong>Dra. Mar\u00eda del Pilar Chiappa Carrara<\/strong><\/p>\n\n\n\n<p class=\"has-small-font-size\">Jefa del Departamento de Etolog\u00eda de la Direcci\u00f3n de Investigaciones en Neurociencias del INPRFM<\/p>\n\n\n\n<p class=\"has-text-align-left\">Es responsable del \u00c1rea de Cognici\u00f3n del Departamento y tiene el objetivo de profundizar en el conocimiento de la evoluci\u00f3n de la cognici\u00f3n a trav\u00e9s de investigaciones meta-anal\u00edticas y comparativas sobre las presiones de selecci\u00f3n que favorecieron las capacidades cognitivas en una amplia variedad de especies animales.<\/p>\n\n\n\n<div class=\"wp-block-buttons is-content-justification-right is-layout-flex wp-container-1 wp-block-buttons-is-layout-flex\">\n<div class=\"wp-block-button\"><a class=\"wp-block-button__link has-vivid-cyan-blue-background-color has-background\" href=\"https:\/\/www.facebook.com\/INPRFM\">Ver en Facebook<\/a><\/div>\n<\/div>\n","protected":false},"excerpt":{"rendered":"<p>Martes 6 de septiembre 20229:00 amAuditorio del INPRFM La Etolog\u00eda, sustentada en la Teor\u00eda Evolutiva, se define como el estudio biol\u00f3gico del comportamiento y ofrece<\/p>\n","protected":false},"author":5,"featured_media":321,"comment_status":"closed","ping_status":"closed","sticky":false,"template":"","format":"standard","meta":{"footnotes":"","jetpack_publicize_message":"","jetpack_is_tweetstorm":false,"jetpack_publicize_feature_enabled":true},"categories":[7],"tags":[21,23,20,22],"jetpack_publicize_connections":[],"yoast_head":"<!-- This site is optimized with the Yoast SEO plugin v19.4 - https:\/\/yoast.com\/wordpress\/plugins\/seo\/ -->\n<title>Sesi\u00f3n Acad\u00e9mica. Estudios etiol\u00f3gicos en macacos cola de mu\u00f1\u00f3n (Macaca arctoides) en el Instituto Nacional de Psiquiatr\u00eda Ram\u00f3n de la Fuente Mu\u00f1iz: 1984-2022 -<\/title>\n<meta name=\"robots\" content=\"index, follow, max-snippet:-1, max-image-preview:large, max-video-preview:-1\" \/>\n<link rel=\"canonical\" href=\"https:\/\/lafuente.mx\/?p=328\" \/>\n<meta property=\"og:locale\" content=\"es_MX\" \/>\n<meta property=\"og:type\" content=\"article\" \/>\n<meta property=\"og:title\" content=\"Sesi\u00f3n acad\u00e9mica. Direcci\u00f3n de Investigaciones de Neurociencias\" \/>\n<meta property=\"og:description\" content=\"Estudios etiol\u00f3gicos en macacos cola de mu\u00f1\u00f3n (Macaca arctoides) en el Instituto Nacional de Psiquiatr\u00eda Ram\u00f3n de la Fuente Mu\u00f1iz: 1984-2022 Ponente: Dra. Mar\u00eda del Pilar Chiappa Carrara\" \/>\n<meta property=\"og:url\" content=\"https:\/\/lafuente.mx\/?p=328\" \/>\n<meta property=\"article:published_time\" content=\"2022-09-02T19:17:06+00:00\" \/>\n<meta property=\"article:modified_time\" content=\"2022-09-07T12:53:35+00:00\" \/>\n<meta property=\"og:image\" content=\"http:\/\/lafuente.mx\/wp-content\/uploads\/2022\/08\/DSC_0015-scaled-e1662061177907.jpg\" \/>\n\t<meta property=\"og:image:width\" content=\"1785\" \/>\n\t<meta property=\"og:image:height\" content=\"1305\" \/>\n\t<meta property=\"og:image:type\" content=\"image\/jpeg\" \/>\n<meta name=\"author\" content=\"Dar\u00edo Ram\u00edrez\" \/>\n<meta name=\"twitter:card\" content=\"summary_large_image\" \/>\n<meta name=\"twitter:title\" content=\"Sesi\u00f3n acad\u00e9mica. Direcci\u00f3n de Investigaciones de Neurociencias\" \/>\n<meta name=\"twitter:description\" content=\"Estudios etiol\u00f3gicos en macacos cola de mu\u00f1\u00f3n (Macaca arctoides) en el Instituto Nacional de Psiquiatr\u00eda Ram\u00f3n de la Fuente Mu\u00f1iz: 1984-2022 Ponente: Dra. Mar\u00eda del Pilar Chiappa Carrara\" \/>\n<meta name=\"twitter:image\" content=\"https:\/\/i0.wp.com\/lafuente.mx\/wp-content\/uploads\/2022\/08\/DSC_0015-scaled-e1662061177907.jpg?fit=1785%2C1305&ssl=1\" \/>\n<meta name=\"twitter:label1\" content=\"Escrito por\" \/>\n\t<meta name=\"twitter:data1\" content=\"Dar\u00edo Ram\u00edrez\" \/>\n\t<meta name=\"twitter:label2\" content=\"Tiempo de lectura\" \/>\n\t<meta name=\"twitter:data2\" content=\"1 minuto\" \/>\n<script type=\"application\/ld+json\" class=\"yoast-schema-graph\">{\"@context\":\"https:\/\/schema.org\",\"@graph\":[{\"@type\":\"WebSite\",\"@id\":\"https:\/\/lafuente.mx\/#website\",\"url\":\"https:\/\/lafuente.mx\/\",\"name\":\"\",\"description\":\"Informaci\u00f3n confiable sobre salud mental\",\"potentialAction\":[{\"@type\":\"SearchAction\",\"target\":{\"@type\":\"EntryPoint\",\"urlTemplate\":\"https:\/\/lafuente.mx\/?s={search_term_string}\"},\"query-input\":\"required name=search_term_string\"}],\"inLanguage\":\"es-MX\"},{\"@type\":\"WebPage\",\"@id\":\"https:\/\/lafuente.mx\/?p=328\",\"url\":\"https:\/\/lafuente.mx\/?p=328\",\"name\":\"Sesi\u00f3n Acad\u00e9mica. Estudios etiol\u00f3gicos en macacos cola de mu\u00f1\u00f3n (Macaca arctoides) en el Instituto Nacional de Psiquiatr\u00eda Ram\u00f3n de la Fuente Mu\u00f1iz: 1984-2022 -\",\"isPartOf\":{\"@id\":\"https:\/\/lafuente.mx\/#website\"},\"datePublished\":\"2022-09-02T19:17:06+00:00\",\"dateModified\":\"2022-09-07T12:53:35+00:00\",\"author\":{\"@id\":\"https:\/\/lafuente.mx\/#\/schema\/person\/b9cc1ac3941245ec61c80638a92abfb6\"},\"breadcrumb\":{\"@id\":\"https:\/\/lafuente.mx\/?p=328#breadcrumb\"},\"inLanguage\":\"es-MX\",\"potentialAction\":[{\"@type\":\"ReadAction\",\"target\":[\"https:\/\/lafuente.mx\/?p=328\"]}]},{\"@type\":\"BreadcrumbList\",\"@id\":\"https:\/\/lafuente.mx\/?p=328#breadcrumb\",\"itemListElement\":[{\"@type\":\"ListItem\",\"position\":1,\"name\":\"Inicio\",\"item\":\"https:\/\/lafuente.mx\/\"},{\"@type\":\"ListItem\",\"position\":2,\"name\":\"Sesi\u00f3n Acad\u00e9mica. Estudios etiol\u00f3gicos en macacos cola de mu\u00f1\u00f3n (Macaca arctoides) en el Instituto Nacional de Psiquiatr\u00eda Ram\u00f3n de la Fuente Mu\u00f1iz: 1984-2022\"}]},{\"@type\":\"Person\",\"@id\":\"https:\/\/lafuente.mx\/#\/schema\/person\/b9cc1ac3941245ec61c80638a92abfb6\",\"name\":\"Dar\u00edo Ram\u00edrez\",\"image\":{\"@type\":\"ImageObject\",\"inLanguage\":\"es-MX\",\"@id\":\"https:\/\/lafuente.mx\/#\/schema\/person\/image\/\",\"url\":\"https:\/\/secure.gravatar.com\/avatar\/bd5441528d8085d08a897e5789079259?s=96&d=mm&r=g\",\"contentUrl\":\"https:\/\/secure.gravatar.com\/avatar\/bd5441528d8085d08a897e5789079259?s=96&d=mm&r=g\",\"caption\":\"Dar\u00edo Ram\u00edrez\"},\"url\":\"https:\/\/lafuente.mx\/?author=5\"}]}<\/script>\n<!-- \/ Yoast SEO plugin. -->","yoast_head_json":{"title":"Sesi\u00f3n Acad\u00e9mica. Estudios etiol\u00f3gicos en macacos cola de mu\u00f1\u00f3n (Macaca arctoides) en el Instituto Nacional de Psiquiatr\u00eda Ram\u00f3n de la Fuente Mu\u00f1iz: 1984-2022 -","robots":{"index":"index","follow":"follow","max-snippet":"max-snippet:-1","max-image-preview":"max-image-preview:large","max-video-preview":"max-video-preview:-1"},"canonical":"https:\/\/lafuente.mx\/?p=328","og_locale":"es_MX","og_type":"article","og_title":"Sesi\u00f3n acad\u00e9mica. Direcci\u00f3n de Investigaciones de Neurociencias","og_description":"Estudios etiol\u00f3gicos en macacos cola de mu\u00f1\u00f3n (Macaca arctoides) en el Instituto Nacional de Psiquiatr\u00eda Ram\u00f3n de la Fuente Mu\u00f1iz: 1984-2022 Ponente: Dra. Mar\u00eda del Pilar Chiappa Carrara","og_url":"https:\/\/lafuente.mx\/?p=328","article_published_time":"2022-09-02T19:17:06+00:00","article_modified_time":"2022-09-07T12:53:35+00:00","og_image":[{"width":1785,"height":1305,"url":"http:\/\/lafuente.mx\/wp-content\/uploads\/2022\/08\/DSC_0015-scaled-e1662061177907.jpg","type":"image\/jpeg"}],"author":"Dar\u00edo Ram\u00edrez","twitter_card":"summary_large_image","twitter_title":"Sesi\u00f3n acad\u00e9mica. Direcci\u00f3n de Investigaciones de Neurociencias","twitter_description":"Estudios etiol\u00f3gicos en macacos cola de mu\u00f1\u00f3n (Macaca arctoides) en el Instituto Nacional de Psiquiatr\u00eda Ram\u00f3n de la Fuente Mu\u00f1iz: 1984-2022 Ponente: Dra. Mar\u00eda del Pilar Chiappa Carrara","twitter_image":"https:\/\/i0.wp.com\/lafuente.mx\/wp-content\/uploads\/2022\/08\/DSC_0015-scaled-e1662061177907.jpg?fit=1785%2C1305&ssl=1","twitter_misc":{"Escrito por":"Dar\u00edo Ram\u00edrez","Tiempo de lectura":"1 minuto"},"schema":{"@context":"https:\/\/schema.org","@graph":[{"@type":"WebSite","@id":"https:\/\/lafuente.mx\/#website","url":"https:\/\/lafuente.mx\/","name":"","description":"Informaci\u00f3n confiable sobre salud mental","potentialAction":[{"@type":"SearchAction","target":{"@type":"EntryPoint","urlTemplate":"https:\/\/lafuente.mx\/?s={search_term_string}"},"query-input":"required name=search_term_string"}],"inLanguage":"es-MX"},{"@type":"WebPage","@id":"https:\/\/lafuente.mx\/?p=328","url":"https:\/\/lafuente.mx\/?p=328","name":"Sesi\u00f3n Acad\u00e9mica. Estudios etiol\u00f3gicos en macacos cola de mu\u00f1\u00f3n (Macaca arctoides) en el Instituto Nacional de Psiquiatr\u00eda Ram\u00f3n de la Fuente Mu\u00f1iz: 1984-2022 -","isPartOf":{"@id":"https:\/\/lafuente.mx\/#website"},"datePublished":"2022-09-02T19:17:06+00:00","dateModified":"2022-09-07T12:53:35+00:00","author":{"@id":"https:\/\/lafuente.mx\/#\/schema\/person\/b9cc1ac3941245ec61c80638a92abfb6"},"breadcrumb":{"@id":"https:\/\/lafuente.mx\/?p=328#breadcrumb"},"inLanguage":"es-MX","potentialAction":[{"@type":"ReadAction","target":["https:\/\/lafuente.mx\/?p=328"]}]},{"@type":"BreadcrumbList","@id":"https:\/\/lafuente.mx\/?p=328#breadcrumb","itemListElement":[{"@type":"ListItem","position":1,"name":"Inicio","item":"https:\/\/lafuente.mx\/"},{"@type":"ListItem","position":2,"name":"Sesi\u00f3n Acad\u00e9mica. Estudios etiol\u00f3gicos en macacos cola de mu\u00f1\u00f3n (Macaca arctoides) en el Instituto Nacional de Psiquiatr\u00eda Ram\u00f3n de la Fuente Mu\u00f1iz: 1984-2022"}]},{"@type":"Person","@id":"https:\/\/lafuente.mx\/#\/schema\/person\/b9cc1ac3941245ec61c80638a92abfb6","name":"Dar\u00edo Ram\u00edrez","image":{"@type":"ImageObject","inLanguage":"es-MX","@id":"https:\/\/lafuente.mx\/#\/schema\/person\/image\/","url":"https:\/\/secure.gravatar.com\/avatar\/bd5441528d8085d08a897e5789079259?s=96&d=mm&r=g","contentUrl":"https:\/\/secure.gravatar.com\/avatar\/bd5441528d8085d08a897e5789079259?s=96&d=mm&r=g","caption":"Dar\u00edo Ram\u00edrez"},"url":"https:\/\/lafuente.mx\/?author=5"}]}},"jetpack_featured_media_url":"https:\/\/i0.wp.com\/lafuente.mx\/wp-content\/uploads\/2022\/08\/DSC_0015-scaled-e1662061177907.jpg?fit=1785%2C1305&ssl=1","jetpack-related-posts":[{"id":3498,"url":"https:\/\/lafuente.mx\/?p=3498","url_meta":{"origin":328,"position":0},"title":"46\u00b0 Aniversario del Instituto Nacional de Psiquiatr\u00eda Ram\u00f3n de la Fuente Mu\u00f1iz","date":"diciembre 26, 2025","format":false,"excerpt":"Concebido por el Dr. Ram\u00f3n de la Fuente Mu\u00f1iz como un espacio para transformar la manera de comprender y atender la enfermedad mental, el Instituto Nacional de Psiquiatr\u00eda Ram\u00f3n de la Fuente Mu\u00f1iz celebra 46 a\u00f1os de historia, ciencia y compromiso social. Desde sus or\u00edgenes, el Instituto ha apostado por\u2026","rel":"","context":"En &quot;Efem\u00e9rides de Salud Mental&quot;","img":{"alt_text":"","src":"https:\/\/i0.wp.com\/lafuente.mx\/wp-content\/uploads\/2025\/12\/135560131_217238569991007_135080209465938120_n-1.jpg?fit=1082%2C417&ssl=1&resize=350%2C200","width":350,"height":200},"classes":[]},{"id":3353,"url":"https:\/\/lafuente.mx\/?p=3353","url_meta":{"origin":328,"position":1},"title":"El Instituto Nacional de Psiquiatr\u00eda referente destacado en el estudio y tratamiento de las enfermedades mentales","date":"octubre 20, 2025","format":false,"excerpt":"9 de octubre de 2025 El instituto cuenta con m\u00e1s de 100 personas investigadoras pertenecientes al SNI y tiene en curso 179 protocolos. Adem\u00e1s ocupa el tercer lugar del \u00cdndice H de citaciones en art\u00edculos publicados en revistas especializadas\u00a0 En el marco del D\u00eda Mundial de la Salud Mental se\u2026","rel":"","context":"En &quot;Noticias&quot;","img":{"alt_text":"","src":"https:\/\/i0.wp.com\/lafuente.mx\/wp-content\/uploads\/2025\/10\/RAI-XL_0007_DSC_0046.jpg?fit=1200%2C797&ssl=1&resize=350%2C200","width":350,"height":200},"classes":[]},{"id":138,"url":"https:\/\/lafuente.mx\/?p=138","url_meta":{"origin":328,"position":2},"title":"XXXVII Reuni\u00f3n Anual de Investigaci\u00f3n\u00a0","date":"agosto 4, 2022","format":false,"excerpt":"La investigaci\u00f3n en salud mental y su impacto en el bienestar Del 5 al 7 de octubre, 2022 Dirigida: a estudiantes y profesionales de la salud mental Modalidad mixta: presencial y en l\u00ednea Registro a partir del lunes 1\u00b0 de septiembre en: inprf.gob.mx Auditorio del INPRFM y por Facebook @INPRFM\u2026","rel":"","context":"En &quot;Eventos Acad\u00e9micos del INPRFM&quot;","img":{"alt_text":"","src":"https:\/\/i0.wp.com\/lafuente.mx\/wp-content\/uploads\/2022\/08\/Imagen-RAI_Mesa-de-trabajo-1.jpg?fit=1200%2C927&ssl=1&resize=350%2C200","width":350,"height":200},"classes":[]},{"id":2345,"url":"https:\/\/lafuente.mx\/?p=2345","url_meta":{"origin":328,"position":3},"title":"Alternativas de atenci\u00f3n digital en salud mental para estudiantes universitarios","date":"junio 4, 2024","format":false,"excerpt":"CONFERENCIA Ponentes:Katia Jim\u00e9nez Garc\u00edaCorina Benjet Hablemos de Salud Mental 10 de cada mes Hablemos de salud mental - un espacio para\u00a0#mentalizarte\u00a0Cuenta de difusi\u00f3n para reducir el\u00a0#estigma\u00a0y promover la atenci\u00f3n en salud mental","rel":"","context":"En &quot;Eventos Acad\u00e9micos del INPRFM&quot;","img":{"alt_text":"","src":"https:\/\/i0.wp.com\/lafuente.mx\/wp-content\/uploads\/2024\/06\/WhatsApp-Image-2024-06-03-at-10.50.53-AM-1.jpeg?fit=1200%2C900&ssl=1&resize=350%2C200","width":350,"height":200},"classes":[]},{"id":1229,"url":"https:\/\/lafuente.mx\/?p=1229","url_meta":{"origin":328,"position":4},"title":"La formaci\u00f3n en enfermer\u00eda y su asociaci\u00f3n con el s\u00edndrome de burnout en estudiantes mexicanos de pregrado\u00a0","date":"mayo 18, 2023","format":false,"excerpt":"Karla Selene Consuelos-S\u00e1nchez , 1 Araceli Cano-Estrada , 1 Ana Cristina Casta\u00f1eda-M\u00e1rquez , 1 Jos\u00e9 \u00c1ngelHern\u00e1ndez-Mariano2\u00a0 1\u00a0Programa de enfermer\u00eda, Escuela Superior de Tlahuelilpan, Universidad Aut\u00f3noma del Estado de Hidalgo, Tlahuelilpan, Hidalgo, M\u00e9xico.\u00a0 2 Centro de Investigaci\u00f3n en Salud\u00a0 Poblacional, Instituto Nacional de Salud P\u00fablica, Cuernavaca, Morelos, M\u00e9xico.\u00a0 Imagen INPRFM Abstracto\u00a0\u2026","rel":"","context":"En &quot;Revista Salud Mental&quot;","img":{"alt_text":"","src":"https:\/\/i0.wp.com\/lafuente.mx\/wp-content\/uploads\/2023\/05\/DSC_0750.jpg?fit=1181%2C784&ssl=1&resize=350%2C200","width":350,"height":200},"classes":[]},{"id":1357,"url":"https:\/\/lafuente.mx\/?p=1357","url_meta":{"origin":328,"position":5},"title":"Implicaciones del Informe Mundial de Drogas 2023: RETOS Y DESAF\u00cdOS PARA NUESTRO CONTINENTE\u00a0","date":"junio 28, 2023","format":false,"excerpt":"Grupo de Trabajo de Opioides del Seminario de Estudios sobre la Globalidad de la UNAM invita:\u00a0 Implicaciones del Informe Mundial de Drogas 2023: RETOS Y DESAF\u00cdOS PARA NUESTRO CONTINENTE\u00a0 29 de junio, 2023\u00a0 9:00 a 11:00 horas Transmisi\u00f3n en vivo @INPRFM\u00a0 Palabras de bienvenida\u00a0 Mar\u00eda Elena Medina Mora\u00a0 Presentaci\u00f3n de\u2026","rel":"","context":"En &quot;Eventos Acad\u00e9micos del INPRFM&quot;","img":{"alt_text":"","src":"https:\/\/i0.wp.com\/lafuente.mx\/wp-content\/uploads\/2023\/06\/Captura-de-Pantalla-2023-06-27-a-las-10.41.11-1.png?fit=420%2C420&ssl=1&resize=350%2C200","width":350,"height":200},"classes":[]}],"jetpack_sharing_enabled":true,"jetpack_shortlink":"https:\/\/wp.me\/pe9WUx-5i","_links":{"self":[{"href":"https:\/\/lafuente.mx\/index.php?rest_route=\/wp\/v2\/posts\/328"}],"collection":[{"href":"https:\/\/lafuente.mx\/index.php?rest_route=\/wp\/v2\/posts"}],"about":[{"href":"https:\/\/lafuente.mx\/index.php?rest_route=\/wp\/v2\/types\/post"}],"author":[{"embeddable":true,"href":"https:\/\/lafuente.mx\/index.php?rest_route=\/wp\/v2\/users\/5"}],"replies":[{"embeddable":true,"href":"https:\/\/lafuente.mx\/index.php?rest_route=%2Fwp%2Fv2%2Fcomments&post=328"}],"version-history":[{"count":22,"href":"https:\/\/lafuente.mx\/index.php?rest_route=\/wp\/v2\/posts\/328\/revisions"}],"predecessor-version":[{"id":356,"href":"https:\/\/lafuente.mx\/index.php?rest_route=\/wp\/v2\/posts\/328\/revisions\/356"}],"wp:featuredmedia":[{"embeddable":true,"href":"https:\/\/lafuente.mx\/index.php?rest_route=\/wp\/v2\/media\/321"}],"wp:attachment":[{"href":"https:\/\/lafuente.mx\/index.php?rest_route=%2Fwp%2Fv2%2Fmedia&parent=328"}],"wp:term":[{"taxonomy":"category","embeddable":true,"href":"https:\/\/lafuente.mx\/index.php?rest_route=%2Fwp%2Fv2%2Fcategories&post=328"},{"taxonomy":"post_tag","embeddable":true,"href":"https:\/\/lafuente.mx\/index.php?rest_route=%2Fwp%2Fv2%2Ftags&post=328"}],"curies":[{"name":"wp","href":"https:\/\/api.w.org\/{rel}","templated":true}]}}