{"id":3221,"date":"2025-08-21T16:12:36","date_gmt":"2025-08-21T16:12:36","guid":{"rendered":"https:\/\/lafuente.mx\/?p=3221"},"modified":"2025-09-04T15:39:57","modified_gmt":"2025-09-04T15:39:57","slug":"borrador-automatico-dia-nacional-de-las-y-los-trabajadores-sociales","status":"publish","type":"post","link":"https:\/\/lafuente.mx\/?p=3221","title":{"rendered":"D\u00eda Nacional de las y los Trabajadores Sociales\u00a0"},"content":{"rendered":"\n<hr class=\"wp-block-separator has-text-color has-luminous-vivid-orange-color has-alpha-channel-opacity has-luminous-vivid-orange-background-color has-background is-style-wide\"\/>\n\n\n\n<p class=\"has-text-align-center has-larger-font-size\"><strong>21 de agosto<\/strong><\/p>\n\n\n\n<hr class=\"wp-block-separator has-text-color has-luminous-vivid-orange-color has-alpha-channel-opacity has-luminous-vivid-orange-background-color has-background is-style-wide\"\/>\n\n\n\n<p class=\"has-text-color has-medium-font-size\" style=\"color:#6d340b\">El 29 de abril de 2021, la C\u00e1mara de Diputados, LXIV Legislatura del H. Congreso de la Uni\u00f3n aprob\u00f3 el decreto por el que se declar\u00f3 el 21 de agosto de cada a\u00f1o como D\u00eda Nacional de las y los Trabajadores Sociales.&nbsp;<\/p>\n\n\n\n<p class=\"has-text-color has-medium-font-size\" style=\"color:#6d340b\">Esta conmemoraci\u00f3n es un reconocimiento a la importancia y trascendencia del Trabajo Social en nuestro pa\u00eds.&nbsp;<\/p>\n\n\n\n<p class=\"has-text-color has-medium-font-size\" style=\"color:#6d340b\">Las y los Trabajadores Sociales han ampliado sus espacios y campos de acci\u00f3n, gracias a su base cient\u00edfica y social; son expertas y expertos en el dise\u00f1o de intervenciones sociales para la construcci\u00f3n de alternativas de soluci\u00f3n a los desaf\u00edos locales y globales. &nbsp;<\/p>\n\n\n\n<p class=\"has-text-color has-medium-font-size\" style=\"color:#6d340b\">Son promotores de la inclusi\u00f3n social, igualdad de g\u00e9nero y los derechos humanos para promover el cambio social.&nbsp; Su visi\u00f3n integral, interdisciplinaria, humanista y de compromiso social los distingue de otras profesiones y los coloca como punta de lanza para el fortalecimiento del tejido social&nbsp;<\/p>\n\n\n\n<figure class=\"wp-block-image size-large\"><img decoding=\"async\" loading=\"lazy\" width=\"640\" height=\"360\" src=\"https:\/\/i0.wp.com\/lafuente.mx\/wp-content\/uploads\/2025\/08\/miembros-de-los-sindicatos-trabajando-juntos.jpg?resize=640%2C360\" alt=\"\" class=\"wp-image-3222\" srcset=\"https:\/\/i0.wp.com\/lafuente.mx\/wp-content\/uploads\/2025\/08\/miembros-de-los-sindicatos-trabajando-juntos-scaled.jpg?resize=1024%2C576&amp;ssl=1 1024w, https:\/\/i0.wp.com\/lafuente.mx\/wp-content\/uploads\/2025\/08\/miembros-de-los-sindicatos-trabajando-juntos-scaled.jpg?resize=300%2C169&amp;ssl=1 300w, https:\/\/i0.wp.com\/lafuente.mx\/wp-content\/uploads\/2025\/08\/miembros-de-los-sindicatos-trabajando-juntos-scaled.jpg?resize=768%2C432&amp;ssl=1 768w, https:\/\/i0.wp.com\/lafuente.mx\/wp-content\/uploads\/2025\/08\/miembros-de-los-sindicatos-trabajando-juntos-scaled.jpg?resize=1536%2C864&amp;ssl=1 1536w, https:\/\/i0.wp.com\/lafuente.mx\/wp-content\/uploads\/2025\/08\/miembros-de-los-sindicatos-trabajando-juntos-scaled.jpg?resize=2048%2C1152&amp;ssl=1 2048w, https:\/\/i0.wp.com\/lafuente.mx\/wp-content\/uploads\/2025\/08\/miembros-de-los-sindicatos-trabajando-juntos-scaled.jpg?w=1280 1280w, https:\/\/i0.wp.com\/lafuente.mx\/wp-content\/uploads\/2025\/08\/miembros-de-los-sindicatos-trabajando-juntos-scaled.jpg?w=1920 1920w\" sizes=\"(max-width: 640px) 100vw, 640px\" data-recalc-dims=\"1\" \/><\/figure>\n","protected":false},"excerpt":{"rendered":"<p>21 de agosto El 29 de abril de 2021, la C\u00e1mara de Diputados, LXIV Legislatura del H. Congreso de la Uni\u00f3n aprob\u00f3 el decreto por<\/p>\n","protected":false},"author":3,"featured_media":3222,"comment_status":"closed","ping_status":"closed","sticky":false,"template":"","format":"standard","meta":{"footnotes":"","jetpack_publicize_message":"","jetpack_is_tweetstorm":false,"jetpack_publicize_feature_enabled":true},"categories":[13],"tags":[826,168,21,32,413,16],"jetpack_publicize_connections":[],"yoast_head":"<!-- This site is optimized with the Yoast SEO plugin v19.4 - https:\/\/yoast.com\/wordpress\/plugins\/seo\/ -->\n<title>D\u00eda Nacional de las y los Trabajadores Sociales\u00a0 -<\/title>\n<meta name=\"description\" content=\"21 de agosto, D\u00eda Nacional de las y los Trabajadores Sociales.\u00a0Esta conmemoraci\u00f3n es un reconocimiento a la importancia y trascendencia del Trabajo Social en nuestro pa\u00eds.\" \/>\n<meta name=\"robots\" content=\"index, follow, max-snippet:-1, max-image-preview:large, max-video-preview:-1\" \/>\n<link rel=\"canonical\" href=\"https:\/\/lafuente.mx\/?p=3221\" \/>\n<meta property=\"og:locale\" content=\"es_MX\" \/>\n<meta property=\"og:type\" content=\"article\" \/>\n<meta property=\"og:title\" content=\"D\u00eda Nacional de las y los Trabajadores Sociales\u00a0\" \/>\n<meta property=\"og:description\" content=\"21 de agosto, D\u00eda Nacional de las y los Trabajadores Sociales.\u00a0Esta conmemoraci\u00f3n es un reconocimiento a la importancia y trascendencia del Trabajo Social en nuestro pa\u00eds.\" \/>\n<meta property=\"og:url\" content=\"https:\/\/lafuente.mx\/?p=3221\" \/>\n<meta property=\"article:published_time\" content=\"2025-08-21T16:12:36+00:00\" \/>\n<meta property=\"article:modified_time\" content=\"2025-09-04T15:39:57+00:00\" \/>\n<meta property=\"og:image\" content=\"http:\/\/lafuente.mx\/wp-content\/uploads\/2025\/08\/miembros-de-los-sindicatos-trabajando-juntos-scaled.jpg\" \/>\n\t<meta property=\"og:image:width\" content=\"2560\" \/>\n\t<meta property=\"og:image:height\" content=\"1440\" \/>\n\t<meta property=\"og:image:type\" content=\"image\/jpeg\" \/>\n<meta name=\"author\" content=\"Claudia Gallardo\" \/>\n<meta name=\"twitter:card\" content=\"summary_large_image\" \/>\n<meta name=\"twitter:title\" content=\"D\u00eda Nacional de las y los Trabajadores Sociales\u00a0\" \/>\n<meta name=\"twitter:description\" content=\"21 de agosto, D\u00eda Nacional de las y los Trabajadores Sociales.\u00a0Esta conmemoraci\u00f3n es un reconocimiento a la importancia y trascendencia del Trabajo Social en nuestro pa\u00eds.\" \/>\n<meta name=\"twitter:image\" content=\"https:\/\/i0.wp.com\/lafuente.mx\/wp-content\/uploads\/2025\/08\/miembros-de-los-sindicatos-trabajando-juntos-scaled.jpg?fit=2560%2C1440&ssl=1\" \/>\n<meta name=\"twitter:label1\" content=\"Escrito por\" \/>\n\t<meta name=\"twitter:data1\" content=\"Claudia Gallardo\" \/>\n\t<meta name=\"twitter:label2\" content=\"Tiempo de lectura\" \/>\n\t<meta name=\"twitter:data2\" content=\"1 minuto\" \/>\n<script type=\"application\/ld+json\" class=\"yoast-schema-graph\">{\"@context\":\"https:\/\/schema.org\",\"@graph\":[{\"@type\":\"WebSite\",\"@id\":\"https:\/\/lafuente.mx\/#website\",\"url\":\"https:\/\/lafuente.mx\/\",\"name\":\"\",\"description\":\"Informaci\u00f3n confiable sobre salud mental\",\"potentialAction\":[{\"@type\":\"SearchAction\",\"target\":{\"@type\":\"EntryPoint\",\"urlTemplate\":\"https:\/\/lafuente.mx\/?s={search_term_string}\"},\"query-input\":\"required name=search_term_string\"}],\"inLanguage\":\"es-MX\"},{\"@type\":\"WebPage\",\"@id\":\"https:\/\/lafuente.mx\/?p=3221\",\"url\":\"https:\/\/lafuente.mx\/?p=3221\",\"name\":\"D\u00eda Nacional de las y los Trabajadores Sociales\u00a0 -\",\"isPartOf\":{\"@id\":\"https:\/\/lafuente.mx\/#website\"},\"datePublished\":\"2025-08-21T16:12:36+00:00\",\"dateModified\":\"2025-09-04T15:39:57+00:00\",\"author\":{\"@id\":\"https:\/\/lafuente.mx\/#\/schema\/person\/603f3aa8e2f6f7879021ab722d39d6b0\"},\"description\":\"21 de agosto, D\u00eda Nacional de las y los Trabajadores Sociales.\u00a0Esta conmemoraci\u00f3n es un reconocimiento a la importancia y trascendencia del Trabajo Social en nuestro pa\u00eds.\",\"breadcrumb\":{\"@id\":\"https:\/\/lafuente.mx\/?p=3221#breadcrumb\"},\"inLanguage\":\"es-MX\",\"potentialAction\":[{\"@type\":\"ReadAction\",\"target\":[\"https:\/\/lafuente.mx\/?p=3221\"]}]},{\"@type\":\"BreadcrumbList\",\"@id\":\"https:\/\/lafuente.mx\/?p=3221#breadcrumb\",\"itemListElement\":[{\"@type\":\"ListItem\",\"position\":1,\"name\":\"Inicio\",\"item\":\"https:\/\/lafuente.mx\/\"},{\"@type\":\"ListItem\",\"position\":2,\"name\":\"D\u00eda Nacional de las y los Trabajadores Sociales\u00a0\"}]},{\"@type\":\"Person\",\"@id\":\"https:\/\/lafuente.mx\/#\/schema\/person\/603f3aa8e2f6f7879021ab722d39d6b0\",\"name\":\"Claudia Gallardo\",\"image\":{\"@type\":\"ImageObject\",\"inLanguage\":\"es-MX\",\"@id\":\"https:\/\/lafuente.mx\/#\/schema\/person\/image\/\",\"url\":\"https:\/\/secure.gravatar.com\/avatar\/bfe9c966af1ccfb9d17bcdb9d04e8815?s=96&d=mm&r=g\",\"contentUrl\":\"https:\/\/secure.gravatar.com\/avatar\/bfe9c966af1ccfb9d17bcdb9d04e8815?s=96&d=mm&r=g\",\"caption\":\"Claudia Gallardo\"},\"url\":\"https:\/\/lafuente.mx\/?author=3\"}]}<\/script>\n<!-- \/ Yoast SEO plugin. -->","yoast_head_json":{"title":"D\u00eda Nacional de las y los Trabajadores Sociales\u00a0 -","description":"21 de agosto, D\u00eda Nacional de las y los Trabajadores Sociales.\u00a0Esta conmemoraci\u00f3n es un reconocimiento a la importancia y trascendencia del Trabajo Social en nuestro pa\u00eds.","robots":{"index":"index","follow":"follow","max-snippet":"max-snippet:-1","max-image-preview":"max-image-preview:large","max-video-preview":"max-video-preview:-1"},"canonical":"https:\/\/lafuente.mx\/?p=3221","og_locale":"es_MX","og_type":"article","og_title":"D\u00eda Nacional de las y los Trabajadores Sociales\u00a0","og_description":"21 de agosto, D\u00eda Nacional de las y los Trabajadores Sociales.\u00a0Esta conmemoraci\u00f3n es un reconocimiento a la importancia y trascendencia del Trabajo Social en nuestro pa\u00eds.","og_url":"https:\/\/lafuente.mx\/?p=3221","article_published_time":"2025-08-21T16:12:36+00:00","article_modified_time":"2025-09-04T15:39:57+00:00","og_image":[{"width":2560,"height":1440,"url":"http:\/\/lafuente.mx\/wp-content\/uploads\/2025\/08\/miembros-de-los-sindicatos-trabajando-juntos-scaled.jpg","type":"image\/jpeg"}],"author":"Claudia Gallardo","twitter_card":"summary_large_image","twitter_title":"D\u00eda Nacional de las y los Trabajadores Sociales\u00a0","twitter_description":"21 de agosto, D\u00eda Nacional de las y los Trabajadores Sociales.\u00a0Esta conmemoraci\u00f3n es un reconocimiento a la importancia y trascendencia del Trabajo Social en nuestro pa\u00eds.","twitter_image":"https:\/\/i0.wp.com\/lafuente.mx\/wp-content\/uploads\/2025\/08\/miembros-de-los-sindicatos-trabajando-juntos-scaled.jpg?fit=2560%2C1440&ssl=1","twitter_misc":{"Escrito por":"Claudia Gallardo","Tiempo de lectura":"1 minuto"},"schema":{"@context":"https:\/\/schema.org","@graph":[{"@type":"WebSite","@id":"https:\/\/lafuente.mx\/#website","url":"https:\/\/lafuente.mx\/","name":"","description":"Informaci\u00f3n confiable sobre salud mental","potentialAction":[{"@type":"SearchAction","target":{"@type":"EntryPoint","urlTemplate":"https:\/\/lafuente.mx\/?s={search_term_string}"},"query-input":"required name=search_term_string"}],"inLanguage":"es-MX"},{"@type":"WebPage","@id":"https:\/\/lafuente.mx\/?p=3221","url":"https:\/\/lafuente.mx\/?p=3221","name":"D\u00eda Nacional de las y los Trabajadores Sociales\u00a0 -","isPartOf":{"@id":"https:\/\/lafuente.mx\/#website"},"datePublished":"2025-08-21T16:12:36+00:00","dateModified":"2025-09-04T15:39:57+00:00","author":{"@id":"https:\/\/lafuente.mx\/#\/schema\/person\/603f3aa8e2f6f7879021ab722d39d6b0"},"description":"21 de agosto, D\u00eda Nacional de las y los Trabajadores Sociales.\u00a0Esta conmemoraci\u00f3n es un reconocimiento a la importancia y trascendencia del Trabajo Social en nuestro pa\u00eds.","breadcrumb":{"@id":"https:\/\/lafuente.mx\/?p=3221#breadcrumb"},"inLanguage":"es-MX","potentialAction":[{"@type":"ReadAction","target":["https:\/\/lafuente.mx\/?p=3221"]}]},{"@type":"BreadcrumbList","@id":"https:\/\/lafuente.mx\/?p=3221#breadcrumb","itemListElement":[{"@type":"ListItem","position":1,"name":"Inicio","item":"https:\/\/lafuente.mx\/"},{"@type":"ListItem","position":2,"name":"D\u00eda Nacional de las y los Trabajadores Sociales\u00a0"}]},{"@type":"Person","@id":"https:\/\/lafuente.mx\/#\/schema\/person\/603f3aa8e2f6f7879021ab722d39d6b0","name":"Claudia Gallardo","image":{"@type":"ImageObject","inLanguage":"es-MX","@id":"https:\/\/lafuente.mx\/#\/schema\/person\/image\/","url":"https:\/\/secure.gravatar.com\/avatar\/bfe9c966af1ccfb9d17bcdb9d04e8815?s=96&d=mm&r=g","contentUrl":"https:\/\/secure.gravatar.com\/avatar\/bfe9c966af1ccfb9d17bcdb9d04e8815?s=96&d=mm&r=g","caption":"Claudia Gallardo"},"url":"https:\/\/lafuente.mx\/?author=3"}]}},"jetpack_featured_media_url":"https:\/\/i0.wp.com\/lafuente.mx\/wp-content\/uploads\/2025\/08\/miembros-de-los-sindicatos-trabajando-juntos-scaled.jpg?fit=2560%2C1440&ssl=1","jetpack-related-posts":[{"id":238,"url":"https:\/\/lafuente.mx\/?p=238","url_meta":{"origin":3221,"position":0},"title":"21 de agosto, D\u00eda Nacional de las y los Trabajadores Sociales\u00a0","date":"agosto 20, 2022","format":false,"excerpt":"Destaca la importancia y trascendencia de las y los trabajadores sociales. Agrega que se justifica la fecha conmemorativa que se propone, pues hay constancia que desde el 21 de agosto de 1950 se conmemora a los profesionales del trabajo social.\u00a0 Si bien es cierto que ello nace en el seno\u2026","rel":"","context":"En &quot;Efem\u00e9rides de Salud Mental&quot;","img":{"alt_text":"","src":"https:\/\/i0.wp.com\/lafuente.mx\/wp-content\/uploads\/2022\/08\/TSP-1.png?fit=729%2C729&ssl=1&resize=350%2C200","width":350,"height":200},"classes":[]},{"id":1626,"url":"https:\/\/lafuente.mx\/?p=1626","url_meta":{"origin":3221,"position":1},"title":"D\u00eda Nacional de las y los Trabajadores Sociales","date":"agosto 18, 2023","format":false,"excerpt":"21 de agosto El Pleno del Senado de la Rep\u00fablica aprob\u00f3 con 96 votos y cero en contra, un dictamen enviado por las Comisiones Unidas de Educaci\u00f3n; y de Estudios Legislativos, Segunda, por el que se declara el 21 de agosto de cada a\u00f1o como \"D\u00eda Nacional de las y\u2026","rel":"","context":"En &quot;Efem\u00e9rides de Salud Mental&quot;","img":{"alt_text":"","src":"https:\/\/i0.wp.com\/lafuente.mx\/wp-content\/uploads\/2023\/08\/1692377802442q2-scaled.jpg?fit=1200%2C675&ssl=1&resize=350%2C200","width":350,"height":200},"classes":[]},{"id":3296,"url":"https:\/\/lafuente.mx\/?p=3296","url_meta":{"origin":3221,"position":2},"title":"Tema del mes: Salud mental y uso de tecnolog\u00eda","date":"octubre 6, 2025","format":false,"excerpt":"AGOSTO Durante este mes, hablaremos sobre salud mental y el uso de tecnolog\u00eda en las personas m\u00e1s j\u00f3venes. Mentalizarte","rel":"","context":"En &quot;T\u00f3picos de salud mental&quot;","img":{"alt_text":"","src":"https:\/\/i0.wp.com\/lafuente.mx\/wp-content\/uploads\/2025\/10\/Captura-de-pantalla-2025-10-06-a-las-14.10.43.png?fit=1200%2C602&ssl=1&resize=350%2C200","width":350,"height":200},"classes":[]},{"id":3486,"url":"https:\/\/lafuente.mx\/?p=3486","url_meta":{"origin":3221,"position":3},"title":"D\u00eda Internacional de los Derechos Humanos\u00a0","date":"diciembre 10, 2025","format":false,"excerpt":"10 de diciembre Derechos Humanos: Nuestros esenciales de cada d\u00eda\u00a0 En tiempos convulsos e impredecibles como los actuales, en los que muchas personas sienten una creciente sensaci\u00f3n de inseguridad, desencanto y alienaci\u00f3n, el tema del D\u00eda de los Derechos Humanos\u00a0 busca reafirmar los valores de los derechos humanos y mostrar\u2026","rel":"","context":"En &quot;Efem\u00e9rides de Salud Mental&quot;","img":{"alt_text":"","src":"https:\/\/i0.wp.com\/lafuente.mx\/wp-content\/uploads\/2025\/12\/image.png?fit=663%2C937&ssl=1&resize=350%2C200","width":350,"height":200},"classes":[]},{"id":3152,"url":"https:\/\/lafuente.mx\/?p=3152","url_meta":{"origin":3221,"position":4},"title":"D\u00eda Mundial del Cerebro 2025\u00a0","date":"julio 22, 2025","format":false,"excerpt":"22 de julio\u00a0 Salud cerebral para todas las edades\u00a0 Este a\u00f1o, desde el INPRFM nos sumamos a la campa\u00f1a global que reconoce el papel central que tiene la salud cerebral en cada etapa de la vida.\u00a0\u00a0 Desde la infancia hasta la vejez, cuidar el cerebro es cuidar el bienestar f\u00edsico,\u2026","rel":"","context":"En &quot;Efem\u00e9rides de Salud Mental&quot;","img":{"alt_text":"jigsaw, puzzle, brain, mind, woman, head, colors, think, ai generated, mind, mind, mind, mind, mind-8808273.jpg","src":"https:\/\/i0.wp.com\/lafuente.mx\/wp-content\/uploads\/2025\/07\/jigsaw-puzzle-brain-mind-woman-head-colors-think-ai-generated-mind-mind-mind-mind-mind-8808273.jpg?fit=1200%2C1200&ssl=1&resize=350%2C200","width":350,"height":200},"classes":[]},{"id":214,"url":"https:\/\/lafuente.mx\/?p=214","url_meta":{"origin":3221,"position":5},"title":"D\u00eda Internacional de la Juventud\u00a0","date":"agosto 11, 2022","format":false,"excerpt":"12 de agosto\u00a0 El D\u00eda Internacional de la Juventud, lo celebramos el 12 de agosto, una fecha promovida por la ONU Solidaridad intergeneracional: Creando un mundo para todas las edades El objetivo del D\u00eda Internacional de la Juventud 2022 es conseguir que todas las generaciones entren en acci\u00f3n para alcanzar\u2026","rel":"","context":"En &quot;Efem\u00e9rides de Salud Mental&quot;","img":{"alt_text":"","src":"https:\/\/i0.wp.com\/lafuente.mx\/wp-content\/uploads\/2022\/07\/pexels-photo-3063478.jpeg?fit=1200%2C800&ssl=1&resize=350%2C200","width":350,"height":200},"classes":[]}],"jetpack_sharing_enabled":true,"jetpack_shortlink":"https:\/\/wp.me\/pe9WUx-PX","_links":{"self":[{"href":"https:\/\/lafuente.mx\/index.php?rest_route=\/wp\/v2\/posts\/3221"}],"collection":[{"href":"https:\/\/lafuente.mx\/index.php?rest_route=\/wp\/v2\/posts"}],"about":[{"href":"https:\/\/lafuente.mx\/index.php?rest_route=\/wp\/v2\/types\/post"}],"author":[{"embeddable":true,"href":"https:\/\/lafuente.mx\/index.php?rest_route=\/wp\/v2\/users\/3"}],"replies":[{"embeddable":true,"href":"https:\/\/lafuente.mx\/index.php?rest_route=%2Fwp%2Fv2%2Fcomments&post=3221"}],"version-history":[{"count":2,"href":"https:\/\/lafuente.mx\/index.php?rest_route=\/wp\/v2\/posts\/3221\/revisions"}],"predecessor-version":[{"id":3229,"href":"https:\/\/lafuente.mx\/index.php?rest_route=\/wp\/v2\/posts\/3221\/revisions\/3229"}],"wp:featuredmedia":[{"embeddable":true,"href":"https:\/\/lafuente.mx\/index.php?rest_route=\/wp\/v2\/media\/3222"}],"wp:attachment":[{"href":"https:\/\/lafuente.mx\/index.php?rest_route=%2Fwp%2Fv2%2Fmedia&parent=3221"}],"wp:term":[{"taxonomy":"category","embeddable":true,"href":"https:\/\/lafuente.mx\/index.php?rest_route=%2Fwp%2Fv2%2Fcategories&post=3221"},{"taxonomy":"post_tag","embeddable":true,"href":"https:\/\/lafuente.mx\/index.php?rest_route=%2Fwp%2Fv2%2Ftags&post=3221"}],"curies":[{"name":"wp","href":"https:\/\/api.w.org\/{rel}","templated":true}]}}