{"id":3208,"date":"2025-08-12T15:51:12","date_gmt":"2025-08-12T15:51:12","guid":{"rendered":"https:\/\/lafuente.mx\/?p=3208"},"modified":"2025-08-21T15:58:56","modified_gmt":"2025-08-21T15:58:56","slug":"12-de-agosto-dia-internacional-de-la-juventud","status":"publish","type":"post","link":"https:\/\/lafuente.mx\/?p=3208","title":{"rendered":"12 de agosto, D\u00eda Internacional de la Juventud"},"content":{"rendered":"\n<hr class=\"wp-block-separator aligncenter has-alpha-channel-opacity is-style-wide\"\/>\n\n\n\n<p>Cada <strong>12 de agosto, <\/strong>el mundo celebra el <strong>D\u00eda Internacional de la Juventud,<\/strong> una fecha para reconocer los desaf\u00edos y oportunidades que enfrentan las y los j\u00f3venes, pero tambi\u00e9n para visibilizar su papel clave en la transformaci\u00f3n social, el desarrollo y la construcci\u00f3n de la paz.<\/p>\n\n\n\n<p><strong>Tema 2025<\/strong>: Acciones locales de la juventud para los ODS y m\u00e1s all\u00e1<br>Este a\u00f1o, la ONU destaca c\u00f3mo las juventudes est\u00e1n liderando cambios reales desde lo local, convirtiendo los Objetivos de Desarrollo Sostenible (ODS) en acciones concretas.<\/p>\n\n\n\n<p><strong>\u00bfQu\u00e9 son los ODS?<\/strong><br>Son 17 metas globales que buscan un mundo m\u00e1s justo, inclusivo y sostenible antes del a\u00f1o 2030.<\/p>\n\n\n<div class=\"wp-block-image\">\n<figure class=\"aligncenter size-full\"><img decoding=\"async\" loading=\"lazy\" width=\"640\" height=\"302\" src=\"https:\/\/i0.wp.com\/lafuente.mx\/wp-content\/uploads\/2025\/08\/image-2.png?resize=640%2C302&#038;ssl=1\" alt=\"\" class=\"wp-image-3209\" srcset=\"https:\/\/i0.wp.com\/lafuente.mx\/wp-content\/uploads\/2025\/08\/image-2.png?w=921&amp;ssl=1 921w, https:\/\/i0.wp.com\/lafuente.mx\/wp-content\/uploads\/2025\/08\/image-2.png?resize=300%2C142&amp;ssl=1 300w, https:\/\/i0.wp.com\/lafuente.mx\/wp-content\/uploads\/2025\/08\/image-2.png?resize=768%2C363&amp;ssl=1 768w\" sizes=\"(max-width: 640px) 100vw, 640px\" data-recalc-dims=\"1\" \/><\/figure><\/div>\n\n\n<p class=\"has-text-align-center\">\u00a1Los j\u00f3venes no solo son el futuro, tambi\u00e9n son el presente del cambio!<\/p>\n\n\n\n<hr class=\"wp-block-separator aligncenter has-alpha-channel-opacity is-style-dots\"\/>\n\n\n\n<div class=\"wp-block-buttons is-layout-flex wp-block-buttons-is-layout-flex\">\n<div class=\"wp-block-button\"><a class=\"wp-block-button__link has-vivid-cyan-blue-background-color has-background wp-element-button\" href=\"https:\/\/www.un.org\/es\/observances\/youth-day\" target=\"_blank\" rel=\"noreferrer noopener\">M\u00e1s informaci\u00f3n aqu\u00ed<\/a><\/div>\n<\/div>\n","protected":false},"excerpt":{"rendered":"<p>Cada 12 de agosto, el mundo celebra el D\u00eda Internacional de la Juventud, una fecha para reconocer los desaf\u00edos y oportunidades que enfrentan las y<\/p>\n","protected":false},"author":5,"featured_media":3210,"comment_status":"closed","ping_status":"closed","sticky":false,"template":"","format":"standard","meta":{"footnotes":"","jetpack_publicize_message":"","jetpack_is_tweetstorm":false,"jetpack_publicize_feature_enabled":true},"categories":[13],"tags":[1013,1014,1015],"jetpack_publicize_connections":[],"yoast_head":"<!-- This site is optimized with the Yoast SEO plugin v19.4 - https:\/\/yoast.com\/wordpress\/plugins\/seo\/ -->\n<title>12 de agosto, D\u00eda Internacional de la Juventud -<\/title>\n<meta name=\"description\" content=\"12 de agosto, D\u00eda Internacional de la Juventud\" \/>\n<meta name=\"robots\" content=\"index, follow, max-snippet:-1, max-image-preview:large, max-video-preview:-1\" \/>\n<link rel=\"canonical\" href=\"https:\/\/lafuente.mx\/?p=3208\" \/>\n<meta property=\"og:locale\" content=\"es_MX\" \/>\n<meta property=\"og:type\" content=\"article\" \/>\n<meta property=\"og:title\" content=\"12 de agosto, D\u00eda Internacional de la Juventud\" \/>\n<meta property=\"og:description\" content=\"12 de agosto, D\u00eda Internacional de la Juventud\" \/>\n<meta property=\"og:url\" content=\"https:\/\/lafuente.mx\/?p=3208\" \/>\n<meta property=\"article:published_time\" content=\"2025-08-12T15:51:12+00:00\" \/>\n<meta property=\"article:modified_time\" content=\"2025-08-21T15:58:56+00:00\" \/>\n<meta property=\"og:image\" content=\"http:\/\/lafuente.mx\/wp-content\/uploads\/2025\/08\/juventud_Mesa-de-trabajo-1.png\" \/>\n\t<meta property=\"og:image:width\" content=\"2438\" \/>\n\t<meta property=\"og:image:height\" content=\"1263\" \/>\n\t<meta property=\"og:image:type\" content=\"image\/png\" \/>\n<meta name=\"author\" content=\"Dar\u00edo Ram\u00edrez\" \/>\n<meta name=\"twitter:card\" content=\"summary_large_image\" \/>\n<meta name=\"twitter:title\" content=\"12 de agosto, D\u00eda Internacional de la Juventud\" \/>\n<meta name=\"twitter:description\" content=\"12 de agosto, D\u00eda Internacional de la Juventud\" \/>\n<meta name=\"twitter:image\" content=\"https:\/\/i0.wp.com\/lafuente.mx\/wp-content\/uploads\/2025\/08\/juventud_Mesa-de-trabajo-1.png?fit=2438%2C1263&ssl=1\" \/>\n<meta name=\"twitter:label1\" content=\"Escrito por\" \/>\n\t<meta name=\"twitter:data1\" content=\"Dar\u00edo Ram\u00edrez\" \/>\n\t<meta name=\"twitter:label2\" content=\"Tiempo de lectura\" \/>\n\t<meta name=\"twitter:data2\" content=\"1 minuto\" \/>\n<script type=\"application\/ld+json\" class=\"yoast-schema-graph\">{\"@context\":\"https:\/\/schema.org\",\"@graph\":[{\"@type\":\"WebSite\",\"@id\":\"https:\/\/lafuente.mx\/#website\",\"url\":\"https:\/\/lafuente.mx\/\",\"name\":\"\",\"description\":\"Informaci\u00f3n confiable sobre salud mental\",\"potentialAction\":[{\"@type\":\"SearchAction\",\"target\":{\"@type\":\"EntryPoint\",\"urlTemplate\":\"https:\/\/lafuente.mx\/?s={search_term_string}\"},\"query-input\":\"required name=search_term_string\"}],\"inLanguage\":\"es-MX\"},{\"@type\":\"WebPage\",\"@id\":\"https:\/\/lafuente.mx\/?p=3208\",\"url\":\"https:\/\/lafuente.mx\/?p=3208\",\"name\":\"12 de agosto, D\u00eda Internacional de la Juventud -\",\"isPartOf\":{\"@id\":\"https:\/\/lafuente.mx\/#website\"},\"datePublished\":\"2025-08-12T15:51:12+00:00\",\"dateModified\":\"2025-08-21T15:58:56+00:00\",\"author\":{\"@id\":\"https:\/\/lafuente.mx\/#\/schema\/person\/b9cc1ac3941245ec61c80638a92abfb6\"},\"description\":\"12 de agosto, D\u00eda Internacional de la Juventud\",\"breadcrumb\":{\"@id\":\"https:\/\/lafuente.mx\/?p=3208#breadcrumb\"},\"inLanguage\":\"es-MX\",\"potentialAction\":[{\"@type\":\"ReadAction\",\"target\":[\"https:\/\/lafuente.mx\/?p=3208\"]}]},{\"@type\":\"BreadcrumbList\",\"@id\":\"https:\/\/lafuente.mx\/?p=3208#breadcrumb\",\"itemListElement\":[{\"@type\":\"ListItem\",\"position\":1,\"name\":\"Inicio\",\"item\":\"https:\/\/lafuente.mx\/\"},{\"@type\":\"ListItem\",\"position\":2,\"name\":\"12 de agosto, D\u00eda Internacional de la Juventud\"}]},{\"@type\":\"Person\",\"@id\":\"https:\/\/lafuente.mx\/#\/schema\/person\/b9cc1ac3941245ec61c80638a92abfb6\",\"name\":\"Dar\u00edo Ram\u00edrez\",\"image\":{\"@type\":\"ImageObject\",\"inLanguage\":\"es-MX\",\"@id\":\"https:\/\/lafuente.mx\/#\/schema\/person\/image\/\",\"url\":\"https:\/\/secure.gravatar.com\/avatar\/bd5441528d8085d08a897e5789079259?s=96&d=mm&r=g\",\"contentUrl\":\"https:\/\/secure.gravatar.com\/avatar\/bd5441528d8085d08a897e5789079259?s=96&d=mm&r=g\",\"caption\":\"Dar\u00edo Ram\u00edrez\"},\"url\":\"https:\/\/lafuente.mx\/?author=5\"}]}<\/script>\n<!-- \/ Yoast SEO plugin. -->","yoast_head_json":{"title":"12 de agosto, D\u00eda Internacional de la Juventud -","description":"12 de agosto, D\u00eda Internacional de la Juventud","robots":{"index":"index","follow":"follow","max-snippet":"max-snippet:-1","max-image-preview":"max-image-preview:large","max-video-preview":"max-video-preview:-1"},"canonical":"https:\/\/lafuente.mx\/?p=3208","og_locale":"es_MX","og_type":"article","og_title":"12 de agosto, D\u00eda Internacional de la Juventud","og_description":"12 de agosto, D\u00eda Internacional de la Juventud","og_url":"https:\/\/lafuente.mx\/?p=3208","article_published_time":"2025-08-12T15:51:12+00:00","article_modified_time":"2025-08-21T15:58:56+00:00","og_image":[{"width":2438,"height":1263,"url":"http:\/\/lafuente.mx\/wp-content\/uploads\/2025\/08\/juventud_Mesa-de-trabajo-1.png","type":"image\/png"}],"author":"Dar\u00edo Ram\u00edrez","twitter_card":"summary_large_image","twitter_title":"12 de agosto, D\u00eda Internacional de la Juventud","twitter_description":"12 de agosto, D\u00eda Internacional de la Juventud","twitter_image":"https:\/\/i0.wp.com\/lafuente.mx\/wp-content\/uploads\/2025\/08\/juventud_Mesa-de-trabajo-1.png?fit=2438%2C1263&ssl=1","twitter_misc":{"Escrito por":"Dar\u00edo Ram\u00edrez","Tiempo de lectura":"1 minuto"},"schema":{"@context":"https:\/\/schema.org","@graph":[{"@type":"WebSite","@id":"https:\/\/lafuente.mx\/#website","url":"https:\/\/lafuente.mx\/","name":"","description":"Informaci\u00f3n confiable sobre salud mental","potentialAction":[{"@type":"SearchAction","target":{"@type":"EntryPoint","urlTemplate":"https:\/\/lafuente.mx\/?s={search_term_string}"},"query-input":"required name=search_term_string"}],"inLanguage":"es-MX"},{"@type":"WebPage","@id":"https:\/\/lafuente.mx\/?p=3208","url":"https:\/\/lafuente.mx\/?p=3208","name":"12 de agosto, D\u00eda Internacional de la Juventud -","isPartOf":{"@id":"https:\/\/lafuente.mx\/#website"},"datePublished":"2025-08-12T15:51:12+00:00","dateModified":"2025-08-21T15:58:56+00:00","author":{"@id":"https:\/\/lafuente.mx\/#\/schema\/person\/b9cc1ac3941245ec61c80638a92abfb6"},"description":"12 de agosto, D\u00eda Internacional de la Juventud","breadcrumb":{"@id":"https:\/\/lafuente.mx\/?p=3208#breadcrumb"},"inLanguage":"es-MX","potentialAction":[{"@type":"ReadAction","target":["https:\/\/lafuente.mx\/?p=3208"]}]},{"@type":"BreadcrumbList","@id":"https:\/\/lafuente.mx\/?p=3208#breadcrumb","itemListElement":[{"@type":"ListItem","position":1,"name":"Inicio","item":"https:\/\/lafuente.mx\/"},{"@type":"ListItem","position":2,"name":"12 de agosto, D\u00eda Internacional de la Juventud"}]},{"@type":"Person","@id":"https:\/\/lafuente.mx\/#\/schema\/person\/b9cc1ac3941245ec61c80638a92abfb6","name":"Dar\u00edo Ram\u00edrez","image":{"@type":"ImageObject","inLanguage":"es-MX","@id":"https:\/\/lafuente.mx\/#\/schema\/person\/image\/","url":"https:\/\/secure.gravatar.com\/avatar\/bd5441528d8085d08a897e5789079259?s=96&d=mm&r=g","contentUrl":"https:\/\/secure.gravatar.com\/avatar\/bd5441528d8085d08a897e5789079259?s=96&d=mm&r=g","caption":"Dar\u00edo Ram\u00edrez"},"url":"https:\/\/lafuente.mx\/?author=5"}]}},"jetpack_featured_media_url":"https:\/\/i0.wp.com\/lafuente.mx\/wp-content\/uploads\/2025\/08\/juventud_Mesa-de-trabajo-1.png?fit=2438%2C1263&ssl=1","jetpack-related-posts":[{"id":214,"url":"https:\/\/lafuente.mx\/?p=214","url_meta":{"origin":3208,"position":0},"title":"D\u00eda Internacional de la Juventud\u00a0","date":"agosto 11, 2022","format":false,"excerpt":"12 de agosto\u00a0 El D\u00eda Internacional de la Juventud, lo celebramos el 12 de agosto, una fecha promovida por la ONU Solidaridad intergeneracional: Creando un mundo para todas las edades El objetivo del D\u00eda Internacional de la Juventud 2022 es conseguir que todas las generaciones entren en acci\u00f3n para alcanzar\u2026","rel":"","context":"En &quot;Efem\u00e9rides de Salud Mental&quot;","img":{"alt_text":"","src":"https:\/\/i0.wp.com\/lafuente.mx\/wp-content\/uploads\/2022\/07\/pexels-photo-3063478.jpeg?fit=1200%2C800&ssl=1&resize=350%2C200","width":350,"height":200},"classes":[]},{"id":1594,"url":"https:\/\/lafuente.mx\/?p=1594","url_meta":{"origin":3208,"position":1},"title":"D\u00eda Internacional de la Juventud\u00a0","date":"agosto 11, 2023","format":false,"excerpt":"12 de agosto\u00a0 El D\u00eda Internacional de la Juventud se celebra el 12 de agosto de cada a\u00f1o. Fue establecido por la Organizaci\u00f3n de las Naciones Unidas (ONU) en 1999 como una forma de aumentar la conciencia entre la poblaci\u00f3n mundial sobre los problemas que afectan a los j\u00f3venes en\u2026","rel":"","context":"En &quot;Efem\u00e9rides de Salud Mental&quot;","img":{"alt_text":"","src":"https:\/\/i0.wp.com\/lafuente.mx\/wp-content\/uploads\/2023\/08\/mundo-2.jpeg?fit=730%2C407&ssl=1&resize=350%2C200","width":350,"height":200},"classes":[]},{"id":2662,"url":"https:\/\/lafuente.mx\/?p=2662","url_meta":{"origin":3208,"position":2},"title":"D\u00eda Internacional de la Eliminaci\u00f3n de la Violencia contra la Mujer\u00a0 \u00a0","date":"noviembre 25, 2024","format":false,"excerpt":"25 de noviembre Como cada a\u00f1o, el\u00a0D\u00eda Internacional para Eliminar la\u00a0Violencia contra la Mujer marca el comienzo de la\u00a0Campa\u00f1a \u00danete\u00a0de la ONU,\u00a016 d\u00edas de activismo\u00a0(25 nov-10 dic) que concluyen coincidiendo con el\u00a0D\u00eda Internacional de los Derechos Humanos.\u00a0 Este a\u00f1o, el tema 2024 es\u00a0\"Cada 10 minutos se asesina a una mujer.\u2026","rel":"","context":"En &quot;Efem\u00e9rides de Salud Mental&quot;","img":{"alt_text":"woman, domestic violence, oppression-7662937.jpg","src":"https:\/\/i0.wp.com\/lafuente.mx\/wp-content\/uploads\/2024\/11\/woman-domestic-violence-oppression-7662937.png?fit=1200%2C1200&ssl=1&resize=350%2C200","width":350,"height":200},"classes":[]},{"id":2330,"url":"https:\/\/lafuente.mx\/?p=2330","url_meta":{"origin":3208,"position":3},"title":"D\u00eda Mundial Sin Tabaco\u00a0","date":"mayo 31, 2024","format":false,"excerpt":"31 de mayo Proteger a los ni\u00f1os de la interferencia de la industria tabacalera\u00a0 El D\u00eda Mundial Sin Tabaco 2024 brindar\u00e1 una plataforma a la juventud de todo el mundo, que demandan que la industria tabacalera cese de dirigirse a este grupo con productos nocivos para su salud. La juventud\u2026","rel":"","context":"En &quot;Efem\u00e9rides de Salud Mental&quot;","img":{"alt_text":"non-smoking, stop smoking, glow sticks-2497308.jpg","src":"https:\/\/i0.wp.com\/lafuente.mx\/wp-content\/uploads\/2024\/05\/non-smoking-stop-smoking-glow-sticks-2497308.jpg?fit=1200%2C900&ssl=1&resize=350%2C200","width":350,"height":200},"classes":[]},{"id":1821,"url":"https:\/\/lafuente.mx\/?p=1821","url_meta":{"origin":3208,"position":4},"title":"12 de noviembre. D\u00eda Mundial Contra la Obesidad","date":"octubre 30, 2023","format":false,"excerpt":"Con el objetivo principal de informar y sensibilizar a la poblaci\u00f3n en general y de manera particular, a ni\u00f1as, ni\u00f1os, adolescentes y j\u00f3venes sobre la necesidad de la adopci\u00f3n de medidas para prevenir y tratar el sobrepeso y la obesidad, el 12 de noviembre de cada a\u00f1o se celebra el\u2026","rel":"","context":"En &quot;Efem\u00e9rides de Salud Mental&quot;","img":{"alt_text":"","src":"https:\/\/i0.wp.com\/lafuente.mx\/wp-content\/uploads\/2023\/10\/concepto-dieta-cientifica-comida-sana-scaled.jpg?fit=1200%2C675&ssl=1&resize=350%2C200","width":350,"height":200},"classes":[]},{"id":3253,"url":"https:\/\/lafuente.mx\/?p=3253","url_meta":{"origin":3208,"position":5},"title":"El suicidio es la segunda causa de muerte entre los estudiantes universitarios: Mar\u00eda Elena\u00a0\u00a0Medina-Mora\u00a0\u00a0","date":"septiembre 11, 2025","format":false,"excerpt":"Julio 30, 2025\u00a0 La psic\u00f3loga mexicana, miembro de El Colegio Nacional, coordin\u00f3 la mesa \u201cLa adolescencia y la juventud en crisis\u201d, como parte del Seminario de Estudios sobre la Globalidad.\u00a0 En la sesi\u00f3n, participaron las especialistas Deni \u00c1lvarez Icaza, Corina Benjet, y Fernando Macedo, quienes hablaron de la salud mental\u2026","rel":"","context":"En &quot;Noticias&quot;","img":{"alt_text":"","src":"https:\/\/i0.wp.com\/lafuente.mx\/wp-content\/uploads\/2025\/09\/estudiante-en-clase-mirando-curso-scaled.jpg?fit=1200%2C800&ssl=1&resize=350%2C200","width":350,"height":200},"classes":[]}],"jetpack_sharing_enabled":true,"jetpack_shortlink":"https:\/\/wp.me\/pe9WUx-PK","_links":{"self":[{"href":"https:\/\/lafuente.mx\/index.php?rest_route=\/wp\/v2\/posts\/3208"}],"collection":[{"href":"https:\/\/lafuente.mx\/index.php?rest_route=\/wp\/v2\/posts"}],"about":[{"href":"https:\/\/lafuente.mx\/index.php?rest_route=\/wp\/v2\/types\/post"}],"author":[{"embeddable":true,"href":"https:\/\/lafuente.mx\/index.php?rest_route=\/wp\/v2\/users\/5"}],"replies":[{"embeddable":true,"href":"https:\/\/lafuente.mx\/index.php?rest_route=%2Fwp%2Fv2%2Fcomments&post=3208"}],"version-history":[{"count":1,"href":"https:\/\/lafuente.mx\/index.php?rest_route=\/wp\/v2\/posts\/3208\/revisions"}],"predecessor-version":[{"id":3211,"href":"https:\/\/lafuente.mx\/index.php?rest_route=\/wp\/v2\/posts\/3208\/revisions\/3211"}],"wp:featuredmedia":[{"embeddable":true,"href":"https:\/\/lafuente.mx\/index.php?rest_route=\/wp\/v2\/media\/3210"}],"wp:attachment":[{"href":"https:\/\/lafuente.mx\/index.php?rest_route=%2Fwp%2Fv2%2Fmedia&parent=3208"}],"wp:term":[{"taxonomy":"category","embeddable":true,"href":"https:\/\/lafuente.mx\/index.php?rest_route=%2Fwp%2Fv2%2Fcategories&post=3208"},{"taxonomy":"post_tag","embeddable":true,"href":"https:\/\/lafuente.mx\/index.php?rest_route=%2Fwp%2Fv2%2Ftags&post=3208"}],"curies":[{"name":"wp","href":"https:\/\/api.w.org\/{rel}","templated":true}]}}