{"id":3194,"date":"2025-08-11T15:59:31","date_gmt":"2025-08-11T15:59:31","guid":{"rendered":"https:\/\/lafuente.mx\/?p=3194"},"modified":"2025-08-11T15:59:33","modified_gmt":"2025-08-11T15:59:33","slug":"que-pasa-si-te-pasas","status":"publish","type":"post","link":"https:\/\/lafuente.mx\/?p=3194","title":{"rendered":"\u00bfQu\u00e9 pasa si te pasas? \u00a0"},"content":{"rendered":"\n<hr class=\"wp-block-separator aligncenter has-alpha-channel-opacity is-style-wide\"\/>\n\n\n<div class=\"wp-block-image\">\n<figure class=\"aligncenter size-full\"><img decoding=\"async\" loading=\"lazy\" width=\"640\" height=\"508\" src=\"https:\/\/i0.wp.com\/lafuente.mx\/wp-content\/uploads\/2025\/08\/image.png?resize=640%2C508&#038;ssl=1\" alt=\"\" class=\"wp-image-3195\" srcset=\"https:\/\/i0.wp.com\/lafuente.mx\/wp-content\/uploads\/2025\/08\/image.png?w=894&amp;ssl=1 894w, https:\/\/i0.wp.com\/lafuente.mx\/wp-content\/uploads\/2025\/08\/image.png?resize=300%2C238&amp;ssl=1 300w, https:\/\/i0.wp.com\/lafuente.mx\/wp-content\/uploads\/2025\/08\/image.png?resize=768%2C609&amp;ssl=1 768w\" sizes=\"(max-width: 640px) 100vw, 640px\" data-recalc-dims=\"1\" \/><\/figure><\/div>\n\n\n<hr class=\"wp-block-separator aligncenter has-alpha-channel-opacity is-style-wide\"\/>\n\n\n\n<p>Conoce las consecuencias del consumo de sustancias que alteran tu percepci\u00f3n o estado de \u00e1nimo.<\/p>\n\n\n\n<p>Identifica estrategias para solucionar problemas y evitar situaciones de consumo.\u00a0<\/p>\n\n\n\n<p><strong>Explora los c\u00f3mics interactivos para:<\/strong>\u00a0<\/p>\n\n\n\n<ul>\n<li>Identificar efectos inmediatos y riesgos del uso de drogas.\u00a0<\/li>\n<\/ul>\n\n\n\n<ul>\n<li>Distinguir situaciones que pueden vivir adolescentes asociadas al consumo de drogas.\u00a0<\/li>\n<\/ul>\n\n\n\n<ul>\n<li>Practicar habilidades de toma de decisiones, soluci\u00f3n de problemas, negociaci\u00f3n, asertividad y resistencia a la presi\u00f3n de compa\u00f1eros, las cuales ayudan a enfrentar los desaf\u00edos de la vida cotidiana.\u00a0<\/li>\n<\/ul>\n\n\n\n<p><strong>TEST breve para:<\/strong>\u00a0<\/p>\n\n\n\n<ul>\n<li>Identificar el nivel de riesgo del uso de alcohol, tabaco y otras drogas.\u00a0<\/li>\n<\/ul>\n\n\n\n<ul>\n<li>Conocer informaci\u00f3n sobre las consecuencias y probables riesgos asociados al uso de cada una de las drogas.\u00a0<\/li>\n<\/ul>\n\n\n\n<div class=\"wp-block-buttons is-layout-flex wp-block-buttons-is-layout-flex\">\n<div class=\"wp-block-button\"><a class=\"wp-block-button__link has-white-color has-text-color has-background wp-element-button\" href=\"http:\/\/quepasasitepasas.com\" style=\"background-color:#962323\" target=\"_blank\" rel=\"noreferrer noopener\">M\u00e1s informaci\u00f3n aqu\u00ed<\/a><\/div>\n<\/div>\n","protected":false},"excerpt":{"rendered":"<p>Conoce las consecuencias del consumo de sustancias que alteran tu percepci\u00f3n o estado de \u00e1nimo. Identifica estrategias para solucionar problemas y evitar situaciones de consumo.\u00a0<\/p>\n","protected":false},"author":5,"featured_media":3198,"comment_status":"closed","ping_status":"closed","sticky":false,"template":"","format":"standard","meta":{"footnotes":"","jetpack_publicize_message":"","jetpack_is_tweetstorm":false,"jetpack_publicize_feature_enabled":true},"categories":[14],"tags":[135,66,37,1011,21,63,32,250,24],"jetpack_publicize_connections":[],"yoast_head":"<!-- This site is optimized with the Yoast SEO plugin v19.4 - https:\/\/yoast.com\/wordpress\/plugins\/seo\/ -->\n<title>\u00bfQu\u00e9 pasa si te pasas? \u00a0 -<\/title>\n<meta name=\"description\" content=\"\u00bfQu\u00e9 pasa si te pasas? \u00a0\" \/>\n<meta name=\"robots\" content=\"index, follow, max-snippet:-1, max-image-preview:large, max-video-preview:-1\" \/>\n<link rel=\"canonical\" href=\"https:\/\/lafuente.mx\/?p=3194\" \/>\n<meta property=\"og:locale\" content=\"es_MX\" \/>\n<meta property=\"og:type\" content=\"article\" \/>\n<meta property=\"og:title\" content=\"\u00bfQu\u00e9 pasa si te pasas? \u00a0\" \/>\n<meta property=\"og:description\" content=\"\u00bfQu\u00e9 pasa si te pasas? \u00a0\" \/>\n<meta property=\"og:url\" content=\"https:\/\/lafuente.mx\/?p=3194\" \/>\n<meta property=\"article:published_time\" content=\"2025-08-11T15:59:31+00:00\" \/>\n<meta property=\"article:modified_time\" content=\"2025-08-11T15:59:33+00:00\" \/>\n<meta property=\"og:image\" content=\"http:\/\/lafuente.mx\/wp-content\/uploads\/2025\/08\/Blog_Mesa-de-trabajo-1.png\" \/>\n\t<meta property=\"og:image:width\" content=\"2438\" \/>\n\t<meta property=\"og:image:height\" content=\"1263\" \/>\n\t<meta property=\"og:image:type\" content=\"image\/png\" \/>\n<meta name=\"author\" content=\"Dar\u00edo Ram\u00edrez\" \/>\n<meta name=\"twitter:card\" content=\"summary_large_image\" \/>\n<meta name=\"twitter:title\" content=\"\u00bfQu\u00e9 pasa si te pasas? \u00a0\" \/>\n<meta name=\"twitter:description\" content=\"\u00bfQu\u00e9 pasa si te pasas? \u00a0\" \/>\n<meta name=\"twitter:image\" content=\"https:\/\/i0.wp.com\/lafuente.mx\/wp-content\/uploads\/2025\/08\/Blog_Mesa-de-trabajo-1.png?fit=2438%2C1263&ssl=1\" \/>\n<meta name=\"twitter:label1\" content=\"Escrito por\" \/>\n\t<meta name=\"twitter:data1\" content=\"Dar\u00edo Ram\u00edrez\" \/>\n\t<meta name=\"twitter:label2\" content=\"Tiempo de lectura\" \/>\n\t<meta name=\"twitter:data2\" content=\"1 minuto\" \/>\n<script type=\"application\/ld+json\" class=\"yoast-schema-graph\">{\"@context\":\"https:\/\/schema.org\",\"@graph\":[{\"@type\":\"WebSite\",\"@id\":\"https:\/\/lafuente.mx\/#website\",\"url\":\"https:\/\/lafuente.mx\/\",\"name\":\"\",\"description\":\"Informaci\u00f3n confiable sobre salud mental\",\"potentialAction\":[{\"@type\":\"SearchAction\",\"target\":{\"@type\":\"EntryPoint\",\"urlTemplate\":\"https:\/\/lafuente.mx\/?s={search_term_string}\"},\"query-input\":\"required name=search_term_string\"}],\"inLanguage\":\"es-MX\"},{\"@type\":\"WebPage\",\"@id\":\"https:\/\/lafuente.mx\/?p=3194\",\"url\":\"https:\/\/lafuente.mx\/?p=3194\",\"name\":\"\u00bfQu\u00e9 pasa si te pasas? \u00a0 -\",\"isPartOf\":{\"@id\":\"https:\/\/lafuente.mx\/#website\"},\"datePublished\":\"2025-08-11T15:59:31+00:00\",\"dateModified\":\"2025-08-11T15:59:33+00:00\",\"author\":{\"@id\":\"https:\/\/lafuente.mx\/#\/schema\/person\/b9cc1ac3941245ec61c80638a92abfb6\"},\"description\":\"\u00bfQu\u00e9 pasa si te pasas? \u00a0\",\"breadcrumb\":{\"@id\":\"https:\/\/lafuente.mx\/?p=3194#breadcrumb\"},\"inLanguage\":\"es-MX\",\"potentialAction\":[{\"@type\":\"ReadAction\",\"target\":[\"https:\/\/lafuente.mx\/?p=3194\"]}]},{\"@type\":\"BreadcrumbList\",\"@id\":\"https:\/\/lafuente.mx\/?p=3194#breadcrumb\",\"itemListElement\":[{\"@type\":\"ListItem\",\"position\":1,\"name\":\"Inicio\",\"item\":\"https:\/\/lafuente.mx\/\"},{\"@type\":\"ListItem\",\"position\":2,\"name\":\"\u00bfQu\u00e9 pasa si te pasas? \u00a0\"}]},{\"@type\":\"Person\",\"@id\":\"https:\/\/lafuente.mx\/#\/schema\/person\/b9cc1ac3941245ec61c80638a92abfb6\",\"name\":\"Dar\u00edo Ram\u00edrez\",\"image\":{\"@type\":\"ImageObject\",\"inLanguage\":\"es-MX\",\"@id\":\"https:\/\/lafuente.mx\/#\/schema\/person\/image\/\",\"url\":\"https:\/\/secure.gravatar.com\/avatar\/bd5441528d8085d08a897e5789079259?s=96&d=mm&r=g\",\"contentUrl\":\"https:\/\/secure.gravatar.com\/avatar\/bd5441528d8085d08a897e5789079259?s=96&d=mm&r=g\",\"caption\":\"Dar\u00edo Ram\u00edrez\"},\"url\":\"https:\/\/lafuente.mx\/?author=5\"}]}<\/script>\n<!-- \/ Yoast SEO plugin. -->","yoast_head_json":{"title":"\u00bfQu\u00e9 pasa si te pasas? \u00a0 -","description":"\u00bfQu\u00e9 pasa si te pasas? \u00a0","robots":{"index":"index","follow":"follow","max-snippet":"max-snippet:-1","max-image-preview":"max-image-preview:large","max-video-preview":"max-video-preview:-1"},"canonical":"https:\/\/lafuente.mx\/?p=3194","og_locale":"es_MX","og_type":"article","og_title":"\u00bfQu\u00e9 pasa si te pasas? \u00a0","og_description":"\u00bfQu\u00e9 pasa si te pasas? \u00a0","og_url":"https:\/\/lafuente.mx\/?p=3194","article_published_time":"2025-08-11T15:59:31+00:00","article_modified_time":"2025-08-11T15:59:33+00:00","og_image":[{"width":2438,"height":1263,"url":"http:\/\/lafuente.mx\/wp-content\/uploads\/2025\/08\/Blog_Mesa-de-trabajo-1.png","type":"image\/png"}],"author":"Dar\u00edo Ram\u00edrez","twitter_card":"summary_large_image","twitter_title":"\u00bfQu\u00e9 pasa si te pasas? \u00a0","twitter_description":"\u00bfQu\u00e9 pasa si te pasas? \u00a0","twitter_image":"https:\/\/i0.wp.com\/lafuente.mx\/wp-content\/uploads\/2025\/08\/Blog_Mesa-de-trabajo-1.png?fit=2438%2C1263&ssl=1","twitter_misc":{"Escrito por":"Dar\u00edo Ram\u00edrez","Tiempo de lectura":"1 minuto"},"schema":{"@context":"https:\/\/schema.org","@graph":[{"@type":"WebSite","@id":"https:\/\/lafuente.mx\/#website","url":"https:\/\/lafuente.mx\/","name":"","description":"Informaci\u00f3n confiable sobre salud mental","potentialAction":[{"@type":"SearchAction","target":{"@type":"EntryPoint","urlTemplate":"https:\/\/lafuente.mx\/?s={search_term_string}"},"query-input":"required name=search_term_string"}],"inLanguage":"es-MX"},{"@type":"WebPage","@id":"https:\/\/lafuente.mx\/?p=3194","url":"https:\/\/lafuente.mx\/?p=3194","name":"\u00bfQu\u00e9 pasa si te pasas? \u00a0 -","isPartOf":{"@id":"https:\/\/lafuente.mx\/#website"},"datePublished":"2025-08-11T15:59:31+00:00","dateModified":"2025-08-11T15:59:33+00:00","author":{"@id":"https:\/\/lafuente.mx\/#\/schema\/person\/b9cc1ac3941245ec61c80638a92abfb6"},"description":"\u00bfQu\u00e9 pasa si te pasas? \u00a0","breadcrumb":{"@id":"https:\/\/lafuente.mx\/?p=3194#breadcrumb"},"inLanguage":"es-MX","potentialAction":[{"@type":"ReadAction","target":["https:\/\/lafuente.mx\/?p=3194"]}]},{"@type":"BreadcrumbList","@id":"https:\/\/lafuente.mx\/?p=3194#breadcrumb","itemListElement":[{"@type":"ListItem","position":1,"name":"Inicio","item":"https:\/\/lafuente.mx\/"},{"@type":"ListItem","position":2,"name":"\u00bfQu\u00e9 pasa si te pasas? \u00a0"}]},{"@type":"Person","@id":"https:\/\/lafuente.mx\/#\/schema\/person\/b9cc1ac3941245ec61c80638a92abfb6","name":"Dar\u00edo Ram\u00edrez","image":{"@type":"ImageObject","inLanguage":"es-MX","@id":"https:\/\/lafuente.mx\/#\/schema\/person\/image\/","url":"https:\/\/secure.gravatar.com\/avatar\/bd5441528d8085d08a897e5789079259?s=96&d=mm&r=g","contentUrl":"https:\/\/secure.gravatar.com\/avatar\/bd5441528d8085d08a897e5789079259?s=96&d=mm&r=g","caption":"Dar\u00edo Ram\u00edrez"},"url":"https:\/\/lafuente.mx\/?author=5"}]}},"jetpack_featured_media_url":"https:\/\/i0.wp.com\/lafuente.mx\/wp-content\/uploads\/2025\/08\/Blog_Mesa-de-trabajo-1.png?fit=2438%2C1263&ssl=1","jetpack-related-posts":[{"id":1445,"url":"https:\/\/lafuente.mx\/?p=1445","url_meta":{"origin":3194,"position":0},"title":"PANGEOS","date":"julio 14, 2023","format":false,"excerpt":"PANGEOSEs una Plataforma de An\u00e1lisis Geoestad\u00edstico en Salud Mental la cual re\u00fane en un solo sitio informaci\u00f3n hist\u00f3rica relacionada con recursos humanos, mortalidad, morbilidad y servicios de salud para personas con trastornos mentales, uso de sustancias y lesiones entre los a\u00f1os 2000 y 2021.\u00a0 ANTECEDENTESEn M\u00e9xico los trastornos mentales, neurol\u00f3gicos,\u2026","rel":"","context":"En &quot;Informaci\u00f3n de inter\u00e9s&quot;","img":{"alt_text":"","src":"https:\/\/i0.wp.com\/lafuente.mx\/wp-content\/uploads\/2023\/07\/senora-negocios-marketing-camisa-rayas-oficina-computadora-apuntando-graficos-tablas-scaled.jpg?fit=1200%2C800&ssl=1&resize=350%2C200","width":350,"height":200},"classes":[]},{"id":1306,"url":"https:\/\/lafuente.mx\/?p=1306","url_meta":{"origin":3194,"position":1},"title":"El consumo de sustancias psicoactivas y su impacto en la pandemia\u00a0","date":"junio 14, 2023","format":false,"excerpt":"Mar\u00eda Elena Medina Mora, Martha Cordero, Claudia Rafful, Alejandra L\u00f3pez, Arturo Ruiz-Ruis\u00e1nchez, Jorge Villatoro Se abordan estudios realizados en M\u00e9xico con respecto al consumo de sustancias psicoactivas en distintos grupos. A pesar de que a\u00fan no se cuenta con una encuesta nacional representativa de la poblaci\u00f3n, presentamos la informaci\u00f3n cient\u00edfica\u2026","rel":"","context":"En &quot;Publicaciones&quot;","img":{"alt_text":"","src":"https:\/\/i0.wp.com\/lafuente.mx\/wp-content\/uploads\/2023\/06\/DCM.jpg?resize=350%2C200&ssl=1","width":350,"height":200},"classes":[]},{"id":1513,"url":"https:\/\/lafuente.mx\/?p=1513","url_meta":{"origin":3194,"position":2},"title":"Intervenciones breves en adicciones\u00a0","date":"julio 27, 2023","format":false,"excerpt":"Curso en l\u00ednea\u00a0\u00a0 Imagen INPRFM Del 21 de agosto al 23 de octubre de 2023\u00a0 Coordinadora acad\u00e9mica: Dra. Marcela Tiburcio Sainz\u00a0 Dirigido a: Profesionales de la salud y afines\u00a0 Objetivo:\u00a0 Capacitar a orientadores en la detecci\u00f3n temprana del consumo de sustancias y en la aplicaci\u00f3n de intervenciones breves para modificar\u2026","rel":"","context":"En &quot;Cursos en l\u00ednea&quot;","img":{"alt_text":"","src":"https:\/\/i0.wp.com\/lafuente.mx\/wp-content\/uploads\/2023\/07\/DSC_0017-scaled.jpg?fit=1200%2C797&ssl=1&resize=350%2C200","width":350,"height":200},"classes":[]},{"id":1127,"url":"https:\/\/lafuente.mx\/?p=1127","url_meta":{"origin":3194,"position":3},"title":"Por cuestiones socioculturales, el acceso a tratamiento contra las adicciones es menor para las mujeres: Mar\u00eda Elena Medina-Mora","date":"abril 17, 2023","format":false,"excerpt":"La vulnerabilidad de la mujer frente a los efectos del consumo de sustancias nocivas fue el tema de una nueva sesi\u00f3n del Seminario de Estudios sobre la Globalidad-UNAM. Grupo de trabajo de opioides. Facultad de Medicina-UNAM-INPRFM, coordinado por la colegiada Mar\u00eda Elena Medina-Mora.\u00a0 Retos para las pol\u00edticas p\u00fablicas en la\u2026","rel":"","context":"En &quot;Noticias&quot;","img":{"alt_text":"epidemic, disease, coronavirus-5082507.jpg","src":"https:\/\/i0.wp.com\/lafuente.mx\/wp-content\/uploads\/2023\/04\/epidemic-disease-coronavirus-5082507-edited.jpg?fit=853%2C529&ssl=1&resize=350%2C200","width":350,"height":200},"classes":[]},{"id":3558,"url":"https:\/\/lafuente.mx\/?p=3558","url_meta":{"origin":3194,"position":4},"title":"ENCODAT 2025:","date":"enero 29, 2026","format":false,"excerpt":"consumo de sustancias, violencia y salud mental en M\u00e9xico Parte 1 La Encuesta Nacional de Consumo de Drogas, Alcohol y Tabaco 2025 (ENCODAT 2025) ofrece informaci\u00f3n clave para comprender los patrones actuales de consumo de sustancias y su relaci\u00f3n con la salud mental en la poblaci\u00f3n mexicana. Sus resultados permiten\u2026","rel":"","context":"En &quot;Informaci\u00f3n de inter\u00e9s&quot;","img":{"alt_text":"opinion poll, opinion polling, survey, voting, to complete, vote, hand, write, ballpoint pen, paper, reports, ink pen, pen, survey, survey, survey, survey, survey-1594962.jpg","src":"https:\/\/i0.wp.com\/lafuente.mx\/wp-content\/uploads\/2026\/01\/opinion-poll-opinion-polling-survey-voting-to-complete-vote-hand-write-ballpoint-pen-paper-reports-ink-pen-pen-survey-survey-survey-survey-survey-1594962.jpg?fit=1200%2C800&ssl=1&resize=350%2C200","width":350,"height":200},"classes":[]},{"id":3590,"url":"https:\/\/lafuente.mx\/?p=3590","url_meta":{"origin":3194,"position":5},"title":"ENCODAT 2025:","date":"marzo 3, 2026","format":false,"excerpt":"consumo de sustancias, violencia y salud mental en M\u00e9xico Parte 2 Drogas: crecimiento en poblaci\u00f3n adulta Los datos de la ENCODAT 2025 muestran un incremento en el consumo de drogas ilegales en la poblaci\u00f3n adulta, particularmente en hombres y mujeres, con aumentos en el uso de cannabis y estimulantes. Aunque\u2026","rel":"","context":"En &quot;Informaci\u00f3n de inter\u00e9s&quot;","img":{"alt_text":"","src":"https:\/\/i0.wp.com\/lafuente.mx\/wp-content\/uploads\/2026\/03\/consumo-de-drogas.jpeg?fit=1024%2C1024&ssl=1&resize=350%2C200","width":350,"height":200},"classes":[]}],"jetpack_sharing_enabled":true,"jetpack_shortlink":"https:\/\/wp.me\/pe9WUx-Pw","_links":{"self":[{"href":"https:\/\/lafuente.mx\/index.php?rest_route=\/wp\/v2\/posts\/3194"}],"collection":[{"href":"https:\/\/lafuente.mx\/index.php?rest_route=\/wp\/v2\/posts"}],"about":[{"href":"https:\/\/lafuente.mx\/index.php?rest_route=\/wp\/v2\/types\/post"}],"author":[{"embeddable":true,"href":"https:\/\/lafuente.mx\/index.php?rest_route=\/wp\/v2\/users\/5"}],"replies":[{"embeddable":true,"href":"https:\/\/lafuente.mx\/index.php?rest_route=%2Fwp%2Fv2%2Fcomments&post=3194"}],"version-history":[{"count":2,"href":"https:\/\/lafuente.mx\/index.php?rest_route=\/wp\/v2\/posts\/3194\/revisions"}],"predecessor-version":[{"id":3197,"href":"https:\/\/lafuente.mx\/index.php?rest_route=\/wp\/v2\/posts\/3194\/revisions\/3197"}],"wp:featuredmedia":[{"embeddable":true,"href":"https:\/\/lafuente.mx\/index.php?rest_route=\/wp\/v2\/media\/3198"}],"wp:attachment":[{"href":"https:\/\/lafuente.mx\/index.php?rest_route=%2Fwp%2Fv2%2Fmedia&parent=3194"}],"wp:term":[{"taxonomy":"category","embeddable":true,"href":"https:\/\/lafuente.mx\/index.php?rest_route=%2Fwp%2Fv2%2Fcategories&post=3194"},{"taxonomy":"post_tag","embeddable":true,"href":"https:\/\/lafuente.mx\/index.php?rest_route=%2Fwp%2Fv2%2Ftags&post=3194"}],"curies":[{"name":"wp","href":"https:\/\/api.w.org\/{rel}","templated":true}]}}