{"id":3187,"date":"2025-08-08T07:42:00","date_gmt":"2025-08-08T07:42:00","guid":{"rendered":"https:\/\/lafuente.mx\/?p=3187"},"modified":"2025-09-04T15:40:45","modified_gmt":"2025-09-04T15:40:45","slug":"xxi-coloquio-de-neurohumanidades","status":"publish","type":"post","link":"https:\/\/lafuente.mx\/?p=3187","title":{"rendered":"XXI Coloquio de Neurohumanidades"},"content":{"rendered":"\n<p class=\"has-text-align-center has-vivid-red-color has-text-color has-larger-font-size\"><strong>Del 25 al 28 de agosto<\/strong><\/p>\n\n\n\n<hr class=\"wp-block-separator has-text-color has-vivid-red-color has-alpha-channel-opacity has-vivid-red-background-color has-background\"\/>\n\n\n<div class=\"wp-block-image\">\n<figure class=\"aligncenter size-large is-resized\"><img decoding=\"async\" loading=\"lazy\" width=\"600\" height=\"1024\" src=\"https:\/\/i0.wp.com\/lafuente.mx\/wp-content\/uploads\/2025\/08\/Captura-de-pantalla-2025-08-07-a-las-13.48.48-1-600x1024.png?resize=600%2C1024&#038;ssl=1\" alt=\"\" class=\"wp-image-3189\" style=\"aspect-ratio:0.58578856152513;width:545px;height:auto\" srcset=\"https:\/\/i0.wp.com\/lafuente.mx\/wp-content\/uploads\/2025\/08\/Captura-de-pantalla-2025-08-07-a-las-13.48.48-1.png?resize=600%2C1024&amp;ssl=1 600w, https:\/\/i0.wp.com\/lafuente.mx\/wp-content\/uploads\/2025\/08\/Captura-de-pantalla-2025-08-07-a-las-13.48.48-1.png?resize=176%2C300&amp;ssl=1 176w, https:\/\/i0.wp.com\/lafuente.mx\/wp-content\/uploads\/2025\/08\/Captura-de-pantalla-2025-08-07-a-las-13.48.48-1.png?w=676&amp;ssl=1 676w\" sizes=\"(max-width: 600px) 100vw, 600px\" data-recalc-dims=\"1\" \/><\/figure><\/div>\n\n\n<hr class=\"wp-block-separator has-text-color has-cyan-bluish-gray-color has-alpha-channel-opacity has-cyan-bluish-gray-background-color has-background\"\/>\n\n\n\n<p>XII Coloquio de Neurodanza y Salud Mental<\/p>\n\n\n\n<p>En reconocimiento a Gloria Contreras (1934-2015)<\/p>\n\n\n\n<p>Biosemi\u00f3tica &#8211; 104 Aniversario del natalicio del maestro Ram\u00f3n de la Fuente Mu\u00f1iz<\/p>\n\n\n\n<hr class=\"wp-block-separator has-text-color has-cyan-bluish-gray-color has-alpha-channel-opacity has-cyan-bluish-gray-background-color has-background\"\/>\n\n\n\n<div class=\"wp-block-buttons is-layout-flex wp-block-buttons-is-layout-flex\">\n<div class=\"wp-block-button\"><a class=\"wp-block-button__link wp-element-button\">Programa<\/a><\/div>\n<\/div>\n","protected":false},"excerpt":{"rendered":"<p>Del 25 al 28 de agosto XII Coloquio de Neurodanza y Salud Mental En reconocimiento a Gloria Contreras (1934-2015) Biosemi\u00f3tica &#8211; 104 Aniversario del natalicio<\/p>\n","protected":false},"author":3,"featured_media":3190,"comment_status":"closed","ping_status":"closed","sticky":false,"template":"","format":"standard","meta":{"footnotes":"","jetpack_publicize_message":"","jetpack_is_tweetstorm":false,"jetpack_publicize_feature_enabled":true},"categories":[8],"tags":[1019,1018,21,109,1017,32],"jetpack_publicize_connections":[],"yoast_head":"<!-- This site is optimized with the Yoast SEO plugin v19.4 - https:\/\/yoast.com\/wordpress\/plugins\/seo\/ -->\n<title>XXI Coloquio de Neurohumanidades -<\/title>\n<meta name=\"robots\" content=\"index, follow, max-snippet:-1, max-image-preview:large, max-video-preview:-1\" \/>\n<link rel=\"canonical\" href=\"https:\/\/lafuente.mx\/?p=3187\" \/>\n<meta property=\"og:locale\" content=\"es_MX\" \/>\n<meta property=\"og:type\" content=\"article\" \/>\n<meta property=\"og:title\" content=\"XXI Coloquio de Neurohumanidades\" \/>\n<meta property=\"og:description\" content=\"Del 25 al 28 de agosto XII Coloquio de Neurodanza y Salud Mental En reconocimiento a Gloria Contreras (1934-2015) Biosemi\u00f3tica &#8211; 104 Aniversario del natalicio\" \/>\n<meta property=\"og:url\" content=\"https:\/\/lafuente.mx\/?p=3187\" \/>\n<meta property=\"article:published_time\" content=\"2025-08-08T07:42:00+00:00\" \/>\n<meta property=\"article:modified_time\" content=\"2025-09-04T15:40:45+00:00\" \/>\n<meta property=\"og:image\" content=\"http:\/\/lafuente.mx\/wp-content\/uploads\/2025\/08\/Captura-de-pantalla-2025-08-07-a-las-13.58.07.png\" \/>\n\t<meta property=\"og:image:width\" content=\"682\" \/>\n\t<meta property=\"og:image:height\" content=\"740\" \/>\n\t<meta property=\"og:image:type\" content=\"image\/png\" \/>\n<meta name=\"author\" content=\"Claudia Gallardo\" \/>\n<meta name=\"twitter:card\" content=\"summary_large_image\" \/>\n<meta name=\"twitter:title\" content=\"XXI Coloquio de Neurohumanidades\" \/>\n<meta name=\"twitter:image\" content=\"https:\/\/i0.wp.com\/lafuente.mx\/wp-content\/uploads\/2025\/08\/Captura-de-pantalla-2025-08-07-a-las-13.58.07.png?fit=682%2C740&ssl=1\" \/>\n<meta name=\"twitter:label1\" content=\"Escrito por\" \/>\n\t<meta name=\"twitter:data1\" content=\"Claudia Gallardo\" \/>\n<script type=\"application\/ld+json\" class=\"yoast-schema-graph\">{\"@context\":\"https:\/\/schema.org\",\"@graph\":[{\"@type\":\"WebSite\",\"@id\":\"https:\/\/lafuente.mx\/#website\",\"url\":\"https:\/\/lafuente.mx\/\",\"name\":\"\",\"description\":\"Informaci\u00f3n confiable sobre salud mental\",\"potentialAction\":[{\"@type\":\"SearchAction\",\"target\":{\"@type\":\"EntryPoint\",\"urlTemplate\":\"https:\/\/lafuente.mx\/?s={search_term_string}\"},\"query-input\":\"required name=search_term_string\"}],\"inLanguage\":\"es-MX\"},{\"@type\":\"WebPage\",\"@id\":\"https:\/\/lafuente.mx\/?p=3187\",\"url\":\"https:\/\/lafuente.mx\/?p=3187\",\"name\":\"XXI Coloquio de Neurohumanidades -\",\"isPartOf\":{\"@id\":\"https:\/\/lafuente.mx\/#website\"},\"datePublished\":\"2025-08-08T07:42:00+00:00\",\"dateModified\":\"2025-09-04T15:40:45+00:00\",\"author\":{\"@id\":\"https:\/\/lafuente.mx\/#\/schema\/person\/603f3aa8e2f6f7879021ab722d39d6b0\"},\"breadcrumb\":{\"@id\":\"https:\/\/lafuente.mx\/?p=3187#breadcrumb\"},\"inLanguage\":\"es-MX\",\"potentialAction\":[{\"@type\":\"ReadAction\",\"target\":[\"https:\/\/lafuente.mx\/?p=3187\"]}]},{\"@type\":\"BreadcrumbList\",\"@id\":\"https:\/\/lafuente.mx\/?p=3187#breadcrumb\",\"itemListElement\":[{\"@type\":\"ListItem\",\"position\":1,\"name\":\"Inicio\",\"item\":\"https:\/\/lafuente.mx\/\"},{\"@type\":\"ListItem\",\"position\":2,\"name\":\"XXI Coloquio de Neurohumanidades\"}]},{\"@type\":\"Person\",\"@id\":\"https:\/\/lafuente.mx\/#\/schema\/person\/603f3aa8e2f6f7879021ab722d39d6b0\",\"name\":\"Claudia Gallardo\",\"image\":{\"@type\":\"ImageObject\",\"inLanguage\":\"es-MX\",\"@id\":\"https:\/\/lafuente.mx\/#\/schema\/person\/image\/\",\"url\":\"https:\/\/secure.gravatar.com\/avatar\/bfe9c966af1ccfb9d17bcdb9d04e8815?s=96&d=mm&r=g\",\"contentUrl\":\"https:\/\/secure.gravatar.com\/avatar\/bfe9c966af1ccfb9d17bcdb9d04e8815?s=96&d=mm&r=g\",\"caption\":\"Claudia Gallardo\"},\"url\":\"https:\/\/lafuente.mx\/?author=3\"}]}<\/script>\n<!-- \/ Yoast SEO plugin. -->","yoast_head_json":{"title":"XXI Coloquio de Neurohumanidades -","robots":{"index":"index","follow":"follow","max-snippet":"max-snippet:-1","max-image-preview":"max-image-preview:large","max-video-preview":"max-video-preview:-1"},"canonical":"https:\/\/lafuente.mx\/?p=3187","og_locale":"es_MX","og_type":"article","og_title":"XXI Coloquio de Neurohumanidades","og_description":"Del 25 al 28 de agosto XII Coloquio de Neurodanza y Salud Mental En reconocimiento a Gloria Contreras (1934-2015) Biosemi\u00f3tica &#8211; 104 Aniversario del natalicio","og_url":"https:\/\/lafuente.mx\/?p=3187","article_published_time":"2025-08-08T07:42:00+00:00","article_modified_time":"2025-09-04T15:40:45+00:00","og_image":[{"width":682,"height":740,"url":"http:\/\/lafuente.mx\/wp-content\/uploads\/2025\/08\/Captura-de-pantalla-2025-08-07-a-las-13.58.07.png","type":"image\/png"}],"author":"Claudia Gallardo","twitter_card":"summary_large_image","twitter_title":"XXI Coloquio de Neurohumanidades","twitter_image":"https:\/\/i0.wp.com\/lafuente.mx\/wp-content\/uploads\/2025\/08\/Captura-de-pantalla-2025-08-07-a-las-13.58.07.png?fit=682%2C740&ssl=1","twitter_misc":{"Escrito por":"Claudia Gallardo"},"schema":{"@context":"https:\/\/schema.org","@graph":[{"@type":"WebSite","@id":"https:\/\/lafuente.mx\/#website","url":"https:\/\/lafuente.mx\/","name":"","description":"Informaci\u00f3n confiable sobre salud mental","potentialAction":[{"@type":"SearchAction","target":{"@type":"EntryPoint","urlTemplate":"https:\/\/lafuente.mx\/?s={search_term_string}"},"query-input":"required name=search_term_string"}],"inLanguage":"es-MX"},{"@type":"WebPage","@id":"https:\/\/lafuente.mx\/?p=3187","url":"https:\/\/lafuente.mx\/?p=3187","name":"XXI Coloquio de Neurohumanidades -","isPartOf":{"@id":"https:\/\/lafuente.mx\/#website"},"datePublished":"2025-08-08T07:42:00+00:00","dateModified":"2025-09-04T15:40:45+00:00","author":{"@id":"https:\/\/lafuente.mx\/#\/schema\/person\/603f3aa8e2f6f7879021ab722d39d6b0"},"breadcrumb":{"@id":"https:\/\/lafuente.mx\/?p=3187#breadcrumb"},"inLanguage":"es-MX","potentialAction":[{"@type":"ReadAction","target":["https:\/\/lafuente.mx\/?p=3187"]}]},{"@type":"BreadcrumbList","@id":"https:\/\/lafuente.mx\/?p=3187#breadcrumb","itemListElement":[{"@type":"ListItem","position":1,"name":"Inicio","item":"https:\/\/lafuente.mx\/"},{"@type":"ListItem","position":2,"name":"XXI Coloquio de Neurohumanidades"}]},{"@type":"Person","@id":"https:\/\/lafuente.mx\/#\/schema\/person\/603f3aa8e2f6f7879021ab722d39d6b0","name":"Claudia Gallardo","image":{"@type":"ImageObject","inLanguage":"es-MX","@id":"https:\/\/lafuente.mx\/#\/schema\/person\/image\/","url":"https:\/\/secure.gravatar.com\/avatar\/bfe9c966af1ccfb9d17bcdb9d04e8815?s=96&d=mm&r=g","contentUrl":"https:\/\/secure.gravatar.com\/avatar\/bfe9c966af1ccfb9d17bcdb9d04e8815?s=96&d=mm&r=g","caption":"Claudia Gallardo"},"url":"https:\/\/lafuente.mx\/?author=3"}]}},"jetpack_featured_media_url":"https:\/\/i0.wp.com\/lafuente.mx\/wp-content\/uploads\/2025\/08\/Captura-de-pantalla-2025-08-07-a-las-13.58.07.png?fit=682%2C740&ssl=1","jetpack-related-posts":[{"id":2426,"url":"https:\/\/lafuente.mx\/?p=2426","url_meta":{"origin":3187,"position":0},"title":"XX Coloquio de Neurohumanidades, 2024","date":"julio 9, 2024","format":false,"excerpt":"Consulta el programa COLOQUIO-2024Descarga Informes: difusion@inprf.gob.mx","rel":"","context":"En &quot;Eventos&quot;","img":{"alt_text":"","src":"https:\/\/i0.wp.com\/lafuente.mx\/wp-content\/uploads\/2024\/07\/COLOQUIO-2024-2-scaled.jpg?fit=1200%2C504&ssl=1&resize=350%2C200","width":350,"height":200},"classes":[]},{"id":2797,"url":"https:\/\/lafuente.mx\/?p=2797","url_meta":{"origin":3187,"position":1},"title":"XXI Coloquio de Neurohumanidades, 2025","date":"marzo 6, 2025","format":false,"excerpt":"Te esperamos los d\u00edas 31 de marzo, 2 y 3 de abril en el XXI Coloquio de Neurohumanidades, que tendr\u00e1 lugar en el auditorio del Instituto Nacional de Psiquiatr\u00eda Ram\u00f3n de la Fuente Mu\u00f1iz. En esta ocasi\u00f3n, se abordar\u00e1n temas interesantes relacionados con la neurociencia, fibromialgia, cardio-psiquiatr\u00eda, psicofarmacolog\u00eda, entre otros.\u2026","rel":"","context":"En &quot;Eventos&quot;","img":{"alt_text":"","src":"https:\/\/i0.wp.com\/lafuente.mx\/wp-content\/uploads\/2025\/03\/COLOQUIO-2025-FB2-03-03.jpg?fit=1123%2C834&ssl=1&resize=350%2C200","width":350,"height":200},"classes":[]},{"id":1417,"url":"https:\/\/lafuente.mx\/?p=1417","url_meta":{"origin":3187,"position":2},"title":"XIX Coloquio de Neurohumanidades\u00a0: Conectoma y complejidad VIII\u00a0","date":"julio 13, 2023","format":false,"excerpt":"Martes \u00b7 29 agosto\u00a0 Mesa A. Oscilaciones y resonancias en f\u00edsica y psicolog\u00eda Mesa B. Cronobiolog\u00eda, esteroides y salud\u00a0 Mi\u00e9rcoles 30 agosto\u00a0 Mesa C. Neuroimagen cl\u00ednica \/ Psiquiatr\u00eda computacional Mesa D. Inteligencia artificial \/ Ciencias de la complejidad Jueves 31 de agosto \u00a0 Mesa E. Mesa F. Consulta el programa\u2026","rel":"","context":"En &quot;Eventos&quot;","img":{"alt_text":"","src":"https:\/\/i0.wp.com\/lafuente.mx\/wp-content\/uploads\/2023\/07\/Sin-titulo-2-02-scaled.jpg?fit=1200%2C609&ssl=1&resize=350%2C200","width":350,"height":200},"classes":[]},{"id":963,"url":"https:\/\/lafuente.mx\/?p=963","url_meta":{"origin":3187,"position":3},"title":"XIX Coloquio de Neurohumanidades 2023\u00a0 Neurodanza y salud mental\u00a0","date":"marzo 22, 2023","format":false,"excerpt":"\u00a0XVII Aniversario luctuoso. Doctor Ram\u00f3n de la Fuente Mu\u00f1iz Imagen INPRFM 30 y 31 de marzo\u00a0 Temas: \u00a0 Sincronicidades y resonancias \u00a0 En reconocimiento a Pilar Chiappa y Jairo Mu\u00f1oz \u00a0 Coordina: Yuri Zambrano\u00a0 La danza y lo sagrado \u00a0 En reconocimiento a Ricardo Mondrag\u00f3n Ceballos y Leonor Hern\u00e1ndez L\u00f3pez\u2026","rel":"","context":"En &quot;Eventos Acad\u00e9micos del INPRFM&quot;","img":{"alt_text":"","src":"https:\/\/i0.wp.com\/lafuente.mx\/wp-content\/uploads\/2023\/03\/Captura-de-Pantalla-2023-03-22-a-las-11.13.52.png?fit=1113%2C1200&ssl=1&resize=350%2C200","width":350,"height":200},"classes":[]},{"id":142,"url":"https:\/\/lafuente.mx\/?p=142","url_meta":{"origin":3187,"position":4},"title":"XVIII Coloquio de Neurohumanidades","date":"agosto 4, 2022","format":false,"excerpt":"Conectoma y complejidad VII\u00a0 Del 29 al 31 de agosto, 2022\u00a0 Mesa 1.Hormonas esteroides y psiquiatr\u00eda Mesa 2.Hormonas esteroides y psiquiatr\u00eda Mesa 3.Teor\u00eda de sistemas y biolog\u00eda Mesa 4.Richard Zenith. Redes sem\u00e1nticas y neuroliteratura Mesa 5.La neuroimagen en la cl\u00ednica Mesa 6.Ciencias de la complejidad y neuroimagen \u00a0 M\u00e1s informaci\u00f3n","rel":"","context":"En &quot;Eventos Acad\u00e9micos del INPRFM&quot;","img":{"alt_text":"","src":"https:\/\/i0.wp.com\/lafuente.mx\/wp-content\/uploads\/2022\/08\/Captura-de-Pantalla-2022-08-04-a-las-12.43.38.png?fit=1048%2C804&ssl=1&resize=350%2C200","width":350,"height":200},"classes":[]},{"id":2584,"url":"https:\/\/lafuente.mx\/?p=2584","url_meta":{"origin":3187,"position":5},"title":"YouTube INPRFM\u00a0","date":"octubre 4, 2024","format":false,"excerpt":"\u00a1Te invitamos a conocer nuestro canal de YouTube! @INPRFM \u00bfYa lo conoces?Entonces te invitamos a consultar nuestros \u00faltimos videos y a ver nuevamente nuestras interesantes conferencias, pl\u00e1ticas y sesiones acad\u00e9micas sobre salud mental V\u00eddeos de divulgaci\u00f3n cient\u00edfica realizados en el Instituto Nacional de Psiquiatr\u00eda Ramon de la Fuente Mu\u00f1iz\u00a0\u00a0 Sesiones\u2026","rel":"","context":"En &quot;Informaci\u00f3n de inter\u00e9s&quot;","img":{"alt_text":"","src":"https:\/\/i0.wp.com\/lafuente.mx\/wp-content\/uploads\/2024\/10\/Captura-de-pantalla-2024-10-04-110907.png?fit=930%2C711&ssl=1&resize=350%2C200","width":350,"height":200},"classes":[]}],"jetpack_sharing_enabled":true,"jetpack_shortlink":"https:\/\/wp.me\/pe9WUx-Pp","_links":{"self":[{"href":"https:\/\/lafuente.mx\/index.php?rest_route=\/wp\/v2\/posts\/3187"}],"collection":[{"href":"https:\/\/lafuente.mx\/index.php?rest_route=\/wp\/v2\/posts"}],"about":[{"href":"https:\/\/lafuente.mx\/index.php?rest_route=\/wp\/v2\/types\/post"}],"author":[{"embeddable":true,"href":"https:\/\/lafuente.mx\/index.php?rest_route=\/wp\/v2\/users\/3"}],"replies":[{"embeddable":true,"href":"https:\/\/lafuente.mx\/index.php?rest_route=%2Fwp%2Fv2%2Fcomments&post=3187"}],"version-history":[{"count":1,"href":"https:\/\/lafuente.mx\/index.php?rest_route=\/wp\/v2\/posts\/3187\/revisions"}],"predecessor-version":[{"id":3191,"href":"https:\/\/lafuente.mx\/index.php?rest_route=\/wp\/v2\/posts\/3187\/revisions\/3191"}],"wp:featuredmedia":[{"embeddable":true,"href":"https:\/\/lafuente.mx\/index.php?rest_route=\/wp\/v2\/media\/3190"}],"wp:attachment":[{"href":"https:\/\/lafuente.mx\/index.php?rest_route=%2Fwp%2Fv2%2Fmedia&parent=3187"}],"wp:term":[{"taxonomy":"category","embeddable":true,"href":"https:\/\/lafuente.mx\/index.php?rest_route=%2Fwp%2Fv2%2Fcategories&post=3187"},{"taxonomy":"post_tag","embeddable":true,"href":"https:\/\/lafuente.mx\/index.php?rest_route=%2Fwp%2Fv2%2Ftags&post=3187"}],"curies":[{"name":"wp","href":"https:\/\/api.w.org\/{rel}","templated":true}]}}