{"id":3182,"date":"2025-08-07T17:31:06","date_gmt":"2025-08-07T17:31:06","guid":{"rendered":"https:\/\/lafuente.mx\/?p=3182"},"modified":"2025-08-12T16:19:07","modified_gmt":"2025-08-12T16:19:07","slug":"borrador-automatico-programa-de-crianza-con-conciencia-positiva","status":"publish","type":"post","link":"https:\/\/lafuente.mx\/?p=3182","title":{"rendered":"\u00bfTe interesa fortalecer las habilidades parentales y promover la salud mental en tu comunidad?\u00a0"},"content":{"rendered":"\n<hr class=\"wp-block-separator has-text-color has-vivid-cyan-blue-color has-alpha-channel-opacity has-vivid-cyan-blue-background-color has-background is-style-wide\"\/>\n\n\n\n<p class=\"has-text-align-center has-vivid-cyan-blue-color has-text-color has-larger-font-size\"><strong>Programa Crianza con Conciencia Positiva (CC+)&nbsp;<\/strong><\/p>\n\n\n\n<p class=\"has-text-align-center has-text-color has-larger-font-size\" style=\"color:#196b9b\">Inicio Lunes 7 de octubre<\/p>\n\n\n\n<p class=\"has-text-align-center has-text-color has-larger-font-size\" style=\"color:#196b9b\">Horario de 8:00 a 14:30 horas<\/p>\n\n\n\n<p class=\"has-text-color has-large-font-size\" style=\"color:#6f7376\"><strong>Cupo limitado a 150 personas&nbsp;<\/strong><\/p>\n\n\n\n<p class=\"has-vivid-cyan-blue-color has-text-color has-large-font-size\"><strong>Coordina: Nancy Amador&nbsp;<\/strong><\/p>\n\n\n\n<hr class=\"wp-block-separator has-text-color has-vivid-cyan-blue-color has-alpha-channel-opacity has-vivid-cyan-blue-background-color has-background\"\/>\n\n\n\n<figure class=\"wp-block-image size-large\"><img decoding=\"async\" loading=\"lazy\" width=\"640\" height=\"512\" src=\"https:\/\/i0.wp.com\/lafuente.mx\/wp-content\/uploads\/2025\/08\/family-baby-crawling-mother-smiling-happy-happy-children-smile-joy-parents-family-family-family-family-family-parents-1237701.jpg?resize=640%2C512\" alt=\"family, baby, crawling, mother, smiling, happy, happy children, smile, joy, parents, family, family, family, family, family, parents-1237701.jpg\" class=\"wp-image-3183\" srcset=\"https:\/\/i0.wp.com\/lafuente.mx\/wp-content\/uploads\/2025\/08\/family-baby-crawling-mother-smiling-happy-happy-children-smile-joy-parents-family-family-family-family-family-parents-1237701.jpg?resize=1024%2C819&amp;ssl=1 1024w, https:\/\/i0.wp.com\/lafuente.mx\/wp-content\/uploads\/2025\/08\/family-baby-crawling-mother-smiling-happy-happy-children-smile-joy-parents-family-family-family-family-family-parents-1237701.jpg?resize=300%2C240&amp;ssl=1 300w, https:\/\/i0.wp.com\/lafuente.mx\/wp-content\/uploads\/2025\/08\/family-baby-crawling-mother-smiling-happy-happy-children-smile-joy-parents-family-family-family-family-family-parents-1237701.jpg?resize=768%2C614&amp;ssl=1 768w, https:\/\/i0.wp.com\/lafuente.mx\/wp-content\/uploads\/2025\/08\/family-baby-crawling-mother-smiling-happy-happy-children-smile-joy-parents-family-family-family-family-family-parents-1237701.jpg?w=1280&amp;ssl=1 1280w\" sizes=\"(max-width: 640px) 100vw, 640px\" data-recalc-dims=\"1\" \/><\/figure>\n\n\n\n<p class=\"has-text-color has-medium-font-size\" style=\"color:#515355\"><strong>Objetivo general: <\/strong><br>El presente curso permitir\u00e1 a las y los asistentes, desarrollar las habilidades para usar el programa de Crianza con Conciencia Positiva en su pr\u00e1ctica cotidiana. Adem\u00e1s, comprender\u00e1 la importancia de incorporar intervenciones digitales basadas en evidencia cient\u00edfica y los mecanismos para iniciar un proceso de implementaci\u00f3n.&nbsp;<\/p>\n\n\n\n<p class=\"has-text-color has-medium-font-size\" style=\"color:#515355\"><strong>Dirigido a: <\/strong><\/p>\n\n\n\n<p class=\"has-text-color has-medium-font-size\" style=\"color:#595959\">Profesionales de la salud y de la educaci\u00f3n que trabajan con infancias y adolescencias de entre 2 y 17 a\u00f1os.&nbsp;<\/p>\n\n\n\n<p class=\"has-text-color has-medium-font-size\" style=\"color:#595959\"><strong>Imparten: &nbsp;<\/strong><\/p>\n\n\n\n<p class=\"has-text-color has-medium-font-size\" style=\"color:#595959\"><strong>Nancy Amador, Ma. de Lourdes Guti\u00e9rrez,&nbsp;&nbsp;Luc\u00eda V\u00e1zquez, Guadalupe Ram\u00edrez Mart\u00ednez <\/strong>Instituto Nacional de Psiquiatr\u00eda&nbsp; Ram\u00f3n de la Fuente Mu\u00f1iz &nbsp;<\/p>\n\n\n\n<p class=\"has-text-color has-medium-font-size\" style=\"color:#595959\"><strong>Ana Pro, Parenting for Lifelong Health Rub\u00e9n Parra Cardona ,<\/strong><br>Universidad de Tennessee &nbsp;<\/p>\n\n\n\n<p class=\"has-text-color has-medium-font-size\" style=\"color:#595959\"><strong>Estefany Villegas Lemus, Mariana Medel&nbsp;&nbsp;&nbsp;&nbsp; &nbsp;<\/strong><br>Peregrina, Israel Medina Cruz,&nbsp;&nbsp; &nbsp;<\/p>\n\n\n\n<p class=\"has-text-color has-medium-font-size\" style=\"color:#595959\"><strong>JUCONI, Juntos con las ni\u00f1as y los ni\u00f1os&nbsp;<\/strong><\/p>\n\n\n\n<p class=\"has-medium-font-size\">El Fondo de las Naciones Unidas para la Infancia (UNICEF), Parenting for Lifelong Health (PLH) y el Instituto Nacional de Psiquiatr\u00eda Ram\u00f3n de la Fuente Mu\u00f1iz, unieron esfuerzos para adaptar y pilotear el programa Crianza con Conciencia + (CC+), que es una intervenci\u00f3n h\u00edbrida de crianza positiva para reducir de la violencia hacia infancias y adolescencias.&nbsp;<\/p>\n\n\n\n<p class=\"has-medium-font-size\">Costo: $400.00 <\/p>\n\n\n\n<p class=\"has-medium-font-size\">Fecha l\u00edmite de pago: lunes 22 de septiembre de 2025 <\/p>\n\n\n\n<p class=\"has-medium-font-size\">Pagando antes del 30 de agosto: $ 300.00 <br>Curso gratuito para estudiantes del programa de Maestr\u00eda y Doctorado en Ciencias M\u00e9dicas Odontolog\u00edas y de la Salud, UNAM&nbsp;<\/p>\n\n\n\n<hr class=\"wp-block-separator has-text-color has-vivid-cyan-blue-color has-alpha-channel-opacity has-vivid-cyan-blue-background-color has-background\"\/>\n\n\n\n<p class=\"has-medium-font-size\"><\/p>\n\n\n\n<p class=\"has-medium-font-size\">Programa: <a href=\"https:\/\/l.facebook.com\/l.php?u=https%3A%2F%2Fbit.ly%2F4kAW6K9%3Ffbclid%3DIwZXh0bgNhZW0CMTAAYnJpZBExZFRaRklidDhBUVBuR20ycAEeTPSVEROzqxKxV2r_EvC4wZQG5yXz9iTrUMf14sGy4P3XiizjHg6N-96tlcU_aem_JsGMtkalVSEvMZ1NT951Dw&amp;h=AT1kwUaSwVzqe6uAGgT191Zc23zHqhpKaSft_aK-41noazqHHNIuQxzs-kfbbmwka2Z93SuA_4iy4sPL3hAWH-fCEDbPZpgTwqNHdaABrLuRXLd6LVFtFdCy_dGBNWQWAZ9mphYhFVzhbsiP&amp;__tn__=-UK*F&amp;c[0]=AT3aJDxgEVOJXU653-hx0IpoA3CWhMat6DYbd9i7h4thi1bseyLvEf6GmzOngnCP5qdFIDIl7j763Ow4p8BMfQ5WWrJQNPHbjShNZV6fcIak4iuCh3JqWthnU_RWAEI76L-f1OBCB3LC77QS1P-qCIyBw-o1HiGlnqiHM-cpw9UduKZvMrZ_rNA9hsqF4Uin6HmF_LvWrFmSUTQT6MEbLr-pSw\" target=\"_blank\" rel=\"noreferrer noopener\"><strong>https:\/\/bit.ly\/4kAW6K9<\/strong><\/a><strong> <\/strong>&nbsp;<\/p>\n\n\n\n<div class=\"wp-block-buttons is-layout-flex wp-block-buttons-is-layout-flex\">\n<div class=\"wp-block-button\"><a class=\"wp-block-button__link has-vivid-cyan-blue-background-color has-background wp-element-button\" href=\"http:\/\/bit.ly\/3IsDD59\">Registro<\/a><\/div>\n<\/div>\n","protected":false},"excerpt":{"rendered":"<p>Programa Crianza con Conciencia Positiva (CC+)&nbsp; Inicio Lunes 7 de octubre Horario de 8:00 a 14:30 horas Cupo limitado a 150 personas&nbsp; Coordina: Nancy Amador&nbsp;<\/p>\n","protected":false},"author":3,"featured_media":3183,"comment_status":"closed","ping_status":"closed","sticky":false,"template":"","format":"standard","meta":{"footnotes":"","jetpack_publicize_message":"","jetpack_is_tweetstorm":false,"jetpack_publicize_feature_enabled":true},"categories":[4],"tags":[1008,53,1006,21,198,1009,1007,32],"jetpack_publicize_connections":[],"yoast_head":"<!-- This site is optimized with the Yoast SEO plugin v19.4 - https:\/\/yoast.com\/wordpress\/plugins\/seo\/ -->\n<title>\u00bfTe interesa fortalecer las habilidades parentales y promover la salud mental en tu comunidad?\u00a0 -<\/title>\n<meta name=\"description\" content=\"El presente curso permitir\u00e1 a las y los asistentes, desarrollar las habilidades para usar el programa de Crianza con Conciencia Positiva en su pr\u00e1ctica cotidiana.\" \/>\n<meta name=\"robots\" content=\"index, follow, max-snippet:-1, max-image-preview:large, max-video-preview:-1\" \/>\n<link rel=\"canonical\" href=\"https:\/\/lafuente.mx\/?p=3182\" \/>\n<meta property=\"og:locale\" content=\"es_MX\" \/>\n<meta property=\"og:type\" content=\"article\" \/>\n<meta property=\"og:title\" content=\"\u00bfTe interesa fortalecer las habilidades parentales y promover la salud mental en tu comunidad?\u00a0\" \/>\n<meta property=\"og:description\" content=\"El presente curso permitir\u00e1 a las y los asistentes, desarrollar las habilidades para usar el programa de Crianza con Conciencia Positiva en su pr\u00e1ctica cotidiana.\" \/>\n<meta property=\"og:url\" content=\"https:\/\/lafuente.mx\/?p=3182\" \/>\n<meta property=\"article:published_time\" content=\"2025-08-07T17:31:06+00:00\" \/>\n<meta property=\"article:modified_time\" content=\"2025-08-12T16:19:07+00:00\" \/>\n<meta property=\"og:image\" content=\"http:\/\/lafuente.mx\/wp-content\/uploads\/2025\/08\/family-baby-crawling-mother-smiling-happy-happy-children-smile-joy-parents-family-family-family-family-family-parents-1237701.jpg\" \/>\n\t<meta property=\"og:image:width\" content=\"1280\" \/>\n\t<meta property=\"og:image:height\" content=\"1024\" \/>\n\t<meta property=\"og:image:type\" content=\"image\/jpeg\" \/>\n<meta name=\"author\" content=\"Claudia Gallardo\" \/>\n<meta name=\"twitter:card\" content=\"summary_large_image\" \/>\n<meta name=\"twitter:title\" content=\"\u00bfTe interesa fortalecer las habilidades parentales y promover la salud mental en tu comunidad?\u00a0\" \/>\n<meta name=\"twitter:description\" content=\"El presente curso permitir\u00e1 a las y los asistentes, desarrollar las habilidades para usar el programa de Crianza con Conciencia Positiva en su pr\u00e1ctica cotidiana.\" \/>\n<meta name=\"twitter:image\" content=\"https:\/\/i0.wp.com\/lafuente.mx\/wp-content\/uploads\/2025\/08\/family-baby-crawling-mother-smiling-happy-happy-children-smile-joy-parents-family-family-family-family-family-parents-1237701.jpg?fit=1280%2C1024&ssl=1\" \/>\n<meta name=\"twitter:label1\" content=\"Escrito por\" \/>\n\t<meta name=\"twitter:data1\" content=\"Claudia Gallardo\" \/>\n\t<meta name=\"twitter:label2\" content=\"Tiempo de lectura\" \/>\n\t<meta name=\"twitter:data2\" content=\"1 minuto\" \/>\n<script type=\"application\/ld+json\" class=\"yoast-schema-graph\">{\"@context\":\"https:\/\/schema.org\",\"@graph\":[{\"@type\":\"WebSite\",\"@id\":\"https:\/\/lafuente.mx\/#website\",\"url\":\"https:\/\/lafuente.mx\/\",\"name\":\"\",\"description\":\"Informaci\u00f3n confiable sobre salud mental\",\"potentialAction\":[{\"@type\":\"SearchAction\",\"target\":{\"@type\":\"EntryPoint\",\"urlTemplate\":\"https:\/\/lafuente.mx\/?s={search_term_string}\"},\"query-input\":\"required name=search_term_string\"}],\"inLanguage\":\"es-MX\"},{\"@type\":\"WebPage\",\"@id\":\"https:\/\/lafuente.mx\/?p=3182\",\"url\":\"https:\/\/lafuente.mx\/?p=3182\",\"name\":\"\u00bfTe interesa fortalecer las habilidades parentales y promover la salud mental en tu comunidad?\u00a0 -\",\"isPartOf\":{\"@id\":\"https:\/\/lafuente.mx\/#website\"},\"datePublished\":\"2025-08-07T17:31:06+00:00\",\"dateModified\":\"2025-08-12T16:19:07+00:00\",\"author\":{\"@id\":\"https:\/\/lafuente.mx\/#\/schema\/person\/603f3aa8e2f6f7879021ab722d39d6b0\"},\"description\":\"El presente curso permitir\u00e1 a las y los asistentes, desarrollar las habilidades para usar el programa de Crianza con Conciencia Positiva en su pr\u00e1ctica cotidiana.\",\"breadcrumb\":{\"@id\":\"https:\/\/lafuente.mx\/?p=3182#breadcrumb\"},\"inLanguage\":\"es-MX\",\"potentialAction\":[{\"@type\":\"ReadAction\",\"target\":[\"https:\/\/lafuente.mx\/?p=3182\"]}]},{\"@type\":\"BreadcrumbList\",\"@id\":\"https:\/\/lafuente.mx\/?p=3182#breadcrumb\",\"itemListElement\":[{\"@type\":\"ListItem\",\"position\":1,\"name\":\"Inicio\",\"item\":\"https:\/\/lafuente.mx\/\"},{\"@type\":\"ListItem\",\"position\":2,\"name\":\"\u00bfTe interesa fortalecer las habilidades parentales y promover la salud mental en tu comunidad?\u00a0\"}]},{\"@type\":\"Person\",\"@id\":\"https:\/\/lafuente.mx\/#\/schema\/person\/603f3aa8e2f6f7879021ab722d39d6b0\",\"name\":\"Claudia Gallardo\",\"image\":{\"@type\":\"ImageObject\",\"inLanguage\":\"es-MX\",\"@id\":\"https:\/\/lafuente.mx\/#\/schema\/person\/image\/\",\"url\":\"https:\/\/secure.gravatar.com\/avatar\/bfe9c966af1ccfb9d17bcdb9d04e8815?s=96&d=mm&r=g\",\"contentUrl\":\"https:\/\/secure.gravatar.com\/avatar\/bfe9c966af1ccfb9d17bcdb9d04e8815?s=96&d=mm&r=g\",\"caption\":\"Claudia Gallardo\"},\"url\":\"https:\/\/lafuente.mx\/?author=3\"}]}<\/script>\n<!-- \/ Yoast SEO plugin. -->","yoast_head_json":{"title":"\u00bfTe interesa fortalecer las habilidades parentales y promover la salud mental en tu comunidad?\u00a0 -","description":"El presente curso permitir\u00e1 a las y los asistentes, desarrollar las habilidades para usar el programa de Crianza con Conciencia Positiva en su pr\u00e1ctica cotidiana.","robots":{"index":"index","follow":"follow","max-snippet":"max-snippet:-1","max-image-preview":"max-image-preview:large","max-video-preview":"max-video-preview:-1"},"canonical":"https:\/\/lafuente.mx\/?p=3182","og_locale":"es_MX","og_type":"article","og_title":"\u00bfTe interesa fortalecer las habilidades parentales y promover la salud mental en tu comunidad?\u00a0","og_description":"El presente curso permitir\u00e1 a las y los asistentes, desarrollar las habilidades para usar el programa de Crianza con Conciencia Positiva en su pr\u00e1ctica cotidiana.","og_url":"https:\/\/lafuente.mx\/?p=3182","article_published_time":"2025-08-07T17:31:06+00:00","article_modified_time":"2025-08-12T16:19:07+00:00","og_image":[{"width":1280,"height":1024,"url":"http:\/\/lafuente.mx\/wp-content\/uploads\/2025\/08\/family-baby-crawling-mother-smiling-happy-happy-children-smile-joy-parents-family-family-family-family-family-parents-1237701.jpg","type":"image\/jpeg"}],"author":"Claudia Gallardo","twitter_card":"summary_large_image","twitter_title":"\u00bfTe interesa fortalecer las habilidades parentales y promover la salud mental en tu comunidad?\u00a0","twitter_description":"El presente curso permitir\u00e1 a las y los asistentes, desarrollar las habilidades para usar el programa de Crianza con Conciencia Positiva en su pr\u00e1ctica cotidiana.","twitter_image":"https:\/\/i0.wp.com\/lafuente.mx\/wp-content\/uploads\/2025\/08\/family-baby-crawling-mother-smiling-happy-happy-children-smile-joy-parents-family-family-family-family-family-parents-1237701.jpg?fit=1280%2C1024&ssl=1","twitter_misc":{"Escrito por":"Claudia Gallardo","Tiempo de lectura":"1 minuto"},"schema":{"@context":"https:\/\/schema.org","@graph":[{"@type":"WebSite","@id":"https:\/\/lafuente.mx\/#website","url":"https:\/\/lafuente.mx\/","name":"","description":"Informaci\u00f3n confiable sobre salud mental","potentialAction":[{"@type":"SearchAction","target":{"@type":"EntryPoint","urlTemplate":"https:\/\/lafuente.mx\/?s={search_term_string}"},"query-input":"required name=search_term_string"}],"inLanguage":"es-MX"},{"@type":"WebPage","@id":"https:\/\/lafuente.mx\/?p=3182","url":"https:\/\/lafuente.mx\/?p=3182","name":"\u00bfTe interesa fortalecer las habilidades parentales y promover la salud mental en tu comunidad?\u00a0 -","isPartOf":{"@id":"https:\/\/lafuente.mx\/#website"},"datePublished":"2025-08-07T17:31:06+00:00","dateModified":"2025-08-12T16:19:07+00:00","author":{"@id":"https:\/\/lafuente.mx\/#\/schema\/person\/603f3aa8e2f6f7879021ab722d39d6b0"},"description":"El presente curso permitir\u00e1 a las y los asistentes, desarrollar las habilidades para usar el programa de Crianza con Conciencia Positiva en su pr\u00e1ctica cotidiana.","breadcrumb":{"@id":"https:\/\/lafuente.mx\/?p=3182#breadcrumb"},"inLanguage":"es-MX","potentialAction":[{"@type":"ReadAction","target":["https:\/\/lafuente.mx\/?p=3182"]}]},{"@type":"BreadcrumbList","@id":"https:\/\/lafuente.mx\/?p=3182#breadcrumb","itemListElement":[{"@type":"ListItem","position":1,"name":"Inicio","item":"https:\/\/lafuente.mx\/"},{"@type":"ListItem","position":2,"name":"\u00bfTe interesa fortalecer las habilidades parentales y promover la salud mental en tu comunidad?\u00a0"}]},{"@type":"Person","@id":"https:\/\/lafuente.mx\/#\/schema\/person\/603f3aa8e2f6f7879021ab722d39d6b0","name":"Claudia Gallardo","image":{"@type":"ImageObject","inLanguage":"es-MX","@id":"https:\/\/lafuente.mx\/#\/schema\/person\/image\/","url":"https:\/\/secure.gravatar.com\/avatar\/bfe9c966af1ccfb9d17bcdb9d04e8815?s=96&d=mm&r=g","contentUrl":"https:\/\/secure.gravatar.com\/avatar\/bfe9c966af1ccfb9d17bcdb9d04e8815?s=96&d=mm&r=g","caption":"Claudia Gallardo"},"url":"https:\/\/lafuente.mx\/?author=3"}]}},"jetpack_featured_media_url":"https:\/\/i0.wp.com\/lafuente.mx\/wp-content\/uploads\/2025\/08\/family-baby-crawling-mother-smiling-happy-happy-children-smile-joy-parents-family-family-family-family-family-parents-1237701.jpg?fit=1280%2C1024&ssl=1","jetpack-related-posts":[{"id":3461,"url":"https:\/\/lafuente.mx\/?p=3461","url_meta":{"origin":3182,"position":0},"title":"La interrelaci\u00f3n del consumo de alcohol de los padres, las pr\u00e1cticas de los padres y el consumo excesivo de alcohol entre estudiantes de secundaria y preparatoria: an\u00e1lisis de una encuesta nacional\u00a0","date":"noviembre 20, 2025","format":false,"excerpt":"Raquel Mondrag\u00f3n G\u00f3mez 1, Jorge A. Villatoro Vel\u00e1zquez 2,\u00a0 *Maria Elena Medina-Mora Icaza1, 3, 4 Emilia Lucio y G\u00f3mez Maqueo 1\u00a0 1 Facultad de Psicolog\u00eda, Universidad Nacional Aut\u00f3noma de M\u00e9xico (UNAM), Ciudad de M\u00e9xico, M\u00e9xico\u00a0 2 Instituto Nacional de Psiquiatr\u00eda Ram\u00f3n de la Fuente Mu\u00f1iz (INPRFM), Ciudad de M\u00e9xico, M\u00e9xico\u00a0\u2026","rel":"","context":"En &quot;Publicaciones&quot;","img":{"alt_text":"","src":"https:\/\/i0.wp.com\/lafuente.mx\/wp-content\/uploads\/2025\/11\/ChatGPT-Image-20-nov-2025-02_33_11-p.m.png?fit=1200%2C800&ssl=1&resize=350%2C200","width":350,"height":200},"classes":[]},{"id":847,"url":"https:\/\/lafuente.mx\/?p=847","url_meta":{"origin":3182,"position":1},"title":"Programa de prevenci\u00f3n en salud mental y adicciones","date":"febrero 28, 2023","format":false,"excerpt":"\u00a0Gu\u00eda de aplicaci\u00f3n\u00a0 Mondrag\u00f3n R., Soto, I., Ca\u00f1as, V. & Villatoro, J. 2019\u00a0 Esta gu\u00eda intenta ayudar al maestro o cuidador de nuestros adolescentes para aprovechar de la manera m\u00e1s optima el material del programa \u201cExplora H\u201d una intervenci\u00f3n dirigida a adolescentes de 10-15 a\u00f1os y sus responsables de crianza.\u00a0\u00a0\u2026","rel":"","context":"En &quot;Publicaciones&quot;","img":{"alt_text":"","src":"https:\/\/i0.wp.com\/lafuente.mx\/wp-content\/uploads\/2023\/02\/Captura-de-Pantalla-2023-02-28-a-las-14.29.27-e1677616446297.png?fit=800%2C586&ssl=1&resize=350%2C200","width":350,"height":200},"classes":[]},{"id":3257,"url":"https:\/\/lafuente.mx\/?p=3257","url_meta":{"origin":3182,"position":2},"title":"Tema del mes: Salud Mental Materna","date":"septiembre 12, 2025","format":false,"excerpt":"MAYO En el INPRFM trabajamos cada d\u00eda para generar conocimiento, brindar atenci\u00f3n especializada y promover la salud mental de la poblaci\u00f3n. En esta secci\u00f3n hablaremos de la depresi\u00f3n posparto la cu\u00e1l es com\u00fan, y una de cada cinco mam\u00e1s y uno de cada 10 pap\u00e1s, la padecen.","rel":"","context":"En &quot;T\u00f3picos de salud mental&quot;","img":{"alt_text":"","src":"https:\/\/i0.wp.com\/lafuente.mx\/wp-content\/uploads\/2025\/09\/Captura-de-pantalla-2025-09-11-a-las-13.05.34.png?fit=1200%2C550&ssl=1&resize=350%2C200","width":350,"height":200},"classes":[]},{"id":2470,"url":"https:\/\/lafuente.mx\/?p=2470","url_meta":{"origin":3182,"position":3},"title":"D\u00eda Mundial contra la Trata\u00a0","date":"julio 30, 2024","format":false,"excerpt":"30 de julio No podemos dejar a ning\u00fan ni\u00f1o o ni\u00f1a atr\u00e1s en la lucha contra la trata\u00a0 En todo el mundo, una de cada tres v\u00edctimas de trata de seres humanos es un ni\u00f1o, en su mayor\u00eda, ni\u00f1as.\u00a0 Seg\u00fan el Informe Mundial sobre la Trata de Personas de la\u2026","rel":"","context":"En &quot;Efem\u00e9rides de Salud Mental&quot;","img":{"alt_text":"children, infant, girl-306607.jpg","src":"https:\/\/i0.wp.com\/lafuente.mx\/wp-content\/uploads\/2024\/07\/children-infant-girl-306607.jpg?fit=1200%2C800&ssl=1&resize=350%2C200","width":350,"height":200},"classes":[]},{"id":3645,"url":"https:\/\/lafuente.mx\/?p=3645","url_meta":{"origin":3182,"position":4},"title":"Conectar para educar: la importancia de la crianza positiva","date":"abril 7, 2026","format":false,"excerpt":"CONVERSATORIO Hablemos de salud mental 10 de abril a las 12:00 horas, M\u00e9xico 10 de cada mes La crianza positiva es un enfoque amoroso, respetuoso, que promueve el bienestar emocional y el desarrollo saludable de hijas e hijos. Fomentar la autoestima, mejorar la comunicaci\u00f3n, manejar el estr\u00e9s, aplicar disciplina positiva\u2026","rel":"","context":"En &quot;Eventos Acad\u00e9micos del INPRFM&quot;","img":{"alt_text":"","src":"https:\/\/i0.wp.com\/lafuente.mx\/wp-content\/uploads\/2026\/04\/WhatsApp-Image-2026-04-01-at-12.38.49-PM-1.jpeg?fit=1200%2C900&ssl=1&resize=350%2C200","width":350,"height":200},"classes":[]},{"id":829,"url":"https:\/\/lafuente.mx\/?p=829","url_meta":{"origin":3182,"position":5},"title":"Secretar\u00eda de Salud alerta sobre efectos de clonazepam en ni\u00f1as, ni\u00f1os y adolescentes que hacen reto viral de TikTok","date":"febrero 16, 2023","format":false,"excerpt":"Est\u00e1 en riesgo la salud de ni\u00f1as, ni\u00f1os y adolescentes que consumen clonazepam como parte de un reto viral de TikTok, advirti\u00f3 el subsecretario de Prevenci\u00f3n y Promoci\u00f3n de la Salud, Hugo L\u00f3pez-Gatell Ram\u00edrez.\u00a0 Este f\u00e1rmaco, detall\u00f3, provoca visi\u00f3n borrosa, somnolencia, mareos, p\u00e9rdida de equilibrio, dificultad para pensar, dolor de\u2026","rel":"","context":"En &quot;Noticias&quot;","img":{"alt_text":"medications, tablets, medicine-1851178.jpg","src":"https:\/\/i0.wp.com\/lafuente.mx\/wp-content\/uploads\/2023\/02\/medications-tablets-medicine-1851178.jpg?fit=1200%2C800&ssl=1&resize=350%2C200","width":350,"height":200},"classes":[]}],"jetpack_sharing_enabled":true,"jetpack_shortlink":"https:\/\/wp.me\/pe9WUx-Pk","_links":{"self":[{"href":"https:\/\/lafuente.mx\/index.php?rest_route=\/wp\/v2\/posts\/3182"}],"collection":[{"href":"https:\/\/lafuente.mx\/index.php?rest_route=\/wp\/v2\/posts"}],"about":[{"href":"https:\/\/lafuente.mx\/index.php?rest_route=\/wp\/v2\/types\/post"}],"author":[{"embeddable":true,"href":"https:\/\/lafuente.mx\/index.php?rest_route=\/wp\/v2\/users\/3"}],"replies":[{"embeddable":true,"href":"https:\/\/lafuente.mx\/index.php?rest_route=%2Fwp%2Fv2%2Fcomments&post=3182"}],"version-history":[{"count":3,"href":"https:\/\/lafuente.mx\/index.php?rest_route=\/wp\/v2\/posts\/3182\/revisions"}],"predecessor-version":[{"id":3212,"href":"https:\/\/lafuente.mx\/index.php?rest_route=\/wp\/v2\/posts\/3182\/revisions\/3212"}],"wp:featuredmedia":[{"embeddable":true,"href":"https:\/\/lafuente.mx\/index.php?rest_route=\/wp\/v2\/media\/3183"}],"wp:attachment":[{"href":"https:\/\/lafuente.mx\/index.php?rest_route=%2Fwp%2Fv2%2Fmedia&parent=3182"}],"wp:term":[{"taxonomy":"category","embeddable":true,"href":"https:\/\/lafuente.mx\/index.php?rest_route=%2Fwp%2Fv2%2Fcategories&post=3182"},{"taxonomy":"post_tag","embeddable":true,"href":"https:\/\/lafuente.mx\/index.php?rest_route=%2Fwp%2Fv2%2Ftags&post=3182"}],"curies":[{"name":"wp","href":"https:\/\/api.w.org\/{rel}","templated":true}]}}