{"id":3171,"date":"2025-08-04T18:45:33","date_gmt":"2025-08-04T18:45:33","guid":{"rendered":"https:\/\/lafuente.mx\/?p=3171"},"modified":"2025-08-12T16:19:21","modified_gmt":"2025-08-12T16:19:21","slug":"no-es-solo-estres-entendiendo-la-ansiedad","status":"publish","type":"post","link":"https:\/\/lafuente.mx\/?p=3171","title":{"rendered":"No es s\u00f3lo estr\u00e9s: entendiendo la ansiedad"},"content":{"rendered":"\n<hr class=\"wp-block-separator has-alpha-channel-opacity\"\/>\n\n\n\n<p class=\"has-text-align-center has-text-color has-larger-font-size\" style=\"color:#0711e3\"><strong>\u2060CONVERSATORIO<\/strong><\/p>\n\n\n\n<p class=\"has-text-align-center has-text-color has-large-font-size\" style=\"color:#0754e3\"><strong>Hablemos de salud mental<\/strong><\/p>\n\n\n\n<p class=\"has-text-align-center has-text-color has-large-font-size\" style=\"color:#3c6c8c\"><strong>11 de agosto a las <\/strong><\/p>\n\n\n\n<p class=\"has-text-align-center has-text-color has-large-font-size\" style=\"color:#3c6c8c\"><strong>12:00 horas, M\u00e9xico<\/strong><\/p>\n\n\n\n<p class=\"has-text-color has-medium-font-size\" style=\"color:#0718e3\"><strong>PONENTES:<\/strong><\/p>\n\n\n\n<p class=\"has-text-color has-medium-font-size\" style=\"color:#0718e3\">Dra. Sol Durand Arias<br>Dr. C\u00e9sar Amaury S\u00e1nchez Aguilar<\/p>\n\n\n\n<figure class=\"wp-block-image size-large\"><img decoding=\"async\" loading=\"lazy\" width=\"640\" height=\"480\" src=\"https:\/\/i0.wp.com\/lafuente.mx\/wp-content\/uploads\/2025\/08\/WhatsApp-Image-2025-07-29-at-1.22.10-PM-1024x768.jpeg?resize=640%2C480&#038;ssl=1\" alt=\"\" class=\"wp-image-3174\" srcset=\"https:\/\/i0.wp.com\/lafuente.mx\/wp-content\/uploads\/2025\/08\/WhatsApp-Image-2025-07-29-at-1.22.10-PM.jpeg?resize=1024%2C768&amp;ssl=1 1024w, https:\/\/i0.wp.com\/lafuente.mx\/wp-content\/uploads\/2025\/08\/WhatsApp-Image-2025-07-29-at-1.22.10-PM.jpeg?resize=300%2C225&amp;ssl=1 300w, https:\/\/i0.wp.com\/lafuente.mx\/wp-content\/uploads\/2025\/08\/WhatsApp-Image-2025-07-29-at-1.22.10-PM.jpeg?resize=768%2C576&amp;ssl=1 768w, https:\/\/i0.wp.com\/lafuente.mx\/wp-content\/uploads\/2025\/08\/WhatsApp-Image-2025-07-29-at-1.22.10-PM.jpeg?resize=1536%2C1152&amp;ssl=1 1536w, https:\/\/i0.wp.com\/lafuente.mx\/wp-content\/uploads\/2025\/08\/WhatsApp-Image-2025-07-29-at-1.22.10-PM.jpeg?resize=800%2C600&amp;ssl=1 800w, https:\/\/i0.wp.com\/lafuente.mx\/wp-content\/uploads\/2025\/08\/WhatsApp-Image-2025-07-29-at-1.22.10-PM.jpeg?w=1600&amp;ssl=1 1600w, https:\/\/i0.wp.com\/lafuente.mx\/wp-content\/uploads\/2025\/08\/WhatsApp-Image-2025-07-29-at-1.22.10-PM.jpeg?w=1280 1280w\" sizes=\"(max-width: 640px) 100vw, 640px\" data-recalc-dims=\"1\" \/><\/figure>\n\n\n\n<p class=\"has-text-color\" style=\"color:#5707e3\">La ansiedad&nbsp;es una emoci\u00f3n normal que experimentamos ante situaciones de peligro o estr\u00e9s, pero se convierte en un problema cuando es intensa, persistente y afecta la vida diaria.&nbsp;<\/p>\n\n\n\n<p class=\"has-text-color\" style=\"color:#5707e3\">Escucha este conversatorio para saber m\u00e1s sobre la ansiedad<\/p>\n\n\n\n<hr class=\"wp-block-separator has-text-color has-vivid-purple-color has-alpha-channel-opacity has-vivid-purple-background-color has-background is-style-wide\"\/>\n\n\n\n<div class=\"wp-block-buttons is-layout-flex wp-block-buttons-is-layout-flex\">\n<div class=\"wp-block-button\"><a class=\"wp-block-button__link wp-element-button\" href=\"https:\/\/www.facebook.com\/INPRFM\">Por FB live<\/a><\/div>\n<\/div>\n","protected":false},"excerpt":{"rendered":"<p>\u2060CONVERSATORIO Hablemos de salud mental 11 de agosto a las 12:00 horas, M\u00e9xico PONENTES: Dra. Sol Durand AriasDr. C\u00e9sar Amaury S\u00e1nchez Aguilar La ansiedad&nbsp;es una<\/p>\n","protected":false},"author":3,"featured_media":3174,"comment_status":"closed","ping_status":"closed","sticky":false,"template":"","format":"standard","meta":{"footnotes":"","jetpack_publicize_message":"","jetpack_is_tweetstorm":false,"jetpack_publicize_feature_enabled":true},"categories":[8,1],"tags":[460,860,1002,79,422,21,32],"jetpack_publicize_connections":[],"yoast_head":"<!-- This site is optimized with the Yoast SEO plugin v19.4 - https:\/\/yoast.com\/wordpress\/plugins\/seo\/ -->\n<title>No es s\u00f3lo estr\u00e9s: entendiendo la ansiedad -<\/title>\n<meta name=\"description\" content=\"Escucha este conversatorio para saber m\u00e1s sobre la ansiedad\" \/>\n<meta name=\"robots\" content=\"index, follow, max-snippet:-1, max-image-preview:large, max-video-preview:-1\" \/>\n<link rel=\"canonical\" href=\"https:\/\/lafuente.mx\/?p=3171\" \/>\n<meta property=\"og:locale\" content=\"es_MX\" \/>\n<meta property=\"og:type\" content=\"article\" \/>\n<meta property=\"og:title\" content=\"No es s\u00f3lo estr\u00e9s: entendiendo la ansiedad\" \/>\n<meta property=\"og:description\" content=\"Escucha este conversatorio para saber m\u00e1s sobre la ansiedad\" \/>\n<meta property=\"og:url\" content=\"https:\/\/lafuente.mx\/?p=3171\" \/>\n<meta property=\"article:published_time\" content=\"2025-08-04T18:45:33+00:00\" \/>\n<meta property=\"article:modified_time\" content=\"2025-08-12T16:19:21+00:00\" \/>\n<meta property=\"og:image\" content=\"http:\/\/lafuente.mx\/wp-content\/uploads\/2025\/08\/WhatsApp-Image-2025-07-29-at-1.22.10-PM.jpeg\" \/>\n\t<meta property=\"og:image:width\" content=\"1600\" \/>\n\t<meta property=\"og:image:height\" content=\"1200\" \/>\n\t<meta property=\"og:image:type\" content=\"image\/jpeg\" \/>\n<meta name=\"author\" content=\"Claudia Gallardo\" \/>\n<meta name=\"twitter:card\" content=\"summary_large_image\" \/>\n<meta name=\"twitter:title\" content=\"No es s\u00f3lo estr\u00e9s: entendiendo la ansiedad\" \/>\n<meta name=\"twitter:description\" content=\"Escucha este conversatorio para saber m\u00e1s sobre la ansiedad\" \/>\n<meta name=\"twitter:image\" content=\"https:\/\/i0.wp.com\/lafuente.mx\/wp-content\/uploads\/2025\/08\/WhatsApp-Image-2025-07-29-at-1.22.10-PM.jpeg?fit=1600%2C1200&ssl=1\" \/>\n<meta name=\"twitter:label1\" content=\"Escrito por\" \/>\n\t<meta name=\"twitter:data1\" content=\"Claudia Gallardo\" \/>\n<script type=\"application\/ld+json\" class=\"yoast-schema-graph\">{\"@context\":\"https:\/\/schema.org\",\"@graph\":[{\"@type\":\"WebSite\",\"@id\":\"https:\/\/lafuente.mx\/#website\",\"url\":\"https:\/\/lafuente.mx\/\",\"name\":\"\",\"description\":\"Informaci\u00f3n confiable sobre salud mental\",\"potentialAction\":[{\"@type\":\"SearchAction\",\"target\":{\"@type\":\"EntryPoint\",\"urlTemplate\":\"https:\/\/lafuente.mx\/?s={search_term_string}\"},\"query-input\":\"required name=search_term_string\"}],\"inLanguage\":\"es-MX\"},{\"@type\":\"WebPage\",\"@id\":\"https:\/\/lafuente.mx\/?p=3171\",\"url\":\"https:\/\/lafuente.mx\/?p=3171\",\"name\":\"No es s\u00f3lo estr\u00e9s: entendiendo la ansiedad -\",\"isPartOf\":{\"@id\":\"https:\/\/lafuente.mx\/#website\"},\"datePublished\":\"2025-08-04T18:45:33+00:00\",\"dateModified\":\"2025-08-12T16:19:21+00:00\",\"author\":{\"@id\":\"https:\/\/lafuente.mx\/#\/schema\/person\/603f3aa8e2f6f7879021ab722d39d6b0\"},\"description\":\"Escucha este conversatorio para saber m\u00e1s sobre la ansiedad\",\"breadcrumb\":{\"@id\":\"https:\/\/lafuente.mx\/?p=3171#breadcrumb\"},\"inLanguage\":\"es-MX\",\"potentialAction\":[{\"@type\":\"ReadAction\",\"target\":[\"https:\/\/lafuente.mx\/?p=3171\"]}]},{\"@type\":\"BreadcrumbList\",\"@id\":\"https:\/\/lafuente.mx\/?p=3171#breadcrumb\",\"itemListElement\":[{\"@type\":\"ListItem\",\"position\":1,\"name\":\"Inicio\",\"item\":\"https:\/\/lafuente.mx\/\"},{\"@type\":\"ListItem\",\"position\":2,\"name\":\"No es s\u00f3lo estr\u00e9s: entendiendo la ansiedad\"}]},{\"@type\":\"Person\",\"@id\":\"https:\/\/lafuente.mx\/#\/schema\/person\/603f3aa8e2f6f7879021ab722d39d6b0\",\"name\":\"Claudia Gallardo\",\"image\":{\"@type\":\"ImageObject\",\"inLanguage\":\"es-MX\",\"@id\":\"https:\/\/lafuente.mx\/#\/schema\/person\/image\/\",\"url\":\"https:\/\/secure.gravatar.com\/avatar\/bfe9c966af1ccfb9d17bcdb9d04e8815?s=96&d=mm&r=g\",\"contentUrl\":\"https:\/\/secure.gravatar.com\/avatar\/bfe9c966af1ccfb9d17bcdb9d04e8815?s=96&d=mm&r=g\",\"caption\":\"Claudia Gallardo\"},\"url\":\"https:\/\/lafuente.mx\/?author=3\"}]}<\/script>\n<!-- \/ Yoast SEO plugin. -->","yoast_head_json":{"title":"No es s\u00f3lo estr\u00e9s: entendiendo la ansiedad -","description":"Escucha este conversatorio para saber m\u00e1s sobre la ansiedad","robots":{"index":"index","follow":"follow","max-snippet":"max-snippet:-1","max-image-preview":"max-image-preview:large","max-video-preview":"max-video-preview:-1"},"canonical":"https:\/\/lafuente.mx\/?p=3171","og_locale":"es_MX","og_type":"article","og_title":"No es s\u00f3lo estr\u00e9s: entendiendo la ansiedad","og_description":"Escucha este conversatorio para saber m\u00e1s sobre la ansiedad","og_url":"https:\/\/lafuente.mx\/?p=3171","article_published_time":"2025-08-04T18:45:33+00:00","article_modified_time":"2025-08-12T16:19:21+00:00","og_image":[{"width":1600,"height":1200,"url":"http:\/\/lafuente.mx\/wp-content\/uploads\/2025\/08\/WhatsApp-Image-2025-07-29-at-1.22.10-PM.jpeg","type":"image\/jpeg"}],"author":"Claudia Gallardo","twitter_card":"summary_large_image","twitter_title":"No es s\u00f3lo estr\u00e9s: entendiendo la ansiedad","twitter_description":"Escucha este conversatorio para saber m\u00e1s sobre la ansiedad","twitter_image":"https:\/\/i0.wp.com\/lafuente.mx\/wp-content\/uploads\/2025\/08\/WhatsApp-Image-2025-07-29-at-1.22.10-PM.jpeg?fit=1600%2C1200&ssl=1","twitter_misc":{"Escrito por":"Claudia Gallardo"},"schema":{"@context":"https:\/\/schema.org","@graph":[{"@type":"WebSite","@id":"https:\/\/lafuente.mx\/#website","url":"https:\/\/lafuente.mx\/","name":"","description":"Informaci\u00f3n confiable sobre salud mental","potentialAction":[{"@type":"SearchAction","target":{"@type":"EntryPoint","urlTemplate":"https:\/\/lafuente.mx\/?s={search_term_string}"},"query-input":"required name=search_term_string"}],"inLanguage":"es-MX"},{"@type":"WebPage","@id":"https:\/\/lafuente.mx\/?p=3171","url":"https:\/\/lafuente.mx\/?p=3171","name":"No es s\u00f3lo estr\u00e9s: entendiendo la ansiedad -","isPartOf":{"@id":"https:\/\/lafuente.mx\/#website"},"datePublished":"2025-08-04T18:45:33+00:00","dateModified":"2025-08-12T16:19:21+00:00","author":{"@id":"https:\/\/lafuente.mx\/#\/schema\/person\/603f3aa8e2f6f7879021ab722d39d6b0"},"description":"Escucha este conversatorio para saber m\u00e1s sobre la ansiedad","breadcrumb":{"@id":"https:\/\/lafuente.mx\/?p=3171#breadcrumb"},"inLanguage":"es-MX","potentialAction":[{"@type":"ReadAction","target":["https:\/\/lafuente.mx\/?p=3171"]}]},{"@type":"BreadcrumbList","@id":"https:\/\/lafuente.mx\/?p=3171#breadcrumb","itemListElement":[{"@type":"ListItem","position":1,"name":"Inicio","item":"https:\/\/lafuente.mx\/"},{"@type":"ListItem","position":2,"name":"No es s\u00f3lo estr\u00e9s: entendiendo la ansiedad"}]},{"@type":"Person","@id":"https:\/\/lafuente.mx\/#\/schema\/person\/603f3aa8e2f6f7879021ab722d39d6b0","name":"Claudia Gallardo","image":{"@type":"ImageObject","inLanguage":"es-MX","@id":"https:\/\/lafuente.mx\/#\/schema\/person\/image\/","url":"https:\/\/secure.gravatar.com\/avatar\/bfe9c966af1ccfb9d17bcdb9d04e8815?s=96&d=mm&r=g","contentUrl":"https:\/\/secure.gravatar.com\/avatar\/bfe9c966af1ccfb9d17bcdb9d04e8815?s=96&d=mm&r=g","caption":"Claudia Gallardo"},"url":"https:\/\/lafuente.mx\/?author=3"}]}},"jetpack_featured_media_url":"https:\/\/i0.wp.com\/lafuente.mx\/wp-content\/uploads\/2025\/08\/WhatsApp-Image-2025-07-29-at-1.22.10-PM.jpeg?fit=1600%2C1200&ssl=1","jetpack-related-posts":[{"id":3645,"url":"https:\/\/lafuente.mx\/?p=3645","url_meta":{"origin":3171,"position":0},"title":"Conectar para educar: la importancia de la crianza positiva","date":"abril 7, 2026","format":false,"excerpt":"CONVERSATORIO Hablemos de salud mental 10 de abril a las 12:00 horas, M\u00e9xico 10 de cada mes La crianza positiva es un enfoque amoroso, respetuoso, que promueve el bienestar emocional y el desarrollo saludable de hijas e hijos. Fomentar la autoestima, mejorar la comunicaci\u00f3n, manejar el estr\u00e9s, aplicar disciplina positiva\u2026","rel":"","context":"En &quot;Eventos Acad\u00e9micos del INPRFM&quot;","img":{"alt_text":"","src":"https:\/\/i0.wp.com\/lafuente.mx\/wp-content\/uploads\/2026\/04\/WhatsApp-Image-2026-04-01-at-12.38.49-PM-1.jpeg?fit=1200%2C900&ssl=1&resize=350%2C200","width":350,"height":200},"classes":[]},{"id":3526,"url":"https:\/\/lafuente.mx\/?p=3526","url_meta":{"origin":3171,"position":1},"title":"Salud mental: La deuda pendiente con los residentes de especialidades m\u00e9dicas","date":"enero 8, 2026","format":false,"excerpt":"CONVERSATORIO Hablemos de salud mental 9 de enero a las 12:00 horas, M\u00e9xico 10 de cada mes Dra. Gabriela Cort\u00e9s MedaDra. Ana Fres\u00e1n Orellana La salud mental de los residentes en psiquiatr\u00eda\u00a0es un desaf\u00edo cr\u00edtico debido al\u00a0estr\u00e9s,\u00a0largas jornadas, y la\u00a0exposici\u00f3n a patolog\u00edas graves M\u00e1s informaci\u00f3n","rel":"","context":"En &quot;Eventos Acad\u00e9micos del INPRFM&quot;","img":{"alt_text":"","src":"https:\/\/i0.wp.com\/lafuente.mx\/wp-content\/uploads\/2026\/01\/WhatsApp-Image-2026-01-08-at-2.37.34-PM.jpeg?fit=1200%2C900&ssl=1&resize=350%2C200","width":350,"height":200},"classes":[]},{"id":2772,"url":"https:\/\/lafuente.mx\/?p=2772","url_meta":{"origin":3171,"position":2},"title":"Hablemos de trastorno bipolar: la estabilidad es una meta alcanzable","date":"febrero 24, 2025","format":false,"excerpt":"CONVERSATORIO HABLEMOS DE SALUD MENTAL 10 DE CADA MES 10 de marzo 2025 12:00 h. Ponentes: Dra. Constanza PerettoLic. Maureen Ter\u00e1n Salgado MENTALIZARTE es el proyecto de difusi\u00f3n en temas de salud mental del Instituto Nacional de Psiquiatr\u00eda Ram\u00f3n de la Fuente Mu\u00f1iz (INPRFM). M\u00e1s informaci\u00f3n","rel":"","context":"En &quot;Eventos Acad\u00e9micos del INPRFM&quot;","img":{"alt_text":"","src":"https:\/\/i0.wp.com\/lafuente.mx\/wp-content\/uploads\/2025\/02\/WhatsApp-Image-2025-02-24-at-10.11.46-AM.jpeg?fit=1200%2C900&ssl=1&resize=350%2C200","width":350,"height":200},"classes":[]},{"id":3481,"url":"https:\/\/lafuente.mx\/?p=3481","url_meta":{"origin":3171,"position":3},"title":"Lo que siempre quisiste saber acerca de los antidepresivos","date":"diciembre 8, 2025","format":false,"excerpt":"CONVERSATORIO Hablemos de salud mental 10 de diciembre a las 12:00 horas, M\u00e9xico 10 de cada mes Ponentes: Gabriel Ahumada CurielJaime Carmona Huerta Los antidepresivos\u00a0son medicamentos recetados para tratar la depresi\u00f3n y otros trastornos como la ansiedad, el TOC o el dolor cr\u00f3nico","rel":"","context":"En &quot;Eventos Acad\u00e9micos del INPRFM&quot;","img":{"alt_text":"","src":"https:\/\/i0.wp.com\/lafuente.mx\/wp-content\/uploads\/2025\/12\/WhatsApp-Image-2025-11-28-at-12.45.52-PM.jpeg?fit=1200%2C900&ssl=1&resize=350%2C200","width":350,"height":200},"classes":[]},{"id":3578,"url":"https:\/\/lafuente.mx\/?p=3578","url_meta":{"origin":3171,"position":4},"title":"C\u00f3mo el amor moldea nuestra mente","date":"febrero 9, 2026","format":false,"excerpt":"CONVERSATORIO Hablemos de salud mental 10 de febrero a las 12:00 horas, M\u00e9xico 10 de cada mes Ponentes: C\u00e9sar Amaury S\u00e1nchez Aguilar Carmen Guarner Catal\u00e1 El amor es un proceso complejo no s\u00f3lo del coraz\u00f3n, sino que ocurre principalmente en el cerebro, involucrando mecanismos neuronales de recompensa, cognici\u00f3n social y\u2026","rel":"","context":"En &quot;Eventos Acad\u00e9micos del INPRFM&quot;","img":{"alt_text":"","src":"https:\/\/i0.wp.com\/lafuente.mx\/wp-content\/uploads\/2026\/02\/WhatsApp-Image-2026-02-09-at-9.45.48-AM-1.jpeg?fit=1200%2C900&ssl=1&resize=350%2C200","width":350,"height":200},"classes":[]},{"id":2940,"url":"https:\/\/lafuente.mx\/?p=2940","url_meta":{"origin":3171,"position":5},"title":"Mentalizarte","date":"junio 6, 2025","format":false,"excerpt":"10 de cada mes Hablemos de salud mental CONVERSATORIO JUNIO \"M\u00e1s all\u00e1 del arco\u00edris: conversaciones sobre salud mental y diversidad sexual\" Coordinadoras: Dra. Tassili Frausto VirgenDr. Jes\u00fas Abrah\u00e1n Ru\u00edz Rosas El proyecto MENTALIZARTE nace en 2018, con la finalidad de difundir, de una manera diferente,\u00a0temas de salud mental. VISTA, APRENDE\u2026","rel":"","context":"En &quot;Eventos externos&quot;","img":{"alt_text":"","src":"https:\/\/i0.wp.com\/lafuente.mx\/wp-content\/uploads\/2025\/06\/WhatsApp-Image-2025-05-26-at-12.40.58-PM.jpeg?fit=1200%2C900&ssl=1&resize=350%2C200","width":350,"height":200},"classes":[]}],"jetpack_sharing_enabled":true,"jetpack_shortlink":"https:\/\/wp.me\/pe9WUx-P9","_links":{"self":[{"href":"https:\/\/lafuente.mx\/index.php?rest_route=\/wp\/v2\/posts\/3171"}],"collection":[{"href":"https:\/\/lafuente.mx\/index.php?rest_route=\/wp\/v2\/posts"}],"about":[{"href":"https:\/\/lafuente.mx\/index.php?rest_route=\/wp\/v2\/types\/post"}],"author":[{"embeddable":true,"href":"https:\/\/lafuente.mx\/index.php?rest_route=\/wp\/v2\/users\/3"}],"replies":[{"embeddable":true,"href":"https:\/\/lafuente.mx\/index.php?rest_route=%2Fwp%2Fv2%2Fcomments&post=3171"}],"version-history":[{"count":3,"href":"https:\/\/lafuente.mx\/index.php?rest_route=\/wp\/v2\/posts\/3171\/revisions"}],"predecessor-version":[{"id":3176,"href":"https:\/\/lafuente.mx\/index.php?rest_route=\/wp\/v2\/posts\/3171\/revisions\/3176"}],"wp:featuredmedia":[{"embeddable":true,"href":"https:\/\/lafuente.mx\/index.php?rest_route=\/wp\/v2\/media\/3174"}],"wp:attachment":[{"href":"https:\/\/lafuente.mx\/index.php?rest_route=%2Fwp%2Fv2%2Fmedia&parent=3171"}],"wp:term":[{"taxonomy":"category","embeddable":true,"href":"https:\/\/lafuente.mx\/index.php?rest_route=%2Fwp%2Fv2%2Fcategories&post=3171"},{"taxonomy":"post_tag","embeddable":true,"href":"https:\/\/lafuente.mx\/index.php?rest_route=%2Fwp%2Fv2%2Ftags&post=3171"}],"curies":[{"name":"wp","href":"https:\/\/api.w.org\/{rel}","templated":true}]}}