{"id":3150,"date":"2025-08-14T07:35:00","date_gmt":"2025-08-14T07:35:00","guid":{"rendered":"https:\/\/lafuente.mx\/?p=3150"},"modified":"2025-10-06T16:55:59","modified_gmt":"2025-10-06T16:55:59","slug":"prevencion-de-la-depresion-posparto-3","status":"publish","type":"post","link":"https:\/\/lafuente.mx\/?p=3150","title":{"rendered":"Prevenci\u00f3n de la depresi\u00f3n posparto"},"content":{"rendered":"\n<hr class=\"wp-block-separator has-text-color has-luminous-vivid-orange-color has-alpha-channel-opacity has-luminous-vivid-orange-background-color has-background\"\/>\n\n\n\n<p class=\"has-text-align-center has-luminous-vivid-orange-color has-text-color has-large-font-size\"><strong>Del 22 de septiembre al 23 de noviembre de 2025<\/strong><\/p>\n\n\n\n<p class=\"has-luminous-vivid-orange-color has-text-color has-large-font-size\"><strong>Coordinan:<\/strong><\/p>\n\n\n\n<p class=\"has-large-font-size\">Dra. Ma. Asunci\u00f3n Lara Cant\u00fa<br>Mtra. en Psic. Erica Medina Serd\u00e1n<\/p>\n\n\n\n<hr class=\"wp-block-separator has-text-color has-luminous-vivid-orange-color has-alpha-channel-opacity has-luminous-vivid-orange-background-color has-background\"\/>\n\n\n\n<figure class=\"wp-block-image size-full\"><img decoding=\"async\" loading=\"lazy\" width=\"640\" height=\"483\" src=\"https:\/\/i0.wp.com\/lafuente.mx\/wp-content\/uploads\/2025\/08\/Depresion-postparto-1.jpg?resize=640%2C483&#038;ssl=1\" alt=\"\" class=\"wp-image-3214\" srcset=\"https:\/\/i0.wp.com\/lafuente.mx\/wp-content\/uploads\/2025\/08\/Depresion-postparto-1.jpg?w=759&amp;ssl=1 759w, https:\/\/i0.wp.com\/lafuente.mx\/wp-content\/uploads\/2025\/08\/Depresion-postparto-1.jpg?resize=300%2C226&amp;ssl=1 300w\" sizes=\"(max-width: 640px) 100vw, 640px\" data-recalc-dims=\"1\" \/><\/figure>\n\n\n\n<p class=\"has-luminous-vivid-orange-color has-text-color has-medium-font-size\"><strong>Dirigido a:<\/strong><\/p>\n\n\n\n<p class=\"has-medium-font-size\">Profesionales de la salud y disciplinas psicosociales. Preferentemente con experiencia en el manejo de grupos y conocimientos de psicopatolog\u00eda, estudios sobre la mujer y de g\u00e9nero.<\/p>\n\n\n\n<p class=\"has-luminous-vivid-orange-color has-text-color has-medium-font-size\"><strong>Objetivo:<\/strong><\/p>\n\n\n\n<p class=\"has-medium-font-size\">Facilitar la adquisici\u00f3n de conocimientos y desarrollo de habilidades profesionales para implementar una intervenci\u00f3n psicoeducativa para prevenir la depresi\u00f3n posparto.<\/p>\n\n\n\n<p class=\"has-medium-font-size\">\u2022&nbsp;&nbsp;&nbsp;Depresi\u00f3n en el embarazo y el posparto<\/p>\n\n\n\n<p class=\"has-medium-font-size\">\u2022&nbsp;&nbsp;&nbsp;Caracter\u00edsticas y condiciones para la aplicaci\u00f3n del programa de prevenci\u00f3n<\/p>\n\n\n\n<p class=\"has-medium-font-size\">\u2022&nbsp;&nbsp;&nbsp;Lectura del libro \u201cCuidados emocionales para futuras mam\u00e1s. C\u00f3mo prevenir la       depresi\u00f3n y ansiedad en el embarazo y el posparto\u201d<\/p>\n\n\n\n<p class=\"has-medium-font-size\">\u2022&nbsp;&nbsp;&nbsp;&nbsp;Detecci\u00f3n de la depresi\u00f3n pre y posparto<\/p>\n\n\n\n<p class=\"has-text-color has-large-font-size\" style=\"color:#d25d09\"><strong>H\u00edbrido, con la gu\u00eda y supervisi\u00f3n de una experta a trav\u00e9s de foros y reuniones virtuales, lectura de materiales y pr\u00e1cticas.<\/strong><\/p>\n\n\n\n<hr class=\"wp-block-separator has-text-color has-luminous-vivid-orange-color has-alpha-channel-opacity has-luminous-vivid-orange-background-color has-background is-style-wide\"\/>\n\n\n\n<p class=\"has-medium-font-size\">Por parte del Instituto Nacional de Psiquiatr\u00eda Ramon de la Fuente Mu\u00f1iz, con 40 horas de valor curricular.&nbsp;<\/p>\n\n\n\n<p class=\"has-medium-font-size\">$5,000.00 (incluye materiales).<\/p>\n\n\n\n<p class=\"has-medium-font-size\">Se podr\u00e1n otorgar becas parciales con base en circunstancias que lo justifiquen presentadas en la carta de motivos incluida en el formato de registro.<\/p>\n\n\n\n<p class=\"has-medium-font-size\">80% de beca para estudiantes (de posgrado y de los \u00faltimos 2 semestres de licenciatura) que incluye materiales y env\u00edo.<\/p>\n\n\n\n<p class=\"has-medium-font-size\"><strong>mujeresydepresion@gmail.com y cursosdiep@inprf.gob.mx<\/strong><\/p>\n\n\n\n<div class=\"wp-block-buttons is-layout-flex wp-block-buttons-is-layout-flex\">\n<div class=\"wp-block-button\"><a class=\"wp-block-button__link has-luminous-vivid-orange-background-color has-background wp-element-button\" href=\"https:\/\/bit.ly\/3HYi5K2\">M\u00e1s informaci\u00f3n<\/a><\/div>\n<\/div>\n","protected":false},"excerpt":{"rendered":"<p>Del 22 de septiembre al 23 de noviembre de 2025 Coordinan: Dra. Ma. Asunci\u00f3n Lara Cant\u00faMtra. en Psic. Erica Medina Serd\u00e1n Dirigido a: Profesionales de<\/p>\n","protected":false},"author":3,"featured_media":3213,"comment_status":"closed","ping_status":"closed","sticky":false,"template":"","format":"standard","meta":{"footnotes":"","jetpack_publicize_message":"","jetpack_is_tweetstorm":false,"jetpack_publicize_feature_enabled":true},"categories":[4],"tags":[34,87,248,1016,21,645,204,264,32,1005],"jetpack_publicize_connections":[],"yoast_head":"<!-- This site is optimized with the Yoast SEO plugin v19.4 - https:\/\/yoast.com\/wordpress\/plugins\/seo\/ -->\n<title>Prevenci\u00f3n de la depresi\u00f3n posparto -<\/title>\n<meta name=\"description\" content=\"Facilitar la adquisici\u00f3n de conocimientos y desarrollo de habilidades profesionales para implementar una intervenci\u00f3n psicoeducativa para prevenir la depresi\u00f3n posparto.\" \/>\n<meta name=\"robots\" content=\"index, follow, max-snippet:-1, max-image-preview:large, max-video-preview:-1\" \/>\n<link rel=\"canonical\" href=\"https:\/\/lafuente.mx\/?p=3150\" \/>\n<meta property=\"og:locale\" content=\"es_MX\" \/>\n<meta property=\"og:type\" content=\"article\" \/>\n<meta property=\"og:title\" content=\"Prevenci\u00f3n de la depresi\u00f3n posparto\" \/>\n<meta property=\"og:description\" content=\"Facilitar la adquisici\u00f3n de conocimientos y desarrollo de habilidades profesionales para implementar una intervenci\u00f3n psicoeducativa para prevenir la depresi\u00f3n posparto.\" \/>\n<meta property=\"og:url\" content=\"https:\/\/lafuente.mx\/?p=3150\" \/>\n<meta property=\"article:published_time\" content=\"2025-08-14T07:35:00+00:00\" \/>\n<meta property=\"article:modified_time\" content=\"2025-10-06T16:55:59+00:00\" \/>\n<meta property=\"og:image\" content=\"http:\/\/lafuente.mx\/wp-content\/uploads\/2025\/08\/Depresion-postparto-1.jpg\" \/>\n\t<meta property=\"og:image:width\" content=\"759\" \/>\n\t<meta property=\"og:image:height\" content=\"573\" \/>\n\t<meta property=\"og:image:type\" content=\"image\/jpeg\" \/>\n<meta name=\"author\" content=\"Claudia Gallardo\" \/>\n<meta name=\"twitter:card\" content=\"summary_large_image\" \/>\n<meta name=\"twitter:title\" content=\"Prevenci\u00f3n de la depresi\u00f3n posparto\" \/>\n<meta name=\"twitter:description\" content=\"Facilitar la adquisici\u00f3n de conocimientos y desarrollo de habilidades profesionales para implementar una intervenci\u00f3n psicoeducativa para prevenir la depresi\u00f3n posparto.\" \/>\n<meta name=\"twitter:image\" content=\"https:\/\/i0.wp.com\/lafuente.mx\/wp-content\/uploads\/2025\/08\/Depresion-postparto-1.jpg?fit=759%2C573&ssl=1\" \/>\n<meta name=\"twitter:label1\" content=\"Escrito por\" \/>\n\t<meta name=\"twitter:data1\" content=\"Claudia Gallardo\" \/>\n\t<meta name=\"twitter:label2\" content=\"Tiempo de lectura\" \/>\n\t<meta name=\"twitter:data2\" content=\"1 minuto\" \/>\n<script type=\"application\/ld+json\" class=\"yoast-schema-graph\">{\"@context\":\"https:\/\/schema.org\",\"@graph\":[{\"@type\":\"WebSite\",\"@id\":\"https:\/\/lafuente.mx\/#website\",\"url\":\"https:\/\/lafuente.mx\/\",\"name\":\"\",\"description\":\"Informaci\u00f3n confiable sobre salud mental\",\"potentialAction\":[{\"@type\":\"SearchAction\",\"target\":{\"@type\":\"EntryPoint\",\"urlTemplate\":\"https:\/\/lafuente.mx\/?s={search_term_string}\"},\"query-input\":\"required name=search_term_string\"}],\"inLanguage\":\"es-MX\"},{\"@type\":\"WebPage\",\"@id\":\"https:\/\/lafuente.mx\/?p=3150\",\"url\":\"https:\/\/lafuente.mx\/?p=3150\",\"name\":\"Prevenci\u00f3n de la depresi\u00f3n posparto -\",\"isPartOf\":{\"@id\":\"https:\/\/lafuente.mx\/#website\"},\"datePublished\":\"2025-08-14T07:35:00+00:00\",\"dateModified\":\"2025-10-06T16:55:59+00:00\",\"author\":{\"@id\":\"https:\/\/lafuente.mx\/#\/schema\/person\/603f3aa8e2f6f7879021ab722d39d6b0\"},\"description\":\"Facilitar la adquisici\u00f3n de conocimientos y desarrollo de habilidades profesionales para implementar una intervenci\u00f3n psicoeducativa para prevenir la depresi\u00f3n posparto.\",\"breadcrumb\":{\"@id\":\"https:\/\/lafuente.mx\/?p=3150#breadcrumb\"},\"inLanguage\":\"es-MX\",\"potentialAction\":[{\"@type\":\"ReadAction\",\"target\":[\"https:\/\/lafuente.mx\/?p=3150\"]}]},{\"@type\":\"BreadcrumbList\",\"@id\":\"https:\/\/lafuente.mx\/?p=3150#breadcrumb\",\"itemListElement\":[{\"@type\":\"ListItem\",\"position\":1,\"name\":\"Inicio\",\"item\":\"https:\/\/lafuente.mx\/\"},{\"@type\":\"ListItem\",\"position\":2,\"name\":\"Prevenci\u00f3n de la depresi\u00f3n posparto\"}]},{\"@type\":\"Person\",\"@id\":\"https:\/\/lafuente.mx\/#\/schema\/person\/603f3aa8e2f6f7879021ab722d39d6b0\",\"name\":\"Claudia Gallardo\",\"image\":{\"@type\":\"ImageObject\",\"inLanguage\":\"es-MX\",\"@id\":\"https:\/\/lafuente.mx\/#\/schema\/person\/image\/\",\"url\":\"https:\/\/secure.gravatar.com\/avatar\/bfe9c966af1ccfb9d17bcdb9d04e8815?s=96&d=mm&r=g\",\"contentUrl\":\"https:\/\/secure.gravatar.com\/avatar\/bfe9c966af1ccfb9d17bcdb9d04e8815?s=96&d=mm&r=g\",\"caption\":\"Claudia Gallardo\"},\"url\":\"https:\/\/lafuente.mx\/?author=3\"}]}<\/script>\n<!-- \/ Yoast SEO plugin. -->","yoast_head_json":{"title":"Prevenci\u00f3n de la depresi\u00f3n posparto -","description":"Facilitar la adquisici\u00f3n de conocimientos y desarrollo de habilidades profesionales para implementar una intervenci\u00f3n psicoeducativa para prevenir la depresi\u00f3n posparto.","robots":{"index":"index","follow":"follow","max-snippet":"max-snippet:-1","max-image-preview":"max-image-preview:large","max-video-preview":"max-video-preview:-1"},"canonical":"https:\/\/lafuente.mx\/?p=3150","og_locale":"es_MX","og_type":"article","og_title":"Prevenci\u00f3n de la depresi\u00f3n posparto","og_description":"Facilitar la adquisici\u00f3n de conocimientos y desarrollo de habilidades profesionales para implementar una intervenci\u00f3n psicoeducativa para prevenir la depresi\u00f3n posparto.","og_url":"https:\/\/lafuente.mx\/?p=3150","article_published_time":"2025-08-14T07:35:00+00:00","article_modified_time":"2025-10-06T16:55:59+00:00","og_image":[{"width":759,"height":573,"url":"http:\/\/lafuente.mx\/wp-content\/uploads\/2025\/08\/Depresion-postparto-1.jpg","type":"image\/jpeg"}],"author":"Claudia Gallardo","twitter_card":"summary_large_image","twitter_title":"Prevenci\u00f3n de la depresi\u00f3n posparto","twitter_description":"Facilitar la adquisici\u00f3n de conocimientos y desarrollo de habilidades profesionales para implementar una intervenci\u00f3n psicoeducativa para prevenir la depresi\u00f3n posparto.","twitter_image":"https:\/\/i0.wp.com\/lafuente.mx\/wp-content\/uploads\/2025\/08\/Depresion-postparto-1.jpg?fit=759%2C573&ssl=1","twitter_misc":{"Escrito por":"Claudia Gallardo","Tiempo de lectura":"1 minuto"},"schema":{"@context":"https:\/\/schema.org","@graph":[{"@type":"WebSite","@id":"https:\/\/lafuente.mx\/#website","url":"https:\/\/lafuente.mx\/","name":"","description":"Informaci\u00f3n confiable sobre salud mental","potentialAction":[{"@type":"SearchAction","target":{"@type":"EntryPoint","urlTemplate":"https:\/\/lafuente.mx\/?s={search_term_string}"},"query-input":"required name=search_term_string"}],"inLanguage":"es-MX"},{"@type":"WebPage","@id":"https:\/\/lafuente.mx\/?p=3150","url":"https:\/\/lafuente.mx\/?p=3150","name":"Prevenci\u00f3n de la depresi\u00f3n posparto -","isPartOf":{"@id":"https:\/\/lafuente.mx\/#website"},"datePublished":"2025-08-14T07:35:00+00:00","dateModified":"2025-10-06T16:55:59+00:00","author":{"@id":"https:\/\/lafuente.mx\/#\/schema\/person\/603f3aa8e2f6f7879021ab722d39d6b0"},"description":"Facilitar la adquisici\u00f3n de conocimientos y desarrollo de habilidades profesionales para implementar una intervenci\u00f3n psicoeducativa para prevenir la depresi\u00f3n posparto.","breadcrumb":{"@id":"https:\/\/lafuente.mx\/?p=3150#breadcrumb"},"inLanguage":"es-MX","potentialAction":[{"@type":"ReadAction","target":["https:\/\/lafuente.mx\/?p=3150"]}]},{"@type":"BreadcrumbList","@id":"https:\/\/lafuente.mx\/?p=3150#breadcrumb","itemListElement":[{"@type":"ListItem","position":1,"name":"Inicio","item":"https:\/\/lafuente.mx\/"},{"@type":"ListItem","position":2,"name":"Prevenci\u00f3n de la depresi\u00f3n posparto"}]},{"@type":"Person","@id":"https:\/\/lafuente.mx\/#\/schema\/person\/603f3aa8e2f6f7879021ab722d39d6b0","name":"Claudia Gallardo","image":{"@type":"ImageObject","inLanguage":"es-MX","@id":"https:\/\/lafuente.mx\/#\/schema\/person\/image\/","url":"https:\/\/secure.gravatar.com\/avatar\/bfe9c966af1ccfb9d17bcdb9d04e8815?s=96&d=mm&r=g","contentUrl":"https:\/\/secure.gravatar.com\/avatar\/bfe9c966af1ccfb9d17bcdb9d04e8815?s=96&d=mm&r=g","caption":"Claudia Gallardo"},"url":"https:\/\/lafuente.mx\/?author=3"}]}},"jetpack_featured_media_url":"https:\/\/i0.wp.com\/lafuente.mx\/wp-content\/uploads\/2025\/08\/Depresion-postparto.jpg?fit=759%2C573&ssl=1","jetpack-related-posts":[{"id":2327,"url":"https:\/\/lafuente.mx\/?p=2327","url_meta":{"origin":3150,"position":0},"title":"Cuidados emocionales para futuras mam\u00e1s. C\u00f3mo prevenir la depresi\u00f3n y la ansiedad en el embarazo y posparto\u00a0","date":"mayo 29, 2024","format":false,"excerpt":"Mar\u00eda Asunci\u00f3n Lara Teresa Garc\u00eda Hubard\u00a0 Colecci\u00f3n: Desarrollo humano\u00a0 EAN: 9786077135791\u00a0 ISBN: 9786077135791\u00a0 P\u00e1ginas: 208\u00a0 Fecha publicaci\u00f3n: 05-02-2024\u00a0 Un libro para experimentar el antes y el despu\u00e9s del embarazo con salud mental, ya que brinda a la futura mam\u00e1 los conocimientos y cuidados para prevenir la depresi\u00f3n y la ansiedad,\u2026","rel":"","context":"En &quot;Publicaciones&quot;","img":{"alt_text":"","src":"https:\/\/i0.wp.com\/lafuente.mx\/wp-content\/uploads\/2024\/05\/Captura-de-pantalla-2024-05-28-a-las-14.15.16.png?fit=881%2C1200&ssl=1&resize=350%2C200","width":350,"height":200},"classes":[]},{"id":1206,"url":"https:\/\/lafuente.mx\/?p=1206","url_meta":{"origin":3150,"position":1},"title":"En M\u00e9xico, dos de cada diez mujeres presentan depresi\u00f3n durante el embarazo o despu\u00e9s del parto\u00a0","date":"mayo 12, 2023","format":false,"excerpt":"En M\u00e9xico, dos de cada 10 mujeres\u00a0desarrollan\u00a0depresi\u00f3n\u00a0durante el embarazo y\u00a0durante\u00a0el primer a\u00f1o tras el parto,\u00a0y 75 por ciento\u00a0de ellas\u00a0no son diagnosticadas, no\u00a0reciben el tratamiento ni la atenci\u00f3n adecuada,\u00a0inform\u00f3\u00a0la investigadora en Ciencias M\u00e9dicas\u00a0del\u00a0Instituto Nacional de Psiquiatr\u00eda\u00a0Ram\u00f3n de la Fuente Mu\u00f1iz (INPRFM), Laura Elena Navarrete Reyes.\u00a0 Dijo que la falta de atenci\u00f3n\u2026","rel":"","context":"En &quot;Noticias&quot;","img":{"alt_text":"","src":"https:\/\/i0.wp.com\/lafuente.mx\/wp-content\/uploads\/2023\/05\/depresion_postparto.png?fit=1200%2C675&ssl=1&resize=350%2C200","width":350,"height":200},"classes":[]},{"id":3257,"url":"https:\/\/lafuente.mx\/?p=3257","url_meta":{"origin":3150,"position":2},"title":"Tema del mes: Salud Mental Materna","date":"septiembre 12, 2025","format":false,"excerpt":"MAYO En el INPRFM trabajamos cada d\u00eda para generar conocimiento, brindar atenci\u00f3n especializada y promover la salud mental de la poblaci\u00f3n. En esta secci\u00f3n hablaremos de la depresi\u00f3n posparto la cu\u00e1l es com\u00fan, y una de cada cinco mam\u00e1s y uno de cada 10 pap\u00e1s, la padecen.","rel":"","context":"En &quot;T\u00f3picos de salud mental&quot;","img":{"alt_text":"","src":"https:\/\/i0.wp.com\/lafuente.mx\/wp-content\/uploads\/2025\/09\/Captura-de-pantalla-2025-09-11-a-las-13.05.34.png?fit=1200%2C550&ssl=1&resize=350%2C200","width":350,"height":200},"classes":[]},{"id":1806,"url":"https:\/\/lafuente.mx\/?p=1806","url_meta":{"origin":3150,"position":3},"title":"T\u00e9 de mente","date":"octubre 23, 2023","format":false,"excerpt":"Acomp\u00e1\u00f1anos a disfrutar de un T\u00e9 de mente con mucho sabor. En nuestro\u00a0episodio 5 T\u00e9 de mente, el podcast donde las neurociencias y la nutrici\u00f3n se mezclan y se fusionan, resultando en una combinaci\u00f3n ganadora. 5.- Mujeres: Depresi\u00f3n y Alimentaci\u00f3n Ac\u00e9rquense su tecito para platicar sobre algunos factores medioambientales que\u2026","rel":"","context":"En &quot;Podcasts&quot;","img":{"alt_text":"","src":"https:\/\/i0.wp.com\/lafuente.mx\/wp-content\/uploads\/2023\/10\/the.jpeg?fit=800%2C550&ssl=1&resize=350%2C200","width":350,"height":200},"classes":[]},{"id":3022,"url":"https:\/\/lafuente.mx\/?p=3022","url_meta":{"origin":3150,"position":4},"title":"Prevenci\u00f3n de la depresi\u00f3n en mujeres","date":"julio 8, 2025","format":false,"excerpt":"Curso h\u00edbrido Del 4 de agosto al 5 de octubre de 2025 Coordinadora acad\u00e9mica:Dra. Ma. Asunci\u00f3n Lara Cant\u00fa TutoraMtra. en Psic. Maricarmen Acevedo Corona Dirigido a Profesionales de la salud y disciplinas psicosociales. Preferentemente con experiencia en el manejo de grupos y conocimientos de psicopatolog\u00eda, estudios sobre la mujer y\u2026","rel":"","context":"En &quot;Cursos&quot;","img":{"alt_text":"","src":"https:\/\/i0.wp.com\/lafuente.mx\/wp-content\/uploads\/2025\/07\/Depresion-mujer.jpg?fit=759%2C573&ssl=1&resize=350%2C200","width":350,"height":200},"classes":[]},{"id":972,"url":"https:\/\/lafuente.mx\/?p=972","url_meta":{"origin":3150,"position":5},"title":"Prevenci\u00f3n de la depresi\u00f3n posparto\u00a0","date":"marzo 28, 2023","format":false,"excerpt":"Del 15 de mayo al 10 de julio, 2023\u00a0 \u00bfEres profesional de la salud o ciencias sociales y atiendes a mujeres embarazadas o que han dado a luz recientemente? \u00bfNecesitas herramientas pr\u00e1cticas y efectivas para ense\u00f1arles a manejar sus s\u00edntomas emocionales perinatales y situaciones de estr\u00e9s?\u00a0 Coordinadora Acad\u00e9mica: Dra. Ma.\u2026","rel":"","context":"En &quot;Cursos en l\u00ednea&quot;","img":{"alt_text":"","src":"https:\/\/i0.wp.com\/lafuente.mx\/wp-content\/uploads\/2023\/03\/mama-bb.jpeg?fit=1200%2C628&ssl=1&resize=350%2C200","width":350,"height":200},"classes":[]}],"jetpack_sharing_enabled":true,"jetpack_shortlink":"https:\/\/wp.me\/pe9WUx-OO","_links":{"self":[{"href":"https:\/\/lafuente.mx\/index.php?rest_route=\/wp\/v2\/posts\/3150"}],"collection":[{"href":"https:\/\/lafuente.mx\/index.php?rest_route=\/wp\/v2\/posts"}],"about":[{"href":"https:\/\/lafuente.mx\/index.php?rest_route=\/wp\/v2\/types\/post"}],"author":[{"embeddable":true,"href":"https:\/\/lafuente.mx\/index.php?rest_route=\/wp\/v2\/users\/3"}],"replies":[{"embeddable":true,"href":"https:\/\/lafuente.mx\/index.php?rest_route=%2Fwp%2Fv2%2Fcomments&post=3150"}],"version-history":[{"count":5,"href":"https:\/\/lafuente.mx\/index.php?rest_route=\/wp\/v2\/posts\/3150\/revisions"}],"predecessor-version":[{"id":3240,"href":"https:\/\/lafuente.mx\/index.php?rest_route=\/wp\/v2\/posts\/3150\/revisions\/3240"}],"wp:featuredmedia":[{"embeddable":true,"href":"https:\/\/lafuente.mx\/index.php?rest_route=\/wp\/v2\/media\/3213"}],"wp:attachment":[{"href":"https:\/\/lafuente.mx\/index.php?rest_route=%2Fwp%2Fv2%2Fmedia&parent=3150"}],"wp:term":[{"taxonomy":"category","embeddable":true,"href":"https:\/\/lafuente.mx\/index.php?rest_route=%2Fwp%2Fv2%2Fcategories&post=3150"},{"taxonomy":"post_tag","embeddable":true,"href":"https:\/\/lafuente.mx\/index.php?rest_route=%2Fwp%2Fv2%2Ftags&post=3150"}],"curies":[{"name":"wp","href":"https:\/\/api.w.org\/{rel}","templated":true}]}}