{"id":3131,"date":"2025-07-15T07:51:00","date_gmt":"2025-07-15T07:51:00","guid":{"rendered":"https:\/\/lafuente.mx\/?p=3131"},"modified":"2025-07-14T20:05:06","modified_gmt":"2025-07-14T20:05:06","slug":"borrador-automatico-ansias-de-fumar-y-los-sintomas-de-abstinencia","status":"publish","type":"post","link":"https:\/\/lafuente.mx\/?p=3131","title":{"rendered":"Comparaci\u00f3n de las ansias de fumar y los s\u00edntomas de abstinencia en tres fases del ciclo menstrual\u00a0"},"content":{"rendered":"\n<hr class=\"wp-block-separator has-text-color has-alpha-channel-opacity has-background\" style=\"background-color:#730d0d;color:#730d0d\"\/>\n\n\n\n<p class=\"has-text-align-center has-text-color has-large-font-size\" style=\"color:#7c1a1a\"><strong>Volume 48, Issue 2, March-April 2025<\/strong><\/p>\n\n\n\n<p class=\"has-small-font-size\"><strong>Mariana N\u00fa\u00f1ez-Lauriano<\/strong>\u00a0Carrera de Psicolog\u00eda Facultad de Estudios Superiores Iztacala, UNAM, M\u00e9xico.\u00a0<\/p>\n\n\n\n<p class=\"has-small-font-size\"><strong>Jennifer Lira-Mandujano<\/strong>\u00a0Carrera de Psicolog\u00eda Facultad de Estudios Superiores Iztacala, UNAM, M\u00e9xico.\u00a0<\/p>\n\n\n\n<p class=\"has-small-font-size\"><strong>Marcela Tiburcio<\/strong>\u00a0Departamento de Ciencias Sociales en Salud, Instituto Nacional de Psiquiatr\u00eda Ram\u00f3n de la Fuente Mu\u00f1iz, M\u00e9xico.\u00a0<\/p>\n\n\n\n<p class=\"has-small-font-size\"><strong>M. Carmen Cort\u00e9s Salazar<\/strong>\u00a0Departamento de Psicolog\u00eda Cl\u00ednica y Psicobiolog\u00eda, Facultad de Psicolog\u00eda. Universidad de Santiago de Compostela, Espa\u00f1a.\u00a0<\/p>\n\n\n\n<p class=\"has-small-font-size\"><strong>Felipe Cort\u00e9s Salazar<\/strong>\u00a0Carrera de Psicolog\u00eda Facultad de Estudios Superiores Iztacala, UNAM, M\u00e9xico.\u00a0<\/p>\n\n\n\n<hr class=\"wp-block-separator has-text-color has-alpha-channel-opacity has-background\" style=\"background-color:#8b1b1b;color:#8b1b1b\"\/>\n\n\n\n<p class=\"has-medium-font-size\"><strong>Introducci\u00f3n.<\/strong>\u00a0 Las mujeres tienen m\u00e1s dificultades para dejar de fumar y un mayor riesgo de reca\u00edda en situaciones de estr\u00e9s. Si bien el ciclo menstrual influye en el ansia de fumar y los s\u00edntomas de abstinencia, a\u00fan no se ha identificado la fase en la que las participantes muestran tasas m\u00e1s altas de estos \u00faltimos. <\/p>\n\n\n\n<p class=\"has-medium-font-size\"><strong>Objetivo.<\/strong> Evaluar si existen diferencias significativas entre tres grupos en diferentes fases del ciclo menstrual en cuanto al ansia de fumar y los s\u00edntomas de abstinencia, tras una tarea de inducci\u00f3n de estr\u00e9s.\u00a0<\/p>\n\n\n\n<figure class=\"wp-block-image size-large\"><img decoding=\"async\" loading=\"lazy\" width=\"640\" height=\"472\" src=\"https:\/\/i0.wp.com\/lafuente.mx\/wp-content\/uploads\/2025\/07\/NO-FUMAR-1024x755.jpg?resize=640%2C472&#038;ssl=1\" alt=\"\" class=\"wp-image-3132\" srcset=\"https:\/\/i0.wp.com\/lafuente.mx\/wp-content\/uploads\/2025\/07\/NO-FUMAR.jpg?resize=1024%2C755&amp;ssl=1 1024w, https:\/\/i0.wp.com\/lafuente.mx\/wp-content\/uploads\/2025\/07\/NO-FUMAR.jpg?resize=300%2C221&amp;ssl=1 300w, https:\/\/i0.wp.com\/lafuente.mx\/wp-content\/uploads\/2025\/07\/NO-FUMAR.jpg?resize=768%2C566&amp;ssl=1 768w, https:\/\/i0.wp.com\/lafuente.mx\/wp-content\/uploads\/2025\/07\/NO-FUMAR.jpg?w=1414&amp;ssl=1 1414w, https:\/\/i0.wp.com\/lafuente.mx\/wp-content\/uploads\/2025\/07\/NO-FUMAR.jpg?w=1280 1280w\" sizes=\"(max-width: 640px) 100vw, 640px\" data-recalc-dims=\"1\" \/><\/figure>\n\n\n\n<p class=\"has-medium-font-size\"><br><strong>M\u00e9todo.<\/strong>\u00a0 Se utiliz\u00f3 un dise\u00f1o transversal cuasiexperimental con mediciones pretest y postest, con mujeres fumadoras de entre 18 y 40 a\u00f1os como participantes. Los investigadores monitorearon la duraci\u00f3n de sus ciclos menstruales y sus patrones de consumo de tabaco durante aproximadamente dos meses. Posteriormente, se dividieron en tres grupos seg\u00fan las tres fases del ciclo menstrual y se les aplic\u00f3 la tarea de inducci\u00f3n de estr\u00e9s, tras lo cual se obtuvieron las puntuaciones pretest y postest de estr\u00e9s, s\u00edntomas de abstinencia y ansia de fumar.\u00a0<br>\u00a0<br><strong>Resultados.<\/strong>\u00a0 No se observaron diferencias en la ansia de fumar ni en los s\u00edntomas de abstinencia en las tres fases del ciclo. El estr\u00e9s medio fue significativamente mayor durante la fase l\u00fatea tard\u00eda, durante la cual tambi\u00e9n se observ\u00f3 una correlaci\u00f3n moderada entre la puntuaci\u00f3n de estr\u00e9s y los s\u00edntomas de abstinencia. El estr\u00e9s medio posterior a la prueba predijo los s\u00edntomas de abstinencia en los grupos de fase folicular temprana y fase l\u00fatea tard\u00eda.\u00a0<br>\u00a0<br><strong>Discusi\u00f3n y conclusi\u00f3n.<\/strong>\u00a0 Si bien el deseo de fumar y los s\u00edntomas de abstinencia no difirieron entre los grupos, las puntuaciones de estr\u00e9s fueron mayores durante la fase folicular temprana y la fase l\u00fatea. Se recomienda implementar estrategias de manejo del estr\u00e9s durante estas dos fases.\u00a0<\/p>\n\n\n\n<p class=\"has-small-font-size\"><\/p>\n\n\n\n<div class=\"wp-block-buttons is-layout-flex wp-block-buttons-is-layout-flex\">\n<div class=\"wp-block-button\"><a class=\"wp-block-button__link has-background wp-element-button\" href=\"https:\/\/revistasaludmental.gob.mx\/index.php\/salud_mental\/article\/view\/SM.0185-3325.2025.008\/5199\" style=\"background-color:#731515\">M\u00e1s informaci\u00f3n<\/a><\/div>\n<\/div>\n","protected":false},"excerpt":{"rendered":"<p>Volume 48, Issue 2, March-April 2025 Mariana N\u00fa\u00f1ez-Lauriano\u00a0Carrera de Psicolog\u00eda Facultad de Estudios Superiores Iztacala, UNAM, M\u00e9xico.\u00a0 Jennifer Lira-Mandujano\u00a0Carrera de Psicolog\u00eda Facultad de Estudios Superiores<\/p>\n","protected":false},"author":3,"featured_media":3132,"comment_status":"closed","ping_status":"closed","sticky":false,"template":"","format":"standard","meta":{"footnotes":"","jetpack_publicize_message":"","jetpack_is_tweetstorm":false,"jetpack_publicize_feature_enabled":true},"categories":[11],"tags":[992,994,840,519,993,677,21,204,202,32,24],"jetpack_publicize_connections":[],"yoast_head":"<!-- This site is optimized with the Yoast SEO plugin v19.4 - https:\/\/yoast.com\/wordpress\/plugins\/seo\/ -->\n<title>Comparaci\u00f3n de las ansias de fumar y los s\u00edntomas de abstinencia en tres fases del ciclo menstrual\u00a0 -<\/title>\n<meta name=\"description\" content=\"Evaluar si existen diferencias significativas entre tres grupos en diferentes fases del ciclo menstrual en cuanto al ansia de fumar y los s\u00edntomas de abstinencia\" \/>\n<meta name=\"robots\" content=\"index, follow, max-snippet:-1, max-image-preview:large, max-video-preview:-1\" \/>\n<link rel=\"canonical\" href=\"https:\/\/lafuente.mx\/?p=3131\" \/>\n<meta property=\"og:locale\" content=\"es_MX\" \/>\n<meta property=\"og:type\" content=\"article\" \/>\n<meta property=\"og:title\" content=\"Comparaci\u00f3n de las ansias de fumar y los s\u00edntomas de abstinencia en tres fases del ciclo menstrual\" \/>\n<meta property=\"og:description\" content=\"Evaluar si existen diferencias significativas entre tres grupos en diferentes fases del ciclo menstrual en cuanto al ansia de fumar y los s\u00edntomas de abstinencia\" \/>\n<meta property=\"og:url\" content=\"https:\/\/lafuente.mx\/?p=3131\" \/>\n<meta property=\"article:published_time\" content=\"2025-07-15T07:51:00+00:00\" \/>\n<meta property=\"article:modified_time\" content=\"2025-07-14T20:05:06+00:00\" \/>\n<meta property=\"og:image\" content=\"https:\/\/i0.wp.com\/lafuente.mx\/wp-content\/uploads\/2025\/07\/NO-FUMAR.jpg?fit=1414%2C1042&ssl=1\" \/>\n\t<meta property=\"og:image:width\" content=\"1414\" \/>\n\t<meta property=\"og:image:height\" content=\"1042\" \/>\n\t<meta property=\"og:image:type\" content=\"image\/jpeg\" \/>\n<meta name=\"author\" content=\"Claudia Gallardo\" \/>\n<meta name=\"twitter:card\" content=\"summary_large_image\" \/>\n<meta name=\"twitter:title\" content=\"Comparaci\u00f3n de las ansias de fumar y los s\u00edntomas de abstinencia en tres fases del ciclo menstrual\" \/>\n<meta name=\"twitter:description\" content=\"Evaluar si existen diferencias significativas entre tres grupos en diferentes fases del ciclo menstrual en cuanto al ansia de fumar y los s\u00edntomas de abstinencia\" \/>\n<meta name=\"twitter:image\" content=\"https:\/\/i0.wp.com\/lafuente.mx\/wp-content\/uploads\/2025\/07\/NO-FUMAR.jpg?fit=1414%2C1042&ssl=1\" \/>\n<meta name=\"twitter:label1\" content=\"Escrito por\" \/>\n\t<meta name=\"twitter:data1\" content=\"Claudia Gallardo\" \/>\n\t<meta name=\"twitter:label2\" content=\"Tiempo de lectura\" \/>\n\t<meta name=\"twitter:data2\" content=\"2 minutos\" \/>\n<script type=\"application\/ld+json\" class=\"yoast-schema-graph\">{\"@context\":\"https:\/\/schema.org\",\"@graph\":[{\"@type\":\"WebSite\",\"@id\":\"https:\/\/lafuente.mx\/#website\",\"url\":\"https:\/\/lafuente.mx\/\",\"name\":\"\",\"description\":\"Informaci\u00f3n confiable sobre salud mental\",\"potentialAction\":[{\"@type\":\"SearchAction\",\"target\":{\"@type\":\"EntryPoint\",\"urlTemplate\":\"https:\/\/lafuente.mx\/?s={search_term_string}\"},\"query-input\":\"required name=search_term_string\"}],\"inLanguage\":\"es-MX\"},{\"@type\":\"WebPage\",\"@id\":\"https:\/\/lafuente.mx\/?p=3131\",\"url\":\"https:\/\/lafuente.mx\/?p=3131\",\"name\":\"Comparaci\u00f3n de las ansias de fumar y los s\u00edntomas de abstinencia en tres fases del ciclo menstrual\u00a0 -\",\"isPartOf\":{\"@id\":\"https:\/\/lafuente.mx\/#website\"},\"datePublished\":\"2025-07-15T07:51:00+00:00\",\"dateModified\":\"2025-07-14T20:05:06+00:00\",\"author\":{\"@id\":\"https:\/\/lafuente.mx\/#\/schema\/person\/603f3aa8e2f6f7879021ab722d39d6b0\"},\"description\":\"Evaluar si existen diferencias significativas entre tres grupos en diferentes fases del ciclo menstrual en cuanto al ansia de fumar y los s\u00edntomas de abstinencia\",\"breadcrumb\":{\"@id\":\"https:\/\/lafuente.mx\/?p=3131#breadcrumb\"},\"inLanguage\":\"es-MX\",\"potentialAction\":[{\"@type\":\"ReadAction\",\"target\":[\"https:\/\/lafuente.mx\/?p=3131\"]}]},{\"@type\":\"BreadcrumbList\",\"@id\":\"https:\/\/lafuente.mx\/?p=3131#breadcrumb\",\"itemListElement\":[{\"@type\":\"ListItem\",\"position\":1,\"name\":\"Inicio\",\"item\":\"https:\/\/lafuente.mx\/\"},{\"@type\":\"ListItem\",\"position\":2,\"name\":\"Comparaci\u00f3n de las ansias de fumar y los s\u00edntomas de abstinencia en tres fases del ciclo menstrual\u00a0\"}]},{\"@type\":\"Person\",\"@id\":\"https:\/\/lafuente.mx\/#\/schema\/person\/603f3aa8e2f6f7879021ab722d39d6b0\",\"name\":\"Claudia Gallardo\",\"image\":{\"@type\":\"ImageObject\",\"inLanguage\":\"es-MX\",\"@id\":\"https:\/\/lafuente.mx\/#\/schema\/person\/image\/\",\"url\":\"https:\/\/secure.gravatar.com\/avatar\/bfe9c966af1ccfb9d17bcdb9d04e8815?s=96&d=mm&r=g\",\"contentUrl\":\"https:\/\/secure.gravatar.com\/avatar\/bfe9c966af1ccfb9d17bcdb9d04e8815?s=96&d=mm&r=g\",\"caption\":\"Claudia Gallardo\"},\"url\":\"https:\/\/lafuente.mx\/?author=3\"}]}<\/script>\n<!-- \/ Yoast SEO plugin. -->","yoast_head_json":{"title":"Comparaci\u00f3n de las ansias de fumar y los s\u00edntomas de abstinencia en tres fases del ciclo menstrual\u00a0 -","description":"Evaluar si existen diferencias significativas entre tres grupos en diferentes fases del ciclo menstrual en cuanto al ansia de fumar y los s\u00edntomas de abstinencia","robots":{"index":"index","follow":"follow","max-snippet":"max-snippet:-1","max-image-preview":"max-image-preview:large","max-video-preview":"max-video-preview:-1"},"canonical":"https:\/\/lafuente.mx\/?p=3131","og_locale":"es_MX","og_type":"article","og_title":"Comparaci\u00f3n de las ansias de fumar y los s\u00edntomas de abstinencia en tres fases del ciclo menstrual","og_description":"Evaluar si existen diferencias significativas entre tres grupos en diferentes fases del ciclo menstrual en cuanto al ansia de fumar y los s\u00edntomas de abstinencia","og_url":"https:\/\/lafuente.mx\/?p=3131","article_published_time":"2025-07-15T07:51:00+00:00","article_modified_time":"2025-07-14T20:05:06+00:00","og_image":[{"width":1414,"height":1042,"url":"https:\/\/i0.wp.com\/lafuente.mx\/wp-content\/uploads\/2025\/07\/NO-FUMAR.jpg?fit=1414%2C1042&ssl=1","type":"image\/jpeg"}],"author":"Claudia Gallardo","twitter_card":"summary_large_image","twitter_title":"Comparaci\u00f3n de las ansias de fumar y los s\u00edntomas de abstinencia en tres fases del ciclo menstrual","twitter_description":"Evaluar si existen diferencias significativas entre tres grupos en diferentes fases del ciclo menstrual en cuanto al ansia de fumar y los s\u00edntomas de abstinencia","twitter_image":"https:\/\/i0.wp.com\/lafuente.mx\/wp-content\/uploads\/2025\/07\/NO-FUMAR.jpg?fit=1414%2C1042&ssl=1","twitter_misc":{"Escrito por":"Claudia Gallardo","Tiempo de lectura":"2 minutos"},"schema":{"@context":"https:\/\/schema.org","@graph":[{"@type":"WebSite","@id":"https:\/\/lafuente.mx\/#website","url":"https:\/\/lafuente.mx\/","name":"","description":"Informaci\u00f3n confiable sobre salud mental","potentialAction":[{"@type":"SearchAction","target":{"@type":"EntryPoint","urlTemplate":"https:\/\/lafuente.mx\/?s={search_term_string}"},"query-input":"required name=search_term_string"}],"inLanguage":"es-MX"},{"@type":"WebPage","@id":"https:\/\/lafuente.mx\/?p=3131","url":"https:\/\/lafuente.mx\/?p=3131","name":"Comparaci\u00f3n de las ansias de fumar y los s\u00edntomas de abstinencia en tres fases del ciclo menstrual\u00a0 -","isPartOf":{"@id":"https:\/\/lafuente.mx\/#website"},"datePublished":"2025-07-15T07:51:00+00:00","dateModified":"2025-07-14T20:05:06+00:00","author":{"@id":"https:\/\/lafuente.mx\/#\/schema\/person\/603f3aa8e2f6f7879021ab722d39d6b0"},"description":"Evaluar si existen diferencias significativas entre tres grupos en diferentes fases del ciclo menstrual en cuanto al ansia de fumar y los s\u00edntomas de abstinencia","breadcrumb":{"@id":"https:\/\/lafuente.mx\/?p=3131#breadcrumb"},"inLanguage":"es-MX","potentialAction":[{"@type":"ReadAction","target":["https:\/\/lafuente.mx\/?p=3131"]}]},{"@type":"BreadcrumbList","@id":"https:\/\/lafuente.mx\/?p=3131#breadcrumb","itemListElement":[{"@type":"ListItem","position":1,"name":"Inicio","item":"https:\/\/lafuente.mx\/"},{"@type":"ListItem","position":2,"name":"Comparaci\u00f3n de las ansias de fumar y los s\u00edntomas de abstinencia en tres fases del ciclo menstrual\u00a0"}]},{"@type":"Person","@id":"https:\/\/lafuente.mx\/#\/schema\/person\/603f3aa8e2f6f7879021ab722d39d6b0","name":"Claudia Gallardo","image":{"@type":"ImageObject","inLanguage":"es-MX","@id":"https:\/\/lafuente.mx\/#\/schema\/person\/image\/","url":"https:\/\/secure.gravatar.com\/avatar\/bfe9c966af1ccfb9d17bcdb9d04e8815?s=96&d=mm&r=g","contentUrl":"https:\/\/secure.gravatar.com\/avatar\/bfe9c966af1ccfb9d17bcdb9d04e8815?s=96&d=mm&r=g","caption":"Claudia Gallardo"},"url":"https:\/\/lafuente.mx\/?author=3"}]}},"jetpack_featured_media_url":"https:\/\/i0.wp.com\/lafuente.mx\/wp-content\/uploads\/2025\/07\/NO-FUMAR.jpg?fit=1414%2C1042&ssl=1","jetpack-related-posts":[{"id":1919,"url":"https:\/\/lafuente.mx\/?p=1919","url_meta":{"origin":3131,"position":0},"title":"Impacto del ciclo menstrual en el abandono del h\u00e1bito de fumar: una revisi\u00f3n\u00a0","date":"diciembre 5, 2023","format":false,"excerpt":"MarianaN\u00fa\u00f1ez-Lauriano, JenniferLira-Mandujano, M. CarmenM\u00edguez, MarcelaTiburcio Objetivo.\u00a0Se realiz\u00f3 una revisi\u00f3n de alcance para determinar el efecto del ciclo menstrual sobre la abstinencia tab\u00e1quica, considerando las fases del ciclo, los niveles hormonales y el s\u00edndrome premenstrual.\u00a0\u00a0M\u00e9todo.\u00a0Se realiz\u00f3 una b\u00fasqueda bibliogr\u00e1fica en las bases de datos Scopus, PubMed, MEDLINE y PsycINFO.\u00a0Se incluyeron diez\u2026","rel":"","context":"En &quot;Revista Salud Mental&quot;","img":{"alt_text":"","src":"https:\/\/i0.wp.com\/lafuente.mx\/wp-content\/uploads\/2023\/12\/plano-medio-calendario-periodo-mes-edited-scaled.jpg?fit=1200%2C675&ssl=1&resize=350%2C200","width":350,"height":200},"classes":[]},{"id":3441,"url":"https:\/\/lafuente.mx\/?p=3441","url_meta":{"origin":3131,"position":1},"title":"Eficacia de la terapia cognitivo conductual centrada en el trauma en mujeres v\u00edctimas de violencia sexual: una revisi\u00f3n sistem\u00e1tica\u00a0","date":"octubre 30, 2025","format":false,"excerpt":"Volume 48, Issue 4, July-August 2025\u00a0 Dulce D\u00edaz\u00a0 Laboratorio de Psicolog\u00eda e Innovaci\u00f3n tecnol\u00f3gica, Facultad de Estudios Superiores Iztacala, Universidad Nacional Aut\u00f3noma de M\u00e9xico, Tlalnepantla, Edomex, M\u00e9xico; Divisi\u00f3n de Ciencias Biol\u00f3gicas y Salud, Universidad Aut\u00f3noma Metropolita, Unidad Lerma, Lerma, Edomex, M\u00e9xico.\u00a0 Anabel De la Rosa G\u00f3mez\u00a0 Laboratorio de Psicolog\u00eda e\u2026","rel":"","context":"En &quot;Revista Salud Mental&quot;","img":{"alt_text":"","src":"https:\/\/i0.wp.com\/lafuente.mx\/wp-content\/uploads\/2025\/10\/mujeres.jpg?fit=1046%2C921&ssl=1&resize=350%2C200","width":350,"height":200},"classes":[]},{"id":2548,"url":"https:\/\/lafuente.mx\/?p=2548","url_meta":{"origin":3131,"position":2},"title":"Salud mental de los pacientes y duraci\u00f3n de la estancia en servicios de urgencias en M\u00e9xico\u00a0","date":"septiembre 12, 2024","format":false,"excerpt":"Edgar Landa-Ram\u00edrez\u00a01\u00a0,\u00a02\u00a0, Lesly Pamela D\u00edaz-V\u00e1squez\u00a03\u00a0,\u00a01\u00a0, Myriam Eunice Hern\u00e1ndez-Nu\u00f1ez\u00a02\u00a0,\u00a01\u00a0, Juan Castillo-Cruz\u00a04\u00a0, Guadalupe Ximena Ortega-Ram\u00edrez\u00a02\u00a0,\u00a01\u00a0, Alma Haide Guerrero-Mart\u00ednez\u00a02\u00a0,\u00a01\u00a0, Nadia Alejandra Dom\u00ednguez-Vieyra\u00a02\u00a0,\u00a01\u00a0, Antonio L\u00f3pez-G\u00f3mez\u00a05\u00a0 1\u00a0Programa de Psicolog\u00eda Urgencias, Hospital General Dr. Manuel Gea Gonz\u00e1lez, Ciudad de M\u00e9xico, M\u00e9xico.\u00a0 2\u00a0Facultad de Psicolog\u00eda, Universidad Nacional Aut\u00f3noma de M\u00e9xico, Ciudad de M\u00e9xico, M\u00e9xico.\u00a0 3\u00a0Facultad de Psicolog\u00eda,\u2026","rel":"","context":"En &quot;Revista Salud Mental&quot;","img":{"alt_text":"","src":"https:\/\/i0.wp.com\/lafuente.mx\/wp-content\/uploads\/2024\/09\/DSC_0300-edited-scaled.jpg?fit=1200%2C797&ssl=1&resize=350%2C200","width":350,"height":200},"classes":[]},{"id":2615,"url":"https:\/\/lafuente.mx\/?p=2615","url_meta":{"origin":3131,"position":3},"title":"Opiniones sobre el uso m\u00e9dico, recreativo y legalizaci\u00f3n de la marihuana en M\u00e9xico: resultados de una encuesta nacional\u00a0","date":"octubre 25, 2024","format":false,"excerpt":"Shoshana Berenzon-Gorn,1, Nayelhi Saavedra-Solano,1, Marycarmen Bustos-Gami\u00f1o,1, Raquel Mondrag\u00f3n,5, Clara Fleiz-Bautista,1,2, Silvia Carre\u00f1o,1, Mar\u00eda Elena Medina-Mora,1-4, Jorge Villatoro-Vel\u00e1zquez1,2\u00a0 Direcci\u00f3n de Investigaciones Epidemiol\u00f3gicas y Psicosociales, Instituto Nacional de Psiquiatr\u00eda Ram\u00f3n de la Fuente Mu\u00f1iz (INPRFM), Ciudad de M\u00e9xico, M\u00e9xico.\u00a0 \u00a0Seminario de Estudios de la Globalidad. Facultad de Medicina, Universidad Nacional Aut\u00f3noma de\u2026","rel":"","context":"En &quot;Revista Salud Mental&quot;","img":{"alt_text":"leaf, nature, flora-3065626.jpg","src":"https:\/\/i0.wp.com\/lafuente.mx\/wp-content\/uploads\/2024\/10\/leaf-nature-flora-3065626.jpg?fit=1200%2C800&ssl=1&resize=350%2C200","width":350,"height":200},"classes":[]},{"id":1724,"url":"https:\/\/lafuente.mx\/?p=1724","url_meta":{"origin":3131,"position":4},"title":"\u00a1Es dif\u00edcil ser mujer!: Una gu\u00eda para entender y enfrentar la depresi\u00f3n\u00a0","date":"septiembre 22, 2023","format":false,"excerpt":"Para muchas personas, la depresi\u00f3n es solo una excusa de las mujeres para quedarse en cama, comer mal o llorar sin freno. Nada m\u00e1s alejado de la realidad: la Organizaci\u00f3n Mundial de la Salud ha declarado que padecen m\u00e1s este trastorno que los hombres debido a las exigencias que se\u2026","rel":"","context":"En &quot;Publicaciones&quot;","img":{"alt_text":"","src":"https:\/\/i0.wp.com\/lafuente.mx\/wp-content\/uploads\/2023\/09\/Captura-de-Pantalla-2023-09-21-a-las-11.20.33.png?fit=1200%2C1184&ssl=1&resize=350%2C200","width":350,"height":200},"classes":[]},{"id":1187,"url":"https:\/\/lafuente.mx\/?p=1187","url_meta":{"origin":3131,"position":5},"title":"Prevalencia de sintomatolog\u00eda y factores de riesgo en salud mental en M\u00e9xico: la cohorte ENCODAT 2016-17\u00a0","date":"mayo 2, 2023","format":false,"excerpt":"Por\u00a0Mar\u00eda Elena Medina Mora1,2,3\u00a0,Alma Delia Genis-Mendoza4,5,*,Jorge Ameth Villatoro Vel\u00e1zquez 1,6\u00a0, Marycarmen Bustos-Gami\u00f1o 6\u00a0, Clara Fleiz Bautista 1,6\u00a0, Beatriz Camarena 7\u00a0, Jos\u00e9 Jaime Mart\u00ednez-Maga\u00f1a 4\u00a0yHumberto Nicolini 4,*\u00a0 1\u00a0 Seminario de Estudios Globales, Facultad de Medicina, Universidad Nacional Aut\u00f3noma de M\u00e9xico (UNAM), Ciudad de M\u00e9xico 04510, M\u00e9xico\u00a0 2\u00a0 Director, Facultad de Psicolog\u00eda,\u2026","rel":"","context":"En &quot;Publicaciones&quot;","img":{"alt_text":"","src":"https:\/\/i0.wp.com\/lafuente.mx\/wp-content\/uploads\/2023\/05\/WhatsApp-Image-2023-05-15-at-10.36.19-AM.jpeg?fit=845%2C1200&ssl=1&resize=350%2C200","width":350,"height":200},"classes":[]}],"jetpack_sharing_enabled":true,"jetpack_shortlink":"https:\/\/wp.me\/pe9WUx-Ov","_links":{"self":[{"href":"https:\/\/lafuente.mx\/index.php?rest_route=\/wp\/v2\/posts\/3131"}],"collection":[{"href":"https:\/\/lafuente.mx\/index.php?rest_route=\/wp\/v2\/posts"}],"about":[{"href":"https:\/\/lafuente.mx\/index.php?rest_route=\/wp\/v2\/types\/post"}],"author":[{"embeddable":true,"href":"https:\/\/lafuente.mx\/index.php?rest_route=\/wp\/v2\/users\/3"}],"replies":[{"embeddable":true,"href":"https:\/\/lafuente.mx\/index.php?rest_route=%2Fwp%2Fv2%2Fcomments&post=3131"}],"version-history":[{"count":1,"href":"https:\/\/lafuente.mx\/index.php?rest_route=\/wp\/v2\/posts\/3131\/revisions"}],"predecessor-version":[{"id":3133,"href":"https:\/\/lafuente.mx\/index.php?rest_route=\/wp\/v2\/posts\/3131\/revisions\/3133"}],"wp:featuredmedia":[{"embeddable":true,"href":"https:\/\/lafuente.mx\/index.php?rest_route=\/wp\/v2\/media\/3132"}],"wp:attachment":[{"href":"https:\/\/lafuente.mx\/index.php?rest_route=%2Fwp%2Fv2%2Fmedia&parent=3131"}],"wp:term":[{"taxonomy":"category","embeddable":true,"href":"https:\/\/lafuente.mx\/index.php?rest_route=%2Fwp%2Fv2%2Fcategories&post=3131"},{"taxonomy":"post_tag","embeddable":true,"href":"https:\/\/lafuente.mx\/index.php?rest_route=%2Fwp%2Fv2%2Ftags&post=3131"}],"curies":[{"name":"wp","href":"https:\/\/api.w.org\/{rel}","templated":true}]}}