{"id":3086,"date":"2025-07-11T07:30:00","date_gmt":"2025-07-11T07:30:00","guid":{"rendered":"https:\/\/lafuente.mx\/?p=3086"},"modified":"2025-07-14T20:06:04","modified_gmt":"2025-07-14T20:06:04","slug":"que-es-la-violencia","status":"publish","type":"post","link":"https:\/\/lafuente.mx\/?p=3086","title":{"rendered":"\u00bfQu\u00e9 es la violencia?\u00a0"},"content":{"rendered":"\n<hr class=\"wp-block-separator has-text-color has-vivid-purple-color has-alpha-channel-opacity has-vivid-purple-background-color has-background\"\/>\n\n\n\n<p class=\"has-medium-font-size\">La violencia es toda acci\u00f3n que se utiliza para obligar, intimidar o amenazar a alguien, limitando su libertad de decisi\u00f3n.&nbsp;<\/p>\n\n\n\n<p class=\"has-medium-font-size\">Puede presentarse en diferentes \u00e1mbitos y contextos como el hogar, la familia, los espacios p\u00fablicos, la calle, el trabajo y la escuela, etc.&nbsp;&nbsp;<\/p>\n\n\n\n<p class=\"has-medium-font-size\">Cualquier persona puede ser v\u00edctima de violencia, sin importar su g\u00e9nero, su edad o su nivel socioecon\u00f3mico&nbsp;&nbsp;<\/p>\n\n\n\n<hr class=\"wp-block-separator has-text-color has-vivid-purple-color has-alpha-channel-opacity has-vivid-purple-background-color has-background\"\/>\n\n\n\n<figure class=\"wp-block-image size-large\"><img decoding=\"async\" loading=\"lazy\" width=\"640\" height=\"426\" src=\"https:\/\/i0.wp.com\/lafuente.mx\/wp-content\/uploads\/2025\/07\/family-parents-children-hand-tomato-9447574.jpg?resize=640%2C426\" alt=\"family, parents, children, hand, tomato-9447574.jpg\" class=\"wp-image-3087\" srcset=\"https:\/\/i0.wp.com\/lafuente.mx\/wp-content\/uploads\/2025\/07\/family-parents-children-hand-tomato-9447574.jpg?resize=1024%2C682&amp;ssl=1 1024w, https:\/\/i0.wp.com\/lafuente.mx\/wp-content\/uploads\/2025\/07\/family-parents-children-hand-tomato-9447574.jpg?resize=300%2C200&amp;ssl=1 300w, https:\/\/i0.wp.com\/lafuente.mx\/wp-content\/uploads\/2025\/07\/family-parents-children-hand-tomato-9447574.jpg?resize=768%2C512&amp;ssl=1 768w, https:\/\/i0.wp.com\/lafuente.mx\/wp-content\/uploads\/2025\/07\/family-parents-children-hand-tomato-9447574.jpg?w=1280&amp;ssl=1 1280w\" sizes=\"(max-width: 640px) 100vw, 640px\" data-recalc-dims=\"1\" \/><\/figure>\n\n\n\n<hr class=\"wp-block-separator has-text-color has-vivid-purple-color has-alpha-channel-opacity has-vivid-purple-background-color has-background\"\/>\n\n\n\n<p class=\"has-text-align-center has-text-color has-large-font-size\" style=\"color:#47216a\"><strong>CONSEJOS PARA PREVENIR LA VIOLENCIA:<\/strong>&nbsp;<\/p>\n\n\n\n<p class=\"has-text-color has-medium-font-size\" style=\"color:#47216a\">Aprender a identificar las diferentes formas de violencia&nbsp;<\/p>\n\n\n\n<p class=\"has-text-color has-medium-font-size\" style=\"color:#47216a\">Reflexionar sobre nuestra manera de relacionarnos con los dem\u00e1s&nbsp;<\/p>\n\n\n\n<p class=\"has-text-color has-medium-font-size\" style=\"color:#47216a\">Comunicarnos de manera asertiva, es decir, expresar nuestros sentimientos, intereses y decisiones sin sentirnos mal y sin pretender que otras personas se sientan mal&nbsp;<\/p>\n\n\n\n<p class=\"has-text-color has-medium-font-size\" style=\"color:#47216a\">Generar y fomentar ambientes de respeto&nbsp;<\/p>\n\n\n\n<p class=\"has-text-color has-medium-font-size\" style=\"color:#47216a\">Evitar el uso de la violencia como estrategia de crianza&nbsp;<\/p>\n\n\n\n<p class=\"has-text-color has-medium-font-size\" style=\"color:#47216a\">Si conocemos a alguna v\u00edctima de violencia, escucharla, brindarle apoyo y animarle a buscar ayuda profesional&nbsp;<\/p>\n\n\n\n<p class=\"has-text-color has-medium-font-size\" style=\"color:#47216a\">Levantar la voz ante actos de violencia&nbsp;<\/p>\n\n\n\n<hr class=\"wp-block-separator aligncenter has-text-color has-vivid-purple-color has-alpha-channel-opacity has-vivid-purple-background-color has-background\"\/>\n\n\n\n<div class=\"wp-block-buttons is-layout-flex wp-block-buttons-is-layout-flex\">\n<div class=\"wp-block-button\"><a class=\"wp-block-button__link wp-element-button\" href=\"https:\/\/www.dropbox.com\/scl\/fi\/2jke31986nlwsqgqiovdi\/Folleto-informativo-Violencia.pdf?rlkey=szo1zqdjopeeyalqc3j47c5yr&amp;st=w1k2rjbf&amp;dl=0\">M\u00e1s informaci\u00f3n<\/a><\/div>\n<\/div>\n\n\n\n<p><\/p>\n","protected":false},"excerpt":{"rendered":"<p>La violencia es toda acci\u00f3n que se utiliza para obligar, intimidar o amenazar a alguien, limitando su libertad de decisi\u00f3n.&nbsp; Puede presentarse en diferentes \u00e1mbitos<\/p>\n","protected":false},"author":3,"featured_media":3087,"comment_status":"closed","ping_status":"closed","sticky":false,"template":"","format":"standard","meta":{"footnotes":"","jetpack_publicize_message":"","jetpack_is_tweetstorm":false,"jetpack_publicize_feature_enabled":true},"categories":[14],"tags":[275,989,21,32,990,145],"jetpack_publicize_connections":[],"yoast_head":"<!-- This site is optimized with the Yoast SEO plugin v19.4 - https:\/\/yoast.com\/wordpress\/plugins\/seo\/ -->\n<title>\u00bfQu\u00e9 es la violencia?\u00a0 -<\/title>\n<meta name=\"description\" content=\"La violencia es toda acci\u00f3n que se utiliza para obligar, intimidar o amenazar a alguien, limitando su libertad de decisi\u00f3n.\u00a0\" \/>\n<meta name=\"robots\" content=\"index, follow, max-snippet:-1, max-image-preview:large, max-video-preview:-1\" \/>\n<link rel=\"canonical\" href=\"https:\/\/lafuente.mx\/?p=3086\" \/>\n<meta property=\"og:locale\" content=\"es_MX\" \/>\n<meta property=\"og:type\" content=\"article\" \/>\n<meta property=\"og:title\" content=\"\u00bfQu\u00e9 es la violencia?\u00a0\" \/>\n<meta property=\"og:description\" content=\"La violencia es toda acci\u00f3n que se utiliza para obligar, intimidar o amenazar a alguien, limitando su libertad de decisi\u00f3n.\u00a0\" \/>\n<meta property=\"og:url\" content=\"https:\/\/lafuente.mx\/?p=3086\" \/>\n<meta property=\"article:published_time\" content=\"2025-07-11T07:30:00+00:00\" \/>\n<meta property=\"article:modified_time\" content=\"2025-07-14T20:06:04+00:00\" \/>\n<meta property=\"og:image\" content=\"http:\/\/lafuente.mx\/wp-content\/uploads\/2025\/07\/family-parents-children-hand-tomato-9447574.jpg\" \/>\n\t<meta property=\"og:image:width\" content=\"1280\" \/>\n\t<meta property=\"og:image:height\" content=\"853\" \/>\n\t<meta property=\"og:image:type\" content=\"image\/jpeg\" \/>\n<meta name=\"author\" content=\"Claudia Gallardo\" \/>\n<meta name=\"twitter:card\" content=\"summary_large_image\" \/>\n<meta name=\"twitter:title\" content=\"\u00bfQu\u00e9 es la violencia?\u00a0\" \/>\n<meta name=\"twitter:description\" content=\"La violencia es toda acci\u00f3n que se utiliza para obligar, intimidar o amenazar a alguien, limitando su libertad de decisi\u00f3n.\u00a0\" \/>\n<meta name=\"twitter:image\" content=\"https:\/\/i0.wp.com\/lafuente.mx\/wp-content\/uploads\/2025\/07\/family-parents-children-hand-tomato-9447574.jpg?fit=1280%2C853&ssl=1\" \/>\n<meta name=\"twitter:label1\" content=\"Escrito por\" \/>\n\t<meta name=\"twitter:data1\" content=\"Claudia Gallardo\" \/>\n\t<meta name=\"twitter:label2\" content=\"Tiempo de lectura\" \/>\n\t<meta name=\"twitter:data2\" content=\"1 minuto\" \/>\n<script type=\"application\/ld+json\" class=\"yoast-schema-graph\">{\"@context\":\"https:\/\/schema.org\",\"@graph\":[{\"@type\":\"WebSite\",\"@id\":\"https:\/\/lafuente.mx\/#website\",\"url\":\"https:\/\/lafuente.mx\/\",\"name\":\"\",\"description\":\"Informaci\u00f3n confiable sobre salud mental\",\"potentialAction\":[{\"@type\":\"SearchAction\",\"target\":{\"@type\":\"EntryPoint\",\"urlTemplate\":\"https:\/\/lafuente.mx\/?s={search_term_string}\"},\"query-input\":\"required name=search_term_string\"}],\"inLanguage\":\"es-MX\"},{\"@type\":\"WebPage\",\"@id\":\"https:\/\/lafuente.mx\/?p=3086\",\"url\":\"https:\/\/lafuente.mx\/?p=3086\",\"name\":\"\u00bfQu\u00e9 es la violencia?\u00a0 -\",\"isPartOf\":{\"@id\":\"https:\/\/lafuente.mx\/#website\"},\"datePublished\":\"2025-07-11T07:30:00+00:00\",\"dateModified\":\"2025-07-14T20:06:04+00:00\",\"author\":{\"@id\":\"https:\/\/lafuente.mx\/#\/schema\/person\/603f3aa8e2f6f7879021ab722d39d6b0\"},\"description\":\"La violencia es toda acci\u00f3n que se utiliza para obligar, intimidar o amenazar a alguien, limitando su libertad de decisi\u00f3n.\u00a0\",\"breadcrumb\":{\"@id\":\"https:\/\/lafuente.mx\/?p=3086#breadcrumb\"},\"inLanguage\":\"es-MX\",\"potentialAction\":[{\"@type\":\"ReadAction\",\"target\":[\"https:\/\/lafuente.mx\/?p=3086\"]}]},{\"@type\":\"BreadcrumbList\",\"@id\":\"https:\/\/lafuente.mx\/?p=3086#breadcrumb\",\"itemListElement\":[{\"@type\":\"ListItem\",\"position\":1,\"name\":\"Inicio\",\"item\":\"https:\/\/lafuente.mx\/\"},{\"@type\":\"ListItem\",\"position\":2,\"name\":\"\u00bfQu\u00e9 es la violencia?\u00a0\"}]},{\"@type\":\"Person\",\"@id\":\"https:\/\/lafuente.mx\/#\/schema\/person\/603f3aa8e2f6f7879021ab722d39d6b0\",\"name\":\"Claudia Gallardo\",\"image\":{\"@type\":\"ImageObject\",\"inLanguage\":\"es-MX\",\"@id\":\"https:\/\/lafuente.mx\/#\/schema\/person\/image\/\",\"url\":\"https:\/\/secure.gravatar.com\/avatar\/bfe9c966af1ccfb9d17bcdb9d04e8815?s=96&d=mm&r=g\",\"contentUrl\":\"https:\/\/secure.gravatar.com\/avatar\/bfe9c966af1ccfb9d17bcdb9d04e8815?s=96&d=mm&r=g\",\"caption\":\"Claudia Gallardo\"},\"url\":\"https:\/\/lafuente.mx\/?author=3\"}]}<\/script>\n<!-- \/ Yoast SEO plugin. -->","yoast_head_json":{"title":"\u00bfQu\u00e9 es la violencia?\u00a0 -","description":"La violencia es toda acci\u00f3n que se utiliza para obligar, intimidar o amenazar a alguien, limitando su libertad de decisi\u00f3n.\u00a0","robots":{"index":"index","follow":"follow","max-snippet":"max-snippet:-1","max-image-preview":"max-image-preview:large","max-video-preview":"max-video-preview:-1"},"canonical":"https:\/\/lafuente.mx\/?p=3086","og_locale":"es_MX","og_type":"article","og_title":"\u00bfQu\u00e9 es la violencia?\u00a0","og_description":"La violencia es toda acci\u00f3n que se utiliza para obligar, intimidar o amenazar a alguien, limitando su libertad de decisi\u00f3n.\u00a0","og_url":"https:\/\/lafuente.mx\/?p=3086","article_published_time":"2025-07-11T07:30:00+00:00","article_modified_time":"2025-07-14T20:06:04+00:00","og_image":[{"width":1280,"height":853,"url":"http:\/\/lafuente.mx\/wp-content\/uploads\/2025\/07\/family-parents-children-hand-tomato-9447574.jpg","type":"image\/jpeg"}],"author":"Claudia Gallardo","twitter_card":"summary_large_image","twitter_title":"\u00bfQu\u00e9 es la violencia?\u00a0","twitter_description":"La violencia es toda acci\u00f3n que se utiliza para obligar, intimidar o amenazar a alguien, limitando su libertad de decisi\u00f3n.\u00a0","twitter_image":"https:\/\/i0.wp.com\/lafuente.mx\/wp-content\/uploads\/2025\/07\/family-parents-children-hand-tomato-9447574.jpg?fit=1280%2C853&ssl=1","twitter_misc":{"Escrito por":"Claudia Gallardo","Tiempo de lectura":"1 minuto"},"schema":{"@context":"https:\/\/schema.org","@graph":[{"@type":"WebSite","@id":"https:\/\/lafuente.mx\/#website","url":"https:\/\/lafuente.mx\/","name":"","description":"Informaci\u00f3n confiable sobre salud mental","potentialAction":[{"@type":"SearchAction","target":{"@type":"EntryPoint","urlTemplate":"https:\/\/lafuente.mx\/?s={search_term_string}"},"query-input":"required name=search_term_string"}],"inLanguage":"es-MX"},{"@type":"WebPage","@id":"https:\/\/lafuente.mx\/?p=3086","url":"https:\/\/lafuente.mx\/?p=3086","name":"\u00bfQu\u00e9 es la violencia?\u00a0 -","isPartOf":{"@id":"https:\/\/lafuente.mx\/#website"},"datePublished":"2025-07-11T07:30:00+00:00","dateModified":"2025-07-14T20:06:04+00:00","author":{"@id":"https:\/\/lafuente.mx\/#\/schema\/person\/603f3aa8e2f6f7879021ab722d39d6b0"},"description":"La violencia es toda acci\u00f3n que se utiliza para obligar, intimidar o amenazar a alguien, limitando su libertad de decisi\u00f3n.\u00a0","breadcrumb":{"@id":"https:\/\/lafuente.mx\/?p=3086#breadcrumb"},"inLanguage":"es-MX","potentialAction":[{"@type":"ReadAction","target":["https:\/\/lafuente.mx\/?p=3086"]}]},{"@type":"BreadcrumbList","@id":"https:\/\/lafuente.mx\/?p=3086#breadcrumb","itemListElement":[{"@type":"ListItem","position":1,"name":"Inicio","item":"https:\/\/lafuente.mx\/"},{"@type":"ListItem","position":2,"name":"\u00bfQu\u00e9 es la violencia?\u00a0"}]},{"@type":"Person","@id":"https:\/\/lafuente.mx\/#\/schema\/person\/603f3aa8e2f6f7879021ab722d39d6b0","name":"Claudia Gallardo","image":{"@type":"ImageObject","inLanguage":"es-MX","@id":"https:\/\/lafuente.mx\/#\/schema\/person\/image\/","url":"https:\/\/secure.gravatar.com\/avatar\/bfe9c966af1ccfb9d17bcdb9d04e8815?s=96&d=mm&r=g","contentUrl":"https:\/\/secure.gravatar.com\/avatar\/bfe9c966af1ccfb9d17bcdb9d04e8815?s=96&d=mm&r=g","caption":"Claudia Gallardo"},"url":"https:\/\/lafuente.mx\/?author=3"}]}},"jetpack_featured_media_url":"https:\/\/i0.wp.com\/lafuente.mx\/wp-content\/uploads\/2025\/07\/family-parents-children-hand-tomato-9447574.jpg?fit=1280%2C853&ssl=1","jetpack-related-posts":[{"id":3441,"url":"https:\/\/lafuente.mx\/?p=3441","url_meta":{"origin":3086,"position":0},"title":"Eficacia de la terapia cognitivo conductual centrada en el trauma en mujeres v\u00edctimas de violencia sexual: una revisi\u00f3n sistem\u00e1tica\u00a0","date":"octubre 30, 2025","format":false,"excerpt":"Volume 48, Issue 4, July-August 2025\u00a0 Dulce D\u00edaz\u00a0 Laboratorio de Psicolog\u00eda e Innovaci\u00f3n tecnol\u00f3gica, Facultad de Estudios Superiores Iztacala, Universidad Nacional Aut\u00f3noma de M\u00e9xico, Tlalnepantla, Edomex, M\u00e9xico; Divisi\u00f3n de Ciencias Biol\u00f3gicas y Salud, Universidad Aut\u00f3noma Metropolita, Unidad Lerma, Lerma, Edomex, M\u00e9xico.\u00a0 Anabel De la Rosa G\u00f3mez\u00a0 Laboratorio de Psicolog\u00eda e\u2026","rel":"","context":"En &quot;Revista Salud Mental&quot;","img":{"alt_text":"","src":"https:\/\/i0.wp.com\/lafuente.mx\/wp-content\/uploads\/2025\/10\/mujeres.jpg?fit=1046%2C921&ssl=1&resize=350%2C200","width":350,"height":200},"classes":[]},{"id":1991,"url":"https:\/\/lafuente.mx\/?p=1991","url_meta":{"origin":3086,"position":1},"title":"Exposici\u00f3n a la violencia familiar y violencia en el noviazgo en adolescentes de Ciudad de M\u00e9xico: factores\u00a0protectores y riesgo\u00a0","date":"enero 12, 2024","format":false,"excerpt":"Gabriela Josefina Sald\u00edvar Hern\u00e1ndez\u00a0\u00a0 Instituto Nacional de Psiquiatr\u00eda Ram\u00f3n de la Fuente Mu\u00f1iz, M\u00e9xico\u00a0 Areli Moreno Reyes\u00a0\u00a0 Instituto Nacional de Psiquiatr\u00eda Ram\u00f3n de la Fuente Mu\u00f1iz, M\u00e9xico\u00a0 Jonathan Giovanni Trejo Arizmendi\u00a0 Instituto Nacional de Psiquiatr\u00eda Ram\u00f3n de la Fuente Mu\u00f1iz, M\u00e9xico\u00a0 Revista. Psicolog\u00eda Iberoamericana, vol. 30, n\u00fam. 2, 2022\u00a0 Universidad\u2026","rel":"","context":"En &quot;Publicaciones&quot;","img":{"alt_text":"","src":"https:\/\/i0.wp.com\/lafuente.mx\/wp-content\/uploads\/2024\/01\/Captura-de-Pantalla-2024-01-12-a-las-11.27.20.png?fit=1200%2C594&ssl=1&resize=350%2C200","width":350,"height":200},"classes":[]},{"id":2662,"url":"https:\/\/lafuente.mx\/?p=2662","url_meta":{"origin":3086,"position":2},"title":"D\u00eda Internacional de la Eliminaci\u00f3n de la Violencia contra la Mujer\u00a0 \u00a0","date":"noviembre 25, 2024","format":false,"excerpt":"25 de noviembre Como cada a\u00f1o, el\u00a0D\u00eda Internacional para Eliminar la\u00a0Violencia contra la Mujer marca el comienzo de la\u00a0Campa\u00f1a \u00danete\u00a0de la ONU,\u00a016 d\u00edas de activismo\u00a0(25 nov-10 dic) que concluyen coincidiendo con el\u00a0D\u00eda Internacional de los Derechos Humanos.\u00a0 Este a\u00f1o, el tema 2024 es\u00a0\"Cada 10 minutos se asesina a una mujer.\u2026","rel":"","context":"En &quot;Efem\u00e9rides de Salud Mental&quot;","img":{"alt_text":"woman, domestic violence, oppression-7662937.jpg","src":"https:\/\/i0.wp.com\/lafuente.mx\/wp-content\/uploads\/2024\/11\/woman-domestic-violence-oppression-7662937.png?fit=1200%2C1200&ssl=1&resize=350%2C200","width":350,"height":200},"classes":[]},{"id":1890,"url":"https:\/\/lafuente.mx\/?p=1890","url_meta":{"origin":3086,"position":3},"title":"D\u00eda Internacional de la Eliminaci\u00f3n de la Violencia contra la Mujer\u00a0","date":"noviembre 23, 2023","format":false,"excerpt":"25 de noviembre\u00a0 #NoHayExcusa La violencia contra las mujeres y las ni\u00f1as sigue siendo una de las violaciones de los derechos humanos m\u00e1s extendidas y generalizadas del mundo. Se calcula que, a nivel global, 736 millones de mujeres -casi una de cada tres- han sido v\u00edctimas de violencia f\u00edsica y\/o\u2026","rel":"","context":"En &quot;Efem\u00e9rides de Salud Mental&quot;","img":{"alt_text":"","src":"https:\/\/i0.wp.com\/lafuente.mx\/wp-content\/uploads\/2023\/11\/Captura-de-Pantalla-2023-11-23-a-las-8.20.06.png?fit=1200%2C611&ssl=1&resize=350%2C200","width":350,"height":200},"classes":[]},{"id":957,"url":"https:\/\/lafuente.mx\/?p=957","url_meta":{"origin":3086,"position":4},"title":"Pronunciamiento en contra del Acoso y Hostigamiento Sexual en los Institutos Nacionales de Salud, Hospitales Regionales de Alta Especialidad\u00a0","date":"marzo 23, 2023","format":false,"excerpt":"Instituto Nacional de las Mujeres | 07 de marzo de 2023\u00a0| Nacional\u00a0 De forma enunciativa, m\u00e1s no limitativa, en los Institutos Nacionales de Salud y Hospitales de Alta Especialidad, est\u00e1n prohibidas las siguientes conductas:\u00a0 PRONUNCIAMIENTO\u00a0 DIRECTORAS Y DIRECTORES GENERALES DE LOS INSTITUTOS NACIONALES DE SALUD Y HOSPITALES DE ALTA ESPECIALIDAD\u2026","rel":"","context":"En &quot;Noticias&quot;","img":{"alt_text":"","src":"https:\/\/i0.wp.com\/lafuente.mx\/wp-content\/uploads\/2023\/03\/Sexual-harassment-1.jpeg?fit=1200%2C798&ssl=1&resize=350%2C200","width":350,"height":200},"classes":[]},{"id":365,"url":"https:\/\/lafuente.mx\/?p=365","url_meta":{"origin":3086,"position":5},"title":"Prevenci\u00f3n de violencia de pareja en j\u00f3venes","date":"septiembre 9, 2022","format":false,"excerpt":"Del 26 de septiembre al 28 de octubre de 2022 Coordinadoras acad\u00e9micas: Dra. Luciana Ramos Lira Dra. Patricia Fuentes de Iturbe Dirigido a: Profesionales de la salud, educaci\u00f3n y afines Objetivos: \u2022 Identificar transiciones, riesgos y oportunidades de la adolescencia \u2022 Sensibilizar sobre la violencia desde y hacia las y\u2026","rel":"","context":"En &quot;Cursos&quot;","img":{"alt_text":"","src":"https:\/\/i0.wp.com\/lafuente.mx\/wp-content\/uploads\/2022\/09\/Violenciaenlas.png?fit=425%2C662&ssl=1&resize=350%2C200","width":350,"height":200},"classes":[]}],"jetpack_sharing_enabled":true,"jetpack_shortlink":"https:\/\/wp.me\/pe9WUx-NM","_links":{"self":[{"href":"https:\/\/lafuente.mx\/index.php?rest_route=\/wp\/v2\/posts\/3086"}],"collection":[{"href":"https:\/\/lafuente.mx\/index.php?rest_route=\/wp\/v2\/posts"}],"about":[{"href":"https:\/\/lafuente.mx\/index.php?rest_route=\/wp\/v2\/types\/post"}],"author":[{"embeddable":true,"href":"https:\/\/lafuente.mx\/index.php?rest_route=\/wp\/v2\/users\/3"}],"replies":[{"embeddable":true,"href":"https:\/\/lafuente.mx\/index.php?rest_route=%2Fwp%2Fv2%2Fcomments&post=3086"}],"version-history":[{"count":3,"href":"https:\/\/lafuente.mx\/index.php?rest_route=\/wp\/v2\/posts\/3086\/revisions"}],"predecessor-version":[{"id":3134,"href":"https:\/\/lafuente.mx\/index.php?rest_route=\/wp\/v2\/posts\/3086\/revisions\/3134"}],"wp:featuredmedia":[{"embeddable":true,"href":"https:\/\/lafuente.mx\/index.php?rest_route=\/wp\/v2\/media\/3087"}],"wp:attachment":[{"href":"https:\/\/lafuente.mx\/index.php?rest_route=%2Fwp%2Fv2%2Fmedia&parent=3086"}],"wp:term":[{"taxonomy":"category","embeddable":true,"href":"https:\/\/lafuente.mx\/index.php?rest_route=%2Fwp%2Fv2%2Fcategories&post=3086"},{"taxonomy":"post_tag","embeddable":true,"href":"https:\/\/lafuente.mx\/index.php?rest_route=%2Fwp%2Fv2%2Ftags&post=3086"}],"curies":[{"name":"wp","href":"https:\/\/api.w.org\/{rel}","templated":true}]}}