{"id":3067,"date":"2025-07-10T18:27:21","date_gmt":"2025-07-10T18:27:21","guid":{"rendered":"https:\/\/lafuente.mx\/?p=3067"},"modified":"2025-07-10T18:27:23","modified_gmt":"2025-07-10T18:27:23","slug":"borrador-automatico-%f0%9d%90%83%f0%9d%90%a2%f0%9d%90%9a-%f0%9d%90%88%f0%9d%90%a7%f0%9d%90%ad%f0%9d%90%9e%f0%9d%90%ab%f0%9d%90%a7%f0%9d%90%9a%f0%9d%90%9c%f0%9d%90%a2%f0%9d%90%a8%f0%9d%90%a7","status":"publish","type":"post","link":"https:\/\/lafuente.mx\/?p=3067","title":{"rendered":"Tema del mes: Mujeres y ni\u00f1as en la ciencia"},"content":{"rendered":"\n<hr class=\"wp-block-separator has-text-color has-luminous-vivid-orange-color has-alpha-channel-opacity has-luminous-vivid-orange-background-color has-background is-style-wide\"\/>\n\n\n\n<p class=\"has-text-align-center has-luminous-vivid-orange-color has-text-color has-large-font-size\"><strong>FEBRERO<\/strong> 2025<\/p>\n\n\n\n<hr class=\"wp-block-separator has-text-color has-luminous-vivid-orange-color has-alpha-channel-opacity has-luminous-vivid-orange-background-color has-background is-style-wide\"\/>\n\n\n\n<p>Este febrero celebramos el d\u00e9cimo aniversario del \ud835\udc03\ud835\udc22\u0301\ud835\udc1a \ud835\udc08\ud835\udc27\ud835\udc2d\ud835\udc1e\ud835\udc2b\ud835\udc27\ud835\udc1a\ud835\udc1c\ud835\udc22\ud835\udc28\ud835\udc27\ud835\udc1a\ud835\udc25 \ud835\udc1d\ud835\udc1e \ud835\udc25\ud835\udc1a \ud835\udc0c\ud835\udc2e\ud835\udc23\ud835\udc1e\ud835\udc2b \ud835\udc32 \ud835\udc25\ud835\udc1a \ud835\udc0d\ud835\udc22\ud835\udc27\u0303\ud835\udc1a \ud835\udc1e\ud835\udc27 \ud835\udc25\ud835\udc1a \ud835\udc02\ud835\udc22\ud835\udc1e\ud835\udc27\ud835\udc1c\ud835\udc22\ud835\udc1a.<br>Hoy queremos destacar a las mujeres de nuestro Instituto que desarrollan su trabajo en el INPRFM, quienes con su dedicaci\u00f3n y esfuerzo, contribuyen a mejorar la salud mental de la poblaci\u00f3n mexicana.<br>\u00a1Ellas son inspiraci\u00f3n para futuras generaciones de cient\u00edficas!<br>#MujeresEnLaCiencia #D\u00edaDeLaMujerYLaNi\u00f1aEnLaCiencia<\/p>\n\n\n\n<div class=\"wp-block-jetpack-slideshow aligncenter\" data-effect=\"slide\"><div class=\"wp-block-jetpack-slideshow_container swiper-container\"><ul class=\"wp-block-jetpack-slideshow_swiper-wrapper swiper-wrapper\"><li class=\"wp-block-jetpack-slideshow_slide swiper-slide\"><figure><img decoding=\"async\" loading=\"lazy\" width=\"640\" height=\"640\" alt=\"\" class=\"wp-block-jetpack-slideshow_image wp-image-3068\" data-id=\"3068\" src=\"https:\/\/i0.wp.com\/lafuente.mx\/wp-content\/uploads\/2025\/07\/Efemerides_Mesa-de-trabajo-1.jpg?resize=640%2C640\" srcset=\"https:\/\/i0.wp.com\/lafuente.mx\/wp-content\/uploads\/2025\/07\/Efemerides_Mesa-de-trabajo-1.jpg?resize=1024%2C1024&amp;ssl=1 1024w, https:\/\/i0.wp.com\/lafuente.mx\/wp-content\/uploads\/2025\/07\/Efemerides_Mesa-de-trabajo-1.jpg?resize=300%2C300&amp;ssl=1 300w, https:\/\/i0.wp.com\/lafuente.mx\/wp-content\/uploads\/2025\/07\/Efemerides_Mesa-de-trabajo-1.jpg?resize=150%2C150&amp;ssl=1 150w, https:\/\/i0.wp.com\/lafuente.mx\/wp-content\/uploads\/2025\/07\/Efemerides_Mesa-de-trabajo-1.jpg?resize=768%2C768&amp;ssl=1 768w, https:\/\/i0.wp.com\/lafuente.mx\/wp-content\/uploads\/2025\/07\/Efemerides_Mesa-de-trabajo-1.jpg?resize=1536%2C1536&amp;ssl=1 1536w, https:\/\/i0.wp.com\/lafuente.mx\/wp-content\/uploads\/2025\/07\/Efemerides_Mesa-de-trabajo-1.jpg?resize=2048%2C2048&amp;ssl=1 2048w, https:\/\/i0.wp.com\/lafuente.mx\/wp-content\/uploads\/2025\/07\/Efemerides_Mesa-de-trabajo-1.jpg?w=1280 1280w, https:\/\/i0.wp.com\/lafuente.mx\/wp-content\/uploads\/2025\/07\/Efemerides_Mesa-de-trabajo-1.jpg?w=1920 1920w\" sizes=\"(max-width: 640px) 100vw, 640px\" data-recalc-dims=\"1\" \/><\/figure><\/li><li class=\"wp-block-jetpack-slideshow_slide swiper-slide\"><figure><img decoding=\"async\" loading=\"lazy\" width=\"640\" height=\"640\" alt=\"\" class=\"wp-block-jetpack-slideshow_image wp-image-3069\" data-id=\"3069\" src=\"https:\/\/i0.wp.com\/lafuente.mx\/wp-content\/uploads\/2025\/07\/Efemerides-02.jpg?resize=640%2C640\" srcset=\"https:\/\/i0.wp.com\/lafuente.mx\/wp-content\/uploads\/2025\/07\/Efemerides-02.jpg?resize=1024%2C1024&amp;ssl=1 1024w, https:\/\/i0.wp.com\/lafuente.mx\/wp-content\/uploads\/2025\/07\/Efemerides-02.jpg?resize=300%2C300&amp;ssl=1 300w, https:\/\/i0.wp.com\/lafuente.mx\/wp-content\/uploads\/2025\/07\/Efemerides-02.jpg?resize=150%2C150&amp;ssl=1 150w, https:\/\/i0.wp.com\/lafuente.mx\/wp-content\/uploads\/2025\/07\/Efemerides-02.jpg?resize=768%2C768&amp;ssl=1 768w, https:\/\/i0.wp.com\/lafuente.mx\/wp-content\/uploads\/2025\/07\/Efemerides-02.jpg?resize=1536%2C1536&amp;ssl=1 1536w, https:\/\/i0.wp.com\/lafuente.mx\/wp-content\/uploads\/2025\/07\/Efemerides-02.jpg?resize=2048%2C2048&amp;ssl=1 2048w, https:\/\/i0.wp.com\/lafuente.mx\/wp-content\/uploads\/2025\/07\/Efemerides-02.jpg?w=1280 1280w, https:\/\/i0.wp.com\/lafuente.mx\/wp-content\/uploads\/2025\/07\/Efemerides-02.jpg?w=1920 1920w\" sizes=\"(max-width: 640px) 100vw, 640px\" data-recalc-dims=\"1\" \/><\/figure><\/li><li class=\"wp-block-jetpack-slideshow_slide swiper-slide\"><figure><img decoding=\"async\" loading=\"lazy\" width=\"640\" height=\"640\" alt=\"\" class=\"wp-block-jetpack-slideshow_image wp-image-3070\" data-id=\"3070\" src=\"https:\/\/i0.wp.com\/lafuente.mx\/wp-content\/uploads\/2025\/07\/Efemerides-03.jpg?resize=640%2C640\" srcset=\"https:\/\/i0.wp.com\/lafuente.mx\/wp-content\/uploads\/2025\/07\/Efemerides-03.jpg?resize=1024%2C1024&amp;ssl=1 1024w, https:\/\/i0.wp.com\/lafuente.mx\/wp-content\/uploads\/2025\/07\/Efemerides-03.jpg?resize=300%2C300&amp;ssl=1 300w, https:\/\/i0.wp.com\/lafuente.mx\/wp-content\/uploads\/2025\/07\/Efemerides-03.jpg?resize=150%2C150&amp;ssl=1 150w, https:\/\/i0.wp.com\/lafuente.mx\/wp-content\/uploads\/2025\/07\/Efemerides-03.jpg?resize=768%2C768&amp;ssl=1 768w, https:\/\/i0.wp.com\/lafuente.mx\/wp-content\/uploads\/2025\/07\/Efemerides-03.jpg?resize=1536%2C1536&amp;ssl=1 1536w, https:\/\/i0.wp.com\/lafuente.mx\/wp-content\/uploads\/2025\/07\/Efemerides-03.jpg?resize=2048%2C2048&amp;ssl=1 2048w, https:\/\/i0.wp.com\/lafuente.mx\/wp-content\/uploads\/2025\/07\/Efemerides-03.jpg?w=1280 1280w, https:\/\/i0.wp.com\/lafuente.mx\/wp-content\/uploads\/2025\/07\/Efemerides-03.jpg?w=1920 1920w\" sizes=\"(max-width: 640px) 100vw, 640px\" data-recalc-dims=\"1\" \/><\/figure><\/li><li class=\"wp-block-jetpack-slideshow_slide swiper-slide\"><figure><img decoding=\"async\" loading=\"lazy\" width=\"640\" height=\"640\" alt=\"\" class=\"wp-block-jetpack-slideshow_image wp-image-3071\" data-id=\"3071\" src=\"https:\/\/i0.wp.com\/lafuente.mx\/wp-content\/uploads\/2025\/07\/Efemerides-04.jpg?resize=640%2C640\" srcset=\"https:\/\/i0.wp.com\/lafuente.mx\/wp-content\/uploads\/2025\/07\/Efemerides-04.jpg?resize=1024%2C1024&amp;ssl=1 1024w, https:\/\/i0.wp.com\/lafuente.mx\/wp-content\/uploads\/2025\/07\/Efemerides-04.jpg?resize=300%2C300&amp;ssl=1 300w, https:\/\/i0.wp.com\/lafuente.mx\/wp-content\/uploads\/2025\/07\/Efemerides-04.jpg?resize=150%2C150&amp;ssl=1 150w, https:\/\/i0.wp.com\/lafuente.mx\/wp-content\/uploads\/2025\/07\/Efemerides-04.jpg?resize=768%2C768&amp;ssl=1 768w, https:\/\/i0.wp.com\/lafuente.mx\/wp-content\/uploads\/2025\/07\/Efemerides-04.jpg?resize=1536%2C1536&amp;ssl=1 1536w, https:\/\/i0.wp.com\/lafuente.mx\/wp-content\/uploads\/2025\/07\/Efemerides-04.jpg?resize=2048%2C2048&amp;ssl=1 2048w, https:\/\/i0.wp.com\/lafuente.mx\/wp-content\/uploads\/2025\/07\/Efemerides-04.jpg?w=1280 1280w, https:\/\/i0.wp.com\/lafuente.mx\/wp-content\/uploads\/2025\/07\/Efemerides-04.jpg?w=1920 1920w\" sizes=\"(max-width: 640px) 100vw, 640px\" data-recalc-dims=\"1\" \/><\/figure><\/li><li class=\"wp-block-jetpack-slideshow_slide swiper-slide\"><figure><img decoding=\"async\" loading=\"lazy\" width=\"640\" height=\"640\" alt=\"\" class=\"wp-block-jetpack-slideshow_image wp-image-3072\" data-id=\"3072\" src=\"https:\/\/i0.wp.com\/lafuente.mx\/wp-content\/uploads\/2025\/07\/Efemerides-05.jpg?resize=640%2C640\" srcset=\"https:\/\/i0.wp.com\/lafuente.mx\/wp-content\/uploads\/2025\/07\/Efemerides-05.jpg?resize=1024%2C1024&amp;ssl=1 1024w, https:\/\/i0.wp.com\/lafuente.mx\/wp-content\/uploads\/2025\/07\/Efemerides-05.jpg?resize=300%2C300&amp;ssl=1 300w, https:\/\/i0.wp.com\/lafuente.mx\/wp-content\/uploads\/2025\/07\/Efemerides-05.jpg?resize=150%2C150&amp;ssl=1 150w, https:\/\/i0.wp.com\/lafuente.mx\/wp-content\/uploads\/2025\/07\/Efemerides-05.jpg?resize=768%2C768&amp;ssl=1 768w, https:\/\/i0.wp.com\/lafuente.mx\/wp-content\/uploads\/2025\/07\/Efemerides-05.jpg?resize=1536%2C1536&amp;ssl=1 1536w, https:\/\/i0.wp.com\/lafuente.mx\/wp-content\/uploads\/2025\/07\/Efemerides-05.jpg?resize=2048%2C2048&amp;ssl=1 2048w, https:\/\/i0.wp.com\/lafuente.mx\/wp-content\/uploads\/2025\/07\/Efemerides-05.jpg?w=1280 1280w, https:\/\/i0.wp.com\/lafuente.mx\/wp-content\/uploads\/2025\/07\/Efemerides-05.jpg?w=1920 1920w\" sizes=\"(max-width: 640px) 100vw, 640px\" data-recalc-dims=\"1\" \/><\/figure><\/li><li class=\"wp-block-jetpack-slideshow_slide swiper-slide\"><figure><img decoding=\"async\" loading=\"lazy\" width=\"640\" height=\"640\" alt=\"\" class=\"wp-block-jetpack-slideshow_image wp-image-3073\" data-id=\"3073\" src=\"https:\/\/i0.wp.com\/lafuente.mx\/wp-content\/uploads\/2025\/07\/Efemerides-06.jpg?resize=640%2C640\" srcset=\"https:\/\/i0.wp.com\/lafuente.mx\/wp-content\/uploads\/2025\/07\/Efemerides-06.jpg?resize=1024%2C1024&amp;ssl=1 1024w, https:\/\/i0.wp.com\/lafuente.mx\/wp-content\/uploads\/2025\/07\/Efemerides-06.jpg?resize=300%2C300&amp;ssl=1 300w, https:\/\/i0.wp.com\/lafuente.mx\/wp-content\/uploads\/2025\/07\/Efemerides-06.jpg?resize=150%2C150&amp;ssl=1 150w, https:\/\/i0.wp.com\/lafuente.mx\/wp-content\/uploads\/2025\/07\/Efemerides-06.jpg?resize=768%2C768&amp;ssl=1 768w, https:\/\/i0.wp.com\/lafuente.mx\/wp-content\/uploads\/2025\/07\/Efemerides-06.jpg?resize=1536%2C1536&amp;ssl=1 1536w, https:\/\/i0.wp.com\/lafuente.mx\/wp-content\/uploads\/2025\/07\/Efemerides-06.jpg?resize=2048%2C2048&amp;ssl=1 2048w, https:\/\/i0.wp.com\/lafuente.mx\/wp-content\/uploads\/2025\/07\/Efemerides-06.jpg?w=1280 1280w, https:\/\/i0.wp.com\/lafuente.mx\/wp-content\/uploads\/2025\/07\/Efemerides-06.jpg?w=1920 1920w\" sizes=\"(max-width: 640px) 100vw, 640px\" data-recalc-dims=\"1\" \/><\/figure><\/li><li class=\"wp-block-jetpack-slideshow_slide swiper-slide\"><figure><img decoding=\"async\" loading=\"lazy\" width=\"640\" height=\"640\" alt=\"\" class=\"wp-block-jetpack-slideshow_image wp-image-3074\" data-id=\"3074\" src=\"https:\/\/i0.wp.com\/lafuente.mx\/wp-content\/uploads\/2025\/07\/Efemerides-07.jpg?resize=640%2C640\" srcset=\"https:\/\/i0.wp.com\/lafuente.mx\/wp-content\/uploads\/2025\/07\/Efemerides-07.jpg?resize=1024%2C1024&amp;ssl=1 1024w, https:\/\/i0.wp.com\/lafuente.mx\/wp-content\/uploads\/2025\/07\/Efemerides-07.jpg?resize=300%2C300&amp;ssl=1 300w, https:\/\/i0.wp.com\/lafuente.mx\/wp-content\/uploads\/2025\/07\/Efemerides-07.jpg?resize=150%2C150&amp;ssl=1 150w, https:\/\/i0.wp.com\/lafuente.mx\/wp-content\/uploads\/2025\/07\/Efemerides-07.jpg?resize=768%2C768&amp;ssl=1 768w, https:\/\/i0.wp.com\/lafuente.mx\/wp-content\/uploads\/2025\/07\/Efemerides-07.jpg?resize=1536%2C1536&amp;ssl=1 1536w, https:\/\/i0.wp.com\/lafuente.mx\/wp-content\/uploads\/2025\/07\/Efemerides-07.jpg?resize=2048%2C2048&amp;ssl=1 2048w, https:\/\/i0.wp.com\/lafuente.mx\/wp-content\/uploads\/2025\/07\/Efemerides-07.jpg?w=1280 1280w, https:\/\/i0.wp.com\/lafuente.mx\/wp-content\/uploads\/2025\/07\/Efemerides-07.jpg?w=1920 1920w\" sizes=\"(max-width: 640px) 100vw, 640px\" data-recalc-dims=\"1\" \/><\/figure><\/li><li class=\"wp-block-jetpack-slideshow_slide swiper-slide\"><figure><img decoding=\"async\" loading=\"lazy\" width=\"640\" height=\"640\" alt=\"\" class=\"wp-block-jetpack-slideshow_image wp-image-3075\" data-id=\"3075\" src=\"https:\/\/i0.wp.com\/lafuente.mx\/wp-content\/uploads\/2025\/07\/Efemerides-08.jpg?resize=640%2C640\" srcset=\"https:\/\/i0.wp.com\/lafuente.mx\/wp-content\/uploads\/2025\/07\/Efemerides-08.jpg?resize=1024%2C1024&amp;ssl=1 1024w, https:\/\/i0.wp.com\/lafuente.mx\/wp-content\/uploads\/2025\/07\/Efemerides-08.jpg?resize=300%2C300&amp;ssl=1 300w, https:\/\/i0.wp.com\/lafuente.mx\/wp-content\/uploads\/2025\/07\/Efemerides-08.jpg?resize=150%2C150&amp;ssl=1 150w, https:\/\/i0.wp.com\/lafuente.mx\/wp-content\/uploads\/2025\/07\/Efemerides-08.jpg?resize=768%2C768&amp;ssl=1 768w, https:\/\/i0.wp.com\/lafuente.mx\/wp-content\/uploads\/2025\/07\/Efemerides-08.jpg?resize=1536%2C1536&amp;ssl=1 1536w, https:\/\/i0.wp.com\/lafuente.mx\/wp-content\/uploads\/2025\/07\/Efemerides-08.jpg?resize=2048%2C2048&amp;ssl=1 2048w, https:\/\/i0.wp.com\/lafuente.mx\/wp-content\/uploads\/2025\/07\/Efemerides-08.jpg?w=1280 1280w, https:\/\/i0.wp.com\/lafuente.mx\/wp-content\/uploads\/2025\/07\/Efemerides-08.jpg?w=1920 1920w\" sizes=\"(max-width: 640px) 100vw, 640px\" data-recalc-dims=\"1\" \/><\/figure><\/li><li class=\"wp-block-jetpack-slideshow_slide swiper-slide\"><figure><img decoding=\"async\" loading=\"lazy\" width=\"640\" height=\"640\" alt=\"\" class=\"wp-block-jetpack-slideshow_image wp-image-3076\" data-id=\"3076\" src=\"https:\/\/i0.wp.com\/lafuente.mx\/wp-content\/uploads\/2025\/07\/Efemerides-09.jpg?resize=640%2C640\" srcset=\"https:\/\/i0.wp.com\/lafuente.mx\/wp-content\/uploads\/2025\/07\/Efemerides-09.jpg?resize=1024%2C1024&amp;ssl=1 1024w, https:\/\/i0.wp.com\/lafuente.mx\/wp-content\/uploads\/2025\/07\/Efemerides-09.jpg?resize=300%2C300&amp;ssl=1 300w, https:\/\/i0.wp.com\/lafuente.mx\/wp-content\/uploads\/2025\/07\/Efemerides-09.jpg?resize=150%2C150&amp;ssl=1 150w, https:\/\/i0.wp.com\/lafuente.mx\/wp-content\/uploads\/2025\/07\/Efemerides-09.jpg?resize=768%2C768&amp;ssl=1 768w, https:\/\/i0.wp.com\/lafuente.mx\/wp-content\/uploads\/2025\/07\/Efemerides-09.jpg?resize=1536%2C1536&amp;ssl=1 1536w, https:\/\/i0.wp.com\/lafuente.mx\/wp-content\/uploads\/2025\/07\/Efemerides-09.jpg?resize=2048%2C2048&amp;ssl=1 2048w, https:\/\/i0.wp.com\/lafuente.mx\/wp-content\/uploads\/2025\/07\/Efemerides-09.jpg?w=1280 1280w, https:\/\/i0.wp.com\/lafuente.mx\/wp-content\/uploads\/2025\/07\/Efemerides-09.jpg?w=1920 1920w\" sizes=\"(max-width: 640px) 100vw, 640px\" data-recalc-dims=\"1\" \/><\/figure><\/li><li class=\"wp-block-jetpack-slideshow_slide swiper-slide\"><figure><img decoding=\"async\" loading=\"lazy\" width=\"640\" height=\"640\" alt=\"\" class=\"wp-block-jetpack-slideshow_image wp-image-3077\" data-id=\"3077\" src=\"https:\/\/i0.wp.com\/lafuente.mx\/wp-content\/uploads\/2025\/07\/Efemerides-10.jpg?resize=640%2C640\" srcset=\"https:\/\/i0.wp.com\/lafuente.mx\/wp-content\/uploads\/2025\/07\/Efemerides-10.jpg?resize=1024%2C1024&amp;ssl=1 1024w, https:\/\/i0.wp.com\/lafuente.mx\/wp-content\/uploads\/2025\/07\/Efemerides-10.jpg?resize=300%2C300&amp;ssl=1 300w, https:\/\/i0.wp.com\/lafuente.mx\/wp-content\/uploads\/2025\/07\/Efemerides-10.jpg?resize=150%2C150&amp;ssl=1 150w, https:\/\/i0.wp.com\/lafuente.mx\/wp-content\/uploads\/2025\/07\/Efemerides-10.jpg?resize=768%2C768&amp;ssl=1 768w, https:\/\/i0.wp.com\/lafuente.mx\/wp-content\/uploads\/2025\/07\/Efemerides-10.jpg?resize=1536%2C1536&amp;ssl=1 1536w, https:\/\/i0.wp.com\/lafuente.mx\/wp-content\/uploads\/2025\/07\/Efemerides-10.jpg?resize=2048%2C2048&amp;ssl=1 2048w, https:\/\/i0.wp.com\/lafuente.mx\/wp-content\/uploads\/2025\/07\/Efemerides-10.jpg?w=1280 1280w, https:\/\/i0.wp.com\/lafuente.mx\/wp-content\/uploads\/2025\/07\/Efemerides-10.jpg?w=1920 1920w\" sizes=\"(max-width: 640px) 100vw, 640px\" data-recalc-dims=\"1\" \/><\/figure><\/li><li class=\"wp-block-jetpack-slideshow_slide swiper-slide\"><figure><img decoding=\"async\" loading=\"lazy\" width=\"640\" height=\"640\" alt=\"\" class=\"wp-block-jetpack-slideshow_image wp-image-3079\" data-id=\"3079\" src=\"https:\/\/i0.wp.com\/lafuente.mx\/wp-content\/uploads\/2025\/07\/Efemerides-11.jpg?resize=640%2C640\" srcset=\"https:\/\/i0.wp.com\/lafuente.mx\/wp-content\/uploads\/2025\/07\/Efemerides-11.jpg?resize=1024%2C1024&amp;ssl=1 1024w, https:\/\/i0.wp.com\/lafuente.mx\/wp-content\/uploads\/2025\/07\/Efemerides-11.jpg?resize=300%2C300&amp;ssl=1 300w, https:\/\/i0.wp.com\/lafuente.mx\/wp-content\/uploads\/2025\/07\/Efemerides-11.jpg?resize=150%2C150&amp;ssl=1 150w, https:\/\/i0.wp.com\/lafuente.mx\/wp-content\/uploads\/2025\/07\/Efemerides-11.jpg?resize=768%2C768&amp;ssl=1 768w, https:\/\/i0.wp.com\/lafuente.mx\/wp-content\/uploads\/2025\/07\/Efemerides-11.jpg?resize=1536%2C1536&amp;ssl=1 1536w, https:\/\/i0.wp.com\/lafuente.mx\/wp-content\/uploads\/2025\/07\/Efemerides-11.jpg?resize=2048%2C2048&amp;ssl=1 2048w, https:\/\/i0.wp.com\/lafuente.mx\/wp-content\/uploads\/2025\/07\/Efemerides-11.jpg?w=1280 1280w, https:\/\/i0.wp.com\/lafuente.mx\/wp-content\/uploads\/2025\/07\/Efemerides-11.jpg?w=1920 1920w\" sizes=\"(max-width: 640px) 100vw, 640px\" data-recalc-dims=\"1\" \/><\/figure><\/li><li class=\"wp-block-jetpack-slideshow_slide swiper-slide\"><figure><img decoding=\"async\" loading=\"lazy\" width=\"640\" height=\"640\" alt=\"\" class=\"wp-block-jetpack-slideshow_image wp-image-3078\" data-id=\"3078\" src=\"https:\/\/i0.wp.com\/lafuente.mx\/wp-content\/uploads\/2025\/07\/Efemerides-1082.jpg?resize=640%2C640\" srcset=\"https:\/\/i0.wp.com\/lafuente.mx\/wp-content\/uploads\/2025\/07\/Efemerides-1082.jpg?resize=1024%2C1024&amp;ssl=1 1024w, https:\/\/i0.wp.com\/lafuente.mx\/wp-content\/uploads\/2025\/07\/Efemerides-1082.jpg?resize=300%2C300&amp;ssl=1 300w, https:\/\/i0.wp.com\/lafuente.mx\/wp-content\/uploads\/2025\/07\/Efemerides-1082.jpg?resize=150%2C150&amp;ssl=1 150w, https:\/\/i0.wp.com\/lafuente.mx\/wp-content\/uploads\/2025\/07\/Efemerides-1082.jpg?resize=768%2C768&amp;ssl=1 768w, https:\/\/i0.wp.com\/lafuente.mx\/wp-content\/uploads\/2025\/07\/Efemerides-1082.jpg?resize=1536%2C1536&amp;ssl=1 1536w, https:\/\/i0.wp.com\/lafuente.mx\/wp-content\/uploads\/2025\/07\/Efemerides-1082.jpg?resize=2048%2C2048&amp;ssl=1 2048w, https:\/\/i0.wp.com\/lafuente.mx\/wp-content\/uploads\/2025\/07\/Efemerides-1082.jpg?w=1280 1280w, https:\/\/i0.wp.com\/lafuente.mx\/wp-content\/uploads\/2025\/07\/Efemerides-1082.jpg?w=1920 1920w\" sizes=\"(max-width: 640px) 100vw, 640px\" data-recalc-dims=\"1\" \/><\/figure><\/li><li class=\"wp-block-jetpack-slideshow_slide swiper-slide\"><figure><img decoding=\"async\" loading=\"lazy\" width=\"640\" height=\"640\" alt=\"\" class=\"wp-block-jetpack-slideshow_image wp-image-3080\" data-id=\"3080\" src=\"https:\/\/i0.wp.com\/lafuente.mx\/wp-content\/uploads\/2025\/07\/Efemerides-1125.jpg?resize=640%2C640\" srcset=\"https:\/\/i0.wp.com\/lafuente.mx\/wp-content\/uploads\/2025\/07\/Efemerides-1125.jpg?resize=1024%2C1024&amp;ssl=1 1024w, https:\/\/i0.wp.com\/lafuente.mx\/wp-content\/uploads\/2025\/07\/Efemerides-1125.jpg?resize=300%2C300&amp;ssl=1 300w, https:\/\/i0.wp.com\/lafuente.mx\/wp-content\/uploads\/2025\/07\/Efemerides-1125.jpg?resize=150%2C150&amp;ssl=1 150w, https:\/\/i0.wp.com\/lafuente.mx\/wp-content\/uploads\/2025\/07\/Efemerides-1125.jpg?resize=768%2C768&amp;ssl=1 768w, https:\/\/i0.wp.com\/lafuente.mx\/wp-content\/uploads\/2025\/07\/Efemerides-1125.jpg?resize=1536%2C1536&amp;ssl=1 1536w, https:\/\/i0.wp.com\/lafuente.mx\/wp-content\/uploads\/2025\/07\/Efemerides-1125.jpg?resize=2048%2C2048&amp;ssl=1 2048w, https:\/\/i0.wp.com\/lafuente.mx\/wp-content\/uploads\/2025\/07\/Efemerides-1125.jpg?w=1280 1280w, https:\/\/i0.wp.com\/lafuente.mx\/wp-content\/uploads\/2025\/07\/Efemerides-1125.jpg?w=1920 1920w\" sizes=\"(max-width: 640px) 100vw, 640px\" data-recalc-dims=\"1\" \/><\/figure><\/li><li class=\"wp-block-jetpack-slideshow_slide swiper-slide\"><figure><img decoding=\"async\" loading=\"lazy\" width=\"640\" height=\"640\" alt=\"\" class=\"wp-block-jetpack-slideshow_image wp-image-3081\" data-id=\"3081\" src=\"https:\/\/i0.wp.com\/lafuente.mx\/wp-content\/uploads\/2025\/07\/Efemerides-12.jpg?resize=640%2C640\" srcset=\"https:\/\/i0.wp.com\/lafuente.mx\/wp-content\/uploads\/2025\/07\/Efemerides-12.jpg?resize=1024%2C1024&amp;ssl=1 1024w, https:\/\/i0.wp.com\/lafuente.mx\/wp-content\/uploads\/2025\/07\/Efemerides-12.jpg?resize=300%2C300&amp;ssl=1 300w, https:\/\/i0.wp.com\/lafuente.mx\/wp-content\/uploads\/2025\/07\/Efemerides-12.jpg?resize=150%2C150&amp;ssl=1 150w, https:\/\/i0.wp.com\/lafuente.mx\/wp-content\/uploads\/2025\/07\/Efemerides-12.jpg?resize=768%2C768&amp;ssl=1 768w, https:\/\/i0.wp.com\/lafuente.mx\/wp-content\/uploads\/2025\/07\/Efemerides-12.jpg?resize=1536%2C1536&amp;ssl=1 1536w, https:\/\/i0.wp.com\/lafuente.mx\/wp-content\/uploads\/2025\/07\/Efemerides-12.jpg?resize=2048%2C2048&amp;ssl=1 2048w, https:\/\/i0.wp.com\/lafuente.mx\/wp-content\/uploads\/2025\/07\/Efemerides-12.jpg?w=1280 1280w, https:\/\/i0.wp.com\/lafuente.mx\/wp-content\/uploads\/2025\/07\/Efemerides-12.jpg?w=1920 1920w\" sizes=\"(max-width: 640px) 100vw, 640px\" data-recalc-dims=\"1\" \/><\/figure><\/li><li class=\"wp-block-jetpack-slideshow_slide swiper-slide\"><figure><img decoding=\"async\" loading=\"lazy\" width=\"640\" height=\"640\" alt=\"\" class=\"wp-block-jetpack-slideshow_image wp-image-3082\" data-id=\"3082\" src=\"https:\/\/i0.wp.com\/lafuente.mx\/wp-content\/uploads\/2025\/07\/Efemerides-15.jpg?resize=640%2C640\" srcset=\"https:\/\/i0.wp.com\/lafuente.mx\/wp-content\/uploads\/2025\/07\/Efemerides-15.jpg?resize=1024%2C1024&amp;ssl=1 1024w, https:\/\/i0.wp.com\/lafuente.mx\/wp-content\/uploads\/2025\/07\/Efemerides-15.jpg?resize=300%2C300&amp;ssl=1 300w, https:\/\/i0.wp.com\/lafuente.mx\/wp-content\/uploads\/2025\/07\/Efemerides-15.jpg?resize=150%2C150&amp;ssl=1 150w, https:\/\/i0.wp.com\/lafuente.mx\/wp-content\/uploads\/2025\/07\/Efemerides-15.jpg?resize=768%2C768&amp;ssl=1 768w, https:\/\/i0.wp.com\/lafuente.mx\/wp-content\/uploads\/2025\/07\/Efemerides-15.jpg?resize=1536%2C1536&amp;ssl=1 1536w, https:\/\/i0.wp.com\/lafuente.mx\/wp-content\/uploads\/2025\/07\/Efemerides-15.jpg?resize=2048%2C2048&amp;ssl=1 2048w, https:\/\/i0.wp.com\/lafuente.mx\/wp-content\/uploads\/2025\/07\/Efemerides-15.jpg?w=1280 1280w, https:\/\/i0.wp.com\/lafuente.mx\/wp-content\/uploads\/2025\/07\/Efemerides-15.jpg?w=1920 1920w\" sizes=\"(max-width: 640px) 100vw, 640px\" data-recalc-dims=\"1\" \/><\/figure><\/li><li class=\"wp-block-jetpack-slideshow_slide swiper-slide\"><figure><img decoding=\"async\" loading=\"lazy\" width=\"640\" height=\"640\" alt=\"\" class=\"wp-block-jetpack-slideshow_image wp-image-3083\" data-id=\"3083\" src=\"https:\/\/i0.wp.com\/lafuente.mx\/wp-content\/uploads\/2025\/07\/Efemerides-16.jpg?resize=640%2C640\" srcset=\"https:\/\/i0.wp.com\/lafuente.mx\/wp-content\/uploads\/2025\/07\/Efemerides-16.jpg?resize=1024%2C1024&amp;ssl=1 1024w, https:\/\/i0.wp.com\/lafuente.mx\/wp-content\/uploads\/2025\/07\/Efemerides-16.jpg?resize=300%2C300&amp;ssl=1 300w, https:\/\/i0.wp.com\/lafuente.mx\/wp-content\/uploads\/2025\/07\/Efemerides-16.jpg?resize=150%2C150&amp;ssl=1 150w, https:\/\/i0.wp.com\/lafuente.mx\/wp-content\/uploads\/2025\/07\/Efemerides-16.jpg?resize=768%2C768&amp;ssl=1 768w, https:\/\/i0.wp.com\/lafuente.mx\/wp-content\/uploads\/2025\/07\/Efemerides-16.jpg?resize=1536%2C1536&amp;ssl=1 1536w, https:\/\/i0.wp.com\/lafuente.mx\/wp-content\/uploads\/2025\/07\/Efemerides-16.jpg?resize=2048%2C2048&amp;ssl=1 2048w, https:\/\/i0.wp.com\/lafuente.mx\/wp-content\/uploads\/2025\/07\/Efemerides-16.jpg?w=1280 1280w, https:\/\/i0.wp.com\/lafuente.mx\/wp-content\/uploads\/2025\/07\/Efemerides-16.jpg?w=1920 1920w\" sizes=\"(max-width: 640px) 100vw, 640px\" data-recalc-dims=\"1\" \/><\/figure><\/li><li class=\"wp-block-jetpack-slideshow_slide swiper-slide\"><figure><img decoding=\"async\" loading=\"lazy\" width=\"640\" height=\"640\" alt=\"\" class=\"wp-block-jetpack-slideshow_image wp-image-3084\" data-id=\"3084\" src=\"https:\/\/i0.wp.com\/lafuente.mx\/wp-content\/uploads\/2025\/07\/Efemerides-17.jpg?resize=640%2C640\" srcset=\"https:\/\/i0.wp.com\/lafuente.mx\/wp-content\/uploads\/2025\/07\/Efemerides-17.jpg?resize=1024%2C1024&amp;ssl=1 1024w, https:\/\/i0.wp.com\/lafuente.mx\/wp-content\/uploads\/2025\/07\/Efemerides-17.jpg?resize=300%2C300&amp;ssl=1 300w, https:\/\/i0.wp.com\/lafuente.mx\/wp-content\/uploads\/2025\/07\/Efemerides-17.jpg?resize=150%2C150&amp;ssl=1 150w, https:\/\/i0.wp.com\/lafuente.mx\/wp-content\/uploads\/2025\/07\/Efemerides-17.jpg?resize=768%2C768&amp;ssl=1 768w, https:\/\/i0.wp.com\/lafuente.mx\/wp-content\/uploads\/2025\/07\/Efemerides-17.jpg?resize=1536%2C1536&amp;ssl=1 1536w, https:\/\/i0.wp.com\/lafuente.mx\/wp-content\/uploads\/2025\/07\/Efemerides-17.jpg?resize=2048%2C2048&amp;ssl=1 2048w, https:\/\/i0.wp.com\/lafuente.mx\/wp-content\/uploads\/2025\/07\/Efemerides-17.jpg?w=1280 1280w, https:\/\/i0.wp.com\/lafuente.mx\/wp-content\/uploads\/2025\/07\/Efemerides-17.jpg?w=1920 1920w\" sizes=\"(max-width: 640px) 100vw, 640px\" data-recalc-dims=\"1\" \/><\/figure><\/li><\/ul><a class=\"wp-block-jetpack-slideshow_button-prev swiper-button-prev swiper-button-white\" role=\"button\"><\/a><a class=\"wp-block-jetpack-slideshow_button-next swiper-button-next swiper-button-white\" role=\"button\"><\/a><a aria-label=\"Pause Slideshow\" class=\"wp-block-jetpack-slideshow_button-pause\" role=\"button\"><\/a><div class=\"wp-block-jetpack-slideshow_pagination swiper-pagination swiper-pagination-white\"><\/div><\/div><\/div>\n","protected":false},"excerpt":{"rendered":"<p>FEBRERO 2025 Este febrero celebramos el d\u00e9cimo aniversario del \ud835\udc03\ud835\udc22\u0301\ud835\udc1a \ud835\udc08\ud835\udc27\ud835\udc2d\ud835\udc1e\ud835\udc2b\ud835\udc27\ud835\udc1a\ud835\udc1c\ud835\udc22\ud835\udc28\ud835\udc27\ud835\udc1a\ud835\udc25 \ud835\udc1d\ud835\udc1e \ud835\udc25\ud835\udc1a \ud835\udc0c\ud835\udc2e\ud835\udc23\ud835\udc1e\ud835\udc2b \ud835\udc32 \ud835\udc25\ud835\udc1a \ud835\udc0d\ud835\udc22\ud835\udc27\u0303\ud835\udc1a \ud835\udc1e\ud835\udc27 \ud835\udc25\ud835\udc1a \ud835\udc02\ud835\udc22\ud835\udc1e\ud835\udc27\ud835\udc1c\ud835\udc22\ud835\udc1a.Hoy queremos destacar a las mujeres<\/p>\n","protected":false},"author":3,"featured_media":3068,"comment_status":"closed","ping_status":"closed","sticky":false,"template":"","format":"standard","meta":{"footnotes":"","jetpack_publicize_message":"","jetpack_is_tweetstorm":false,"jetpack_publicize_feature_enabled":true},"categories":[979],"tags":[98,21,988,32],"jetpack_publicize_connections":[],"yoast_head":"<!-- This site is optimized with the Yoast SEO plugin v19.4 - https:\/\/yoast.com\/wordpress\/plugins\/seo\/ -->\n<title>Tema del mes: Mujeres y ni\u00f1as en la ciencia -<\/title>\n<meta name=\"description\" content=\"Queremos destacar a las mujeres de nuestro Instituto que desarrollan su trabajo en el INPRFM\" \/>\n<meta name=\"robots\" content=\"index, follow, max-snippet:-1, max-image-preview:large, max-video-preview:-1\" \/>\n<link rel=\"canonical\" href=\"https:\/\/lafuente.mx\/?p=3067\" \/>\n<meta property=\"og:locale\" content=\"es_MX\" \/>\n<meta property=\"og:type\" content=\"article\" \/>\n<meta property=\"og:title\" content=\"\ud835\udc03\ud835\udc22\u0301\ud835\udc1a \ud835\udc08\ud835\udc27\ud835\udc2d\ud835\udc1e\ud835\udc2b\ud835\udc27\ud835\udc1a\ud835\udc1c\ud835\udc22\ud835\udc28\ud835\udc27\ud835\udc1a\ud835\udc25 \ud835\udc1d\ud835\udc1e \ud835\udc25\ud835\udc1a \ud835\udc0c\ud835\udc2e\ud835\udc23\ud835\udc1e\ud835\udc2b \ud835\udc32 \ud835\udc25\ud835\udc1a \ud835\udc0d\ud835\udc22\ud835\udc27\u0303\ud835\udc1a \ud835\udc1e\ud835\udc27 \ud835\udc25\ud835\udc1a \ud835\udc02\ud835\udc22\ud835\udc1e\ud835\udc27\ud835\udc1c\ud835\udc22\ud835\udc1a\" \/>\n<meta property=\"og:description\" content=\"Queremos destacar a las mujeres de nuestro Instituto que desarrollan su trabajo en el INPRFM\" \/>\n<meta property=\"og:url\" content=\"https:\/\/lafuente.mx\/?p=3067\" \/>\n<meta property=\"article:published_time\" content=\"2025-07-10T18:27:21+00:00\" \/>\n<meta property=\"article:modified_time\" content=\"2025-07-10T18:27:23+00:00\" \/>\n<meta property=\"og:image\" content=\"http:\/\/lafuente.mx\/wp-content\/uploads\/2025\/07\/Efemerides_Mesa-de-trabajo-1.jpg\" \/>\n\t<meta property=\"og:image:width\" content=\"2250\" \/>\n\t<meta property=\"og:image:height\" content=\"2250\" \/>\n\t<meta property=\"og:image:type\" content=\"image\/jpeg\" \/>\n<meta name=\"author\" content=\"Claudia Gallardo\" \/>\n<meta name=\"twitter:card\" content=\"summary_large_image\" \/>\n<meta name=\"twitter:title\" content=\"\ud835\udc03\ud835\udc22\u0301\ud835\udc1a \ud835\udc08\ud835\udc27\ud835\udc2d\ud835\udc1e\ud835\udc2b\ud835\udc27\ud835\udc1a\ud835\udc1c\ud835\udc22\ud835\udc28\ud835\udc27\ud835\udc1a\ud835\udc25 \ud835\udc1d\ud835\udc1e \ud835\udc25\ud835\udc1a \ud835\udc0c\ud835\udc2e\ud835\udc23\ud835\udc1e\ud835\udc2b \ud835\udc32 \ud835\udc25\ud835\udc1a \ud835\udc0d\ud835\udc22\ud835\udc27\u0303\ud835\udc1a \ud835\udc1e\ud835\udc27 \ud835\udc25\ud835\udc1a \ud835\udc02\ud835\udc22\ud835\udc1e\ud835\udc27\ud835\udc1c\ud835\udc22\ud835\udc1a\" \/>\n<meta name=\"twitter:description\" content=\"Queremos destacar a las mujeres de nuestro Instituto que desarrollan su trabajo en el INPRFM\" \/>\n<meta name=\"twitter:image\" content=\"https:\/\/i0.wp.com\/lafuente.mx\/wp-content\/uploads\/2025\/07\/Efemerides_Mesa-de-trabajo-1.jpg?fit=2250%2C2250&ssl=1\" \/>\n<meta name=\"twitter:label1\" content=\"Escrito por\" \/>\n\t<meta name=\"twitter:data1\" content=\"Claudia Gallardo\" \/>\n<script type=\"application\/ld+json\" class=\"yoast-schema-graph\">{\"@context\":\"https:\/\/schema.org\",\"@graph\":[{\"@type\":\"WebSite\",\"@id\":\"https:\/\/lafuente.mx\/#website\",\"url\":\"https:\/\/lafuente.mx\/\",\"name\":\"\",\"description\":\"Informaci\u00f3n confiable sobre salud mental\",\"potentialAction\":[{\"@type\":\"SearchAction\",\"target\":{\"@type\":\"EntryPoint\",\"urlTemplate\":\"https:\/\/lafuente.mx\/?s={search_term_string}\"},\"query-input\":\"required name=search_term_string\"}],\"inLanguage\":\"es-MX\"},{\"@type\":\"WebPage\",\"@id\":\"https:\/\/lafuente.mx\/?p=3067\",\"url\":\"https:\/\/lafuente.mx\/?p=3067\",\"name\":\"Tema del mes: Mujeres y ni\u00f1as en la ciencia -\",\"isPartOf\":{\"@id\":\"https:\/\/lafuente.mx\/#website\"},\"datePublished\":\"2025-07-10T18:27:21+00:00\",\"dateModified\":\"2025-07-10T18:27:23+00:00\",\"author\":{\"@id\":\"https:\/\/lafuente.mx\/#\/schema\/person\/603f3aa8e2f6f7879021ab722d39d6b0\"},\"description\":\"Queremos destacar a las mujeres de nuestro Instituto que desarrollan su trabajo en el INPRFM\",\"breadcrumb\":{\"@id\":\"https:\/\/lafuente.mx\/?p=3067#breadcrumb\"},\"inLanguage\":\"es-MX\",\"potentialAction\":[{\"@type\":\"ReadAction\",\"target\":[\"https:\/\/lafuente.mx\/?p=3067\"]}]},{\"@type\":\"BreadcrumbList\",\"@id\":\"https:\/\/lafuente.mx\/?p=3067#breadcrumb\",\"itemListElement\":[{\"@type\":\"ListItem\",\"position\":1,\"name\":\"Inicio\",\"item\":\"https:\/\/lafuente.mx\/\"},{\"@type\":\"ListItem\",\"position\":2,\"name\":\"Tema del mes: Mujeres y ni\u00f1as en la ciencia\"}]},{\"@type\":\"Person\",\"@id\":\"https:\/\/lafuente.mx\/#\/schema\/person\/603f3aa8e2f6f7879021ab722d39d6b0\",\"name\":\"Claudia Gallardo\",\"image\":{\"@type\":\"ImageObject\",\"inLanguage\":\"es-MX\",\"@id\":\"https:\/\/lafuente.mx\/#\/schema\/person\/image\/\",\"url\":\"https:\/\/secure.gravatar.com\/avatar\/bfe9c966af1ccfb9d17bcdb9d04e8815?s=96&d=mm&r=g\",\"contentUrl\":\"https:\/\/secure.gravatar.com\/avatar\/bfe9c966af1ccfb9d17bcdb9d04e8815?s=96&d=mm&r=g\",\"caption\":\"Claudia Gallardo\"},\"url\":\"https:\/\/lafuente.mx\/?author=3\"}]}<\/script>\n<!-- \/ Yoast SEO plugin. -->","yoast_head_json":{"title":"Tema del mes: Mujeres y ni\u00f1as en la ciencia -","description":"Queremos destacar a las mujeres de nuestro Instituto que desarrollan su trabajo en el INPRFM","robots":{"index":"index","follow":"follow","max-snippet":"max-snippet:-1","max-image-preview":"max-image-preview:large","max-video-preview":"max-video-preview:-1"},"canonical":"https:\/\/lafuente.mx\/?p=3067","og_locale":"es_MX","og_type":"article","og_title":"\ud835\udc03\ud835\udc22\u0301\ud835\udc1a \ud835\udc08\ud835\udc27\ud835\udc2d\ud835\udc1e\ud835\udc2b\ud835\udc27\ud835\udc1a\ud835\udc1c\ud835\udc22\ud835\udc28\ud835\udc27\ud835\udc1a\ud835\udc25 \ud835\udc1d\ud835\udc1e \ud835\udc25\ud835\udc1a \ud835\udc0c\ud835\udc2e\ud835\udc23\ud835\udc1e\ud835\udc2b \ud835\udc32 \ud835\udc25\ud835\udc1a \ud835\udc0d\ud835\udc22\ud835\udc27\u0303\ud835\udc1a \ud835\udc1e\ud835\udc27 \ud835\udc25\ud835\udc1a \ud835\udc02\ud835\udc22\ud835\udc1e\ud835\udc27\ud835\udc1c\ud835\udc22\ud835\udc1a","og_description":"Queremos destacar a las mujeres de nuestro Instituto que desarrollan su trabajo en el INPRFM","og_url":"https:\/\/lafuente.mx\/?p=3067","article_published_time":"2025-07-10T18:27:21+00:00","article_modified_time":"2025-07-10T18:27:23+00:00","og_image":[{"width":2250,"height":2250,"url":"http:\/\/lafuente.mx\/wp-content\/uploads\/2025\/07\/Efemerides_Mesa-de-trabajo-1.jpg","type":"image\/jpeg"}],"author":"Claudia Gallardo","twitter_card":"summary_large_image","twitter_title":"\ud835\udc03\ud835\udc22\u0301\ud835\udc1a \ud835\udc08\ud835\udc27\ud835\udc2d\ud835\udc1e\ud835\udc2b\ud835\udc27\ud835\udc1a\ud835\udc1c\ud835\udc22\ud835\udc28\ud835\udc27\ud835\udc1a\ud835\udc25 \ud835\udc1d\ud835\udc1e \ud835\udc25\ud835\udc1a \ud835\udc0c\ud835\udc2e\ud835\udc23\ud835\udc1e\ud835\udc2b \ud835\udc32 \ud835\udc25\ud835\udc1a \ud835\udc0d\ud835\udc22\ud835\udc27\u0303\ud835\udc1a \ud835\udc1e\ud835\udc27 \ud835\udc25\ud835\udc1a \ud835\udc02\ud835\udc22\ud835\udc1e\ud835\udc27\ud835\udc1c\ud835\udc22\ud835\udc1a","twitter_description":"Queremos destacar a las mujeres de nuestro Instituto que desarrollan su trabajo en el INPRFM","twitter_image":"https:\/\/i0.wp.com\/lafuente.mx\/wp-content\/uploads\/2025\/07\/Efemerides_Mesa-de-trabajo-1.jpg?fit=2250%2C2250&ssl=1","twitter_misc":{"Escrito por":"Claudia Gallardo"},"schema":{"@context":"https:\/\/schema.org","@graph":[{"@type":"WebSite","@id":"https:\/\/lafuente.mx\/#website","url":"https:\/\/lafuente.mx\/","name":"","description":"Informaci\u00f3n confiable sobre salud mental","potentialAction":[{"@type":"SearchAction","target":{"@type":"EntryPoint","urlTemplate":"https:\/\/lafuente.mx\/?s={search_term_string}"},"query-input":"required name=search_term_string"}],"inLanguage":"es-MX"},{"@type":"WebPage","@id":"https:\/\/lafuente.mx\/?p=3067","url":"https:\/\/lafuente.mx\/?p=3067","name":"Tema del mes: Mujeres y ni\u00f1as en la ciencia -","isPartOf":{"@id":"https:\/\/lafuente.mx\/#website"},"datePublished":"2025-07-10T18:27:21+00:00","dateModified":"2025-07-10T18:27:23+00:00","author":{"@id":"https:\/\/lafuente.mx\/#\/schema\/person\/603f3aa8e2f6f7879021ab722d39d6b0"},"description":"Queremos destacar a las mujeres de nuestro Instituto que desarrollan su trabajo en el INPRFM","breadcrumb":{"@id":"https:\/\/lafuente.mx\/?p=3067#breadcrumb"},"inLanguage":"es-MX","potentialAction":[{"@type":"ReadAction","target":["https:\/\/lafuente.mx\/?p=3067"]}]},{"@type":"BreadcrumbList","@id":"https:\/\/lafuente.mx\/?p=3067#breadcrumb","itemListElement":[{"@type":"ListItem","position":1,"name":"Inicio","item":"https:\/\/lafuente.mx\/"},{"@type":"ListItem","position":2,"name":"Tema del mes: Mujeres y ni\u00f1as en la ciencia"}]},{"@type":"Person","@id":"https:\/\/lafuente.mx\/#\/schema\/person\/603f3aa8e2f6f7879021ab722d39d6b0","name":"Claudia Gallardo","image":{"@type":"ImageObject","inLanguage":"es-MX","@id":"https:\/\/lafuente.mx\/#\/schema\/person\/image\/","url":"https:\/\/secure.gravatar.com\/avatar\/bfe9c966af1ccfb9d17bcdb9d04e8815?s=96&d=mm&r=g","contentUrl":"https:\/\/secure.gravatar.com\/avatar\/bfe9c966af1ccfb9d17bcdb9d04e8815?s=96&d=mm&r=g","caption":"Claudia Gallardo"},"url":"https:\/\/lafuente.mx\/?author=3"}]}},"jetpack_featured_media_url":"https:\/\/i0.wp.com\/lafuente.mx\/wp-content\/uploads\/2025\/07\/Efemerides_Mesa-de-trabajo-1.jpg?fit=2250%2C2250&ssl=1","jetpack-related-posts":[{"id":700,"url":"https:\/\/lafuente.mx\/?p=700","url_meta":{"origin":3067,"position":0},"title":"D\u00eda Internacional de la Mujer y la Ni\u00f1a en la Ciencia","date":"febrero 1, 2023","format":false,"excerpt":"11 de febrero \u00bfPor qu\u00e9 dedicamos un d\u00eda a la mujer y la ni\u00f1a en la ciencia?\u00a0 La igualdad de g\u00e9nero ha sido siempre un tema central de las Naciones Unidas. La igualdad entre los g\u00e9neros y el empoderamiento de las mujeres y las ni\u00f1as contribuir\u00e1n decisivamente no solo al\u2026","rel":"","context":"En &quot;Efem\u00e9rides de Salud Mental&quot;","img":{"alt_text":"drug, sars, coronavirus-4981310.jpg","src":"https:\/\/i0.wp.com\/lafuente.mx\/wp-content\/uploads\/2023\/02\/drug-sars-coronavirus-4981310.jpg?fit=800%2C1200&ssl=1&resize=350%2C200","width":350,"height":200},"classes":[]},{"id":3412,"url":"https:\/\/lafuente.mx\/?p=3412","url_meta":{"origin":3067,"position":1},"title":"D\u00eda del m\u00e9dico","date":"octubre 23, 2025","format":false,"excerpt":"23 de octubre El D\u00eda del M\u00e9dico en M\u00e9xico se celebra cada\u00a023 de octubre\u00a0en conmemoraci\u00f3n de la creaci\u00f3n del Establecimiento de Ciencias M\u00e9dicas en 1833. Esta fecha fue elegida para honrar la labor m\u00e9dica y coincide con la inauguraci\u00f3n de esta instituci\u00f3n, que es un antecedente de la actual Facultad\u2026","rel":"","context":"En &quot;Efem\u00e9rides de Salud Mental&quot;","img":{"alt_text":"","src":"https:\/\/i0.wp.com\/lafuente.mx\/wp-content\/uploads\/2025\/10\/Captura-de-pantalla-2025-10-20-a-las-14.17.59.png?fit=1200%2C777&ssl=1&resize=350%2C200","width":350,"height":200},"classes":[]},{"id":1206,"url":"https:\/\/lafuente.mx\/?p=1206","url_meta":{"origin":3067,"position":2},"title":"En M\u00e9xico, dos de cada diez mujeres presentan depresi\u00f3n durante el embarazo o despu\u00e9s del parto\u00a0","date":"mayo 12, 2023","format":false,"excerpt":"En M\u00e9xico, dos de cada 10 mujeres\u00a0desarrollan\u00a0depresi\u00f3n\u00a0durante el embarazo y\u00a0durante\u00a0el primer a\u00f1o tras el parto,\u00a0y 75 por ciento\u00a0de ellas\u00a0no son diagnosticadas, no\u00a0reciben el tratamiento ni la atenci\u00f3n adecuada,\u00a0inform\u00f3\u00a0la investigadora en Ciencias M\u00e9dicas\u00a0del\u00a0Instituto Nacional de Psiquiatr\u00eda\u00a0Ram\u00f3n de la Fuente Mu\u00f1iz (INPRFM), Laura Elena Navarrete Reyes.\u00a0 Dijo que la falta de atenci\u00f3n\u2026","rel":"","context":"En &quot;Noticias&quot;","img":{"alt_text":"","src":"https:\/\/i0.wp.com\/lafuente.mx\/wp-content\/uploads\/2023\/05\/depresion_postparto.png?fit=1200%2C675&ssl=1&resize=350%2C200","width":350,"height":200},"classes":[]},{"id":3441,"url":"https:\/\/lafuente.mx\/?p=3441","url_meta":{"origin":3067,"position":3},"title":"Eficacia de la terapia cognitivo conductual centrada en el trauma en mujeres v\u00edctimas de violencia sexual: una revisi\u00f3n sistem\u00e1tica\u00a0","date":"octubre 30, 2025","format":false,"excerpt":"Volume 48, Issue 4, July-August 2025\u00a0 Dulce D\u00edaz\u00a0 Laboratorio de Psicolog\u00eda e Innovaci\u00f3n tecnol\u00f3gica, Facultad de Estudios Superiores Iztacala, Universidad Nacional Aut\u00f3noma de M\u00e9xico, Tlalnepantla, Edomex, M\u00e9xico; Divisi\u00f3n de Ciencias Biol\u00f3gicas y Salud, Universidad Aut\u00f3noma Metropolita, Unidad Lerma, Lerma, Edomex, M\u00e9xico.\u00a0 Anabel De la Rosa G\u00f3mez\u00a0 Laboratorio de Psicolog\u00eda e\u2026","rel":"","context":"En &quot;Revista Salud Mental&quot;","img":{"alt_text":"","src":"https:\/\/i0.wp.com\/lafuente.mx\/wp-content\/uploads\/2025\/10\/mujeres.jpg?fit=1046%2C921&ssl=1&resize=350%2C200","width":350,"height":200},"classes":[]},{"id":2683,"url":"https:\/\/lafuente.mx\/?p=2683","url_meta":{"origin":3067,"position":4},"title":"Por la eliminaci\u00f3n de la violencia contra las mujeres y las ni\u00f1as en la formaci\u00f3n y la pr\u00e1ctica m\u00e9dica\u00a0","date":"diciembre 3, 2024","format":false,"excerpt":"Nov 28, 2024\u00a0|\u00a0Academia\u00a0 Como parte de las actividades que realiza la Facultad de Medicina de la UNAM en el marco de la conmemoraci\u00f3n del D\u00eda Internacional de la Eliminaci\u00f3n de la Violencia contra las Mujeres y las Ni\u00f1as,\u00a0se realiz\u00f3 el conversatorio \u201cPor la Eliminaci\u00f3n de la Violencia contra las Mujeres\u2026","rel":"","context":"En &quot;Noticias&quot;","img":{"alt_text":"","src":"https:\/\/i0.wp.com\/lafuente.mx\/wp-content\/uploads\/2024\/12\/Captura-de-pantalla-2024-12-03-a-las-9.34.47.png?fit=1200%2C816&ssl=1&resize=350%2C200","width":350,"height":200},"classes":[]},{"id":807,"url":"https:\/\/lafuente.mx\/?p=807","url_meta":{"origin":3067,"position":5},"title":"Convocatoria de Maestr\u00eda y Doctorado en Ciencias de la Salud\u00a0","date":"febrero 9, 2023","format":false,"excerpt":"Foto INPRFM Foto INPRFM Foto INPRFM Campo del Conocimiento: Salud Mental P\u00fablica\u00a0 La salud mental es fundamental en el desarrollo equilibrado de la vida, siendo pieza clave en las relaciones interpersonales, la vida familiar y la integraci\u00f3n social. Este factor es de vital importancia para la inclusi\u00f3n social y la\u2026","rel":"","context":"En &quot;Cursos&quot;","img":{"alt_text":"","src":"https:\/\/i0.wp.com\/lafuente.mx\/wp-content\/uploads\/2023\/02\/DSC_0290-scaled.jpg?fit=1200%2C797&ssl=1&resize=350%2C200","width":350,"height":200},"classes":[]}],"jetpack_sharing_enabled":true,"jetpack_shortlink":"https:\/\/wp.me\/pe9WUx-Nt","_links":{"self":[{"href":"https:\/\/lafuente.mx\/index.php?rest_route=\/wp\/v2\/posts\/3067"}],"collection":[{"href":"https:\/\/lafuente.mx\/index.php?rest_route=\/wp\/v2\/posts"}],"about":[{"href":"https:\/\/lafuente.mx\/index.php?rest_route=\/wp\/v2\/types\/post"}],"author":[{"embeddable":true,"href":"https:\/\/lafuente.mx\/index.php?rest_route=\/wp\/v2\/users\/3"}],"replies":[{"embeddable":true,"href":"https:\/\/lafuente.mx\/index.php?rest_route=%2Fwp%2Fv2%2Fcomments&post=3067"}],"version-history":[{"count":1,"href":"https:\/\/lafuente.mx\/index.php?rest_route=\/wp\/v2\/posts\/3067\/revisions"}],"predecessor-version":[{"id":3085,"href":"https:\/\/lafuente.mx\/index.php?rest_route=\/wp\/v2\/posts\/3067\/revisions\/3085"}],"wp:featuredmedia":[{"embeddable":true,"href":"https:\/\/lafuente.mx\/index.php?rest_route=\/wp\/v2\/media\/3068"}],"wp:attachment":[{"href":"https:\/\/lafuente.mx\/index.php?rest_route=%2Fwp%2Fv2%2Fmedia&parent=3067"}],"wp:term":[{"taxonomy":"category","embeddable":true,"href":"https:\/\/lafuente.mx\/index.php?rest_route=%2Fwp%2Fv2%2Fcategories&post=3067"},{"taxonomy":"post_tag","embeddable":true,"href":"https:\/\/lafuente.mx\/index.php?rest_route=%2Fwp%2Fv2%2Ftags&post=3067"}],"curies":[{"name":"wp","href":"https:\/\/api.w.org\/{rel}","templated":true}]}}