{"id":3022,"date":"2025-07-08T17:29:11","date_gmt":"2025-07-08T17:29:11","guid":{"rendered":"https:\/\/lafuente.mx\/?p=3022"},"modified":"2025-08-21T16:01:46","modified_gmt":"2025-08-21T16:01:46","slug":"borrador-automatico-prevencion-de-la-depresion-en-mujeres-3","status":"publish","type":"post","link":"https:\/\/lafuente.mx\/?p=3022","title":{"rendered":"Prevenci\u00f3n de la depresi\u00f3n en mujeres"},"content":{"rendered":"\n<hr class=\"wp-block-separator has-text-color has-pale-pink-color has-alpha-channel-opacity has-pale-pink-background-color has-background is-style-dots\"\/>\n\n\n\n<p class=\"has-text-align-center has-text-color has-larger-font-size\" style=\"color:#fa6adb\"><strong>Curso h\u00edbrido<\/strong><\/p>\n\n\n\n<p class=\"has-text-align-center has-text-color has-large-font-size\" style=\"color:#fa6adb\"><strong>Del 4 de agosto al 5 de octubre de 2025<\/strong><\/p>\n\n\n\n<p class=\"has-medium-font-size\"><strong>Coordinadora acad\u00e9mica:<\/strong><br>Dra. Ma. Asunci\u00f3n Lara Cant\u00fa<\/p>\n\n\n\n<p class=\"has-medium-font-size\"><strong>Tutora<\/strong><br>Mtra. en Psic. Maricarmen Acevedo Corona<\/p>\n\n\n\n<hr class=\"wp-block-separator has-text-color has-pale-pink-color has-alpha-channel-opacity has-pale-pink-background-color has-background is-style-dots\"\/>\n\n\n<div class=\"wp-block-image\">\n<figure class=\"aligncenter size-full is-resized\"><img decoding=\"async\" loading=\"lazy\" width=\"640\" height=\"483\" src=\"https:\/\/i0.wp.com\/lafuente.mx\/wp-content\/uploads\/2025\/07\/Depresion-mujer.jpg?resize=640%2C483&#038;ssl=1\" alt=\"\" class=\"wp-image-3023\" style=\"aspect-ratio:1.324607329842932;width:711px;height:auto\" srcset=\"https:\/\/i0.wp.com\/lafuente.mx\/wp-content\/uploads\/2025\/07\/Depresion-mujer.jpg?w=759&amp;ssl=1 759w, https:\/\/i0.wp.com\/lafuente.mx\/wp-content\/uploads\/2025\/07\/Depresion-mujer.jpg?resize=300%2C226&amp;ssl=1 300w\" sizes=\"(max-width: 640px) 100vw, 640px\" data-recalc-dims=\"1\" \/><\/figure><\/div>\n\n\n<p class=\"has-text-color has-medium-font-size\" style=\"color:#f85ba9\"><strong>Dirigido a<\/strong><\/p>\n\n\n\n<p class=\"has-medium-font-size\">Profesionales de la salud y disciplinas psicosociales. Preferentemente con experiencia en el manejo de grupos y conocimientos de psicopatolog\u00eda, estudios sobre la mujer y de g\u00e9nero<\/p>\n\n\n\n<p class=\"has-text-color has-medium-font-size\" style=\"color:#f85ba9\"><strong>Objetivo<\/strong><\/p>\n\n\n\n<p class=\"has-medium-font-size\">Capacitar a profesionales que trabajan con mujeres para aplicar una intervenci\u00f3n psicoeducativa para atender s\u00edntomas de depresi\u00f3n<\/p>\n\n\n\n<p class=\"has-text-color has-medium-font-size\" style=\"color:#f85ba9\"><a><\/a><strong>Tem\u00e1tica<\/strong><\/p>\n\n\n\n<p class=\"has-medium-font-size\">\u2022 Antecedentes y marco conceptual del Programa de Intervenci\u00f3n Psicoeducativa.<\/p>\n\n\n\n<p class=\"has-medium-font-size\">\u2022 Revisi\u00f3n del libro base: \u00a1Es dif\u00edcil ser mujer! Una gu\u00eda para entender y enfrentar la depresi\u00f3n.<\/p>\n\n\n\n<p class=\"has-medium-font-size\">\u2022 Caracter\u00edsticas y condiciones para la aplicaci\u00f3n del programa<\/p>\n\n\n\n<p class=\"has-text-color has-medium-font-size\" style=\"color:#f85ba9\"><strong>Modalidad<\/strong><\/p>\n\n\n\n<p class=\"has-medium-font-size\">H\u00edbrido, con la gu\u00eda y supervisi\u00f3n de una experta a trav\u00e9s de foros y reuniones virtuales, lectura de materiales y pr\u00e1cticas.<\/p>\n\n\n\n<hr class=\"wp-block-separator has-text-color has-pale-pink-color has-alpha-channel-opacity has-pale-pink-background-color has-background is-style-wide\"\/>\n\n\n\n<p class=\"has-small-font-size\"><strong>Constancia<\/strong> Por parte del Instituto Nacional de Psiquiatr\u00eda Ramon de la Fuente Mu\u00f1iz, con 40 horas de valor curricular.&nbsp;<\/p>\n\n\n\n<p class=\"has-small-font-size\"><strong>Costos:<\/strong> $5,000.00 (incluye materiales).<\/p>\n\n\n\n<p class=\"has-small-font-size\">Se podr\u00e1n otorgar becas parciales con base en circunstancias que lo justifiquen presentadas en la carta de motivos incluida en el formato de registro. 80% de beca para estudiantes (de posgrado y de los \u00faltimos 2 semestres de licenciatura) que incluye materiales y env\u00edo.<\/p>\n\n\n\n<hr class=\"wp-block-separator has-text-color has-pale-pink-color has-alpha-channel-opacity has-pale-pink-background-color has-background is-style-wide\"\/>\n\n\n\n<p class=\"has-text-align-center has-white-color has-pale-pink-background-color has-text-color has-background\">INFORMES<br><a href=\"mailto:mujeresydepresion@gmail.com\"><strong>mujeresydepresion@gmail.com<\/strong><\/a> y <a href=\"mailto:cursosdiep@inprf.gob.mx\"><strong>cursosdiep@inprf.gob.mx<\/strong><\/a><\/p>\n\n\n\n<div class=\"wp-block-buttons is-layout-flex wp-block-buttons-is-layout-flex\">\n<div class=\"wp-block-button\"><a class=\"wp-block-button__link has-pale-pink-background-color has-background wp-element-button\" href=\"https:\/\/docs.google.com\/forms\/d\/e\/1FAIpQLScfQkEPmoGMhrINWIe8huHbhSU_lz1XeZJ1g9VZwG3VjabGjg\/viewform\">Inscripciones<\/a><\/div>\n<\/div>\n","protected":false},"excerpt":{"rendered":"<p>Curso h\u00edbrido Del 4 de agosto al 5 de octubre de 2025 Coordinadora acad\u00e9mica:Dra. Ma. Asunci\u00f3n Lara Cant\u00fa TutoraMtra. en Psic. Maricarmen Acevedo Corona Dirigido<\/p>\n","protected":false},"author":3,"featured_media":3023,"comment_status":"closed","ping_status":"closed","sticky":false,"template":"","format":"standard","meta":{"footnotes":"","jetpack_publicize_message":"","jetpack_is_tweetstorm":false,"jetpack_publicize_feature_enabled":true},"categories":[4,6],"tags":[87,975,977,976,21,621,204,63,32,978],"jetpack_publicize_connections":[],"yoast_head":"<!-- This site is optimized with the Yoast SEO plugin v19.4 - https:\/\/yoast.com\/wordpress\/plugins\/seo\/ -->\n<title>Prevenci\u00f3n de la depresi\u00f3n en mujeres -<\/title>\n<meta name=\"description\" content=\"Curso en l\u00ednea, para capacitar a profesionales que trabajan con mujeres para aplicar una intervenci\u00f3n psicoeducativa para atender s\u00edntomas de depresi\u00f3n\" \/>\n<meta name=\"robots\" content=\"index, follow, max-snippet:-1, max-image-preview:large, max-video-preview:-1\" \/>\n<link rel=\"canonical\" href=\"https:\/\/lafuente.mx\/?p=3022\" \/>\n<meta property=\"og:locale\" content=\"es_MX\" \/>\n<meta property=\"og:type\" content=\"article\" \/>\n<meta property=\"og:title\" content=\"Prevenci\u00f3n de la depresi\u00f3n en mujeres\" \/>\n<meta property=\"og:description\" content=\"Curso en l\u00ednea, para capacitar a profesionales que trabajan con mujeres para aplicar una intervenci\u00f3n psicoeducativa para atender s\u00edntomas de depresi\u00f3n\" \/>\n<meta property=\"og:url\" content=\"https:\/\/lafuente.mx\/?p=3022\" \/>\n<meta property=\"article:published_time\" content=\"2025-07-08T17:29:11+00:00\" \/>\n<meta property=\"article:modified_time\" content=\"2025-08-21T16:01:46+00:00\" \/>\n<meta property=\"og:image\" content=\"http:\/\/lafuente.mx\/wp-content\/uploads\/2025\/07\/Depresion-mujer.jpg\" \/>\n\t<meta property=\"og:image:width\" content=\"759\" \/>\n\t<meta property=\"og:image:height\" content=\"573\" \/>\n\t<meta property=\"og:image:type\" content=\"image\/jpeg\" \/>\n<meta name=\"author\" content=\"Claudia Gallardo\" \/>\n<meta name=\"twitter:card\" content=\"summary_large_image\" \/>\n<meta name=\"twitter:title\" content=\"Prevenci\u00f3n de la depresi\u00f3n en mujeres\" \/>\n<meta name=\"twitter:description\" content=\"Curso en l\u00ednea, para capacitar a profesionales que trabajan con mujeres para aplicar una intervenci\u00f3n psicoeducativa para atender s\u00edntomas de depresi\u00f3n\" \/>\n<meta name=\"twitter:image\" content=\"https:\/\/i0.wp.com\/lafuente.mx\/wp-content\/uploads\/2025\/07\/Depresion-mujer.jpg?fit=759%2C573&ssl=1\" \/>\n<meta name=\"twitter:label1\" content=\"Escrito por\" \/>\n\t<meta name=\"twitter:data1\" content=\"Claudia Gallardo\" \/>\n\t<meta name=\"twitter:label2\" content=\"Tiempo de lectura\" \/>\n\t<meta name=\"twitter:data2\" content=\"1 minuto\" \/>\n<script type=\"application\/ld+json\" class=\"yoast-schema-graph\">{\"@context\":\"https:\/\/schema.org\",\"@graph\":[{\"@type\":\"WebSite\",\"@id\":\"https:\/\/lafuente.mx\/#website\",\"url\":\"https:\/\/lafuente.mx\/\",\"name\":\"\",\"description\":\"Informaci\u00f3n confiable sobre salud mental\",\"potentialAction\":[{\"@type\":\"SearchAction\",\"target\":{\"@type\":\"EntryPoint\",\"urlTemplate\":\"https:\/\/lafuente.mx\/?s={search_term_string}\"},\"query-input\":\"required name=search_term_string\"}],\"inLanguage\":\"es-MX\"},{\"@type\":\"WebPage\",\"@id\":\"https:\/\/lafuente.mx\/?p=3022\",\"url\":\"https:\/\/lafuente.mx\/?p=3022\",\"name\":\"Prevenci\u00f3n de la depresi\u00f3n en mujeres -\",\"isPartOf\":{\"@id\":\"https:\/\/lafuente.mx\/#website\"},\"datePublished\":\"2025-07-08T17:29:11+00:00\",\"dateModified\":\"2025-08-21T16:01:46+00:00\",\"author\":{\"@id\":\"https:\/\/lafuente.mx\/#\/schema\/person\/603f3aa8e2f6f7879021ab722d39d6b0\"},\"description\":\"Curso en l\u00ednea, para capacitar a profesionales que trabajan con mujeres para aplicar una intervenci\u00f3n psicoeducativa para atender s\u00edntomas de depresi\u00f3n\",\"breadcrumb\":{\"@id\":\"https:\/\/lafuente.mx\/?p=3022#breadcrumb\"},\"inLanguage\":\"es-MX\",\"potentialAction\":[{\"@type\":\"ReadAction\",\"target\":[\"https:\/\/lafuente.mx\/?p=3022\"]}]},{\"@type\":\"BreadcrumbList\",\"@id\":\"https:\/\/lafuente.mx\/?p=3022#breadcrumb\",\"itemListElement\":[{\"@type\":\"ListItem\",\"position\":1,\"name\":\"Inicio\",\"item\":\"https:\/\/lafuente.mx\/\"},{\"@type\":\"ListItem\",\"position\":2,\"name\":\"Prevenci\u00f3n de la depresi\u00f3n en mujeres\"}]},{\"@type\":\"Person\",\"@id\":\"https:\/\/lafuente.mx\/#\/schema\/person\/603f3aa8e2f6f7879021ab722d39d6b0\",\"name\":\"Claudia Gallardo\",\"image\":{\"@type\":\"ImageObject\",\"inLanguage\":\"es-MX\",\"@id\":\"https:\/\/lafuente.mx\/#\/schema\/person\/image\/\",\"url\":\"https:\/\/secure.gravatar.com\/avatar\/bfe9c966af1ccfb9d17bcdb9d04e8815?s=96&d=mm&r=g\",\"contentUrl\":\"https:\/\/secure.gravatar.com\/avatar\/bfe9c966af1ccfb9d17bcdb9d04e8815?s=96&d=mm&r=g\",\"caption\":\"Claudia Gallardo\"},\"url\":\"https:\/\/lafuente.mx\/?author=3\"}]}<\/script>\n<!-- \/ Yoast SEO plugin. -->","yoast_head_json":{"title":"Prevenci\u00f3n de la depresi\u00f3n en mujeres -","description":"Curso en l\u00ednea, para capacitar a profesionales que trabajan con mujeres para aplicar una intervenci\u00f3n psicoeducativa para atender s\u00edntomas de depresi\u00f3n","robots":{"index":"index","follow":"follow","max-snippet":"max-snippet:-1","max-image-preview":"max-image-preview:large","max-video-preview":"max-video-preview:-1"},"canonical":"https:\/\/lafuente.mx\/?p=3022","og_locale":"es_MX","og_type":"article","og_title":"Prevenci\u00f3n de la depresi\u00f3n en mujeres","og_description":"Curso en l\u00ednea, para capacitar a profesionales que trabajan con mujeres para aplicar una intervenci\u00f3n psicoeducativa para atender s\u00edntomas de depresi\u00f3n","og_url":"https:\/\/lafuente.mx\/?p=3022","article_published_time":"2025-07-08T17:29:11+00:00","article_modified_time":"2025-08-21T16:01:46+00:00","og_image":[{"width":759,"height":573,"url":"http:\/\/lafuente.mx\/wp-content\/uploads\/2025\/07\/Depresion-mujer.jpg","type":"image\/jpeg"}],"author":"Claudia Gallardo","twitter_card":"summary_large_image","twitter_title":"Prevenci\u00f3n de la depresi\u00f3n en mujeres","twitter_description":"Curso en l\u00ednea, para capacitar a profesionales que trabajan con mujeres para aplicar una intervenci\u00f3n psicoeducativa para atender s\u00edntomas de depresi\u00f3n","twitter_image":"https:\/\/i0.wp.com\/lafuente.mx\/wp-content\/uploads\/2025\/07\/Depresion-mujer.jpg?fit=759%2C573&ssl=1","twitter_misc":{"Escrito por":"Claudia Gallardo","Tiempo de lectura":"1 minuto"},"schema":{"@context":"https:\/\/schema.org","@graph":[{"@type":"WebSite","@id":"https:\/\/lafuente.mx\/#website","url":"https:\/\/lafuente.mx\/","name":"","description":"Informaci\u00f3n confiable sobre salud mental","potentialAction":[{"@type":"SearchAction","target":{"@type":"EntryPoint","urlTemplate":"https:\/\/lafuente.mx\/?s={search_term_string}"},"query-input":"required name=search_term_string"}],"inLanguage":"es-MX"},{"@type":"WebPage","@id":"https:\/\/lafuente.mx\/?p=3022","url":"https:\/\/lafuente.mx\/?p=3022","name":"Prevenci\u00f3n de la depresi\u00f3n en mujeres -","isPartOf":{"@id":"https:\/\/lafuente.mx\/#website"},"datePublished":"2025-07-08T17:29:11+00:00","dateModified":"2025-08-21T16:01:46+00:00","author":{"@id":"https:\/\/lafuente.mx\/#\/schema\/person\/603f3aa8e2f6f7879021ab722d39d6b0"},"description":"Curso en l\u00ednea, para capacitar a profesionales que trabajan con mujeres para aplicar una intervenci\u00f3n psicoeducativa para atender s\u00edntomas de depresi\u00f3n","breadcrumb":{"@id":"https:\/\/lafuente.mx\/?p=3022#breadcrumb"},"inLanguage":"es-MX","potentialAction":[{"@type":"ReadAction","target":["https:\/\/lafuente.mx\/?p=3022"]}]},{"@type":"BreadcrumbList","@id":"https:\/\/lafuente.mx\/?p=3022#breadcrumb","itemListElement":[{"@type":"ListItem","position":1,"name":"Inicio","item":"https:\/\/lafuente.mx\/"},{"@type":"ListItem","position":2,"name":"Prevenci\u00f3n de la depresi\u00f3n en mujeres"}]},{"@type":"Person","@id":"https:\/\/lafuente.mx\/#\/schema\/person\/603f3aa8e2f6f7879021ab722d39d6b0","name":"Claudia Gallardo","image":{"@type":"ImageObject","inLanguage":"es-MX","@id":"https:\/\/lafuente.mx\/#\/schema\/person\/image\/","url":"https:\/\/secure.gravatar.com\/avatar\/bfe9c966af1ccfb9d17bcdb9d04e8815?s=96&d=mm&r=g","contentUrl":"https:\/\/secure.gravatar.com\/avatar\/bfe9c966af1ccfb9d17bcdb9d04e8815?s=96&d=mm&r=g","caption":"Claudia Gallardo"},"url":"https:\/\/lafuente.mx\/?author=3"}]}},"jetpack_featured_media_url":"https:\/\/i0.wp.com\/lafuente.mx\/wp-content\/uploads\/2025\/07\/Depresion-mujer.jpg?fit=759%2C573&ssl=1","jetpack-related-posts":[{"id":970,"url":"https:\/\/lafuente.mx\/?p=970","url_meta":{"origin":3022,"position":0},"title":"Prevenci\u00f3n de la depresi\u00f3n en mujeres \u00a0","date":"marzo 27, 2023","format":false,"excerpt":"Del 17 de abril al 12 de junio, 2023\u00a0 Coordinadora acad\u00e9mica: Dra. Ma. Asunci\u00f3n Lara Cant\u00fa \u00a0 Profesora: Mtra. en Psic. Maricarmen Acevedo Corona \u00a0 Dirigido a: Profesionales de la salud y afines. Preferentemente con experiencia en el manejo de grupos y conocimientos de psicopatolog\u00eda, estudios sobre la mujer y\u2026","rel":"","context":"En &quot;Cursos en l\u00ednea&quot;","img":{"alt_text":"","src":"https:\/\/i0.wp.com\/lafuente.mx\/wp-content\/uploads\/2023\/03\/mujerColumpio.jpeg?fit=639%2C587&ssl=1&resize=350%2C200","width":350,"height":200},"classes":[]},{"id":2392,"url":"https:\/\/lafuente.mx\/?p=2392","url_meta":{"origin":3022,"position":1},"title":"Prevenci\u00f3n de la depresi\u00f3n posparto\u00a0\u00a0","date":"julio 3, 2024","format":false,"excerpt":"CURSO EN L\u00cdNEA Del 23 de septiembre al 24 de noviembre, 2023\u00a0\u00a0 Coordinadora Acad\u00e9mica:\u00a0Dra. Ma. Asunci\u00f3n Lara Cant\u00fa\u00a0 Tutora:\u00a0Mtra. en Psic. Erica Medina Serd\u00e1n\u00a0\u00a0 Dirigido a:\u00a0Profesionales de la salud y afines. Preferentemente con experiencia en el manejo de grupos y conocimientos de psicopatolog\u00eda, estudios sobre la mujer y de g\u00e9nero\u00a0\u00a0\u2026","rel":"","context":"En &quot;Cursos&quot;","img":{"alt_text":"","src":"https:\/\/i0.wp.com\/lafuente.mx\/wp-content\/uploads\/2024\/06\/Captura-de-pantalla-2024-06-21-a-las-10.01.19.png?fit=897%2C1200&ssl=1&resize=350%2C200","width":350,"height":200},"classes":[]},{"id":2374,"url":"https:\/\/lafuente.mx\/?p=2374","url_meta":{"origin":3022,"position":2},"title":"Prevenci\u00f3n de la depresi\u00f3n en mujeres\u00a0","date":"junio 21, 2024","format":false,"excerpt":"CURSO EN L\u00cdNEA Del 5 de agosto al 6 de octubre, 2024\u00a0 Coordinadora acad\u00e9mica: Dra. Ma. Asunci\u00f3n Lara Cant\u00fa\u00a0\u00a0\u00a0 Profesora: Mtra. en Psic. Maricarmen Acevedo Corona\u00a0\u00a0\u00a0 Dirigido a: Profesionales de la salud y afines. Preferentemente con experiencia en el manejo de grupos y conocimientos de psicopatolog\u00eda, estudios sobre la mujer\u2026","rel":"","context":"En &quot;Cursos&quot;","img":{"alt_text":"digital drawing, woman, sadness-4302943.jpg","src":"https:\/\/i0.wp.com\/lafuente.mx\/wp-content\/uploads\/2024\/06\/digital-drawing-woman-sadness-4302943.jpg?fit=1200%2C796&ssl=1&resize=350%2C200","width":350,"height":200},"classes":[]},{"id":972,"url":"https:\/\/lafuente.mx\/?p=972","url_meta":{"origin":3022,"position":3},"title":"Prevenci\u00f3n de la depresi\u00f3n posparto\u00a0","date":"marzo 28, 2023","format":false,"excerpt":"Del 15 de mayo al 10 de julio, 2023\u00a0 \u00bfEres profesional de la salud o ciencias sociales y atiendes a mujeres embarazadas o que han dado a luz recientemente? \u00bfNecesitas herramientas pr\u00e1cticas y efectivas para ense\u00f1arles a manejar sus s\u00edntomas emocionales perinatales y situaciones de estr\u00e9s?\u00a0 Coordinadora Acad\u00e9mica: Dra. Ma.\u2026","rel":"","context":"En &quot;Cursos en l\u00ednea&quot;","img":{"alt_text":"","src":"https:\/\/i0.wp.com\/lafuente.mx\/wp-content\/uploads\/2023\/03\/mama-bb.jpeg?fit=1200%2C628&ssl=1&resize=350%2C200","width":350,"height":200},"classes":[]},{"id":2204,"url":"https:\/\/lafuente.mx\/?p=2204","url_meta":{"origin":3022,"position":4},"title":"Prevenci\u00f3n de la depresi\u00f3n en mujeres\u00a0","date":"abril 9, 2024","format":false,"excerpt":"Del 15 de abril al 16 de junio, 2024\u00a0 Coordinadora acad\u00e9mica:\u00a0Dra. Ma. Asunci\u00f3n Lara Cant\u00fa \u00a0\u00a0 Profesora:\u00a0Mtra. en Psic. Maricarmen Acevedo Corona \u00a0\u00a0 Dirigido a:\u00a0Profesionales de la salud y afines. Preferentemente con experiencia en el manejo de grupos y conocimientos de psicopatolog\u00eda, estudios sobre la mujer y de g\u00e9nero \u00a0\u2026","rel":"","context":"En &quot;Cursos en l\u00ednea&quot;","img":{"alt_text":"","src":"https:\/\/i0.wp.com\/lafuente.mx\/wp-content\/uploads\/2024\/04\/libros_0002_DSC_0146.jpg?fit=865%2C1181&ssl=1&resize=350%2C200","width":350,"height":200},"classes":[]},{"id":3150,"url":"https:\/\/lafuente.mx\/?p=3150","url_meta":{"origin":3022,"position":5},"title":"Prevenci\u00f3n de la depresi\u00f3n posparto","date":"agosto 14, 2025","format":false,"excerpt":"Del 22 de septiembre al 23 de noviembre de 2025 Coordinan: Dra. Ma. Asunci\u00f3n Lara Cant\u00faMtra. en Psic. Erica Medina Serd\u00e1n Dirigido a: Profesionales de la salud y disciplinas psicosociales. Preferentemente con experiencia en el manejo de grupos y conocimientos de psicopatolog\u00eda, estudios sobre la mujer y de g\u00e9nero. Objetivo:\u2026","rel":"","context":"En &quot;Cursos&quot;","img":{"alt_text":"","src":"https:\/\/i0.wp.com\/lafuente.mx\/wp-content\/uploads\/2025\/08\/Depresion-postparto.jpg?fit=759%2C573&ssl=1&resize=350%2C200","width":350,"height":200},"classes":[]}],"jetpack_sharing_enabled":true,"jetpack_shortlink":"https:\/\/wp.me\/pe9WUx-MK","_links":{"self":[{"href":"https:\/\/lafuente.mx\/index.php?rest_route=\/wp\/v2\/posts\/3022"}],"collection":[{"href":"https:\/\/lafuente.mx\/index.php?rest_route=\/wp\/v2\/posts"}],"about":[{"href":"https:\/\/lafuente.mx\/index.php?rest_route=\/wp\/v2\/types\/post"}],"author":[{"embeddable":true,"href":"https:\/\/lafuente.mx\/index.php?rest_route=\/wp\/v2\/users\/3"}],"replies":[{"embeddable":true,"href":"https:\/\/lafuente.mx\/index.php?rest_route=%2Fwp%2Fv2%2Fcomments&post=3022"}],"version-history":[{"count":4,"href":"https:\/\/lafuente.mx\/index.php?rest_route=\/wp\/v2\/posts\/3022\/revisions"}],"predecessor-version":[{"id":3149,"href":"https:\/\/lafuente.mx\/index.php?rest_route=\/wp\/v2\/posts\/3022\/revisions\/3149"}],"wp:featuredmedia":[{"embeddable":true,"href":"https:\/\/lafuente.mx\/index.php?rest_route=\/wp\/v2\/media\/3023"}],"wp:attachment":[{"href":"https:\/\/lafuente.mx\/index.php?rest_route=%2Fwp%2Fv2%2Fmedia&parent=3022"}],"wp:term":[{"taxonomy":"category","embeddable":true,"href":"https:\/\/lafuente.mx\/index.php?rest_route=%2Fwp%2Fv2%2Fcategories&post=3022"},{"taxonomy":"post_tag","embeddable":true,"href":"https:\/\/lafuente.mx\/index.php?rest_route=%2Fwp%2Fv2%2Ftags&post=3022"}],"curies":[{"name":"wp","href":"https:\/\/api.w.org\/{rel}","templated":true}]}}