{"id":3017,"date":"2025-07-04T07:12:00","date_gmt":"2025-07-04T07:12:00","guid":{"rendered":"https:\/\/lafuente.mx\/?p=3017"},"modified":"2025-07-10T19:19:45","modified_gmt":"2025-07-10T19:19:45","slug":"3017-y-si-no-es-tdah-otras-causas-de-inatencion","status":"publish","type":"post","link":"https:\/\/lafuente.mx\/?p=3017","title":{"rendered":"\u00bfY si no es TDAH?: otras causas de inatenci\u00f3n"},"content":{"rendered":"\n<hr class=\"wp-block-separator has-text-color has-vivid-green-cyan-color has-alpha-channel-opacity has-vivid-green-cyan-background-color has-background\"\/>\n\n\n\n<p class=\"has-text-align-center has-vivid-green-cyan-color has-text-color has-larger-font-size\"><strong>\u2060CONVERSATORIO<\/strong><\/p>\n\n\n\n<p class=\"has-text-align-center has-text-color has-large-font-size\" style=\"color:#3c8b6e\"><strong>10 de cada mes <\/strong><\/p>\n\n\n\n<p class=\"has-text-align-center has-text-color has-large-font-size\" style=\"color:#3c8b6e\"><strong>10 de<\/strong> <strong>Julio<\/strong><\/p>\n\n\n\n<p class=\"has-text-align-center has-vivid-green-cyan-color has-text-color has-large-font-size\"><strong>12:00 horas, M\u00e9xico<\/strong><\/p>\n\n\n\n<hr class=\"wp-block-separator has-text-color has-vivid-green-cyan-color has-alpha-channel-opacity has-vivid-green-cyan-background-color has-background\"\/>\n\n\n\n<p class=\"has-medium-font-size\">Ponentes:<\/p>\n\n\n\n<p class=\"has-medium-font-size\"><strong>Dra. Gabriela Cort\u00e9s Meda<br>Dra. Alexa Baz\u00faa Gerez<\/strong><\/p>\n\n\n\n<hr class=\"wp-block-separator has-text-color has-vivid-green-cyan-color has-alpha-channel-opacity has-vivid-green-cyan-background-color has-background\"\/>\n\n\n\n<figure class=\"wp-block-image size-large\"><img decoding=\"async\" loading=\"lazy\" width=\"640\" height=\"480\" src=\"https:\/\/i0.wp.com\/lafuente.mx\/wp-content\/uploads\/2025\/07\/WhatsApp-Image-2025-07-02-at-11.39.43-AM-1024x768.jpeg?resize=640%2C480&#038;ssl=1\" alt=\"\" class=\"wp-image-3019\" srcset=\"https:\/\/i0.wp.com\/lafuente.mx\/wp-content\/uploads\/2025\/07\/WhatsApp-Image-2025-07-02-at-11.39.43-AM.jpeg?resize=1024%2C768&amp;ssl=1 1024w, https:\/\/i0.wp.com\/lafuente.mx\/wp-content\/uploads\/2025\/07\/WhatsApp-Image-2025-07-02-at-11.39.43-AM.jpeg?resize=300%2C225&amp;ssl=1 300w, https:\/\/i0.wp.com\/lafuente.mx\/wp-content\/uploads\/2025\/07\/WhatsApp-Image-2025-07-02-at-11.39.43-AM.jpeg?resize=768%2C576&amp;ssl=1 768w, https:\/\/i0.wp.com\/lafuente.mx\/wp-content\/uploads\/2025\/07\/WhatsApp-Image-2025-07-02-at-11.39.43-AM.jpeg?resize=1536%2C1152&amp;ssl=1 1536w, https:\/\/i0.wp.com\/lafuente.mx\/wp-content\/uploads\/2025\/07\/WhatsApp-Image-2025-07-02-at-11.39.43-AM.jpeg?resize=800%2C600&amp;ssl=1 800w, https:\/\/i0.wp.com\/lafuente.mx\/wp-content\/uploads\/2025\/07\/WhatsApp-Image-2025-07-02-at-11.39.43-AM.jpeg?w=1600&amp;ssl=1 1600w, https:\/\/i0.wp.com\/lafuente.mx\/wp-content\/uploads\/2025\/07\/WhatsApp-Image-2025-07-02-at-11.39.43-AM.jpeg?w=1280 1280w\" sizes=\"(max-width: 640px) 100vw, 640px\" data-recalc-dims=\"1\" \/><\/figure>\n\n\n\n<p class=\"has-medium-font-size\">La inatenci\u00f3n, aunque a menudo asociada con el TDAH,&nbsp;puede tener diversas causas.&nbsp;Es crucial considerar otras posibilidades antes de llegar a un diagn\u00f3stico de TDAH.&nbsp;<br><\/p>\n\n\n\n<p class=\"has-text-align-center has-light-green-cyan-background-color has-background has-large-font-size\"><strong>Escucha este conversatorio donde expertas en el tema nos dan su punto de vista<\/strong><\/p>\n\n\n\n<div class=\"wp-block-buttons is-layout-flex wp-block-buttons-is-layout-flex\">\n<div class=\"wp-block-button\"><a class=\"wp-block-button__link has-vivid-green-cyan-background-color has-background wp-element-button\" href=\"https:\/\/www.facebook.com\/INPRFM\/\">Sigue la transmisi\u00f3n en vivo por FB<\/a><\/div>\n<\/div>\n","protected":false},"excerpt":{"rendered":"<p>\u2060CONVERSATORIO 10 de cada mes 10 de Julio 12:00 horas, M\u00e9xico Ponentes: Dra. Gabriela Cort\u00e9s MedaDra. Alexa Baz\u00faa Gerez La inatenci\u00f3n, aunque a menudo asociada<\/p>\n","protected":false},"author":3,"featured_media":3019,"comment_status":"closed","ping_status":"closed","sticky":false,"template":"","format":"standard","meta":{"footnotes":"","jetpack_publicize_message":"","jetpack_is_tweetstorm":false,"jetpack_publicize_feature_enabled":true},"categories":[8],"tags":[973,55,974,422,972,21,75,32,326],"jetpack_publicize_connections":[],"yoast_head":"<!-- This site is optimized with the Yoast SEO plugin v19.4 - https:\/\/yoast.com\/wordpress\/plugins\/seo\/ -->\n<title>\u00bfY si no es TDAH?: otras causas de inatenci\u00f3n -<\/title>\n<meta name=\"description\" content=\"La inatenci\u00f3n, aunque a menudo asociada con el TDAH,\u00a0puede tener diversas causas.\u00a0\" \/>\n<meta name=\"robots\" content=\"index, follow, max-snippet:-1, max-image-preview:large, max-video-preview:-1\" \/>\n<link rel=\"canonical\" href=\"https:\/\/lafuente.mx\/?p=3017\" \/>\n<meta property=\"og:locale\" content=\"es_MX\" \/>\n<meta property=\"og:type\" content=\"article\" \/>\n<meta property=\"og:title\" content=\"\u00bfY si no es TDAH?: otras causas de inatenci\u00f3n\" \/>\n<meta property=\"og:description\" content=\"La inatenci\u00f3n, aunque a menudo asociada con el TDAH,\u00a0puede tener diversas causas.\u00a0\" \/>\n<meta property=\"og:url\" content=\"https:\/\/lafuente.mx\/?p=3017\" \/>\n<meta property=\"article:published_time\" content=\"2025-07-04T07:12:00+00:00\" \/>\n<meta property=\"article:modified_time\" content=\"2025-07-10T19:19:45+00:00\" \/>\n<meta property=\"og:image\" content=\"http:\/\/lafuente.mx\/wp-content\/uploads\/2025\/07\/WhatsApp-Image-2025-07-02-at-11.39.43-AM.jpeg\" \/>\n\t<meta property=\"og:image:width\" content=\"1600\" \/>\n\t<meta property=\"og:image:height\" content=\"1200\" \/>\n\t<meta property=\"og:image:type\" content=\"image\/jpeg\" \/>\n<meta name=\"author\" content=\"Claudia Gallardo\" \/>\n<meta name=\"twitter:card\" content=\"summary_large_image\" \/>\n<meta name=\"twitter:title\" content=\"\u00bfY si no es TDAH?: otras causas de inatenci\u00f3n\" \/>\n<meta name=\"twitter:description\" content=\"La inatenci\u00f3n, aunque a menudo asociada con el TDAH,\u00a0puede tener diversas causas.\u00a0\" \/>\n<meta name=\"twitter:image\" content=\"https:\/\/i0.wp.com\/lafuente.mx\/wp-content\/uploads\/2025\/07\/WhatsApp-Image-2025-07-02-at-11.39.43-AM.jpeg?fit=1600%2C1200&ssl=1\" \/>\n<meta name=\"twitter:label1\" content=\"Escrito por\" \/>\n\t<meta name=\"twitter:data1\" content=\"Claudia Gallardo\" \/>\n<script type=\"application\/ld+json\" class=\"yoast-schema-graph\">{\"@context\":\"https:\/\/schema.org\",\"@graph\":[{\"@type\":\"WebSite\",\"@id\":\"https:\/\/lafuente.mx\/#website\",\"url\":\"https:\/\/lafuente.mx\/\",\"name\":\"\",\"description\":\"Informaci\u00f3n confiable sobre salud mental\",\"potentialAction\":[{\"@type\":\"SearchAction\",\"target\":{\"@type\":\"EntryPoint\",\"urlTemplate\":\"https:\/\/lafuente.mx\/?s={search_term_string}\"},\"query-input\":\"required name=search_term_string\"}],\"inLanguage\":\"es-MX\"},{\"@type\":\"WebPage\",\"@id\":\"https:\/\/lafuente.mx\/?p=3017\",\"url\":\"https:\/\/lafuente.mx\/?p=3017\",\"name\":\"\u00bfY si no es TDAH?: otras causas de inatenci\u00f3n -\",\"isPartOf\":{\"@id\":\"https:\/\/lafuente.mx\/#website\"},\"datePublished\":\"2025-07-04T07:12:00+00:00\",\"dateModified\":\"2025-07-10T19:19:45+00:00\",\"author\":{\"@id\":\"https:\/\/lafuente.mx\/#\/schema\/person\/603f3aa8e2f6f7879021ab722d39d6b0\"},\"description\":\"La inatenci\u00f3n, aunque a menudo asociada con el TDAH,\u00a0puede tener diversas causas.\u00a0\",\"breadcrumb\":{\"@id\":\"https:\/\/lafuente.mx\/?p=3017#breadcrumb\"},\"inLanguage\":\"es-MX\",\"potentialAction\":[{\"@type\":\"ReadAction\",\"target\":[\"https:\/\/lafuente.mx\/?p=3017\"]}]},{\"@type\":\"BreadcrumbList\",\"@id\":\"https:\/\/lafuente.mx\/?p=3017#breadcrumb\",\"itemListElement\":[{\"@type\":\"ListItem\",\"position\":1,\"name\":\"Inicio\",\"item\":\"https:\/\/lafuente.mx\/\"},{\"@type\":\"ListItem\",\"position\":2,\"name\":\"\u00bfY si no es TDAH?: otras causas de inatenci\u00f3n\"}]},{\"@type\":\"Person\",\"@id\":\"https:\/\/lafuente.mx\/#\/schema\/person\/603f3aa8e2f6f7879021ab722d39d6b0\",\"name\":\"Claudia Gallardo\",\"image\":{\"@type\":\"ImageObject\",\"inLanguage\":\"es-MX\",\"@id\":\"https:\/\/lafuente.mx\/#\/schema\/person\/image\/\",\"url\":\"https:\/\/secure.gravatar.com\/avatar\/bfe9c966af1ccfb9d17bcdb9d04e8815?s=96&d=mm&r=g\",\"contentUrl\":\"https:\/\/secure.gravatar.com\/avatar\/bfe9c966af1ccfb9d17bcdb9d04e8815?s=96&d=mm&r=g\",\"caption\":\"Claudia Gallardo\"},\"url\":\"https:\/\/lafuente.mx\/?author=3\"}]}<\/script>\n<!-- \/ Yoast SEO plugin. -->","yoast_head_json":{"title":"\u00bfY si no es TDAH?: otras causas de inatenci\u00f3n -","description":"La inatenci\u00f3n, aunque a menudo asociada con el TDAH,\u00a0puede tener diversas causas.\u00a0","robots":{"index":"index","follow":"follow","max-snippet":"max-snippet:-1","max-image-preview":"max-image-preview:large","max-video-preview":"max-video-preview:-1"},"canonical":"https:\/\/lafuente.mx\/?p=3017","og_locale":"es_MX","og_type":"article","og_title":"\u00bfY si no es TDAH?: otras causas de inatenci\u00f3n","og_description":"La inatenci\u00f3n, aunque a menudo asociada con el TDAH,\u00a0puede tener diversas causas.\u00a0","og_url":"https:\/\/lafuente.mx\/?p=3017","article_published_time":"2025-07-04T07:12:00+00:00","article_modified_time":"2025-07-10T19:19:45+00:00","og_image":[{"width":1600,"height":1200,"url":"http:\/\/lafuente.mx\/wp-content\/uploads\/2025\/07\/WhatsApp-Image-2025-07-02-at-11.39.43-AM.jpeg","type":"image\/jpeg"}],"author":"Claudia Gallardo","twitter_card":"summary_large_image","twitter_title":"\u00bfY si no es TDAH?: otras causas de inatenci\u00f3n","twitter_description":"La inatenci\u00f3n, aunque a menudo asociada con el TDAH,\u00a0puede tener diversas causas.\u00a0","twitter_image":"https:\/\/i0.wp.com\/lafuente.mx\/wp-content\/uploads\/2025\/07\/WhatsApp-Image-2025-07-02-at-11.39.43-AM.jpeg?fit=1600%2C1200&ssl=1","twitter_misc":{"Escrito por":"Claudia Gallardo"},"schema":{"@context":"https:\/\/schema.org","@graph":[{"@type":"WebSite","@id":"https:\/\/lafuente.mx\/#website","url":"https:\/\/lafuente.mx\/","name":"","description":"Informaci\u00f3n confiable sobre salud mental","potentialAction":[{"@type":"SearchAction","target":{"@type":"EntryPoint","urlTemplate":"https:\/\/lafuente.mx\/?s={search_term_string}"},"query-input":"required name=search_term_string"}],"inLanguage":"es-MX"},{"@type":"WebPage","@id":"https:\/\/lafuente.mx\/?p=3017","url":"https:\/\/lafuente.mx\/?p=3017","name":"\u00bfY si no es TDAH?: otras causas de inatenci\u00f3n -","isPartOf":{"@id":"https:\/\/lafuente.mx\/#website"},"datePublished":"2025-07-04T07:12:00+00:00","dateModified":"2025-07-10T19:19:45+00:00","author":{"@id":"https:\/\/lafuente.mx\/#\/schema\/person\/603f3aa8e2f6f7879021ab722d39d6b0"},"description":"La inatenci\u00f3n, aunque a menudo asociada con el TDAH,\u00a0puede tener diversas causas.\u00a0","breadcrumb":{"@id":"https:\/\/lafuente.mx\/?p=3017#breadcrumb"},"inLanguage":"es-MX","potentialAction":[{"@type":"ReadAction","target":["https:\/\/lafuente.mx\/?p=3017"]}]},{"@type":"BreadcrumbList","@id":"https:\/\/lafuente.mx\/?p=3017#breadcrumb","itemListElement":[{"@type":"ListItem","position":1,"name":"Inicio","item":"https:\/\/lafuente.mx\/"},{"@type":"ListItem","position":2,"name":"\u00bfY si no es TDAH?: otras causas de inatenci\u00f3n"}]},{"@type":"Person","@id":"https:\/\/lafuente.mx\/#\/schema\/person\/603f3aa8e2f6f7879021ab722d39d6b0","name":"Claudia Gallardo","image":{"@type":"ImageObject","inLanguage":"es-MX","@id":"https:\/\/lafuente.mx\/#\/schema\/person\/image\/","url":"https:\/\/secure.gravatar.com\/avatar\/bfe9c966af1ccfb9d17bcdb9d04e8815?s=96&d=mm&r=g","contentUrl":"https:\/\/secure.gravatar.com\/avatar\/bfe9c966af1ccfb9d17bcdb9d04e8815?s=96&d=mm&r=g","caption":"Claudia Gallardo"},"url":"https:\/\/lafuente.mx\/?author=3"}]}},"jetpack_featured_media_url":"https:\/\/i0.wp.com\/lafuente.mx\/wp-content\/uploads\/2025\/07\/WhatsApp-Image-2025-07-02-at-11.39.43-AM.jpeg?fit=1600%2C1200&ssl=1","jetpack-related-posts":[{"id":2419,"url":"https:\/\/lafuente.mx\/?p=2419","url_meta":{"origin":3017,"position":0},"title":"Tratamientos de apoyo en trastornos del neurodesarrollo","date":"julio 9, 2024","format":false,"excerpt":"CONFERENCIA 10 de cada mes 10 de julio Hablemos de salud mental Ponentes: Emmanuel Sarmiento Hern\u00e1ndezFrancisco de la Pe\u00f1a Olvera Hablamos de todos los tratamientos coadyuvantes que tienen evidencia en los trastornos del neurodesarrollo (TEA, TDAH, Discapacidad Intelectual, etc.). - Actividad F\u00edsica- Biorretroalimentaci\u00f3n- Dieta- Estimulaci\u00f3n Magn\u00e9tica Transcraneal- Equinoterapia Por Facebook","rel":"","context":"En &quot;Eventos Acad\u00e9micos del INPRFM&quot;","img":{"alt_text":"","src":"https:\/\/i0.wp.com\/lafuente.mx\/wp-content\/uploads\/2024\/07\/WhatsApp-Image-2024-07-03-at-10.12.00-AM.jpeg?fit=1200%2C900&ssl=1&resize=350%2C200","width":350,"height":200},"classes":[]},{"id":1365,"url":"https:\/\/lafuente.mx\/?p=1365","url_meta":{"origin":3017,"position":1},"title":"D\u00eda Internacional del Trastorno por D\u00e9ficit de Atenci\u00f3n e Hiperactividad","date":"julio 10, 2023","format":false,"excerpt":"Imagen INPRFM 13 de julio\u00a0 Cada 13 de julio conmemoramos uno de los trastornos m\u00e1s comunes de la infancia, que afecta a nivel mundial a 1 de cada 10 ni\u00f1os o j\u00f3venes en edad escolar. Se celebra el D\u00eda Internacional del Trastorno por D\u00e9ficit de Atenci\u00f3n e Hiperactividad.\u00a0 Con esta\u2026","rel":"","context":"En &quot;Efem\u00e9rides de Salud Mental&quot;","img":{"alt_text":"","src":"https:\/\/i0.wp.com\/lafuente.mx\/wp-content\/uploads\/2023\/07\/WhatsApp-Image-2023-07-11-at-12.48.17-PM.jpeg?fit=1200%2C679&ssl=1&resize=350%2C200","width":350,"height":200},"classes":[]},{"id":448,"url":"https:\/\/lafuente.mx\/?p=448","url_meta":{"origin":3017,"position":2},"title":"1a Carrera por el Bienestar y la Salud Mental","date":"octubre 19, 2022","format":false,"excerpt":"El pasado 16 de octubre del 2022 celebramos la 1\u00aa Carrera por el Bienestar y la Salud Mental en el Foro Sol. FOTO: INPRFM La Asociaci\u00f3n Civil Es tiempo de hablar, Mentalizarte y el Voluntariado del Instituto Nacional de Psiquiatr\u00eda (INPRFM) nos unimos para organizar este magno evento que tuvo\u2026","rel":"","context":"En &quot;Eventos&quot;","img":{"alt_text":"","src":"https:\/\/i0.wp.com\/lafuente.mx\/wp-content\/uploads\/2022\/10\/1a-Carrera-S-Mental_0001_DSC_0436.jpg?fit=1181%2C784&ssl=1&resize=350%2C200","width":350,"height":200},"classes":[]},{"id":2834,"url":"https:\/\/lafuente.mx\/?p=2834","url_meta":{"origin":3017,"position":3},"title":"Hablemos de Autismo: Aclarando Conceptos y Superando Prejuicios","date":"abril 4, 2025","format":false,"excerpt":"Conversatorio Hablemos de Salud Mental 9 de abril 12:00 horas PonentesDra. Patricia Zavaleta Ram\u00edrezDr. Juan Osiel Fern\u00e1ndez Fern\u00e1ndez El trastorno del espectro autista es una\u00a0afecci\u00f3n relacionada con el desarrollo del cerebro que afecta la manera en la que una persona percibe y socializa con otras personas, lo que causa problemas\u2026","rel":"","context":"En &quot;Eventos Acad\u00e9micos del INPRFM&quot;","img":{"alt_text":"","src":"https:\/\/i0.wp.com\/lafuente.mx\/wp-content\/uploads\/2025\/04\/WhatsApp-Image-2025-04-02-at-9.26.29-AM.jpeg?fit=1200%2C900&ssl=1&resize=350%2C200","width":350,"height":200},"classes":[]},{"id":1239,"url":"https:\/\/lafuente.mx\/?p=1239","url_meta":{"origin":3017,"position":4},"title":"Salud mental en ni\u00f1xs y adolescentes trans","date":"mayo 24, 2023","format":false,"excerpt":"Imagen INPRFM CONFERENCIA 10 de junio12:00 horas Hablemos de salud mental10 DE CADA MES Ponentes:Jeremy Cruz IslasLorena Rodr\u00edguez-Bores Ram\u00edrez Con AMEINP M\u00e1s informaci\u00f3n","rel":"","context":"En &quot;Eventos Acad\u00e9micos del INPRFM&quot;","img":{"alt_text":"","src":"https:\/\/i0.wp.com\/lafuente.mx\/wp-content\/uploads\/2023\/05\/WhatsApp-Image-2023-05-24-at-9.47.21-AM.jpeg?fit=1108%2C940&ssl=1&resize=350%2C200","width":350,"height":200},"classes":[]},{"id":2365,"url":"https:\/\/lafuente.mx\/?p=2365","url_meta":{"origin":3017,"position":5},"title":"Trastorno Bipolar en Ni\u00f1os y\u00a0 Adolescentes\u00a0","date":"junio 19, 2024","format":false,"excerpt":"GU\u00cdAS CL\u00cdNICAS\u00a0 INTRODUCCI\u00d3N\u00a0 El Trastorno Bipolar, antiguamente conocido como enfermedad maniaco depresiva, es un trastorno del estado del \u00e1nimo, en el que se presentan fases de depresi\u00f3n con otras de euforia. Es una de las psicopatolog\u00edas menos frecuentes en la Infancia, debido en parte a que durante muchos a\u00f1os se\u2026","rel":"","context":"En &quot;Publicaciones&quot;","img":{"alt_text":"","src":"https:\/\/i0.wp.com\/lafuente.mx\/wp-content\/uploads\/2024\/06\/Captura-de-pantalla-2024-06-19-a-las-12.27.32.png?fit=868%2C864&ssl=1&resize=350%2C200","width":350,"height":200},"classes":[]}],"jetpack_sharing_enabled":true,"jetpack_shortlink":"https:\/\/wp.me\/pe9WUx-MF","_links":{"self":[{"href":"https:\/\/lafuente.mx\/index.php?rest_route=\/wp\/v2\/posts\/3017"}],"collection":[{"href":"https:\/\/lafuente.mx\/index.php?rest_route=\/wp\/v2\/posts"}],"about":[{"href":"https:\/\/lafuente.mx\/index.php?rest_route=\/wp\/v2\/types\/post"}],"author":[{"embeddable":true,"href":"https:\/\/lafuente.mx\/index.php?rest_route=\/wp\/v2\/users\/3"}],"replies":[{"embeddable":true,"href":"https:\/\/lafuente.mx\/index.php?rest_route=%2Fwp%2Fv2%2Fcomments&post=3017"}],"version-history":[{"count":3,"href":"https:\/\/lafuente.mx\/index.php?rest_route=\/wp\/v2\/posts\/3017\/revisions"}],"predecessor-version":[{"id":3045,"href":"https:\/\/lafuente.mx\/index.php?rest_route=\/wp\/v2\/posts\/3017\/revisions\/3045"}],"wp:featuredmedia":[{"embeddable":true,"href":"https:\/\/lafuente.mx\/index.php?rest_route=\/wp\/v2\/media\/3019"}],"wp:attachment":[{"href":"https:\/\/lafuente.mx\/index.php?rest_route=%2Fwp%2Fv2%2Fmedia&parent=3017"}],"wp:term":[{"taxonomy":"category","embeddable":true,"href":"https:\/\/lafuente.mx\/index.php?rest_route=%2Fwp%2Fv2%2Fcategories&post=3017"},{"taxonomy":"post_tag","embeddable":true,"href":"https:\/\/lafuente.mx\/index.php?rest_route=%2Fwp%2Fv2%2Ftags&post=3017"}],"curies":[{"name":"wp","href":"https:\/\/api.w.org\/{rel}","templated":true}]}}