{"id":2933,"date":"2025-06-20T07:58:00","date_gmt":"2025-06-20T07:58:00","guid":{"rendered":"https:\/\/lafuente.mx\/?p=2933"},"modified":"2025-06-27T16:38:46","modified_gmt":"2025-06-27T16:38:46","slug":"factores-asociados-al-consumo-de-psicofarmacos-ansiedad-y-depresion-en-estudiantes-universitarios","status":"publish","type":"post","link":"https:\/\/lafuente.mx\/?p=2933","title":{"rendered":"Factores asociados al consumo de psicof\u00e1rmacos, ansiedad y depresi\u00f3n en estudiantes universitarios\u00a0"},"content":{"rendered":"\n<hr class=\"wp-block-separator has-text-color has-luminous-vivid-orange-color has-alpha-channel-opacity has-luminous-vivid-orange-background-color has-background\"\/>\n\n\n\n<p class=\"has-small-font-size\"><strong>Aline Regiane Coscrato de Lima Oliveira&nbsp;<\/strong><\/p>\n\n\n\n<p class=\"has-small-font-size\">Escola de enfermagem de Ribeir\u00e3o Preto da Universidade de S\u00e3o Paulo &#8211; EERP USP. Ribeirao Pretro. Brasil.&nbsp;<\/p>\n\n\n\n<p class=\"has-small-font-size\"><strong>Adriana Inocenti Miasso&nbsp;<\/strong><\/p>\n\n\n\n<p class=\"has-small-font-size\">Escola de enfermagem de Ribeir\u00e3o Preto da Universidade de S\u00e3o Paulo &#8211; EERP USP. Ribeirao Pretro. Brasil.&nbsp;<\/p>\n\n\n\n<p class=\"has-small-font-size\"><strong>Assis do Carmo Pereira J\u00fanior&nbsp;<\/strong><\/p>\n\n\n\n<p class=\"has-small-font-size\">Escuela de enfermagem de la Universidad Federal de Minas Gerais &#8211; UFMG. Belo Horizonte.&nbsp;&nbsp;<\/p>\n\n\n\n<hr class=\"wp-block-separator has-text-color has-luminous-vivid-orange-color has-alpha-channel-opacity has-luminous-vivid-orange-background-color has-background\"\/>\n\n\n\n<p class=\"has-medium-font-size\"><strong>Introducci\u00f3n.<\/strong>&nbsp; La vida universitaria conlleva diversos cambios que contribuyen al consumo de psicof\u00e1rmacos y a los trastornos mentales.&nbsp;<br>&nbsp;<br><strong>Objetivo.<\/strong>&nbsp; Identificar los factores asociados al consumo de psicof\u00e1rmacos y a los s\u00edntomas de ansiedad y depresi\u00f3n en estudiantes universitarios.&nbsp;<br>&nbsp;<br><strong>M\u00e9todo<\/strong> . Encuesta transversal a 902 estudiantes de pregrado, realizada con datos sociodemogr\u00e1ficos, informaci\u00f3n sobre el consumo de psicof\u00e1rmacos y la Mini Entrevista Neuropsiqui\u00e1trica Internacional como autoinforme. Se utilizaron las pruebas de Chi-cuadrado y la exacta de Fisher para la hip\u00f3tesis de asociaci\u00f3n. Se utiliz\u00f3 regresi\u00f3n log\u00edstica para determinar el efecto de las variables independientes sobre las dependientes.&nbsp;<br>&nbsp;<\/p>\n\n\n\n<figure class=\"wp-block-image size-large\"><img decoding=\"async\" loading=\"lazy\" width=\"640\" height=\"426\" src=\"https:\/\/i0.wp.com\/lafuente.mx\/wp-content\/uploads\/2025\/06\/stop-drug-addiction-3541821.jpg?resize=640%2C426\" alt=\"stop, drug addiction-3541821.jpg\" class=\"wp-image-2962\" srcset=\"https:\/\/i0.wp.com\/lafuente.mx\/wp-content\/uploads\/2025\/06\/stop-drug-addiction-3541821.jpg?resize=1024%2C682&amp;ssl=1 1024w, https:\/\/i0.wp.com\/lafuente.mx\/wp-content\/uploads\/2025\/06\/stop-drug-addiction-3541821.jpg?resize=300%2C200&amp;ssl=1 300w, https:\/\/i0.wp.com\/lafuente.mx\/wp-content\/uploads\/2025\/06\/stop-drug-addiction-3541821.jpg?resize=768%2C512&amp;ssl=1 768w, https:\/\/i0.wp.com\/lafuente.mx\/wp-content\/uploads\/2025\/06\/stop-drug-addiction-3541821.jpg?w=1280&amp;ssl=1 1280w\" sizes=\"(max-width: 640px) 100vw, 640px\" data-recalc-dims=\"1\" \/><\/figure>\n\n\n\n<p class=\"has-medium-font-size\"><br><strong>Resultados.<\/strong>&nbsp; Los factores de riesgo para el consumo de psicof\u00e1rmacos fueron tener hijos, ser admitido a trav\u00e9s de un programa de cupos, estudiar ling\u00fc\u00edstica, literatura y artes, y ciencias agr\u00edcolas, no matricularse, tener dificultades emocionales, consumir psicof\u00e1rmacos, reacciones desagradables a la ausencia de una sustancia y continuar consumiendo a pesar de estas reacciones. Los factores de riesgo espec\u00edficos para los s\u00edntomas depresivos incluyeron estar en el primer a\u00f1o de estudios de pregrado, abandonar los estudios y continuar consumiendo psicof\u00e1rmacos a pesar de las reacciones desagradables. Los factores de riesgo espec\u00edficos para los s\u00edntomas de ansiedad incluyeron las cuotas de admisi\u00f3n, el estudio de ciencias agr\u00edcolas, literatura, artes y ling\u00fc\u00edstica, los cursos nocturnos y los cursos que no eran la primera opci\u00f3n de los estudiantes.&nbsp;<br>&nbsp;<br><strong>Discusi\u00f3n y conclusi\u00f3n.<\/strong>&nbsp; Los hallazgos de este estudio proporcionan una mayor comprensi\u00f3n del fen\u00f3meno estudiado y pueden utilizarse para desarrollar estrategias de educaci\u00f3n para la salud adaptadas a los estudiantes.&nbsp;<\/p>\n\n\n\n<div class=\"wp-block-buttons is-layout-flex wp-block-buttons-is-layout-flex\">\n<div class=\"wp-block-button\"><a class=\"wp-block-button__link has-luminous-vivid-orange-background-color has-background wp-element-button\" href=\"https:\/\/revistasaludmental.gob.mx\/index.php\/salud_mental\/article\/view\/SM.0185-3325.2025.009\/5203\">M\u00e1s informaci\u00f3n<\/a><\/div>\n<\/div>\n\n\n\n<p><a href=\"\"><\/a><\/p>\n","protected":false},"excerpt":{"rendered":"<p>Aline Regiane Coscrato de Lima Oliveira&nbsp; Escola de enfermagem de Ribeir\u00e3o Preto da Universidade de S\u00e3o Paulo &#8211; EERP USP. Ribeirao Pretro. Brasil.&nbsp; Adriana Inocenti<\/p>\n","protected":false},"author":3,"featured_media":2962,"comment_status":"closed","ping_status":"closed","sticky":false,"template":"","format":"standard","meta":{"footnotes":"","jetpack_publicize_message":"","jetpack_is_tweetstorm":false,"jetpack_publicize_feature_enabled":true},"categories":[11],"tags":[34,318,87,966,256,21,63,251,32,684],"jetpack_publicize_connections":[],"yoast_head":"<!-- This site is optimized with the Yoast SEO plugin v19.4 - https:\/\/yoast.com\/wordpress\/plugins\/seo\/ -->\n<title>Factores asociados al consumo de psicof\u00e1rmacos, ansiedad y depresi\u00f3n en estudiantes universitarios\u00a0 -<\/title>\n<meta name=\"description\" content=\"La vida universitaria conlleva diversos cambios que contribuyen al consumo de psicof\u00e1rmacos y a los trastornos mentales.\" \/>\n<meta name=\"robots\" content=\"index, follow, max-snippet:-1, max-image-preview:large, max-video-preview:-1\" \/>\n<link rel=\"canonical\" href=\"https:\/\/lafuente.mx\/?p=2933\" \/>\n<meta property=\"og:locale\" content=\"es_MX\" \/>\n<meta property=\"og:type\" content=\"article\" \/>\n<meta property=\"og:title\" content=\"Factores asociados al consumo de psicof\u00e1rmacos, ansiedad y depresi\u00f3n en estudiantes universitarios\u00a0\" \/>\n<meta property=\"og:description\" content=\"La vida universitaria conlleva diversos cambios que contribuyen al consumo de psicof\u00e1rmacos y a los trastornos mentales.\" \/>\n<meta property=\"og:url\" content=\"https:\/\/lafuente.mx\/?p=2933\" \/>\n<meta property=\"article:published_time\" content=\"2025-06-20T07:58:00+00:00\" \/>\n<meta property=\"article:modified_time\" content=\"2025-06-27T16:38:46+00:00\" \/>\n<meta property=\"og:image\" content=\"http:\/\/lafuente.mx\/wp-content\/uploads\/2025\/06\/stop-drug-addiction-3541821.jpg\" \/>\n\t<meta property=\"og:image:width\" content=\"1280\" \/>\n\t<meta property=\"og:image:height\" content=\"853\" \/>\n\t<meta property=\"og:image:type\" content=\"image\/jpeg\" \/>\n<meta name=\"author\" content=\"Claudia Gallardo\" \/>\n<meta name=\"twitter:card\" content=\"summary_large_image\" \/>\n<meta name=\"twitter:title\" content=\"Factores asociados al consumo de psicof\u00e1rmacos, ansiedad y depresi\u00f3n en estudiantes universitarios\u00a0\" \/>\n<meta name=\"twitter:description\" content=\"La vida universitaria conlleva diversos cambios que contribuyen al consumo de psicof\u00e1rmacos y a los trastornos mentales.\" \/>\n<meta name=\"twitter:image\" content=\"https:\/\/i0.wp.com\/lafuente.mx\/wp-content\/uploads\/2025\/06\/stop-drug-addiction-3541821.jpg?fit=1280%2C853&ssl=1\" \/>\n<meta name=\"twitter:label1\" content=\"Escrito por\" \/>\n\t<meta name=\"twitter:data1\" content=\"Claudia Gallardo\" \/>\n\t<meta name=\"twitter:label2\" content=\"Tiempo de lectura\" \/>\n\t<meta name=\"twitter:data2\" content=\"2 minutos\" \/>\n<script type=\"application\/ld+json\" class=\"yoast-schema-graph\">{\"@context\":\"https:\/\/schema.org\",\"@graph\":[{\"@type\":\"WebSite\",\"@id\":\"https:\/\/lafuente.mx\/#website\",\"url\":\"https:\/\/lafuente.mx\/\",\"name\":\"\",\"description\":\"Informaci\u00f3n confiable sobre salud mental\",\"potentialAction\":[{\"@type\":\"SearchAction\",\"target\":{\"@type\":\"EntryPoint\",\"urlTemplate\":\"https:\/\/lafuente.mx\/?s={search_term_string}\"},\"query-input\":\"required name=search_term_string\"}],\"inLanguage\":\"es-MX\"},{\"@type\":\"WebPage\",\"@id\":\"https:\/\/lafuente.mx\/?p=2933\",\"url\":\"https:\/\/lafuente.mx\/?p=2933\",\"name\":\"Factores asociados al consumo de psicof\u00e1rmacos, ansiedad y depresi\u00f3n en estudiantes universitarios\u00a0 -\",\"isPartOf\":{\"@id\":\"https:\/\/lafuente.mx\/#website\"},\"datePublished\":\"2025-06-20T07:58:00+00:00\",\"dateModified\":\"2025-06-27T16:38:46+00:00\",\"author\":{\"@id\":\"https:\/\/lafuente.mx\/#\/schema\/person\/603f3aa8e2f6f7879021ab722d39d6b0\"},\"description\":\"La vida universitaria conlleva diversos cambios que contribuyen al consumo de psicof\u00e1rmacos y a los trastornos mentales.\",\"breadcrumb\":{\"@id\":\"https:\/\/lafuente.mx\/?p=2933#breadcrumb\"},\"inLanguage\":\"es-MX\",\"potentialAction\":[{\"@type\":\"ReadAction\",\"target\":[\"https:\/\/lafuente.mx\/?p=2933\"]}]},{\"@type\":\"BreadcrumbList\",\"@id\":\"https:\/\/lafuente.mx\/?p=2933#breadcrumb\",\"itemListElement\":[{\"@type\":\"ListItem\",\"position\":1,\"name\":\"Inicio\",\"item\":\"https:\/\/lafuente.mx\/\"},{\"@type\":\"ListItem\",\"position\":2,\"name\":\"Factores asociados al consumo de psicof\u00e1rmacos, ansiedad y depresi\u00f3n en estudiantes universitarios\u00a0\"}]},{\"@type\":\"Person\",\"@id\":\"https:\/\/lafuente.mx\/#\/schema\/person\/603f3aa8e2f6f7879021ab722d39d6b0\",\"name\":\"Claudia Gallardo\",\"image\":{\"@type\":\"ImageObject\",\"inLanguage\":\"es-MX\",\"@id\":\"https:\/\/lafuente.mx\/#\/schema\/person\/image\/\",\"url\":\"https:\/\/secure.gravatar.com\/avatar\/bfe9c966af1ccfb9d17bcdb9d04e8815?s=96&d=mm&r=g\",\"contentUrl\":\"https:\/\/secure.gravatar.com\/avatar\/bfe9c966af1ccfb9d17bcdb9d04e8815?s=96&d=mm&r=g\",\"caption\":\"Claudia Gallardo\"},\"url\":\"https:\/\/lafuente.mx\/?author=3\"}]}<\/script>\n<!-- \/ Yoast SEO plugin. -->","yoast_head_json":{"title":"Factores asociados al consumo de psicof\u00e1rmacos, ansiedad y depresi\u00f3n en estudiantes universitarios\u00a0 -","description":"La vida universitaria conlleva diversos cambios que contribuyen al consumo de psicof\u00e1rmacos y a los trastornos mentales.","robots":{"index":"index","follow":"follow","max-snippet":"max-snippet:-1","max-image-preview":"max-image-preview:large","max-video-preview":"max-video-preview:-1"},"canonical":"https:\/\/lafuente.mx\/?p=2933","og_locale":"es_MX","og_type":"article","og_title":"Factores asociados al consumo de psicof\u00e1rmacos, ansiedad y depresi\u00f3n en estudiantes universitarios\u00a0","og_description":"La vida universitaria conlleva diversos cambios que contribuyen al consumo de psicof\u00e1rmacos y a los trastornos mentales.","og_url":"https:\/\/lafuente.mx\/?p=2933","article_published_time":"2025-06-20T07:58:00+00:00","article_modified_time":"2025-06-27T16:38:46+00:00","og_image":[{"width":1280,"height":853,"url":"http:\/\/lafuente.mx\/wp-content\/uploads\/2025\/06\/stop-drug-addiction-3541821.jpg","type":"image\/jpeg"}],"author":"Claudia Gallardo","twitter_card":"summary_large_image","twitter_title":"Factores asociados al consumo de psicof\u00e1rmacos, ansiedad y depresi\u00f3n en estudiantes universitarios\u00a0","twitter_description":"La vida universitaria conlleva diversos cambios que contribuyen al consumo de psicof\u00e1rmacos y a los trastornos mentales.","twitter_image":"https:\/\/i0.wp.com\/lafuente.mx\/wp-content\/uploads\/2025\/06\/stop-drug-addiction-3541821.jpg?fit=1280%2C853&ssl=1","twitter_misc":{"Escrito por":"Claudia Gallardo","Tiempo de lectura":"2 minutos"},"schema":{"@context":"https:\/\/schema.org","@graph":[{"@type":"WebSite","@id":"https:\/\/lafuente.mx\/#website","url":"https:\/\/lafuente.mx\/","name":"","description":"Informaci\u00f3n confiable sobre salud mental","potentialAction":[{"@type":"SearchAction","target":{"@type":"EntryPoint","urlTemplate":"https:\/\/lafuente.mx\/?s={search_term_string}"},"query-input":"required name=search_term_string"}],"inLanguage":"es-MX"},{"@type":"WebPage","@id":"https:\/\/lafuente.mx\/?p=2933","url":"https:\/\/lafuente.mx\/?p=2933","name":"Factores asociados al consumo de psicof\u00e1rmacos, ansiedad y depresi\u00f3n en estudiantes universitarios\u00a0 -","isPartOf":{"@id":"https:\/\/lafuente.mx\/#website"},"datePublished":"2025-06-20T07:58:00+00:00","dateModified":"2025-06-27T16:38:46+00:00","author":{"@id":"https:\/\/lafuente.mx\/#\/schema\/person\/603f3aa8e2f6f7879021ab722d39d6b0"},"description":"La vida universitaria conlleva diversos cambios que contribuyen al consumo de psicof\u00e1rmacos y a los trastornos mentales.","breadcrumb":{"@id":"https:\/\/lafuente.mx\/?p=2933#breadcrumb"},"inLanguage":"es-MX","potentialAction":[{"@type":"ReadAction","target":["https:\/\/lafuente.mx\/?p=2933"]}]},{"@type":"BreadcrumbList","@id":"https:\/\/lafuente.mx\/?p=2933#breadcrumb","itemListElement":[{"@type":"ListItem","position":1,"name":"Inicio","item":"https:\/\/lafuente.mx\/"},{"@type":"ListItem","position":2,"name":"Factores asociados al consumo de psicof\u00e1rmacos, ansiedad y depresi\u00f3n en estudiantes universitarios\u00a0"}]},{"@type":"Person","@id":"https:\/\/lafuente.mx\/#\/schema\/person\/603f3aa8e2f6f7879021ab722d39d6b0","name":"Claudia Gallardo","image":{"@type":"ImageObject","inLanguage":"es-MX","@id":"https:\/\/lafuente.mx\/#\/schema\/person\/image\/","url":"https:\/\/secure.gravatar.com\/avatar\/bfe9c966af1ccfb9d17bcdb9d04e8815?s=96&d=mm&r=g","contentUrl":"https:\/\/secure.gravatar.com\/avatar\/bfe9c966af1ccfb9d17bcdb9d04e8815?s=96&d=mm&r=g","caption":"Claudia Gallardo"},"url":"https:\/\/lafuente.mx\/?author=3"}]}},"jetpack_featured_media_url":"https:\/\/i0.wp.com\/lafuente.mx\/wp-content\/uploads\/2025\/06\/stop-drug-addiction-3541821.jpg?fit=1280%2C853&ssl=1","jetpack-related-posts":[{"id":1488,"url":"https:\/\/lafuente.mx\/?p=1488","url_meta":{"origin":2933,"position":0},"title":"Los factores de riesgo de la pandemia de COVID-19 para la depresi\u00f3n entre los estudiantes de posgrado en salud\u00a0","date":"julio 21, 2023","format":false,"excerpt":"Fernanda Rocha Anjos de Oliveira Souza, Vagner Ferreira do Nascimento, Mariano Martinez Espinosa, Sandra Cristina Pillon, Chris Wagstaff, Ana Cl\u00e1udia Pereira Ter\u00e7as-Trettel Introducci\u00f3n.\u00a0La pandemia ha generado desaf\u00edos que impactan en la salud mental de la poblaci\u00f3n, incluidos los estudiantes de posgrado en salud.\u00a0\u00a0Objetivo.\u00a0Evaluar los factores asociados a la depresi\u00f3n en\u2026","rel":"","context":"En &quot;Revista Salud Mental&quot;","img":{"alt_text":"","src":"https:\/\/i0.wp.com\/lafuente.mx\/wp-content\/uploads\/2023\/07\/doctor-triste-tiro-medio-mascara-edited-scaled.jpg?fit=1200%2C675&ssl=1&resize=350%2C200","width":350,"height":200},"classes":[]},{"id":2739,"url":"https:\/\/lafuente.mx\/?p=2739","url_meta":{"origin":2933,"position":1},"title":"Estudios epidemiol\u00f3gicos sobre COVID-19 y salud mental en M\u00e9xico: mejor metodolog\u00eda para mejores resultados: una revisi\u00f3n de la literatura\u00a0","date":"enero 23, 2025","format":false,"excerpt":"Guillermo Borges\u00a0 Direcci\u00f3n de Investigaciones Epidemiol\u00f3gicas y Psicosociales, Instituto Nacional de Psiquiatr\u00eda Ram\u00f3n de la Fuente Mu\u00f1iz, Ciudad de M\u00e9xico, M\u00e9xico.\u00a0 Ricardo Orozco\u00a0 Direcci\u00f3n de Investigaciones Epidemiol\u00f3gicas y Psicosociales, Instituto Nacional de Psiquiatr\u00eda Ram\u00f3n de la Fuente Mu\u00f1iz, Ciudad de M\u00e9xico, M\u00e9xico.\u00a0 Brenda Salas\u00a0 Direcci\u00f3n de Investigaciones Epidemiol\u00f3gicas y Psicosociales,\u2026","rel":"","context":"En &quot;Revista Salud Mental&quot;","img":{"alt_text":"","src":"https:\/\/i0.wp.com\/lafuente.mx\/wp-content\/uploads\/2025\/01\/001-1-scaled.jpg?fit=1200%2C758&ssl=1&resize=350%2C200","width":350,"height":200},"classes":[]},{"id":2846,"url":"https:\/\/lafuente.mx\/?p=2846","url_meta":{"origin":2933,"position":2},"title":"Resultados de la Encuesta sobre Estigma, Discriminaci\u00f3n y Salud Mental de las Diversidades Sexogen\u00e9ricas (ENDISMED)\u00a0","date":"abril 14, 2025","format":false,"excerpt":"Con el objetivo de examinar la relaci\u00f3n entre la percepci\u00f3n de estigma y la experiencia de actos de discriminaci\u00f3n en el contexto escolar con presentar sintomatolog\u00eda ansiosa, depresiva, consumo de sustancias y conducta suicida en una muestra de la comunidad estudiantil, acad\u00e9mica y administrativa de la Facultad de Medicina que\u2026","rel":"","context":"En &quot;Noticias&quot;","img":{"alt_text":"lesbian, happy, homosexual, nature, proudly, rainbow, bisexual, multicoloured, homosexuality, trans, transsexual, sexuality, lgbtiqa, pride month, pride, celebrate, world pride-7276192.jpg","src":"https:\/\/i0.wp.com\/lafuente.mx\/wp-content\/uploads\/2025\/04\/lesbian-happy-homosexual-nature-proudly-rainbow-bisexual-multicoloured-homosexuality-trans-transsexual-sexuality-lgbtiqa-pride-month-pride-celebrate-world-pride-7276192.jpg?fit=1200%2C848&ssl=1&resize=350%2C200","width":350,"height":200},"classes":[]},{"id":3430,"url":"https:\/\/lafuente.mx\/?p=3430","url_meta":{"origin":2933,"position":3},"title":"Realizar\u00e1n encuesta para identificar y atender las necesidades en salud mental del estudiantado\u00a0","date":"octubre 27, 2025","format":false,"excerpt":"La estrategia es privada y en l\u00ednea; comienza hoy lunes 27 de octubre y estar\u00e1 activa hasta el 28 de noviembre para quien solicite el mecanismo\u00a0 Direcci\u00f3n General de Atenci\u00f3n a la Comunidad\u00a0 \u00a0\u00a0Oct 27, 2025\u00a0 Con la finalidad de conocer las principales necesidades de la comunidad universitaria en aspectos\u2026","rel":"","context":"En &quot;Noticias&quot;","img":{"alt_text":"","src":"https:\/\/i0.wp.com\/lafuente.mx\/wp-content\/uploads\/2025\/10\/DGCS-unam-scaled.jpg?fit=1200%2C802&ssl=1&resize=350%2C200","width":350,"height":200},"classes":[]},{"id":1510,"url":"https:\/\/lafuente.mx\/?p=1510","url_meta":{"origin":2933,"position":4},"title":"En M\u00e9xico, 3.6 millones de personas adultas padecen depresi\u00f3n\u00a0","date":"julio 25, 2023","format":false,"excerpt":"Pandemia de COVID-19 aument\u00f3 a m\u00e1s del doble la prevalencia de estos problemas de salud, en comparaci\u00f3n con lo observado antes de 2019 Secretar\u00eda de Salud | 03 de julio de 2023\u00a0 La depresi\u00f3n es un trastorno mental caracterizado por disminuci\u00f3n del estado de \u00e1nimo, sentimientos de tristeza, dificultad para\u2026","rel":"","context":"En &quot;Noticias&quot;","img":{"alt_text":"","src":"https:\/\/i0.wp.com\/lafuente.mx\/wp-content\/uploads\/2023\/07\/depresion.jpeg?fit=1000%2C667&ssl=1&resize=350%2C200","width":350,"height":200},"classes":[]},{"id":2039,"url":"https:\/\/lafuente.mx\/?p=2039","url_meta":{"origin":2933,"position":5},"title":"Consumo de productos ultraprocesados se asocia con cuadros de depresi\u00f3n y ansiedad\u00a0","date":"enero 24, 2024","format":false,"excerpt":"Activan un neurotransmisor llamado dopamina, que proporciona sensaci\u00f3n de placer; esto genera la necesidad de seguirlos consumiendo\u00a0 Secretar\u00eda de Salud | 16 de enero de 2024 | Nacional\u00a0 Es recomendable tomar como base de la alimentaci\u00f3n diaria el Plato del Bien Comer o las gu\u00edas alimentarias https:\/\/bit.ly\/3RYEHz2\u00a0 Ana Rosa Garc\u00eda,\u2026","rel":"","context":"En &quot;Noticias&quot;","img":{"alt_text":"","src":"https:\/\/i0.wp.com\/lafuente.mx\/wp-content\/uploads\/2024\/01\/platoBuen-comer.webp?fit=800%2C600&ssl=1&resize=350%2C200","width":350,"height":200},"classes":[]}],"jetpack_sharing_enabled":true,"jetpack_shortlink":"https:\/\/wp.me\/pe9WUx-Lj","_links":{"self":[{"href":"https:\/\/lafuente.mx\/index.php?rest_route=\/wp\/v2\/posts\/2933"}],"collection":[{"href":"https:\/\/lafuente.mx\/index.php?rest_route=\/wp\/v2\/posts"}],"about":[{"href":"https:\/\/lafuente.mx\/index.php?rest_route=\/wp\/v2\/types\/post"}],"author":[{"embeddable":true,"href":"https:\/\/lafuente.mx\/index.php?rest_route=\/wp\/v2\/users\/3"}],"replies":[{"embeddable":true,"href":"https:\/\/lafuente.mx\/index.php?rest_route=%2Fwp%2Fv2%2Fcomments&post=2933"}],"version-history":[{"count":3,"href":"https:\/\/lafuente.mx\/index.php?rest_route=\/wp\/v2\/posts\/2933\/revisions"}],"predecessor-version":[{"id":2990,"href":"https:\/\/lafuente.mx\/index.php?rest_route=\/wp\/v2\/posts\/2933\/revisions\/2990"}],"wp:featuredmedia":[{"embeddable":true,"href":"https:\/\/lafuente.mx\/index.php?rest_route=\/wp\/v2\/media\/2962"}],"wp:attachment":[{"href":"https:\/\/lafuente.mx\/index.php?rest_route=%2Fwp%2Fv2%2Fmedia&parent=2933"}],"wp:term":[{"taxonomy":"category","embeddable":true,"href":"https:\/\/lafuente.mx\/index.php?rest_route=%2Fwp%2Fv2%2Fcategories&post=2933"},{"taxonomy":"post_tag","embeddable":true,"href":"https:\/\/lafuente.mx\/index.php?rest_route=%2Fwp%2Fv2%2Ftags&post=2933"}],"curies":[{"name":"wp","href":"https:\/\/api.w.org\/{rel}","templated":true}]}}