{"id":2929,"date":"2025-05-27T18:49:06","date_gmt":"2025-05-27T18:49:06","guid":{"rendered":"https:\/\/lafuente.mx\/?p=2929"},"modified":"2025-05-28T16:15:42","modified_gmt":"2025-05-28T16:15:42","slug":"borrador-automatico-https-gaceta-facmed-unam-mx-index-php-2025-05-23-foro-por-el-dia-internacional-contra-la-homofobia-transfobia-y-bifobia-y-dia-del-orgullo-lgbtiq","status":"publish","type":"post","link":"https:\/\/lafuente.mx\/?p=2929","title":{"rendered":"Foro por el D\u00eda Internacional contra la Homofobia, Transfobia y Bifobia, y D\u00eda del Orgullo LGBTIQ\u00a0"},"content":{"rendered":"\n<p class=\"has-vivid-purple-color has-text-color has-large-font-size\"><strong>May 23, 2025&nbsp;|&nbsp;<\/strong><\/p>\n\n\n\n<hr class=\"wp-block-separator has-text-color has-vivid-purple-color has-alpha-channel-opacity has-vivid-purple-background-color has-background is-style-wide\"\/>\n\n\n\n<p class=\"has-medium-font-size\">El Programa de Igualdad de G\u00e9nero y la Comisi\u00f3n Interna para la Igualdad de G\u00e9nero (CInIG) de la Facultad de Medicina, con la colaboraci\u00f3n del Programa de Estudios de G\u00e9nero en Salud (PEGeS), la coordinaci\u00f3n de las licenciaturas en Fisioterapia y en Ciencia de la Nutrici\u00f3n Humana, organizan el Foro en Conmemoraci\u00f3n por el D\u00eda Internacional contra la Homofobia, Transfobia y Bifobia, y D\u00eda del Orgullo LGBTIQ, con el prop\u00f3sito de informar, sensibilizar e impulsar sobre la importancia de la igualdad y la no discriminaci\u00f3n en la Facultad, mediante acciones, lineamientos, valores o pr\u00e1cticas que permitan construir espacios universitarios igualitarios, abiertos, plurales, sin discriminaci\u00f3n e incluyentes a trav\u00e9s de la transversalizaci\u00f3n, la institucionalizaci\u00f3n de la perspectiva de g\u00e9nero, la igualdad y la no discriminaci\u00f3n.&nbsp;<\/p>\n\n\n\n<p class=\"has-medium-font-size\"><\/p>\n\n\n\n<figure class=\"wp-block-image size-large\"><img decoding=\"async\" loading=\"lazy\" width=\"640\" height=\"453\" src=\"https:\/\/i0.wp.com\/lafuente.mx\/wp-content\/uploads\/2025\/05\/lesbian-happy-homosexual-proudly-rainbow-nature-symbol-bisexual-multicoloured-homosexuality-trans-transsexual-sexuality-letters-gender-7276187.jpg?resize=640%2C453\" alt=\"lesbian, happy, homosexual, proudly, rainbow, nature, symbol, bisexual, multicoloured, homosexuality, trans, transsexual, sexuality, letters, gender-7276187.jpg\" class=\"wp-image-2930\" srcset=\"https:\/\/i0.wp.com\/lafuente.mx\/wp-content\/uploads\/2025\/05\/lesbian-happy-homosexual-proudly-rainbow-nature-symbol-bisexual-multicoloured-homosexuality-trans-transsexual-sexuality-letters-gender-7276187.jpg?resize=1024%2C724&amp;ssl=1 1024w, https:\/\/i0.wp.com\/lafuente.mx\/wp-content\/uploads\/2025\/05\/lesbian-happy-homosexual-proudly-rainbow-nature-symbol-bisexual-multicoloured-homosexuality-trans-transsexual-sexuality-letters-gender-7276187.jpg?resize=300%2C212&amp;ssl=1 300w, https:\/\/i0.wp.com\/lafuente.mx\/wp-content\/uploads\/2025\/05\/lesbian-happy-homosexual-proudly-rainbow-nature-symbol-bisexual-multicoloured-homosexuality-trans-transsexual-sexuality-letters-gender-7276187.jpg?resize=768%2C543&amp;ssl=1 768w, https:\/\/i0.wp.com\/lafuente.mx\/wp-content\/uploads\/2025\/05\/lesbian-happy-homosexual-proudly-rainbow-nature-symbol-bisexual-multicoloured-homosexuality-trans-transsexual-sexuality-letters-gender-7276187.jpg?w=1280&amp;ssl=1 1280w\" sizes=\"(max-width: 640px) 100vw, 640px\" data-recalc-dims=\"1\" \/><\/figure>\n\n\n\n<p class=\"has-medium-font-size\">La doctora Rebeca Robles Garc\u00eda, investigadora en Ciencias M\u00e9dicas en el Departamento de Modelos de Intervenci\u00f3n de la Direcci\u00f3n de Investigaciones Epidemiol\u00f3gicas y Psicosociales del Instituto Nacional de Psiquiatr\u00eda \u201cRam\u00f3n de la Fuente Mu\u00f1iz\u201d (INPRFM), abord\u00f3 esta conferencia informando del curso taller que impartir\u00e1 ese instituto en modalidad presencial, h\u00edbrida o en l\u00ednea del 9 al 20 de junio, el cual est\u00e1 dirigido a todas las personas que est\u00e9n en contacto con la poblaci\u00f3n de la diversidad sexogen\u00e9rica, con el objetivo de proponer intervenciones que mejoren la atenci\u00f3n o trato de la gente con diversidades sexogen\u00e9ricas con perspectiva de inclusi\u00f3n y no discriminaci\u00f3n en sus entornos de influencia, incluyendo la propuesta metodol\u00f3gica para la evaluaci\u00f3n de su impacto, con el prop\u00f3sito de mostrar las evidencias del cuidado de la salud f\u00edsica y mental de las diversidades sexogen\u00e9ricas.\u00a0<\/p>\n\n\n\n<p>Asimismo, el conferencista indic\u00f3 que la \u201cincomodidad psicol\u00f3gica es cuando una persona experimenta con sus pensamientos, creencias o actitudes, las cuales entran en conflicto entre s\u00ed, o cuando sus acciones contradicen sus creencias\u201d, En ese sentido, afirm\u00f3 que \u201clas personas tienen una necesidad inherente de mantener la coherencia en sus sistemas de creencias\u201d para explicar que el cambio de creencias o prejuicios estigmatizantes debe tener congruencia con acciones positivas a favor de la diversidad sexogen\u00e9rica.<\/p>\n\n\n\n<p class=\"has-medium-font-size\">El doctor Hamid Vega Ram\u00edrez, investigador del INPRFM y acad\u00e9mico del Departamento de Psiquiatr\u00eda y Salud Mental, mencion\u00f3 que parte del temario del taller abarca el \u201cAbordaje cl\u00ednico y prevenci\u00f3n del suicidio en las diversidades sexogen\u00e9ricas\u201d, \u201cConceptos y actitudes de salud mental en las diversidades sexogen\u00e9ricas\u201d, \u201cConsideraciones cardiometab\u00f3licas en personas trans con terapia hormonal de reafirmaci\u00f3n de g\u00e9nero\u201d y \u201cEstrategias de inclusi\u00f3n laboral y buenas pr\u00e1cticas de cuidados paliativos para las diversidades sexogen\u00e9ricas\u201d.&nbsp;<\/p>\n\n\n<div class=\"wp-block-image\">\n<figure class=\"aligncenter size-large is-resized\"><img decoding=\"async\" loading=\"lazy\" width=\"640\" height=\"624\" src=\"https:\/\/i0.wp.com\/lafuente.mx\/wp-content\/uploads\/2025\/05\/Captura-de-pantalla-2025-05-27-a-las-10.52.15-1024x999.png?resize=640%2C624&#038;ssl=1\" alt=\"\" class=\"wp-image-2931\" style=\"aspect-ratio:1.025025025025025;width:600px;height:auto\" srcset=\"https:\/\/i0.wp.com\/lafuente.mx\/wp-content\/uploads\/2025\/05\/Captura-de-pantalla-2025-05-27-a-las-10.52.15.png?resize=1024%2C999&amp;ssl=1 1024w, https:\/\/i0.wp.com\/lafuente.mx\/wp-content\/uploads\/2025\/05\/Captura-de-pantalla-2025-05-27-a-las-10.52.15.png?resize=300%2C293&amp;ssl=1 300w, https:\/\/i0.wp.com\/lafuente.mx\/wp-content\/uploads\/2025\/05\/Captura-de-pantalla-2025-05-27-a-las-10.52.15.png?resize=768%2C749&amp;ssl=1 768w, https:\/\/i0.wp.com\/lafuente.mx\/wp-content\/uploads\/2025\/05\/Captura-de-pantalla-2025-05-27-a-las-10.52.15.png?w=1400&amp;ssl=1 1400w, https:\/\/i0.wp.com\/lafuente.mx\/wp-content\/uploads\/2025\/05\/Captura-de-pantalla-2025-05-27-a-las-10.52.15.png?w=1280 1280w\" sizes=\"(max-width: 640px) 100vw, 640px\" data-recalc-dims=\"1\" \/><\/figure><\/div>\n\n\n<hr class=\"wp-block-separator has-text-color has-vivid-purple-color has-alpha-channel-opacity has-vivid-purple-background-color has-background\"\/>\n\n\n\n<div class=\"wp-block-buttons is-layout-flex wp-block-buttons-is-layout-flex\">\n<div class=\"wp-block-button\"><a class=\"wp-block-button__link has-vivid-purple-background-color has-background wp-element-button\" href=\"https:\/\/gaceta.facmed.unam.mx\/index.php\/2025\/05\/23\/foro-por-el-dia-internacional-contra-la-homofobia-transfobia-y-bifobia-y-dia-del-orgullo-lgbtiq\/\">M\u00e1s informaci\u00f3n<\/a><\/div>\n<\/div>\n\n\n\n<div class=\"wp-block-buttons is-layout-flex wp-block-buttons-is-layout-flex\">\n<div class=\"wp-block-button\"><a class=\"wp-block-button__link wp-element-button\" href=\"https:\/\/inprf.gob.mx\/ensenanzanew\/educont_calen.html\">Calendario de cursos<\/a><\/div>\n<\/div>\n","protected":false},"excerpt":{"rendered":"<p>May 23, 2025&nbsp;|&nbsp; El Programa de Igualdad de G\u00e9nero y la Comisi\u00f3n Interna para la Igualdad de G\u00e9nero (CInIG) de la Facultad de Medicina, con<\/p>\n","protected":false},"author":3,"featured_media":2930,"comment_status":"closed","ping_status":"closed","sticky":false,"template":"","format":"standard","meta":{"footnotes":"","jetpack_publicize_message":"","jetpack_is_tweetstorm":false,"jetpack_publicize_feature_enabled":true},"categories":[3],"tags":[296,948,952,21,947,951,32,647,949,683,950],"jetpack_publicize_connections":[],"yoast_head":"<!-- This site is optimized with the Yoast SEO plugin v19.4 - https:\/\/yoast.com\/wordpress\/plugins\/seo\/ -->\n<title>Foro por el D\u00eda Internacional contra la Homofobia, Transfobia y Bifobia, y D\u00eda del Orgullo LGBTIQ\u00a0 -<\/title>\n<meta name=\"description\" content=\"Con el prop\u00f3sito de informar, sensibilizar e impulsar sobre la importancia de la igualdad y la no discriminaci\u00f3n en la Facultad, mediante acciones, lineamientos, valores o pr\u00e1cticas que permitan construir espacios universitarios igualitarios, organizan el Foro en Conmemoraci\u00f3n por el D\u00eda Internacional contra la Homofobia, Transfobia y Bifobia, y D\u00eda del Orgullo LGBTIQ\" \/>\n<meta name=\"robots\" content=\"index, follow, max-snippet:-1, max-image-preview:large, max-video-preview:-1\" \/>\n<link rel=\"canonical\" href=\"https:\/\/lafuente.mx\/?p=2929\" \/>\n<meta property=\"og:locale\" content=\"es_MX\" \/>\n<meta property=\"og:type\" content=\"article\" \/>\n<meta property=\"og:title\" content=\"Foro en Conmemoraci\u00f3n por el D\u00eda Internacional contra la Homofobia, Transfobia y Bifobia, y D\u00eda del Orgullo LGBTIQ\" \/>\n<meta property=\"og:description\" content=\"Con el prop\u00f3sito de informar, sensibilizar e impulsar sobre la importancia de la igualdad y la no discriminaci\u00f3n en la Facultad, mediante acciones, lineamientos, valores o pr\u00e1cticas que permitan construir espacios universitarios igualitarios, organizan el Foro en Conmemoraci\u00f3n por el D\u00eda Internacional contra la Homofobia, Transfobia y Bifobia, y D\u00eda del Orgullo LGBTIQ\" \/>\n<meta property=\"og:url\" content=\"https:\/\/lafuente.mx\/?p=2929\" \/>\n<meta property=\"article:published_time\" content=\"2025-05-27T18:49:06+00:00\" \/>\n<meta property=\"article:modified_time\" content=\"2025-05-28T16:15:42+00:00\" \/>\n<meta property=\"og:image\" content=\"http:\/\/lafuente.mx\/wp-content\/uploads\/2025\/05\/lesbian-happy-homosexual-proudly-rainbow-nature-symbol-bisexual-multicoloured-homosexuality-trans-transsexual-sexuality-letters-gender-7276187.jpg\" \/>\n\t<meta property=\"og:image:width\" content=\"1280\" \/>\n\t<meta property=\"og:image:height\" content=\"905\" \/>\n\t<meta property=\"og:image:type\" content=\"image\/jpeg\" \/>\n<meta name=\"author\" content=\"Claudia Gallardo\" \/>\n<meta name=\"twitter:card\" content=\"summary_large_image\" \/>\n<meta name=\"twitter:title\" content=\"Foro en Conmemoraci\u00f3n por el D\u00eda Internacional contra la Homofobia, Transfobia y Bifobia, y D\u00eda del Orgullo LGBTIQ\" \/>\n<meta name=\"twitter:description\" content=\"Con el prop\u00f3sito de informar, sensibilizar e impulsar sobre la importancia de la igualdad y la no discriminaci\u00f3n en la Facultad, mediante acciones, lineamientos, valores o pr\u00e1cticas que permitan construir espacios universitarios igualitarios, organizan el Foro en Conmemoraci\u00f3n por el D\u00eda Internacional contra la Homofobia, Transfobia y Bifobia, y D\u00eda del Orgullo LGBTIQ\" \/>\n<meta name=\"twitter:image\" content=\"https:\/\/i0.wp.com\/lafuente.mx\/wp-content\/uploads\/2025\/05\/lesbian-happy-homosexual-proudly-rainbow-nature-symbol-bisexual-multicoloured-homosexuality-trans-transsexual-sexuality-letters-gender-7276187.jpg?fit=1280%2C905&ssl=1\" \/>\n<meta name=\"twitter:label1\" content=\"Escrito por\" \/>\n\t<meta name=\"twitter:data1\" content=\"Claudia Gallardo\" \/>\n\t<meta name=\"twitter:label2\" content=\"Tiempo de lectura\" \/>\n\t<meta name=\"twitter:data2\" content=\"2 minutos\" \/>\n<script type=\"application\/ld+json\" class=\"yoast-schema-graph\">{\"@context\":\"https:\/\/schema.org\",\"@graph\":[{\"@type\":\"WebSite\",\"@id\":\"https:\/\/lafuente.mx\/#website\",\"url\":\"https:\/\/lafuente.mx\/\",\"name\":\"\",\"description\":\"Informaci\u00f3n confiable sobre salud mental\",\"potentialAction\":[{\"@type\":\"SearchAction\",\"target\":{\"@type\":\"EntryPoint\",\"urlTemplate\":\"https:\/\/lafuente.mx\/?s={search_term_string}\"},\"query-input\":\"required name=search_term_string\"}],\"inLanguage\":\"es-MX\"},{\"@type\":\"WebPage\",\"@id\":\"https:\/\/lafuente.mx\/?p=2929\",\"url\":\"https:\/\/lafuente.mx\/?p=2929\",\"name\":\"Foro por el D\u00eda Internacional contra la Homofobia, Transfobia y Bifobia, y D\u00eda del Orgullo LGBTIQ\u00a0 -\",\"isPartOf\":{\"@id\":\"https:\/\/lafuente.mx\/#website\"},\"datePublished\":\"2025-05-27T18:49:06+00:00\",\"dateModified\":\"2025-05-28T16:15:42+00:00\",\"author\":{\"@id\":\"https:\/\/lafuente.mx\/#\/schema\/person\/603f3aa8e2f6f7879021ab722d39d6b0\"},\"description\":\"Con el prop\u00f3sito de informar, sensibilizar e impulsar sobre la importancia de la igualdad y la no discriminaci\u00f3n en la Facultad, mediante acciones, lineamientos, valores o pr\u00e1cticas que permitan construir espacios universitarios igualitarios, organizan el Foro en Conmemoraci\u00f3n por el D\u00eda Internacional contra la Homofobia, Transfobia y Bifobia, y D\u00eda del Orgullo LGBTIQ\",\"breadcrumb\":{\"@id\":\"https:\/\/lafuente.mx\/?p=2929#breadcrumb\"},\"inLanguage\":\"es-MX\",\"potentialAction\":[{\"@type\":\"ReadAction\",\"target\":[\"https:\/\/lafuente.mx\/?p=2929\"]}]},{\"@type\":\"BreadcrumbList\",\"@id\":\"https:\/\/lafuente.mx\/?p=2929#breadcrumb\",\"itemListElement\":[{\"@type\":\"ListItem\",\"position\":1,\"name\":\"Inicio\",\"item\":\"https:\/\/lafuente.mx\/\"},{\"@type\":\"ListItem\",\"position\":2,\"name\":\"Foro por el D\u00eda Internacional contra la Homofobia, Transfobia y Bifobia, y D\u00eda del Orgullo LGBTIQ\u00a0\"}]},{\"@type\":\"Person\",\"@id\":\"https:\/\/lafuente.mx\/#\/schema\/person\/603f3aa8e2f6f7879021ab722d39d6b0\",\"name\":\"Claudia Gallardo\",\"image\":{\"@type\":\"ImageObject\",\"inLanguage\":\"es-MX\",\"@id\":\"https:\/\/lafuente.mx\/#\/schema\/person\/image\/\",\"url\":\"https:\/\/secure.gravatar.com\/avatar\/bfe9c966af1ccfb9d17bcdb9d04e8815?s=96&d=mm&r=g\",\"contentUrl\":\"https:\/\/secure.gravatar.com\/avatar\/bfe9c966af1ccfb9d17bcdb9d04e8815?s=96&d=mm&r=g\",\"caption\":\"Claudia Gallardo\"},\"url\":\"https:\/\/lafuente.mx\/?author=3\"}]}<\/script>\n<!-- \/ Yoast SEO plugin. -->","yoast_head_json":{"title":"Foro por el D\u00eda Internacional contra la Homofobia, Transfobia y Bifobia, y D\u00eda del Orgullo LGBTIQ\u00a0 -","description":"Con el prop\u00f3sito de informar, sensibilizar e impulsar sobre la importancia de la igualdad y la no discriminaci\u00f3n en la Facultad, mediante acciones, lineamientos, valores o pr\u00e1cticas que permitan construir espacios universitarios igualitarios, organizan el Foro en Conmemoraci\u00f3n por el D\u00eda Internacional contra la Homofobia, Transfobia y Bifobia, y D\u00eda del Orgullo LGBTIQ","robots":{"index":"index","follow":"follow","max-snippet":"max-snippet:-1","max-image-preview":"max-image-preview:large","max-video-preview":"max-video-preview:-1"},"canonical":"https:\/\/lafuente.mx\/?p=2929","og_locale":"es_MX","og_type":"article","og_title":"Foro en Conmemoraci\u00f3n por el D\u00eda Internacional contra la Homofobia, Transfobia y Bifobia, y D\u00eda del Orgullo LGBTIQ","og_description":"Con el prop\u00f3sito de informar, sensibilizar e impulsar sobre la importancia de la igualdad y la no discriminaci\u00f3n en la Facultad, mediante acciones, lineamientos, valores o pr\u00e1cticas que permitan construir espacios universitarios igualitarios, organizan el Foro en Conmemoraci\u00f3n por el D\u00eda Internacional contra la Homofobia, Transfobia y Bifobia, y D\u00eda del Orgullo LGBTIQ","og_url":"https:\/\/lafuente.mx\/?p=2929","article_published_time":"2025-05-27T18:49:06+00:00","article_modified_time":"2025-05-28T16:15:42+00:00","og_image":[{"width":1280,"height":905,"url":"http:\/\/lafuente.mx\/wp-content\/uploads\/2025\/05\/lesbian-happy-homosexual-proudly-rainbow-nature-symbol-bisexual-multicoloured-homosexuality-trans-transsexual-sexuality-letters-gender-7276187.jpg","type":"image\/jpeg"}],"author":"Claudia Gallardo","twitter_card":"summary_large_image","twitter_title":"Foro en Conmemoraci\u00f3n por el D\u00eda Internacional contra la Homofobia, Transfobia y Bifobia, y D\u00eda del Orgullo LGBTIQ","twitter_description":"Con el prop\u00f3sito de informar, sensibilizar e impulsar sobre la importancia de la igualdad y la no discriminaci\u00f3n en la Facultad, mediante acciones, lineamientos, valores o pr\u00e1cticas que permitan construir espacios universitarios igualitarios, organizan el Foro en Conmemoraci\u00f3n por el D\u00eda Internacional contra la Homofobia, Transfobia y Bifobia, y D\u00eda del Orgullo LGBTIQ","twitter_image":"https:\/\/i0.wp.com\/lafuente.mx\/wp-content\/uploads\/2025\/05\/lesbian-happy-homosexual-proudly-rainbow-nature-symbol-bisexual-multicoloured-homosexuality-trans-transsexual-sexuality-letters-gender-7276187.jpg?fit=1280%2C905&ssl=1","twitter_misc":{"Escrito por":"Claudia Gallardo","Tiempo de lectura":"2 minutos"},"schema":{"@context":"https:\/\/schema.org","@graph":[{"@type":"WebSite","@id":"https:\/\/lafuente.mx\/#website","url":"https:\/\/lafuente.mx\/","name":"","description":"Informaci\u00f3n confiable sobre salud mental","potentialAction":[{"@type":"SearchAction","target":{"@type":"EntryPoint","urlTemplate":"https:\/\/lafuente.mx\/?s={search_term_string}"},"query-input":"required name=search_term_string"}],"inLanguage":"es-MX"},{"@type":"WebPage","@id":"https:\/\/lafuente.mx\/?p=2929","url":"https:\/\/lafuente.mx\/?p=2929","name":"Foro por el D\u00eda Internacional contra la Homofobia, Transfobia y Bifobia, y D\u00eda del Orgullo LGBTIQ\u00a0 -","isPartOf":{"@id":"https:\/\/lafuente.mx\/#website"},"datePublished":"2025-05-27T18:49:06+00:00","dateModified":"2025-05-28T16:15:42+00:00","author":{"@id":"https:\/\/lafuente.mx\/#\/schema\/person\/603f3aa8e2f6f7879021ab722d39d6b0"},"description":"Con el prop\u00f3sito de informar, sensibilizar e impulsar sobre la importancia de la igualdad y la no discriminaci\u00f3n en la Facultad, mediante acciones, lineamientos, valores o pr\u00e1cticas que permitan construir espacios universitarios igualitarios, organizan el Foro en Conmemoraci\u00f3n por el D\u00eda Internacional contra la Homofobia, Transfobia y Bifobia, y D\u00eda del Orgullo LGBTIQ","breadcrumb":{"@id":"https:\/\/lafuente.mx\/?p=2929#breadcrumb"},"inLanguage":"es-MX","potentialAction":[{"@type":"ReadAction","target":["https:\/\/lafuente.mx\/?p=2929"]}]},{"@type":"BreadcrumbList","@id":"https:\/\/lafuente.mx\/?p=2929#breadcrumb","itemListElement":[{"@type":"ListItem","position":1,"name":"Inicio","item":"https:\/\/lafuente.mx\/"},{"@type":"ListItem","position":2,"name":"Foro por el D\u00eda Internacional contra la Homofobia, Transfobia y Bifobia, y D\u00eda del Orgullo LGBTIQ\u00a0"}]},{"@type":"Person","@id":"https:\/\/lafuente.mx\/#\/schema\/person\/603f3aa8e2f6f7879021ab722d39d6b0","name":"Claudia Gallardo","image":{"@type":"ImageObject","inLanguage":"es-MX","@id":"https:\/\/lafuente.mx\/#\/schema\/person\/image\/","url":"https:\/\/secure.gravatar.com\/avatar\/bfe9c966af1ccfb9d17bcdb9d04e8815?s=96&d=mm&r=g","contentUrl":"https:\/\/secure.gravatar.com\/avatar\/bfe9c966af1ccfb9d17bcdb9d04e8815?s=96&d=mm&r=g","caption":"Claudia Gallardo"},"url":"https:\/\/lafuente.mx\/?author=3"}]}},"jetpack_featured_media_url":"https:\/\/i0.wp.com\/lafuente.mx\/wp-content\/uploads\/2025\/05\/lesbian-happy-homosexual-proudly-rainbow-nature-symbol-bisexual-multicoloured-homosexuality-trans-transsexual-sexuality-letters-gender-7276187.jpg?fit=1280%2C905&ssl=1","jetpack-related-posts":[{"id":1277,"url":"https:\/\/lafuente.mx\/?p=1277","url_meta":{"origin":2929,"position":0},"title":"D\u00eda Internacional del Orgullo LGBTIQPA+\u00a0","date":"junio 19, 2023","format":false,"excerpt":"28 de junio \u201cLa noci\u00f3n b\u00e1sica del Orgullo LGBTIQ consiste en que ninguna persona debe avergonzarse de lo que es, cualquiera sea su sexo, orientaci\u00f3n sexual o identidad sexual\u201d\u00a0 Con el objetivo principal de promover la tolerancia como camino al respeto a formas de pensar diversas, as\u00ed como la igualdad\u2026","rel":"","context":"En &quot;Efem\u00e9rides de Salud Mental&quot;","img":{"alt_text":"","src":"https:\/\/i0.wp.com\/lafuente.mx\/wp-content\/uploads\/2023\/06\/lgtb3.jpeg?fit=1200%2C800&ssl=1&resize=350%2C200","width":350,"height":200},"classes":[]},{"id":2335,"url":"https:\/\/lafuente.mx\/?p=2335","url_meta":{"origin":2929,"position":1},"title":"Abordaje interdisciplinario de las diversidades sexogen\u00e9ricas: evidencias para el cuidado de su salud f\u00edsica y mental\u00a0","date":"mayo 31, 2024","format":false,"excerpt":"Del 10 al 21 de junio de 2024\u00a0 Coordinador titular: Dr. Hamid Vega Ram\u00edrez\u00a0 Coordinadora adjunta: Dra. Rebeca Robles Garc\u00eda\u00a0 Dirigido a: Profesionales de la educaci\u00f3n (docentes, prefecturas, directivos), de la salud (endocrinolog\u00eda, pediatr\u00eda, medicina interna, cirug\u00eda, ginecolog\u00eda, urolog\u00eda, psiquiatr\u00eda y psicolog\u00eda) y personal de otras disciplinas afines que est\u00e1n\u2026","rel":"","context":"En &quot;Cursos&quot;","img":{"alt_text":"diversity, people, heads-5582454.jpg","src":"https:\/\/i0.wp.com\/lafuente.mx\/wp-content\/uploads\/2024\/05\/diversity-people-heads-5582454.jpg?fit=1200%2C800&ssl=1&resize=350%2C200","width":350,"height":200},"classes":[]},{"id":3585,"url":"https:\/\/lafuente.mx\/?p=3585","url_meta":{"origin":2929,"position":2},"title":"Diferencias entre hombres y mujeres mexicanos en el fen\u00f3meno de la transfobia\u00a0","date":"febrero 18, 2026","format":false,"excerpt":"Volume\u00a048,\u00a0Issue\u00a06,\u00a0November-December\u00a02025\u00a0\u00a0 Tecelli\u00a0Dom\u00ednguez\u00a0Centro de Investigaci\u00f3n en Salud Mental Global. Direcci\u00f3n de Investigaciones Epidemiol\u00f3gicas y Psicosociales. Instituto Nacional de Psiquiatr\u00eda Ram\u00f3n de la Fuente Mu\u00f1iz, Ciudad de M\u00e9xico, M\u00e9xico.\u00a0 Ana\u00a0Fres\u00e1n\u00a0Laboratorio de Epidemiolog\u00eda Cl\u00ednica. Subdirecci\u00f3n de Investigaciones Cl\u00ednicas. Instituto Nacional de Psiquiatr\u00eda Ram\u00f3n de la Fuente Mu\u00f1iz, Ciudad de M\u00e9xico, M\u00e9xico.\u00a0 Rebeca Robles-Garc\u00eda\u00a0Centro\u2026","rel":"","context":"En &quot;Revista Salud Mental&quot;","img":{"alt_text":"people, relationship, equality, pride, lesbian, gay pride, nature, rainbow, love, symbol, bisexual, transgender, sexuality, abstract-7728700.jpg","src":"https:\/\/i0.wp.com\/lafuente.mx\/wp-content\/uploads\/2026\/02\/people-relationship-equality-pride-lesbian-gay-pride-nature-rainbow-love-symbol-bisexual-transgender-sexuality-abstract-7728700.jpg?fit=1200%2C690&ssl=1&resize=350%2C200","width":350,"height":200},"classes":[]},{"id":2846,"url":"https:\/\/lafuente.mx\/?p=2846","url_meta":{"origin":2929,"position":3},"title":"Resultados de la Encuesta sobre Estigma, Discriminaci\u00f3n y Salud Mental de las Diversidades Sexogen\u00e9ricas (ENDISMED)\u00a0","date":"abril 14, 2025","format":false,"excerpt":"Con el objetivo de examinar la relaci\u00f3n entre la percepci\u00f3n de estigma y la experiencia de actos de discriminaci\u00f3n en el contexto escolar con presentar sintomatolog\u00eda ansiosa, depresiva, consumo de sustancias y conducta suicida en una muestra de la comunidad estudiantil, acad\u00e9mica y administrativa de la Facultad de Medicina que\u2026","rel":"","context":"En &quot;Noticias&quot;","img":{"alt_text":"lesbian, happy, homosexual, nature, proudly, rainbow, bisexual, multicoloured, homosexuality, trans, transsexual, sexuality, lgbtiqa, pride month, pride, celebrate, world pride-7276192.jpg","src":"https:\/\/i0.wp.com\/lafuente.mx\/wp-content\/uploads\/2025\/04\/lesbian-happy-homosexual-nature-proudly-rainbow-bisexual-multicoloured-homosexuality-trans-transsexual-sexuality-lgbtiqa-pride-month-pride-celebrate-world-pride-7276192.jpg?fit=1200%2C848&ssl=1&resize=350%2C200","width":350,"height":200},"classes":[]},{"id":2944,"url":"https:\/\/lafuente.mx\/?p=2944","url_meta":{"origin":2929,"position":4},"title":"Foro sobre el D\u00eda Internacional de Acci\u00f3n por la Salud de las Mujeres\u00a0\u00a0","date":"junio 6, 2025","format":false,"excerpt":"Mayo 2025 El pasado 28 de mayo se conmemor\u00f3 el D\u00eda Internacional de\u00a0Acci\u00f3n por la Salud de las Mujeres en el auditorio \u201cDr. Alberto Guevara Rojas\u201d, en donde a trav\u00e9s de diversas ponencias se abordaron diferentes puntos de vista de la importancia que tiene la salud de las mujeres en\u2026","rel":"","context":"En &quot;Efem\u00e9rides de Salud Mental&quot;","img":{"alt_text":"","src":"https:\/\/i0.wp.com\/lafuente.mx\/wp-content\/uploads\/2025\/06\/image-1.png?fit=1200%2C600&ssl=1&resize=350%2C200","width":350,"height":200},"classes":[]},{"id":700,"url":"https:\/\/lafuente.mx\/?p=700","url_meta":{"origin":2929,"position":5},"title":"D\u00eda Internacional de la Mujer y la Ni\u00f1a en la Ciencia","date":"febrero 1, 2023","format":false,"excerpt":"11 de febrero \u00bfPor qu\u00e9 dedicamos un d\u00eda a la mujer y la ni\u00f1a en la ciencia?\u00a0 La igualdad de g\u00e9nero ha sido siempre un tema central de las Naciones Unidas. La igualdad entre los g\u00e9neros y el empoderamiento de las mujeres y las ni\u00f1as contribuir\u00e1n decisivamente no solo al\u2026","rel":"","context":"En &quot;Efem\u00e9rides de Salud Mental&quot;","img":{"alt_text":"drug, sars, coronavirus-4981310.jpg","src":"https:\/\/i0.wp.com\/lafuente.mx\/wp-content\/uploads\/2023\/02\/drug-sars-coronavirus-4981310.jpg?fit=800%2C1200&ssl=1&resize=350%2C200","width":350,"height":200},"classes":[]}],"jetpack_sharing_enabled":true,"jetpack_shortlink":"https:\/\/wp.me\/pe9WUx-Lf","_links":{"self":[{"href":"https:\/\/lafuente.mx\/index.php?rest_route=\/wp\/v2\/posts\/2929"}],"collection":[{"href":"https:\/\/lafuente.mx\/index.php?rest_route=\/wp\/v2\/posts"}],"about":[{"href":"https:\/\/lafuente.mx\/index.php?rest_route=\/wp\/v2\/types\/post"}],"author":[{"embeddable":true,"href":"https:\/\/lafuente.mx\/index.php?rest_route=\/wp\/v2\/users\/3"}],"replies":[{"embeddable":true,"href":"https:\/\/lafuente.mx\/index.php?rest_route=%2Fwp%2Fv2%2Fcomments&post=2929"}],"version-history":[{"count":3,"href":"https:\/\/lafuente.mx\/index.php?rest_route=\/wp\/v2\/posts\/2929\/revisions"}],"predecessor-version":[{"id":2938,"href":"https:\/\/lafuente.mx\/index.php?rest_route=\/wp\/v2\/posts\/2929\/revisions\/2938"}],"wp:featuredmedia":[{"embeddable":true,"href":"https:\/\/lafuente.mx\/index.php?rest_route=\/wp\/v2\/media\/2930"}],"wp:attachment":[{"href":"https:\/\/lafuente.mx\/index.php?rest_route=%2Fwp%2Fv2%2Fmedia&parent=2929"}],"wp:term":[{"taxonomy":"category","embeddable":true,"href":"https:\/\/lafuente.mx\/index.php?rest_route=%2Fwp%2Fv2%2Fcategories&post=2929"},{"taxonomy":"post_tag","embeddable":true,"href":"https:\/\/lafuente.mx\/index.php?rest_route=%2Fwp%2Fv2%2Ftags&post=2929"}],"curies":[{"name":"wp","href":"https:\/\/api.w.org\/{rel}","templated":true}]}}