{"id":2911,"date":"2025-05-24T19:58:05","date_gmt":"2025-05-24T19:58:05","guid":{"rendered":"https:\/\/lafuente.mx\/?p=2911"},"modified":"2025-05-26T14:44:30","modified_gmt":"2025-05-26T14:44:30","slug":"dia-mundial-de-concientizacion-sobre-la-esquizofrenia-como-puedes-participar","status":"publish","type":"post","link":"https:\/\/lafuente.mx\/?p=2911","title":{"rendered":"D\u00eda Mundial de Concientizaci\u00f3n sobre la Esquizofrenia: \u00bfc\u00f3mo puedes participar?"},"content":{"rendered":"\n<hr class=\"wp-block-separator has-alpha-channel-opacity\"\/>\n\n\n\n<p class=\"has-text-align-center has-text-color has-larger-font-size\" style=\"color:#451e64\"><strong>24 de mayo<\/strong><\/p>\n\n\n\n<figure class=\"wp-block-image size-large\"><img decoding=\"async\" loading=\"lazy\" width=\"640\" height=\"292\" src=\"https:\/\/i0.wp.com\/lafuente.mx\/wp-content\/uploads\/2025\/05\/WhatsApp_Image_2021-08-16_at_11.41.07_AM-1024x467.jpg?resize=640%2C292&#038;ssl=1\" alt=\"\" class=\"wp-image-2917\" srcset=\"https:\/\/i0.wp.com\/lafuente.mx\/wp-content\/uploads\/2025\/05\/WhatsApp_Image_2021-08-16_at_11.41.07_AM.jpg?resize=1024%2C467&amp;ssl=1 1024w, https:\/\/i0.wp.com\/lafuente.mx\/wp-content\/uploads\/2025\/05\/WhatsApp_Image_2021-08-16_at_11.41.07_AM.jpg?resize=300%2C137&amp;ssl=1 300w, https:\/\/i0.wp.com\/lafuente.mx\/wp-content\/uploads\/2025\/05\/WhatsApp_Image_2021-08-16_at_11.41.07_AM.jpg?resize=768%2C350&amp;ssl=1 768w, https:\/\/i0.wp.com\/lafuente.mx\/wp-content\/uploads\/2025\/05\/WhatsApp_Image_2021-08-16_at_11.41.07_AM.jpg?w=1196&amp;ssl=1 1196w\" sizes=\"(max-width: 640px) 100vw, 640px\" data-recalc-dims=\"1\" \/><\/figure>\n\n\n\n<p class=\"has-medium-font-size\"><strong>El D\u00eda Mundial de Conciencia sobre la Esquizofrenia,<\/strong> <br>que se celebra cada a\u00f1o el\u00a0<strong>24 de mayo<\/strong>\u00a0, tiene como objetivo aumentar la conciencia p\u00fablica sobre\u00a0la esquizofrenia\u00a0y\u00a0reducir el estigma\u00a0asociado con la enfermedad.\u00a0<\/p>\n\n\n\n<p class=\"has-medium-font-size\">El d\u00eda tambi\u00e9n sirve como una oportunidad para apoyar a quienes viven con esta enfermedad y abogar por la detecci\u00f3n e intervenci\u00f3n tempranas, que seg\u00fan\u00a0han demostrado las investigaciones,\u00a0est\u00e1n vinculadas a mejores resultados a largo plazo.\u00a0<\/p>\n\n\n\n<hr class=\"wp-block-separator has-text-color has-pale-cyan-blue-color has-alpha-channel-opacity has-pale-cyan-blue-background-color has-background\"\/>\n\n\n\n<p class=\"has-text-color has-medium-font-size\" style=\"color:#612f90\"><strong>Para consultar m\u00e1s informaci\u00f3n del tema vista:\u00a0<\/strong><\/p>\n\n\n\n<p class=\"has-white-color has-text-color has-background\" style=\"background-color:#47226a\"><a href=\"https:\/\/www.mentalizarte.com\/publicaciones\/index.php?view=products&amp;cat=Esq\" target=\"_blank\" rel=\"noreferrer noopener\">https:\/\/www.mentalizarte.com\/publicaciones\/index.php?view=products&amp;cat=Esq<\/a> <a href=\"https:\/\/www.youtube.com\/@inprfm5095\/search?query=esquizofrenia\" target=\"_blank\" rel=\"noreferrer noopener\">https:\/\/www.youtube.com\/@inprfm5095\/search?query=esquizofrenia<\/a>&nbsp;<\/p>\n","protected":false},"excerpt":{"rendered":"<p>24 de mayo El D\u00eda Mundial de Conciencia sobre la Esquizofrenia, que se celebra cada a\u00f1o el\u00a024 de mayo\u00a0, tiene como objetivo aumentar la conciencia<\/p>\n","protected":false},"author":3,"featured_media":2917,"comment_status":"closed","ping_status":"closed","sticky":false,"template":"","format":"standard","meta":{"footnotes":"","jetpack_publicize_message":"","jetpack_is_tweetstorm":false,"jetpack_publicize_feature_enabled":true},"categories":[13],"tags":[943,98,874,591,69,21,63,32],"jetpack_publicize_connections":[],"yoast_head":"<!-- This site is optimized with the Yoast SEO plugin v19.4 - https:\/\/yoast.com\/wordpress\/plugins\/seo\/ -->\n<title>D\u00eda Mundial de Concientizaci\u00f3n sobre la Esquizofrenia: \u00bfc\u00f3mo puedes participar? -<\/title>\n<meta name=\"robots\" content=\"index, follow, max-snippet:-1, max-image-preview:large, max-video-preview:-1\" \/>\n<link rel=\"canonical\" href=\"https:\/\/lafuente.mx\/?p=2911\" \/>\n<meta property=\"og:locale\" content=\"es_MX\" \/>\n<meta property=\"og:type\" content=\"article\" \/>\n<meta property=\"og:title\" content=\"D\u00eda Mundial de Concientizaci\u00f3n sobre la Esquizofrenia: \u00bfc\u00f3mo puedes participar?\" \/>\n<meta property=\"og:description\" content=\"El D\u00eda Mundial de Conciencia sobre la Esquizofrenia, que se celebra cada a\u00f1o el\u00a024 de mayo\u00a0, tiene como objetivo aumentar la conciencia p\u00fablica sobre\u00a0la esquizofrenia\" \/>\n<meta property=\"og:url\" content=\"https:\/\/lafuente.mx\/?p=2911\" \/>\n<meta property=\"article:published_time\" content=\"2025-05-24T19:58:05+00:00\" \/>\n<meta property=\"article:modified_time\" content=\"2025-05-26T14:44:30+00:00\" \/>\n<meta property=\"og:image\" content=\"http:\/\/lafuente.mx\/wp-content\/uploads\/2025\/05\/WhatsApp_Image_2021-08-16_at_11.41.07_AM.jpg\" \/>\n\t<meta property=\"og:image:width\" content=\"1196\" \/>\n\t<meta property=\"og:image:height\" content=\"545\" \/>\n\t<meta property=\"og:image:type\" content=\"image\/jpeg\" \/>\n<meta name=\"author\" content=\"Claudia Gallardo\" \/>\n<meta name=\"twitter:card\" content=\"summary_large_image\" \/>\n<meta name=\"twitter:title\" content=\"D\u00eda Mundial de Concientizaci\u00f3n sobre la Esquizofrenia: \u00bfc\u00f3mo puedes participar?\" \/>\n<meta name=\"twitter:description\" content=\"El D\u00eda Mundial de Conciencia sobre la Esquizofrenia, que se celebra cada a\u00f1o el\u00a024 de mayo\u00a0, tiene como objetivo aumentar la conciencia p\u00fablica sobre\u00a0la esquizofrenia\" \/>\n<meta name=\"twitter:image\" content=\"https:\/\/i0.wp.com\/lafuente.mx\/wp-content\/uploads\/2025\/05\/WhatsApp_Image_2021-08-16_at_11.41.07_AM.jpg?fit=1196%2C545&ssl=1\" \/>\n<meta name=\"twitter:label1\" content=\"Escrito por\" \/>\n\t<meta name=\"twitter:data1\" content=\"Claudia Gallardo\" \/>\n\t<meta name=\"twitter:label2\" content=\"Tiempo de lectura\" \/>\n\t<meta name=\"twitter:data2\" content=\"1 minuto\" \/>\n<script type=\"application\/ld+json\" class=\"yoast-schema-graph\">{\"@context\":\"https:\/\/schema.org\",\"@graph\":[{\"@type\":\"WebSite\",\"@id\":\"https:\/\/lafuente.mx\/#website\",\"url\":\"https:\/\/lafuente.mx\/\",\"name\":\"\",\"description\":\"Informaci\u00f3n confiable sobre salud mental\",\"potentialAction\":[{\"@type\":\"SearchAction\",\"target\":{\"@type\":\"EntryPoint\",\"urlTemplate\":\"https:\/\/lafuente.mx\/?s={search_term_string}\"},\"query-input\":\"required name=search_term_string\"}],\"inLanguage\":\"es-MX\"},{\"@type\":\"WebPage\",\"@id\":\"https:\/\/lafuente.mx\/?p=2911\",\"url\":\"https:\/\/lafuente.mx\/?p=2911\",\"name\":\"D\u00eda Mundial de Concientizaci\u00f3n sobre la Esquizofrenia: \u00bfc\u00f3mo puedes participar? -\",\"isPartOf\":{\"@id\":\"https:\/\/lafuente.mx\/#website\"},\"datePublished\":\"2025-05-24T19:58:05+00:00\",\"dateModified\":\"2025-05-26T14:44:30+00:00\",\"author\":{\"@id\":\"https:\/\/lafuente.mx\/#\/schema\/person\/603f3aa8e2f6f7879021ab722d39d6b0\"},\"breadcrumb\":{\"@id\":\"https:\/\/lafuente.mx\/?p=2911#breadcrumb\"},\"inLanguage\":\"es-MX\",\"potentialAction\":[{\"@type\":\"ReadAction\",\"target\":[\"https:\/\/lafuente.mx\/?p=2911\"]}]},{\"@type\":\"BreadcrumbList\",\"@id\":\"https:\/\/lafuente.mx\/?p=2911#breadcrumb\",\"itemListElement\":[{\"@type\":\"ListItem\",\"position\":1,\"name\":\"Inicio\",\"item\":\"https:\/\/lafuente.mx\/\"},{\"@type\":\"ListItem\",\"position\":2,\"name\":\"D\u00eda Mundial de Concientizaci\u00f3n sobre la Esquizofrenia: \u00bfc\u00f3mo puedes participar?\"}]},{\"@type\":\"Person\",\"@id\":\"https:\/\/lafuente.mx\/#\/schema\/person\/603f3aa8e2f6f7879021ab722d39d6b0\",\"name\":\"Claudia Gallardo\",\"image\":{\"@type\":\"ImageObject\",\"inLanguage\":\"es-MX\",\"@id\":\"https:\/\/lafuente.mx\/#\/schema\/person\/image\/\",\"url\":\"https:\/\/secure.gravatar.com\/avatar\/bfe9c966af1ccfb9d17bcdb9d04e8815?s=96&d=mm&r=g\",\"contentUrl\":\"https:\/\/secure.gravatar.com\/avatar\/bfe9c966af1ccfb9d17bcdb9d04e8815?s=96&d=mm&r=g\",\"caption\":\"Claudia Gallardo\"},\"url\":\"https:\/\/lafuente.mx\/?author=3\"}]}<\/script>\n<!-- \/ Yoast SEO plugin. -->","yoast_head_json":{"title":"D\u00eda Mundial de Concientizaci\u00f3n sobre la Esquizofrenia: \u00bfc\u00f3mo puedes participar? -","robots":{"index":"index","follow":"follow","max-snippet":"max-snippet:-1","max-image-preview":"max-image-preview:large","max-video-preview":"max-video-preview:-1"},"canonical":"https:\/\/lafuente.mx\/?p=2911","og_locale":"es_MX","og_type":"article","og_title":"D\u00eda Mundial de Concientizaci\u00f3n sobre la Esquizofrenia: \u00bfc\u00f3mo puedes participar?","og_description":"El D\u00eda Mundial de Conciencia sobre la Esquizofrenia, que se celebra cada a\u00f1o el\u00a024 de mayo\u00a0, tiene como objetivo aumentar la conciencia p\u00fablica sobre\u00a0la esquizofrenia","og_url":"https:\/\/lafuente.mx\/?p=2911","article_published_time":"2025-05-24T19:58:05+00:00","article_modified_time":"2025-05-26T14:44:30+00:00","og_image":[{"width":1196,"height":545,"url":"http:\/\/lafuente.mx\/wp-content\/uploads\/2025\/05\/WhatsApp_Image_2021-08-16_at_11.41.07_AM.jpg","type":"image\/jpeg"}],"author":"Claudia Gallardo","twitter_card":"summary_large_image","twitter_title":"D\u00eda Mundial de Concientizaci\u00f3n sobre la Esquizofrenia: \u00bfc\u00f3mo puedes participar?","twitter_description":"El D\u00eda Mundial de Conciencia sobre la Esquizofrenia, que se celebra cada a\u00f1o el\u00a024 de mayo\u00a0, tiene como objetivo aumentar la conciencia p\u00fablica sobre\u00a0la esquizofrenia","twitter_image":"https:\/\/i0.wp.com\/lafuente.mx\/wp-content\/uploads\/2025\/05\/WhatsApp_Image_2021-08-16_at_11.41.07_AM.jpg?fit=1196%2C545&ssl=1","twitter_misc":{"Escrito por":"Claudia Gallardo","Tiempo de lectura":"1 minuto"},"schema":{"@context":"https:\/\/schema.org","@graph":[{"@type":"WebSite","@id":"https:\/\/lafuente.mx\/#website","url":"https:\/\/lafuente.mx\/","name":"","description":"Informaci\u00f3n confiable sobre salud mental","potentialAction":[{"@type":"SearchAction","target":{"@type":"EntryPoint","urlTemplate":"https:\/\/lafuente.mx\/?s={search_term_string}"},"query-input":"required name=search_term_string"}],"inLanguage":"es-MX"},{"@type":"WebPage","@id":"https:\/\/lafuente.mx\/?p=2911","url":"https:\/\/lafuente.mx\/?p=2911","name":"D\u00eda Mundial de Concientizaci\u00f3n sobre la Esquizofrenia: \u00bfc\u00f3mo puedes participar? -","isPartOf":{"@id":"https:\/\/lafuente.mx\/#website"},"datePublished":"2025-05-24T19:58:05+00:00","dateModified":"2025-05-26T14:44:30+00:00","author":{"@id":"https:\/\/lafuente.mx\/#\/schema\/person\/603f3aa8e2f6f7879021ab722d39d6b0"},"breadcrumb":{"@id":"https:\/\/lafuente.mx\/?p=2911#breadcrumb"},"inLanguage":"es-MX","potentialAction":[{"@type":"ReadAction","target":["https:\/\/lafuente.mx\/?p=2911"]}]},{"@type":"BreadcrumbList","@id":"https:\/\/lafuente.mx\/?p=2911#breadcrumb","itemListElement":[{"@type":"ListItem","position":1,"name":"Inicio","item":"https:\/\/lafuente.mx\/"},{"@type":"ListItem","position":2,"name":"D\u00eda Mundial de Concientizaci\u00f3n sobre la Esquizofrenia: \u00bfc\u00f3mo puedes participar?"}]},{"@type":"Person","@id":"https:\/\/lafuente.mx\/#\/schema\/person\/603f3aa8e2f6f7879021ab722d39d6b0","name":"Claudia Gallardo","image":{"@type":"ImageObject","inLanguage":"es-MX","@id":"https:\/\/lafuente.mx\/#\/schema\/person\/image\/","url":"https:\/\/secure.gravatar.com\/avatar\/bfe9c966af1ccfb9d17bcdb9d04e8815?s=96&d=mm&r=g","contentUrl":"https:\/\/secure.gravatar.com\/avatar\/bfe9c966af1ccfb9d17bcdb9d04e8815?s=96&d=mm&r=g","caption":"Claudia Gallardo"},"url":"https:\/\/lafuente.mx\/?author=3"}]}},"jetpack_featured_media_url":"https:\/\/i0.wp.com\/lafuente.mx\/wp-content\/uploads\/2025\/05\/WhatsApp_Image_2021-08-16_at_11.41.07_AM.jpg?fit=1196%2C545&ssl=1","jetpack-related-posts":[{"id":2174,"url":"https:\/\/lafuente.mx\/?p=2174","url_meta":{"origin":2911,"position":0},"title":"D\u00eda Mundial del Trastorno Bipolar \u00a0","date":"marzo 30, 2024","format":false,"excerpt":"30 de marzo El trastorno bipolar es una enfermedad mental que afecta a los mecanismos que regulan el estado de \u00e1nimo (animostato). Se suele caracterizar por la alternancia de episodios man\u00edacos (altos emocionales) y depresivos (bajos emocionales) separados por per\u00edodos de estado de \u00e1nimo normal. No obstante, la enfermedad tambi\u00e9n\u2026","rel":"","context":"En &quot;Efem\u00e9rides de Salud Mental&quot;","img":{"alt_text":"","src":"https:\/\/i0.wp.com\/lafuente.mx\/wp-content\/uploads\/2024\/04\/Captura-de-pantalla-2024-04-02-a-las-10.09.21.png?fit=1200%2C678&ssl=1&resize=350%2C200","width":350,"height":200},"classes":[]},{"id":376,"url":"https:\/\/lafuente.mx\/?p=376","url_meta":{"origin":2911,"position":1},"title":"Alternativas terap\u00e9uticas para la esquizofrenia","date":"septiembre 13, 2022","format":false,"excerpt":"Marcelo Valencia Herder M\u00e9xicoISBN: 9786077727224\u00a0Fecha de publicaci\u00f3n:\u00a0\u00a0 2012\u00a0P\u00e1ginas:\u00a0\u00a0 490\u00a0Peso: 560 g\u00a0 La esquizofrenia es una enfermedad mental compleja, de curso cr\u00f3nico, heterog\u00e9neo e impredecible. Las personas que la padecen tienen que lidiar con diversos aspectos, como la sintomatolog\u00eda psic\u00f3tica, la discapacidad, el deterioro cognitivo y los problemas en el funcionamiento\u2026","rel":"","context":"En &quot;Publicaciones&quot;","img":{"alt_text":"","src":"https:\/\/i0.wp.com\/lafuente.mx\/wp-content\/uploads\/2022\/09\/Captura-de-Pantalla-2022-09-13-a-las-14.07.31-e1663096196853.png?fit=379%2C372&ssl=1&resize=350%2C200","width":350,"height":200},"classes":[]},{"id":2085,"url":"https:\/\/lafuente.mx\/?p=2085","url_meta":{"origin":2911,"position":2},"title":"Tratamiento de la esquizofrenia en M\u00e9xico: recomendaciones de un panel de expertos","date":"febrero 13, 2024","format":false,"excerpt":"Ra\u00fal I. Escamilla-Orozco, Claudia Becerra-Palars, Yolanda Armend\u00e1riz-V\u00e1zquez, Irma SY. Corlay-Noriega, Miguel A. Herrera-Estrella, Rosalba E. Llamas-N\u00fa\u00f1ez, \u00d3scar Meneses-Luna, Juan M. Quijada-Gayt\u00e1n, Francisco Reyes-Madrigal, Arsenio Rosado-Franco, Mauricio Rosel-Vales y Erasmo Saucedo-Uribe\u00a0 La esquizofrenia es una enfermedad compleja que actualmente no tiene cura. Existen, sin embargo, numerosas terapias que, solas o en\u2026","rel":"","context":"En &quot;Publicaciones&quot;","img":{"alt_text":"","src":"https:\/\/i0.wp.com\/lafuente.mx\/wp-content\/uploads\/2024\/02\/2024.0213-edited-1-scaled.jpg?fit=1200%2C675&ssl=1&resize=350%2C200","width":350,"height":200},"classes":[]},{"id":2523,"url":"https:\/\/lafuente.mx\/?p=2523","url_meta":{"origin":2911,"position":3},"title":"D\u00eda Mundial para la Prevenci\u00f3n del Suicidio 2024\u00a0","date":"septiembre 10, 2024","format":false,"excerpt":"El D\u00eda Mundial para la Prevenci\u00f3n del Suicidio,\u00a0que se conmemora anualmente el 10 de septiembre, est\u00e1 organizado por la Asociaci\u00f3n Internacional para la Prevenci\u00f3n del Suicidio (IASP) y avalado por la Organizaci\u00f3n Mundial de la Salud (OMS). La conmemoraci\u00f3n centra la atenci\u00f3n en el tema, reduce el estigma y crea\u2026","rel":"","context":"En &quot;Efem\u00e9rides de Salud Mental&quot;","img":{"alt_text":"stop adult suicide, candle in child hands, left alone-3801118.jpg","src":"https:\/\/i0.wp.com\/lafuente.mx\/wp-content\/uploads\/2024\/09\/stop-adult-suicide-candle-in-child-hands-left-alone-3801118.jpg?fit=1200%2C857&ssl=1&resize=350%2C200","width":350,"height":200},"classes":[]},{"id":1679,"url":"https:\/\/lafuente.mx\/?p=1679","url_meta":{"origin":2911,"position":4},"title":"D\u00eda Mundial para la Prevenci\u00f3n del Suicidio 2023","date":"septiembre 8, 2023","format":false,"excerpt":"\u00abCreando esperanza a trav\u00e9s de la acci\u00f3n\u00bb\u00a0 El D\u00eda Mundial para la Prevenci\u00f3n del Suicidio fue establecido en 2003 por la Asociaci\u00f3n Internacional para la Prevenci\u00f3n del Suicidio junto con la Organizaci\u00f3n Mundial de la Salud (OMS). La jornada, que se celebra el 10 de septiembre de cada a\u00f1o, tiene\u2026","rel":"","context":"En &quot;Efem\u00e9rides de Salud Mental&quot;","img":{"alt_text":"","src":"https:\/\/i0.wp.com\/lafuente.mx\/wp-content\/uploads\/2023\/09\/mono-ama.jpeg?fit=850%2C590&ssl=1&resize=350%2C200","width":350,"height":200},"classes":[]},{"id":2279,"url":"https:\/\/lafuente.mx\/?p=2279","url_meta":{"origin":2911,"position":5},"title":"D\u00eda de la fibromialgia\u00a0","date":"mayo 12, 2024","format":false,"excerpt":"12 de mayo Desde 1993, cada a\u00f1o se celebra el D\u00eda Mundial de la Fibromialgia y del S\u00edndrome de la Fatiga Cr\u00f3nica. Se escogi\u00f3 el 12 de mayo para conmemorar el nacimiento de Florence Nightingale, enfermera que contrajo esta enfermedad.\u00a0 La iniciativa surgi\u00f3 de la mano de distintas organizaciones y\u2026","rel":"","context":"En &quot;Efem\u00e9rides de Salud Mental&quot;","img":{"alt_text":"woman, root, fantastic-2391033.jpg","src":"https:\/\/i0.wp.com\/lafuente.mx\/wp-content\/uploads\/2024\/05\/woman-root-fantastic-2391033.jpg?fit=1200%2C680&ssl=1&resize=350%2C200","width":350,"height":200},"classes":[]}],"jetpack_sharing_enabled":true,"jetpack_shortlink":"https:\/\/wp.me\/pe9WUx-KX","_links":{"self":[{"href":"https:\/\/lafuente.mx\/index.php?rest_route=\/wp\/v2\/posts\/2911"}],"collection":[{"href":"https:\/\/lafuente.mx\/index.php?rest_route=\/wp\/v2\/posts"}],"about":[{"href":"https:\/\/lafuente.mx\/index.php?rest_route=\/wp\/v2\/types\/post"}],"author":[{"embeddable":true,"href":"https:\/\/lafuente.mx\/index.php?rest_route=\/wp\/v2\/users\/3"}],"replies":[{"embeddable":true,"href":"https:\/\/lafuente.mx\/index.php?rest_route=%2Fwp%2Fv2%2Fcomments&post=2911"}],"version-history":[{"count":6,"href":"https:\/\/lafuente.mx\/index.php?rest_route=\/wp\/v2\/posts\/2911\/revisions"}],"predecessor-version":[{"id":2921,"href":"https:\/\/lafuente.mx\/index.php?rest_route=\/wp\/v2\/posts\/2911\/revisions\/2921"}],"wp:featuredmedia":[{"embeddable":true,"href":"https:\/\/lafuente.mx\/index.php?rest_route=\/wp\/v2\/media\/2917"}],"wp:attachment":[{"href":"https:\/\/lafuente.mx\/index.php?rest_route=%2Fwp%2Fv2%2Fmedia&parent=2911"}],"wp:term":[{"taxonomy":"category","embeddable":true,"href":"https:\/\/lafuente.mx\/index.php?rest_route=%2Fwp%2Fv2%2Fcategories&post=2911"},{"taxonomy":"post_tag","embeddable":true,"href":"https:\/\/lafuente.mx\/index.php?rest_route=%2Fwp%2Fv2%2Ftags&post=2911"}],"curies":[{"name":"wp","href":"https:\/\/api.w.org\/{rel}","templated":true}]}}