{"id":2908,"date":"2025-05-20T15:53:10","date_gmt":"2025-05-20T15:53:10","guid":{"rendered":"https:\/\/lafuente.mx\/?p=2908"},"modified":"2025-05-20T15:53:11","modified_gmt":"2025-05-20T15:53:11","slug":"borrador-automatico-dia-nacional-de-las-y-los-psicologos-3","status":"publish","type":"post","link":"https:\/\/lafuente.mx\/?p=2908","title":{"rendered":"D\u00eda Nacional de las y los Psic\u00f3logos"},"content":{"rendered":"\n<hr class=\"wp-block-separator has-text-color has-vivid-cyan-blue-color has-alpha-channel-opacity has-vivid-cyan-blue-background-color has-background is-style-wide\"\/>\n\n\n\n<p class=\"has-text-align-center has-white-color has-vivid-cyan-blue-background-color has-text-color has-background has-larger-font-size\"><strong>20 de mayo<\/strong><\/p>\n\n\n\n<p>El D\u00eda Nacional de las y los Psic\u00f3logos tuvo su origen el 20 de mayo de 1994 cuando varias asociaciones vinculadas con la Psicolog\u00eda se reunieron por primera vez, tras el llamado del Colegio de Profesionales de Psicolog\u00eda de la Universidad de Guadalajara, en Jalisco, con el objetivo de promover la funci\u00f3n de estos profesionales.\u00a0<\/p>\n\n\n\n<p>Un a\u00f1o m\u00e1s tarde, en 1995, se fund\u00f3 la Federaci\u00f3n Nacional de Colegios, Sociedades y Asociaciones de Psic\u00f3logos de M\u00e9xico (FENAPSIME), la cual celebra reuniones de manera peri\u00f3dica.&nbsp;<\/p>\n\n\n\n<p>En 1996 se propuso fundar el D\u00eda del y la Psic\u00f3loga, bajo tres principios b\u00e1sicos: promover el trabajo de los psic\u00f3logos y psic\u00f3logas, denunciar a los charlatanes del campo de la psicolog\u00eda y dar a conocer a la sociedad todos los servicios que pod\u00eda ofrecer esta comunidad de profesionales.\u00a0<\/p>\n\n\n\n<figure class=\"wp-block-image size-large\"><img decoding=\"async\" loading=\"lazy\" width=\"640\" height=\"360\" src=\"https:\/\/i0.wp.com\/lafuente.mx\/wp-content\/uploads\/2025\/05\/trees-faces-dialogue-nerves-brain-neural-pathways-silhouettes-interaction-nature-communication-psychology-book-cover-6361892.jpg?resize=640%2C360\" alt=\"trees, faces, dialogue, nerves, brain, neural pathways, silhouettes, interaction, nature, communication, psychology, book cover-6361892.jpg\" class=\"wp-image-2909\" srcset=\"https:\/\/i0.wp.com\/lafuente.mx\/wp-content\/uploads\/2025\/05\/trees-faces-dialogue-nerves-brain-neural-pathways-silhouettes-interaction-nature-communication-psychology-book-cover-6361892.jpg?resize=1024%2C576&amp;ssl=1 1024w, https:\/\/i0.wp.com\/lafuente.mx\/wp-content\/uploads\/2025\/05\/trees-faces-dialogue-nerves-brain-neural-pathways-silhouettes-interaction-nature-communication-psychology-book-cover-6361892.jpg?resize=300%2C169&amp;ssl=1 300w, https:\/\/i0.wp.com\/lafuente.mx\/wp-content\/uploads\/2025\/05\/trees-faces-dialogue-nerves-brain-neural-pathways-silhouettes-interaction-nature-communication-psychology-book-cover-6361892.jpg?resize=768%2C432&amp;ssl=1 768w, https:\/\/i0.wp.com\/lafuente.mx\/wp-content\/uploads\/2025\/05\/trees-faces-dialogue-nerves-brain-neural-pathways-silhouettes-interaction-nature-communication-psychology-book-cover-6361892.jpg?w=1280&amp;ssl=1 1280w\" sizes=\"(max-width: 640px) 100vw, 640px\" data-recalc-dims=\"1\" \/><\/figure>\n\n\n\n<p>En 1997, el gremio defini\u00f3 el 20 de mayo para celebrar el D\u00eda Nacional de las y los Psic\u00f3logos. Esto, en conmemoraci\u00f3n del d\u00eda en el que se realiz\u00f3 el primer encuentro entre profesionales de esta ciencia.&nbsp;<\/p>\n\n\n\n<p>Como parte de las celebraciones, las Universidades y asociaciones de psic\u00f3logos y psic\u00f3logas, realizan actividades acad\u00e9micas como conferencias, seminarios, talleres, entre otras actividades.\u00a0<\/p>\n\n\n\n<p>Cada vez, estos profesionales de la salud van ganando m\u00e1s reconocimiento dentro del \u00e1mbito profesional, al aportar acciones que mejoren la salud de los individuos.&nbsp;<\/p>\n\n\n\n<div class=\"wp-block-buttons is-layout-flex wp-block-buttons-is-layout-flex\">\n<div class=\"wp-block-button\"><a class=\"wp-block-button__link has-vivid-cyan-blue-background-color has-background wp-element-button\" href=\"https:\/\/www.gob.mx\/insabi\/articulos\/dia-nacional-de-las-y-los-psicologos-20-de-mayo?idiom=es#:~:text=En%201997%2C%20el%20gremio%20defini%C3%B3,de%20las%20y%20los%20Psic%C3%B3logos.\">M\u00e1s informaci\u00f3n<\/a><\/div>\n<\/div>\n","protected":false},"excerpt":{"rendered":"<p>20 de mayo El D\u00eda Nacional de las y los Psic\u00f3logos tuvo su origen el 20 de mayo de 1994 cuando varias asociaciones vinculadas con<\/p>\n","protected":false},"author":3,"featured_media":2909,"comment_status":"open","ping_status":"open","sticky":false,"template":"","format":"standard","meta":{"footnotes":"","jetpack_publicize_message":"","jetpack_is_tweetstorm":false,"jetpack_publicize_feature_enabled":true},"categories":[13],"tags":[270,21,942,940,265,941,32],"jetpack_publicize_connections":[],"yoast_head":"<!-- This site is optimized with the Yoast SEO plugin v19.4 - https:\/\/yoast.com\/wordpress\/plugins\/seo\/ -->\n<title>D\u00eda Nacional de las y los Psic\u00f3logos -<\/title>\n<meta name=\"description\" content=\"El D\u00eda Nacional de las y los Psic\u00f3logos tuvo su origen el 20 de mayo de 1994 cuando varias asociaciones vinculadas con la Psicolog\u00eda se reunieron por primera vez\" \/>\n<meta name=\"robots\" content=\"index, follow, max-snippet:-1, max-image-preview:large, max-video-preview:-1\" \/>\n<link rel=\"canonical\" href=\"https:\/\/lafuente.mx\/?p=2908\" \/>\n<meta property=\"og:locale\" content=\"es_MX\" \/>\n<meta property=\"og:type\" content=\"article\" \/>\n<meta property=\"og:title\" content=\"D\u00eda Nacional de las y los Psic\u00f3logos\" \/>\n<meta property=\"og:description\" content=\"El D\u00eda Nacional de las y los Psic\u00f3logos tuvo su origen el 20 de mayo de 1994 cuando varias asociaciones vinculadas con la Psicolog\u00eda se reunieron por primera vez\" \/>\n<meta property=\"og:url\" content=\"https:\/\/lafuente.mx\/?p=2908\" \/>\n<meta property=\"article:published_time\" content=\"2025-05-20T15:53:10+00:00\" \/>\n<meta property=\"article:modified_time\" content=\"2025-05-20T15:53:11+00:00\" \/>\n<meta property=\"og:image\" content=\"http:\/\/lafuente.mx\/wp-content\/uploads\/2025\/05\/trees-faces-dialogue-nerves-brain-neural-pathways-silhouettes-interaction-nature-communication-psychology-book-cover-6361892.jpg\" \/>\n\t<meta property=\"og:image:width\" content=\"1280\" \/>\n\t<meta property=\"og:image:height\" content=\"720\" \/>\n\t<meta property=\"og:image:type\" content=\"image\/jpeg\" \/>\n<meta name=\"author\" content=\"Claudia Gallardo\" \/>\n<meta name=\"twitter:card\" content=\"summary_large_image\" \/>\n<meta name=\"twitter:title\" content=\"D\u00eda Nacional de las y los Psic\u00f3logos\" \/>\n<meta name=\"twitter:description\" content=\"El D\u00eda Nacional de las y los Psic\u00f3logos tuvo su origen el 20 de mayo de 1994 cuando varias asociaciones vinculadas con la Psicolog\u00eda se reunieron por primera vez\" \/>\n<meta name=\"twitter:image\" content=\"https:\/\/i0.wp.com\/lafuente.mx\/wp-content\/uploads\/2025\/05\/trees-faces-dialogue-nerves-brain-neural-pathways-silhouettes-interaction-nature-communication-psychology-book-cover-6361892.jpg?fit=1280%2C720&ssl=1\" \/>\n<meta name=\"twitter:label1\" content=\"Escrito por\" \/>\n\t<meta name=\"twitter:data1\" content=\"Claudia Gallardo\" \/>\n\t<meta name=\"twitter:label2\" content=\"Tiempo de lectura\" \/>\n\t<meta name=\"twitter:data2\" content=\"1 minuto\" \/>\n<script type=\"application\/ld+json\" class=\"yoast-schema-graph\">{\"@context\":\"https:\/\/schema.org\",\"@graph\":[{\"@type\":\"WebSite\",\"@id\":\"https:\/\/lafuente.mx\/#website\",\"url\":\"https:\/\/lafuente.mx\/\",\"name\":\"\",\"description\":\"Informaci\u00f3n confiable sobre salud mental\",\"potentialAction\":[{\"@type\":\"SearchAction\",\"target\":{\"@type\":\"EntryPoint\",\"urlTemplate\":\"https:\/\/lafuente.mx\/?s={search_term_string}\"},\"query-input\":\"required name=search_term_string\"}],\"inLanguage\":\"es-MX\"},{\"@type\":\"WebPage\",\"@id\":\"https:\/\/lafuente.mx\/?p=2908\",\"url\":\"https:\/\/lafuente.mx\/?p=2908\",\"name\":\"D\u00eda Nacional de las y los Psic\u00f3logos -\",\"isPartOf\":{\"@id\":\"https:\/\/lafuente.mx\/#website\"},\"datePublished\":\"2025-05-20T15:53:10+00:00\",\"dateModified\":\"2025-05-20T15:53:11+00:00\",\"author\":{\"@id\":\"https:\/\/lafuente.mx\/#\/schema\/person\/603f3aa8e2f6f7879021ab722d39d6b0\"},\"description\":\"El D\u00eda Nacional de las y los Psic\u00f3logos tuvo su origen el 20 de mayo de 1994 cuando varias asociaciones vinculadas con la Psicolog\u00eda se reunieron por primera vez\",\"breadcrumb\":{\"@id\":\"https:\/\/lafuente.mx\/?p=2908#breadcrumb\"},\"inLanguage\":\"es-MX\",\"potentialAction\":[{\"@type\":\"ReadAction\",\"target\":[\"https:\/\/lafuente.mx\/?p=2908\"]}]},{\"@type\":\"BreadcrumbList\",\"@id\":\"https:\/\/lafuente.mx\/?p=2908#breadcrumb\",\"itemListElement\":[{\"@type\":\"ListItem\",\"position\":1,\"name\":\"Inicio\",\"item\":\"https:\/\/lafuente.mx\/\"},{\"@type\":\"ListItem\",\"position\":2,\"name\":\"D\u00eda Nacional de las y los Psic\u00f3logos\"}]},{\"@type\":\"Person\",\"@id\":\"https:\/\/lafuente.mx\/#\/schema\/person\/603f3aa8e2f6f7879021ab722d39d6b0\",\"name\":\"Claudia Gallardo\",\"image\":{\"@type\":\"ImageObject\",\"inLanguage\":\"es-MX\",\"@id\":\"https:\/\/lafuente.mx\/#\/schema\/person\/image\/\",\"url\":\"https:\/\/secure.gravatar.com\/avatar\/bfe9c966af1ccfb9d17bcdb9d04e8815?s=96&d=mm&r=g\",\"contentUrl\":\"https:\/\/secure.gravatar.com\/avatar\/bfe9c966af1ccfb9d17bcdb9d04e8815?s=96&d=mm&r=g\",\"caption\":\"Claudia Gallardo\"},\"url\":\"https:\/\/lafuente.mx\/?author=3\"}]}<\/script>\n<!-- \/ Yoast SEO plugin. -->","yoast_head_json":{"title":"D\u00eda Nacional de las y los Psic\u00f3logos -","description":"El D\u00eda Nacional de las y los Psic\u00f3logos tuvo su origen el 20 de mayo de 1994 cuando varias asociaciones vinculadas con la Psicolog\u00eda se reunieron por primera vez","robots":{"index":"index","follow":"follow","max-snippet":"max-snippet:-1","max-image-preview":"max-image-preview:large","max-video-preview":"max-video-preview:-1"},"canonical":"https:\/\/lafuente.mx\/?p=2908","og_locale":"es_MX","og_type":"article","og_title":"D\u00eda Nacional de las y los Psic\u00f3logos","og_description":"El D\u00eda Nacional de las y los Psic\u00f3logos tuvo su origen el 20 de mayo de 1994 cuando varias asociaciones vinculadas con la Psicolog\u00eda se reunieron por primera vez","og_url":"https:\/\/lafuente.mx\/?p=2908","article_published_time":"2025-05-20T15:53:10+00:00","article_modified_time":"2025-05-20T15:53:11+00:00","og_image":[{"width":1280,"height":720,"url":"http:\/\/lafuente.mx\/wp-content\/uploads\/2025\/05\/trees-faces-dialogue-nerves-brain-neural-pathways-silhouettes-interaction-nature-communication-psychology-book-cover-6361892.jpg","type":"image\/jpeg"}],"author":"Claudia Gallardo","twitter_card":"summary_large_image","twitter_title":"D\u00eda Nacional de las y los Psic\u00f3logos","twitter_description":"El D\u00eda Nacional de las y los Psic\u00f3logos tuvo su origen el 20 de mayo de 1994 cuando varias asociaciones vinculadas con la Psicolog\u00eda se reunieron por primera vez","twitter_image":"https:\/\/i0.wp.com\/lafuente.mx\/wp-content\/uploads\/2025\/05\/trees-faces-dialogue-nerves-brain-neural-pathways-silhouettes-interaction-nature-communication-psychology-book-cover-6361892.jpg?fit=1280%2C720&ssl=1","twitter_misc":{"Escrito por":"Claudia Gallardo","Tiempo de lectura":"1 minuto"},"schema":{"@context":"https:\/\/schema.org","@graph":[{"@type":"WebSite","@id":"https:\/\/lafuente.mx\/#website","url":"https:\/\/lafuente.mx\/","name":"","description":"Informaci\u00f3n confiable sobre salud mental","potentialAction":[{"@type":"SearchAction","target":{"@type":"EntryPoint","urlTemplate":"https:\/\/lafuente.mx\/?s={search_term_string}"},"query-input":"required name=search_term_string"}],"inLanguage":"es-MX"},{"@type":"WebPage","@id":"https:\/\/lafuente.mx\/?p=2908","url":"https:\/\/lafuente.mx\/?p=2908","name":"D\u00eda Nacional de las y los Psic\u00f3logos -","isPartOf":{"@id":"https:\/\/lafuente.mx\/#website"},"datePublished":"2025-05-20T15:53:10+00:00","dateModified":"2025-05-20T15:53:11+00:00","author":{"@id":"https:\/\/lafuente.mx\/#\/schema\/person\/603f3aa8e2f6f7879021ab722d39d6b0"},"description":"El D\u00eda Nacional de las y los Psic\u00f3logos tuvo su origen el 20 de mayo de 1994 cuando varias asociaciones vinculadas con la Psicolog\u00eda se reunieron por primera vez","breadcrumb":{"@id":"https:\/\/lafuente.mx\/?p=2908#breadcrumb"},"inLanguage":"es-MX","potentialAction":[{"@type":"ReadAction","target":["https:\/\/lafuente.mx\/?p=2908"]}]},{"@type":"BreadcrumbList","@id":"https:\/\/lafuente.mx\/?p=2908#breadcrumb","itemListElement":[{"@type":"ListItem","position":1,"name":"Inicio","item":"https:\/\/lafuente.mx\/"},{"@type":"ListItem","position":2,"name":"D\u00eda Nacional de las y los Psic\u00f3logos"}]},{"@type":"Person","@id":"https:\/\/lafuente.mx\/#\/schema\/person\/603f3aa8e2f6f7879021ab722d39d6b0","name":"Claudia Gallardo","image":{"@type":"ImageObject","inLanguage":"es-MX","@id":"https:\/\/lafuente.mx\/#\/schema\/person\/image\/","url":"https:\/\/secure.gravatar.com\/avatar\/bfe9c966af1ccfb9d17bcdb9d04e8815?s=96&d=mm&r=g","contentUrl":"https:\/\/secure.gravatar.com\/avatar\/bfe9c966af1ccfb9d17bcdb9d04e8815?s=96&d=mm&r=g","caption":"Claudia Gallardo"},"url":"https:\/\/lafuente.mx\/?author=3"}]}},"jetpack_featured_media_url":"https:\/\/i0.wp.com\/lafuente.mx\/wp-content\/uploads\/2025\/05\/trees-faces-dialogue-nerves-brain-neural-pathways-silhouettes-interaction-nature-communication-psychology-book-cover-6361892.jpg?fit=1280%2C720&ssl=1","jetpack-related-posts":[{"id":1210,"url":"https:\/\/lafuente.mx\/?p=1210","url_meta":{"origin":2908,"position":0},"title":"D\u00eda Nacional de las y los Psic\u00f3logos","date":"mayo 15, 2023","format":false,"excerpt":"20 de mayo\u00a0 Las y los psic\u00f3logos constituyen una pieza clave en la sociedad y en los sistemas sanitarios, ya que ayudan a los individuos, sin importar su edad, a mitigar y superar los trastornos mentales o de conducta que presenten.\u00a0 Imagen INPRFM El D\u00eda Nacional de las y los\u2026","rel":"","context":"En &quot;Efem\u00e9rides de Salud Mental&quot;","img":{"alt_text":"","src":"https:\/\/i0.wp.com\/lafuente.mx\/wp-content\/uploads\/2023\/05\/DSC_0310-scaled-e1684166650308.jpg?fit=1000%2C1099&ssl=1&resize=350%2C200","width":350,"height":200},"classes":[]},{"id":2309,"url":"https:\/\/lafuente.mx\/?p=2309","url_meta":{"origin":2908,"position":1},"title":"D\u00eda Nacional de las y los Psic\u00f3logos\u00a0","date":"mayo 20, 2024","format":false,"excerpt":"20 de mayo \u00a0 El D\u00eda Nacional de las y los Psic\u00f3logos tuvo su origen el 20 de mayo de 1994 cuando varias asociaciones vinculadas con la Psicolog\u00eda se reunieron por primera vez, tras el llamado del Colegio de Profesionales de Psicolog\u00eda de la Universidad de Guadalajara, en Jalisco, con\u2026","rel":"","context":"En &quot;Efem\u00e9rides de Salud Mental&quot;","img":{"alt_text":"man, hearts, head-8132160.jpg","src":"https:\/\/i0.wp.com\/lafuente.mx\/wp-content\/uploads\/2024\/05\/man-hearts-head-8132160.jpg?fit=1200%2C800&ssl=1&resize=350%2C200","width":350,"height":200},"classes":[]},{"id":3253,"url":"https:\/\/lafuente.mx\/?p=3253","url_meta":{"origin":2908,"position":2},"title":"El suicidio es la segunda causa de muerte entre los estudiantes universitarios: Mar\u00eda Elena\u00a0\u00a0Medina-Mora\u00a0\u00a0","date":"septiembre 11, 2025","format":false,"excerpt":"Julio 30, 2025\u00a0 La psic\u00f3loga mexicana, miembro de El Colegio Nacional, coordin\u00f3 la mesa \u201cLa adolescencia y la juventud en crisis\u201d, como parte del Seminario de Estudios sobre la Globalidad.\u00a0 En la sesi\u00f3n, participaron las especialistas Deni \u00c1lvarez Icaza, Corina Benjet, y Fernando Macedo, quienes hablaron de la salud mental\u2026","rel":"","context":"En &quot;Noticias&quot;","img":{"alt_text":"","src":"https:\/\/i0.wp.com\/lafuente.mx\/wp-content\/uploads\/2025\/09\/estudiante-en-clase-mirando-curso-scaled.jpg?fit=1200%2C800&ssl=1&resize=350%2C200","width":350,"height":200},"classes":[]},{"id":3430,"url":"https:\/\/lafuente.mx\/?p=3430","url_meta":{"origin":2908,"position":3},"title":"Realizar\u00e1n encuesta para identificar y atender las necesidades en salud mental del estudiantado\u00a0","date":"octubre 27, 2025","format":false,"excerpt":"La estrategia es privada y en l\u00ednea; comienza hoy lunes 27 de octubre y estar\u00e1 activa hasta el 28 de noviembre para quien solicite el mecanismo\u00a0 Direcci\u00f3n General de Atenci\u00f3n a la Comunidad\u00a0 \u00a0\u00a0Oct 27, 2025\u00a0 Con la finalidad de conocer las principales necesidades de la comunidad universitaria en aspectos\u2026","rel":"","context":"En &quot;Noticias&quot;","img":{"alt_text":"","src":"https:\/\/i0.wp.com\/lafuente.mx\/wp-content\/uploads\/2025\/10\/DGCS-unam-scaled.jpg?fit=1200%2C802&ssl=1&resize=350%2C200","width":350,"height":200},"classes":[]},{"id":2879,"url":"https:\/\/lafuente.mx\/?p=2879","url_meta":{"origin":2908,"position":4},"title":"Mentalizarte","date":"mayo 8, 2025","format":false,"excerpt":"Durante mayo hablaremos sobre Salud mental perinatal MENTALIZARTE es el proyecto de difusi\u00f3n en temas de salud mental del Instituto Nacional de Psiquiatr\u00eda Ram\u00f3n de la Fuente Mu\u00f1iz (INPRFM). Tiene el objetivo de informar sobre los s\u00edntomas de los diferentes trastornos mentales, difundir que pedir ayuda no es signo de\u2026","rel":"","context":"En &quot;Informaci\u00f3n de inter\u00e9s&quot;","img":{"alt_text":"","src":"https:\/\/i0.wp.com\/lafuente.mx\/wp-content\/uploads\/2025\/05\/WhatsApp-Image-2025-04-29-at-11.41.44-AM-1.jpeg?fit=1200%2C692&ssl=1&resize=350%2C200","width":350,"height":200},"classes":[]},{"id":952,"url":"https:\/\/lafuente.mx\/?p=952","url_meta":{"origin":2908,"position":5},"title":"D\u00eda Nacional de las y los Psiquiatras","date":"marzo 22, 2023","format":false,"excerpt":"31 de marzo\u00a0 Imagen INPRFM \u201cEn el grado en que la salud y las enfermedades de los hombres est\u00e1n influidas por sus motivos, sus esperanzas, sus temores y sus contradicciones, el humanismo, no es s\u00f3lo un complemento, sino una dimensi\u00f3n necesaria de la medicina\u201d.\u00a0 En M\u00e9xico se instaur\u00f3 el 31\u2026","rel":"","context":"En &quot;Efem\u00e9rides de Salud Mental&quot;","img":{"alt_text":"","src":"https:\/\/i0.wp.com\/lafuente.mx\/wp-content\/uploads\/2023\/03\/INPRFM06.jpg?fit=800%2C500&ssl=1&resize=350%2C200","width":350,"height":200},"classes":[]}],"jetpack_sharing_enabled":true,"jetpack_shortlink":"https:\/\/wp.me\/pe9WUx-KU","_links":{"self":[{"href":"https:\/\/lafuente.mx\/index.php?rest_route=\/wp\/v2\/posts\/2908"}],"collection":[{"href":"https:\/\/lafuente.mx\/index.php?rest_route=\/wp\/v2\/posts"}],"about":[{"href":"https:\/\/lafuente.mx\/index.php?rest_route=\/wp\/v2\/types\/post"}],"author":[{"embeddable":true,"href":"https:\/\/lafuente.mx\/index.php?rest_route=\/wp\/v2\/users\/3"}],"replies":[{"embeddable":true,"href":"https:\/\/lafuente.mx\/index.php?rest_route=%2Fwp%2Fv2%2Fcomments&post=2908"}],"version-history":[{"count":1,"href":"https:\/\/lafuente.mx\/index.php?rest_route=\/wp\/v2\/posts\/2908\/revisions"}],"predecessor-version":[{"id":2910,"href":"https:\/\/lafuente.mx\/index.php?rest_route=\/wp\/v2\/posts\/2908\/revisions\/2910"}],"wp:featuredmedia":[{"embeddable":true,"href":"https:\/\/lafuente.mx\/index.php?rest_route=\/wp\/v2\/media\/2909"}],"wp:attachment":[{"href":"https:\/\/lafuente.mx\/index.php?rest_route=%2Fwp%2Fv2%2Fmedia&parent=2908"}],"wp:term":[{"taxonomy":"category","embeddable":true,"href":"https:\/\/lafuente.mx\/index.php?rest_route=%2Fwp%2Fv2%2Fcategories&post=2908"},{"taxonomy":"post_tag","embeddable":true,"href":"https:\/\/lafuente.mx\/index.php?rest_route=%2Fwp%2Fv2%2Ftags&post=2908"}],"curies":[{"name":"wp","href":"https:\/\/api.w.org\/{rel}","templated":true}]}}