{"id":2898,"date":"2025-05-15T15:21:20","date_gmt":"2025-05-15T15:21:20","guid":{"rendered":"https:\/\/lafuente.mx\/?p=2898"},"modified":"2025-05-19T15:54:16","modified_gmt":"2025-05-19T15:54:16","slug":"borrador-automatico-dia-internacional-de-las-familias","status":"publish","type":"post","link":"https:\/\/lafuente.mx\/?p=2898","title":{"rendered":"D\u00eda Internacional de las Familias\u00a0\u00a0"},"content":{"rendered":"\n<p class=\"has-text-align-center has-text-color has-larger-font-size\" style=\"color:#ff2f63\"><strong>15 de mayo<\/strong><\/p>\n\n\n\n<hr class=\"wp-block-separator has-alpha-channel-opacity is-style-wide\"\/>\n\n\n\n<p>El D\u00eda Internacional de las Familias se celebra el 15 de mayo de cada a\u00f1o para crear conciencia sobre el papel fundamental de las familias en la educaci\u00f3n de los hijos desde la primera infancia, y las oportunidades de aprendizaje permanente que existen para los ni\u00f1os y las ni\u00f1as y los j\u00f3venes.&nbsp;<\/p>\n\n\n\n<figure class=\"wp-block-image size-large\"><img decoding=\"async\" loading=\"lazy\" width=\"640\" height=\"512\" src=\"https:\/\/i0.wp.com\/lafuente.mx\/wp-content\/uploads\/2025\/05\/family-baby-crawling-mother-smiling-happy-happy-children-smile-joy-parents-family-family-family-family-family-parents-1237701.jpg?resize=640%2C512\" alt=\"family, baby, crawling, mother, smiling, happy, happy children, smile, joy, parents, family, family, family, family, family, parents-1237701.jpg\" class=\"wp-image-2899\" srcset=\"https:\/\/i0.wp.com\/lafuente.mx\/wp-content\/uploads\/2025\/05\/family-baby-crawling-mother-smiling-happy-happy-children-smile-joy-parents-family-family-family-family-family-parents-1237701.jpg?resize=1024%2C819&amp;ssl=1 1024w, https:\/\/i0.wp.com\/lafuente.mx\/wp-content\/uploads\/2025\/05\/family-baby-crawling-mother-smiling-happy-happy-children-smile-joy-parents-family-family-family-family-family-parents-1237701.jpg?resize=300%2C240&amp;ssl=1 300w, https:\/\/i0.wp.com\/lafuente.mx\/wp-content\/uploads\/2025\/05\/family-baby-crawling-mother-smiling-happy-happy-children-smile-joy-parents-family-family-family-family-family-parents-1237701.jpg?resize=768%2C614&amp;ssl=1 768w, https:\/\/i0.wp.com\/lafuente.mx\/wp-content\/uploads\/2025\/05\/family-baby-crawling-mother-smiling-happy-happy-children-smile-joy-parents-family-family-family-family-family-parents-1237701.jpg?w=1280&amp;ssl=1 1280w\" sizes=\"(max-width: 640px) 100vw, 640px\" data-recalc-dims=\"1\" \/><\/figure>\n\n\n\n<p>A pesar de que el concepto de familia se ha transformado en las \u00faltimas d\u00e9cadas, evolucionando de acuerdo a las tendencias mundiales y los cambios demogr\u00e1ficos, las Naciones Unidas consideran que la familia constituye la unidad b\u00e1sica de la sociedad. En este contexto, el D\u00eda Internacional de las Familias nos da la oportunidad de reconocer, identificar y analizar cuestiones sociales, econ\u00f3micas y demogr\u00e1ficas que afectan a su desarrollo y evoluci\u00f3n. Por este motivo, para celebrar este d\u00eda se organizan actividades, tales como talleres, conferencias, programas de radio y televisi\u00f3n, entre otros, con el objetivo de fomentar y favorecer el mantenimiento y la mejora de la unidad familiar.&nbsp;<\/p>\n\n\n\n<div class=\"wp-block-buttons is-layout-flex wp-block-buttons-is-layout-flex\">\n<div class=\"wp-block-button\"><a class=\"wp-block-button__link wp-element-button\" href=\"https:\/\/www.un.org\/es\/observances\/international-day-of-families\">M\u00e1s informaci\u00f3n<\/a><\/div>\n<\/div>\n","protected":false},"excerpt":{"rendered":"<p>15 de mayo El D\u00eda Internacional de las Familias se celebra el 15 de mayo de cada a\u00f1o para crear conciencia sobre el papel fundamental<\/p>\n","protected":false},"author":3,"featured_media":2899,"comment_status":"closed","ping_status":"closed","sticky":false,"template":"","format":"standard","meta":{"footnotes":"","jetpack_publicize_message":"","jetpack_is_tweetstorm":false,"jetpack_publicize_feature_enabled":true},"categories":[13],"tags":[936,933,168,500,21,540,934,32,71],"jetpack_publicize_connections":[],"yoast_head":"<!-- This site is optimized with the Yoast SEO plugin v19.4 - https:\/\/yoast.com\/wordpress\/plugins\/seo\/ -->\n<title>D\u00eda Internacional de las Familias\u00a0\u00a0 -<\/title>\n<meta name=\"description\" content=\"El D\u00eda Internacional de las Familias se celebra el 15 de mayo de cada a\u00f1o para crear conciencia sobre el papel fundamental de las familias en la educaci\u00f3n\" \/>\n<meta name=\"robots\" content=\"index, follow, max-snippet:-1, max-image-preview:large, max-video-preview:-1\" \/>\n<link rel=\"canonical\" href=\"https:\/\/lafuente.mx\/?p=2898\" \/>\n<meta property=\"og:locale\" content=\"es_MX\" \/>\n<meta property=\"og:type\" content=\"article\" \/>\n<meta property=\"og:title\" content=\"D\u00eda Internacional de las Familias\u00a0\" \/>\n<meta property=\"og:description\" content=\"El D\u00eda Internacional de las Familias se celebra el 15 de mayo de cada a\u00f1o para crear conciencia sobre el papel fundamental de las familias en la educaci\u00f3n\" \/>\n<meta property=\"og:url\" content=\"https:\/\/lafuente.mx\/?p=2898\" \/>\n<meta property=\"article:published_time\" content=\"2025-05-15T15:21:20+00:00\" \/>\n<meta property=\"article:modified_time\" content=\"2025-05-19T15:54:16+00:00\" \/>\n<meta property=\"og:image\" content=\"http:\/\/lafuente.mx\/wp-content\/uploads\/2025\/05\/family-baby-crawling-mother-smiling-happy-happy-children-smile-joy-parents-family-family-family-family-family-parents-1237701.jpg\" \/>\n\t<meta property=\"og:image:width\" content=\"1280\" \/>\n\t<meta property=\"og:image:height\" content=\"1024\" \/>\n\t<meta property=\"og:image:type\" content=\"image\/jpeg\" \/>\n<meta name=\"author\" content=\"Claudia Gallardo\" \/>\n<meta name=\"twitter:card\" content=\"summary_large_image\" \/>\n<meta name=\"twitter:title\" content=\"D\u00eda Internacional de las Familias\u00a0\" \/>\n<meta name=\"twitter:description\" content=\"El D\u00eda Internacional de las Familias se celebra el 15 de mayo de cada a\u00f1o para crear conciencia sobre el papel fundamental de las familias en la educaci\u00f3n\" \/>\n<meta name=\"twitter:image\" content=\"https:\/\/i0.wp.com\/lafuente.mx\/wp-content\/uploads\/2025\/05\/family-baby-crawling-mother-smiling-happy-happy-children-smile-joy-parents-family-family-family-family-family-parents-1237701.jpg?fit=1280%2C1024&ssl=1\" \/>\n<meta name=\"twitter:label1\" content=\"Escrito por\" \/>\n\t<meta name=\"twitter:data1\" content=\"Claudia Gallardo\" \/>\n\t<meta name=\"twitter:label2\" content=\"Tiempo de lectura\" \/>\n\t<meta name=\"twitter:data2\" content=\"1 minuto\" \/>\n<script type=\"application\/ld+json\" class=\"yoast-schema-graph\">{\"@context\":\"https:\/\/schema.org\",\"@graph\":[{\"@type\":\"WebSite\",\"@id\":\"https:\/\/lafuente.mx\/#website\",\"url\":\"https:\/\/lafuente.mx\/\",\"name\":\"\",\"description\":\"Informaci\u00f3n confiable sobre salud mental\",\"potentialAction\":[{\"@type\":\"SearchAction\",\"target\":{\"@type\":\"EntryPoint\",\"urlTemplate\":\"https:\/\/lafuente.mx\/?s={search_term_string}\"},\"query-input\":\"required name=search_term_string\"}],\"inLanguage\":\"es-MX\"},{\"@type\":\"WebPage\",\"@id\":\"https:\/\/lafuente.mx\/?p=2898\",\"url\":\"https:\/\/lafuente.mx\/?p=2898\",\"name\":\"D\u00eda Internacional de las Familias\u00a0\u00a0 -\",\"isPartOf\":{\"@id\":\"https:\/\/lafuente.mx\/#website\"},\"datePublished\":\"2025-05-15T15:21:20+00:00\",\"dateModified\":\"2025-05-19T15:54:16+00:00\",\"author\":{\"@id\":\"https:\/\/lafuente.mx\/#\/schema\/person\/603f3aa8e2f6f7879021ab722d39d6b0\"},\"description\":\"El D\u00eda Internacional de las Familias se celebra el 15 de mayo de cada a\u00f1o para crear conciencia sobre el papel fundamental de las familias en la educaci\u00f3n\",\"breadcrumb\":{\"@id\":\"https:\/\/lafuente.mx\/?p=2898#breadcrumb\"},\"inLanguage\":\"es-MX\",\"potentialAction\":[{\"@type\":\"ReadAction\",\"target\":[\"https:\/\/lafuente.mx\/?p=2898\"]}]},{\"@type\":\"BreadcrumbList\",\"@id\":\"https:\/\/lafuente.mx\/?p=2898#breadcrumb\",\"itemListElement\":[{\"@type\":\"ListItem\",\"position\":1,\"name\":\"Inicio\",\"item\":\"https:\/\/lafuente.mx\/\"},{\"@type\":\"ListItem\",\"position\":2,\"name\":\"D\u00eda Internacional de las Familias\u00a0\u00a0\"}]},{\"@type\":\"Person\",\"@id\":\"https:\/\/lafuente.mx\/#\/schema\/person\/603f3aa8e2f6f7879021ab722d39d6b0\",\"name\":\"Claudia Gallardo\",\"image\":{\"@type\":\"ImageObject\",\"inLanguage\":\"es-MX\",\"@id\":\"https:\/\/lafuente.mx\/#\/schema\/person\/image\/\",\"url\":\"https:\/\/secure.gravatar.com\/avatar\/bfe9c966af1ccfb9d17bcdb9d04e8815?s=96&d=mm&r=g\",\"contentUrl\":\"https:\/\/secure.gravatar.com\/avatar\/bfe9c966af1ccfb9d17bcdb9d04e8815?s=96&d=mm&r=g\",\"caption\":\"Claudia Gallardo\"},\"url\":\"https:\/\/lafuente.mx\/?author=3\"}]}<\/script>\n<!-- \/ Yoast SEO plugin. -->","yoast_head_json":{"title":"D\u00eda Internacional de las Familias\u00a0\u00a0 -","description":"El D\u00eda Internacional de las Familias se celebra el 15 de mayo de cada a\u00f1o para crear conciencia sobre el papel fundamental de las familias en la educaci\u00f3n","robots":{"index":"index","follow":"follow","max-snippet":"max-snippet:-1","max-image-preview":"max-image-preview:large","max-video-preview":"max-video-preview:-1"},"canonical":"https:\/\/lafuente.mx\/?p=2898","og_locale":"es_MX","og_type":"article","og_title":"D\u00eda Internacional de las Familias\u00a0","og_description":"El D\u00eda Internacional de las Familias se celebra el 15 de mayo de cada a\u00f1o para crear conciencia sobre el papel fundamental de las familias en la educaci\u00f3n","og_url":"https:\/\/lafuente.mx\/?p=2898","article_published_time":"2025-05-15T15:21:20+00:00","article_modified_time":"2025-05-19T15:54:16+00:00","og_image":[{"width":1280,"height":1024,"url":"http:\/\/lafuente.mx\/wp-content\/uploads\/2025\/05\/family-baby-crawling-mother-smiling-happy-happy-children-smile-joy-parents-family-family-family-family-family-parents-1237701.jpg","type":"image\/jpeg"}],"author":"Claudia Gallardo","twitter_card":"summary_large_image","twitter_title":"D\u00eda Internacional de las Familias\u00a0","twitter_description":"El D\u00eda Internacional de las Familias se celebra el 15 de mayo de cada a\u00f1o para crear conciencia sobre el papel fundamental de las familias en la educaci\u00f3n","twitter_image":"https:\/\/i0.wp.com\/lafuente.mx\/wp-content\/uploads\/2025\/05\/family-baby-crawling-mother-smiling-happy-happy-children-smile-joy-parents-family-family-family-family-family-parents-1237701.jpg?fit=1280%2C1024&ssl=1","twitter_misc":{"Escrito por":"Claudia Gallardo","Tiempo de lectura":"1 minuto"},"schema":{"@context":"https:\/\/schema.org","@graph":[{"@type":"WebSite","@id":"https:\/\/lafuente.mx\/#website","url":"https:\/\/lafuente.mx\/","name":"","description":"Informaci\u00f3n confiable sobre salud mental","potentialAction":[{"@type":"SearchAction","target":{"@type":"EntryPoint","urlTemplate":"https:\/\/lafuente.mx\/?s={search_term_string}"},"query-input":"required name=search_term_string"}],"inLanguage":"es-MX"},{"@type":"WebPage","@id":"https:\/\/lafuente.mx\/?p=2898","url":"https:\/\/lafuente.mx\/?p=2898","name":"D\u00eda Internacional de las Familias\u00a0\u00a0 -","isPartOf":{"@id":"https:\/\/lafuente.mx\/#website"},"datePublished":"2025-05-15T15:21:20+00:00","dateModified":"2025-05-19T15:54:16+00:00","author":{"@id":"https:\/\/lafuente.mx\/#\/schema\/person\/603f3aa8e2f6f7879021ab722d39d6b0"},"description":"El D\u00eda Internacional de las Familias se celebra el 15 de mayo de cada a\u00f1o para crear conciencia sobre el papel fundamental de las familias en la educaci\u00f3n","breadcrumb":{"@id":"https:\/\/lafuente.mx\/?p=2898#breadcrumb"},"inLanguage":"es-MX","potentialAction":[{"@type":"ReadAction","target":["https:\/\/lafuente.mx\/?p=2898"]}]},{"@type":"BreadcrumbList","@id":"https:\/\/lafuente.mx\/?p=2898#breadcrumb","itemListElement":[{"@type":"ListItem","position":1,"name":"Inicio","item":"https:\/\/lafuente.mx\/"},{"@type":"ListItem","position":2,"name":"D\u00eda Internacional de las Familias\u00a0\u00a0"}]},{"@type":"Person","@id":"https:\/\/lafuente.mx\/#\/schema\/person\/603f3aa8e2f6f7879021ab722d39d6b0","name":"Claudia Gallardo","image":{"@type":"ImageObject","inLanguage":"es-MX","@id":"https:\/\/lafuente.mx\/#\/schema\/person\/image\/","url":"https:\/\/secure.gravatar.com\/avatar\/bfe9c966af1ccfb9d17bcdb9d04e8815?s=96&d=mm&r=g","contentUrl":"https:\/\/secure.gravatar.com\/avatar\/bfe9c966af1ccfb9d17bcdb9d04e8815?s=96&d=mm&r=g","caption":"Claudia Gallardo"},"url":"https:\/\/lafuente.mx\/?author=3"}]}},"jetpack_featured_media_url":"https:\/\/i0.wp.com\/lafuente.mx\/wp-content\/uploads\/2025\/05\/family-baby-crawling-mother-smiling-happy-happy-children-smile-joy-parents-family-family-family-family-family-parents-1237701.jpg?fit=1280%2C1024&ssl=1","jetpack-related-posts":[{"id":1365,"url":"https:\/\/lafuente.mx\/?p=1365","url_meta":{"origin":2898,"position":0},"title":"D\u00eda Internacional del Trastorno por D\u00e9ficit de Atenci\u00f3n e Hiperactividad","date":"julio 10, 2023","format":false,"excerpt":"Imagen INPRFM 13 de julio\u00a0 Cada 13 de julio conmemoramos uno de los trastornos m\u00e1s comunes de la infancia, que afecta a nivel mundial a 1 de cada 10 ni\u00f1os o j\u00f3venes en edad escolar. Se celebra el D\u00eda Internacional del Trastorno por D\u00e9ficit de Atenci\u00f3n e Hiperactividad.\u00a0 Con esta\u2026","rel":"","context":"En &quot;Efem\u00e9rides de Salud Mental&quot;","img":{"alt_text":"","src":"https:\/\/i0.wp.com\/lafuente.mx\/wp-content\/uploads\/2023\/07\/WhatsApp-Image-2023-07-11-at-12.48.17-PM.jpeg?fit=1200%2C679&ssl=1&resize=350%2C200","width":350,"height":200},"classes":[]},{"id":2874,"url":"https:\/\/lafuente.mx\/?p=2874","url_meta":{"origin":2898,"position":1},"title":"7 de mayo, D\u00eda Mundial de la Salud Mental Materna","date":"mayo 7, 2025","format":false,"excerpt":"1 de cada 5 mujeres experimentan un trastorno perinatal del estado de \u00e1nimo y la ansiedad\u00a0\u00a0 Las estad\u00edsticas var\u00edan seg\u00fan el pa\u00eds, pero esta es una preocupaci\u00f3n mundial. Incluyen depresi\u00f3n posparto, ansiedad posparto, trastorno obsesivo compulsivo posparto, trastorno bipolar posparto y psicosis posparto.\u00a0 7 de cada 10\u00a0mujeres ocultan o minimizan\u2026","rel":"","context":"En &quot;Efem\u00e9rides de Salud Mental&quot;","img":{"alt_text":"","src":"https:\/\/i0.wp.com\/lafuente.mx\/wp-content\/uploads\/2025\/05\/Dia-Mundial-de-la-Salud-Mental-Materna.jpg?fit=1200%2C613&ssl=1&resize=350%2C200","width":350,"height":200},"classes":[]},{"id":1867,"url":"https:\/\/lafuente.mx\/?p=1867","url_meta":{"origin":2898,"position":2},"title":"D\u00eda Internacional del Hombre","date":"noviembre 15, 2023","format":false,"excerpt":"El 19 de noviembre, D\u00eda Internacional del Hombre, celebra en todo el mundo el valor positivo que los hombres aportan al mundo, a sus familias y comunidades.\u00a0Destacamos modelos positivos y creamos conciencia sobre el bienestar de los hombres.\u00a0 Nuestro tema para 2023 es \u201cCero suicidio masculino\u201d.\u00a0 Juntos podemos detener el\u2026","rel":"","context":"En &quot;Efem\u00e9rides de Salud Mental&quot;","img":{"alt_text":"","src":"https:\/\/i0.wp.com\/lafuente.mx\/wp-content\/uploads\/2023\/11\/hombres.jpeg?fit=1000%2C667&ssl=1&resize=350%2C200","width":350,"height":200},"classes":[]},{"id":2470,"url":"https:\/\/lafuente.mx\/?p=2470","url_meta":{"origin":2898,"position":3},"title":"D\u00eda Mundial contra la Trata\u00a0","date":"julio 30, 2024","format":false,"excerpt":"30 de julio No podemos dejar a ning\u00fan ni\u00f1o o ni\u00f1a atr\u00e1s en la lucha contra la trata\u00a0 En todo el mundo, una de cada tres v\u00edctimas de trata de seres humanos es un ni\u00f1o, en su mayor\u00eda, ni\u00f1as.\u00a0 Seg\u00fan el Informe Mundial sobre la Trata de Personas de la\u2026","rel":"","context":"En &quot;Efem\u00e9rides de Salud Mental&quot;","img":{"alt_text":"children, infant, girl-306607.jpg","src":"https:\/\/i0.wp.com\/lafuente.mx\/wp-content\/uploads\/2024\/07\/children-infant-girl-306607.jpg?fit=1200%2C800&ssl=1&resize=350%2C200","width":350,"height":200},"classes":[]},{"id":3067,"url":"https:\/\/lafuente.mx\/?p=3067","url_meta":{"origin":2898,"position":4},"title":"Tema del mes: Mujeres y ni\u00f1as en la ciencia","date":"julio 10, 2025","format":false,"excerpt":"FEBRERO 2025 Este febrero celebramos el d\u00e9cimo aniversario del \ud835\udc03\ud835\udc22\u0301\ud835\udc1a \ud835\udc08\ud835\udc27\ud835\udc2d\ud835\udc1e\ud835\udc2b\ud835\udc27\ud835\udc1a\ud835\udc1c\ud835\udc22\ud835\udc28\ud835\udc27\ud835\udc1a\ud835\udc25 \ud835\udc1d\ud835\udc1e \ud835\udc25\ud835\udc1a \ud835\udc0c\ud835\udc2e\ud835\udc23\ud835\udc1e\ud835\udc2b \ud835\udc32 \ud835\udc25\ud835\udc1a \ud835\udc0d\ud835\udc22\ud835\udc27\u0303\ud835\udc1a \ud835\udc1e\ud835\udc27 \ud835\udc25\ud835\udc1a \ud835\udc02\ud835\udc22\ud835\udc1e\ud835\udc27\ud835\udc1c\ud835\udc22\ud835\udc1a.Hoy queremos destacar a las mujeres de nuestro Instituto que desarrollan su trabajo en el INPRFM, quienes con su dedicaci\u00f3n y esfuerzo, contribuyen a mejorar la salud mental de la poblaci\u00f3n\u2026","rel":"","context":"En &quot;T\u00f3picos de salud mental&quot;","img":{"alt_text":"","src":"https:\/\/i0.wp.com\/lafuente.mx\/wp-content\/uploads\/2025\/07\/Efemerides_Mesa-de-trabajo-1.jpg?fit=1200%2C1200&ssl=1&resize=350%2C200","width":350,"height":200},"classes":[]},{"id":1998,"url":"https:\/\/lafuente.mx\/?p=1998","url_meta":{"origin":2898,"position":5},"title":"D\u00eda Mundial de la Lucha contra la Depresi\u00f3n\u00a0","date":"enero 12, 2024","format":false,"excerpt":"13 de enero La conmemoraci\u00f3n de esta fecha fue establecida por la\u00a0Federaci\u00f3n Mundial de Psiquiatr\u00eda\u00a0(WPA, por sus siglas en ingl\u00e9s) en el a\u00f1o 1992, con el objetivo de concientizar sobre esta enfermedad y promover la comprensi\u00f3n y el apoyo para las personas que la padecen.\u00a0 A pesar de que no\u2026","rel":"","context":"En &quot;Efem\u00e9rides de Salud Mental&quot;","img":{"alt_text":"","src":"https:\/\/i0.wp.com\/lafuente.mx\/wp-content\/uploads\/2024\/01\/descarga.jpeg?fit=1000%2C717&ssl=1&resize=350%2C200","width":350,"height":200},"classes":[]}],"jetpack_sharing_enabled":true,"jetpack_shortlink":"https:\/\/wp.me\/pe9WUx-KK","_links":{"self":[{"href":"https:\/\/lafuente.mx\/index.php?rest_route=\/wp\/v2\/posts\/2898"}],"collection":[{"href":"https:\/\/lafuente.mx\/index.php?rest_route=\/wp\/v2\/posts"}],"about":[{"href":"https:\/\/lafuente.mx\/index.php?rest_route=\/wp\/v2\/types\/post"}],"author":[{"embeddable":true,"href":"https:\/\/lafuente.mx\/index.php?rest_route=\/wp\/v2\/users\/3"}],"replies":[{"embeddable":true,"href":"https:\/\/lafuente.mx\/index.php?rest_route=%2Fwp%2Fv2%2Fcomments&post=2898"}],"version-history":[{"count":1,"href":"https:\/\/lafuente.mx\/index.php?rest_route=\/wp\/v2\/posts\/2898\/revisions"}],"predecessor-version":[{"id":2900,"href":"https:\/\/lafuente.mx\/index.php?rest_route=\/wp\/v2\/posts\/2898\/revisions\/2900"}],"wp:featuredmedia":[{"embeddable":true,"href":"https:\/\/lafuente.mx\/index.php?rest_route=\/wp\/v2\/media\/2899"}],"wp:attachment":[{"href":"https:\/\/lafuente.mx\/index.php?rest_route=%2Fwp%2Fv2%2Fmedia&parent=2898"}],"wp:term":[{"taxonomy":"category","embeddable":true,"href":"https:\/\/lafuente.mx\/index.php?rest_route=%2Fwp%2Fv2%2Fcategories&post=2898"},{"taxonomy":"post_tag","embeddable":true,"href":"https:\/\/lafuente.mx\/index.php?rest_route=%2Fwp%2Fv2%2Ftags&post=2898"}],"curies":[{"name":"wp","href":"https:\/\/api.w.org\/{rel}","templated":true}]}}