{"id":2892,"date":"2025-05-12T15:21:12","date_gmt":"2025-05-12T15:21:12","guid":{"rendered":"https:\/\/lafuente.mx\/?p=2892"},"modified":"2025-05-12T15:22:29","modified_gmt":"2025-05-12T15:22:29","slug":"adaptacion-y-validacion-de-un-instrumento-para-la-medicion-del-estigma-hacia-problemas-de-salud-mental-en-ninos-entre-profesionales-de-la-salud","status":"publish","type":"post","link":"https:\/\/lafuente.mx\/?p=2892","title":{"rendered":"Adaptaci\u00f3n y validaci\u00f3n de un instrumento para la medici\u00f3n del estigma hacia problemas de salud mental en ni\u00f1os entre profesionales de la salud\u00a0"},"content":{"rendered":"\n<hr class=\"wp-block-separator aligncenter has-alpha-channel-opacity is-style-wide\"\/>\n\n\n\n<p><strong>Jorge Javier Caraveo-Anduaga<\/strong><br>Direcci\u00f3n de Investigaciones Epidemiol\u00f3gicas y Psicosociales, Instituto Nacional de Psiquiatr\u00eda Ram\u00f3n de la Fuente Mu\u00f1iz, Ciudad de M\u00e9xico, M\u00e9xico.&nbsp;<\/p>\n\n\n\n<p><strong>Mart\u00ednez-V\u00e9lez NA.<\/strong>&nbsp;<br>Direcci\u00f3n de Investigaciones Epidemiol\u00f3gicas y Psicosociales, Instituto Nacional de Psiquiatr\u00eda Ram\u00f3n de la Fuente Mu\u00f1iz, Ciudad de M\u00e9xico, M\u00e9xico.&nbsp;<\/p>\n\n\n\n<p><strong>Miriam Arroyo-Belmonte<\/strong><br>Direcci\u00f3n de Investigaciones Epidemiol\u00f3gicas y Psicosociales, Instituto Nacional de Psiquiatr\u00eda Ram\u00f3n de la Fuente Mu\u00f1iz, Ciudad de M\u00e9xico, M\u00e9xico.&nbsp;<\/p>\n\n\n\n<p><strong>Filiberto Itzc\u00f3atl Gayt\u00e1n Flores<\/strong><br>Direcci\u00f3n de Investigaciones Epidemiol\u00f3gicas y Psicosociales, Instituto Nacional de Psiquiatr\u00eda Ram\u00f3n de la Fuente Mu\u00f1iz, Ciudad de M\u00e9xico, M\u00e9xico.&nbsp;<\/p>\n\n\n\n<hr class=\"wp-block-separator aligncenter has-alpha-channel-opacity is-style-wide\"\/>\n\n\n<div class=\"wp-block-image\">\n<figure class=\"aligncenter size-large\"><img decoding=\"async\" loading=\"lazy\" width=\"640\" height=\"327\" src=\"https:\/\/i0.wp.com\/lafuente.mx\/wp-content\/uploads\/2025\/05\/Adaptacion-y-validacion-de-un-instrumento_Mesa-de-trabajo-1-1024x523.jpg?resize=640%2C327&#038;ssl=1\" alt=\"\" class=\"wp-image-2893\" srcset=\"https:\/\/i0.wp.com\/lafuente.mx\/wp-content\/uploads\/2025\/05\/Adaptacion-y-validacion-de-un-instrumento_Mesa-de-trabajo-1.jpg?resize=1024%2C523&amp;ssl=1 1024w, https:\/\/i0.wp.com\/lafuente.mx\/wp-content\/uploads\/2025\/05\/Adaptacion-y-validacion-de-un-instrumento_Mesa-de-trabajo-1.jpg?resize=300%2C153&amp;ssl=1 300w, https:\/\/i0.wp.com\/lafuente.mx\/wp-content\/uploads\/2025\/05\/Adaptacion-y-validacion-de-un-instrumento_Mesa-de-trabajo-1.jpg?resize=768%2C392&amp;ssl=1 768w, https:\/\/i0.wp.com\/lafuente.mx\/wp-content\/uploads\/2025\/05\/Adaptacion-y-validacion-de-un-instrumento_Mesa-de-trabajo-1.jpg?resize=1536%2C784&amp;ssl=1 1536w, https:\/\/i0.wp.com\/lafuente.mx\/wp-content\/uploads\/2025\/05\/Adaptacion-y-validacion-de-un-instrumento_Mesa-de-trabajo-1.jpg?resize=2048%2C1046&amp;ssl=1 2048w, https:\/\/i0.wp.com\/lafuente.mx\/wp-content\/uploads\/2025\/05\/Adaptacion-y-validacion-de-un-instrumento_Mesa-de-trabajo-1.jpg?w=1280 1280w, https:\/\/i0.wp.com\/lafuente.mx\/wp-content\/uploads\/2025\/05\/Adaptacion-y-validacion-de-un-instrumento_Mesa-de-trabajo-1.jpg?w=1920 1920w\" sizes=\"(max-width: 640px) 100vw, 640px\" data-recalc-dims=\"1\" \/><\/figure><\/div>\n\n\n<hr class=\"wp-block-separator aligncenter has-alpha-channel-opacity is-style-dots\"\/>\n\n\n\n<p><strong>Introducci\u00f3n.<\/strong>\u00a0 Una de las principales barreras que enfrentan los ni\u00f1os, ni\u00f1as y adolescentes para recibir atenci\u00f3n es el estigma.\u00a0<br>\u00a0<br><strong>Objetivo.<\/strong>\u00a0 Evaluar la confiabilidad y la validez de constructo del Cuestionario de Personal de Salud y determinar los indicadores de eficiencia de las vi\u00f1etas cl\u00ednicas que lo componen. M\u00e9todo. El Cuestionario de Personal de Salud (HPQ), un instrumento autoadministrado con 20 vi\u00f1etas cl\u00ednicas y 37 \u00edtems, se administr\u00f3 a una muestra de 2477 profesionales de la salud, evaluando el conocimiento, el prejuicio y la intenci\u00f3n discriminatoria como componentes del estigma. Se calcularon los valores de eficiencia para las vi\u00f1etas cl\u00ednicas proporcionadas, utilizando evaluaciones de psiquiatras infantiles como el est\u00e1ndar de oro. Se realiz\u00f3 un an\u00e1lisis de consistencia interna para la validez de constructo. La muestra se dividi\u00f3 aleatoriamente en dos grupos, realiz\u00e1ndose un an\u00e1lisis factorial exploratorio (AFE) con el primer grupo ( <em>n<\/em> = 1250), y un an\u00e1lisis factorial confirmatorio (AFC) con el segundo ( <em>n<\/em> = 1227).\u00a0<br>\u00a0<br><strong>Resultados.<\/strong>\u00a0 La eficiencia de las vi\u00f1etas cl\u00ednicas obtuvo una tasa de acuerdo global entre los psiquiatras infantiles del 97%. El an\u00e1lisis factorial exploratorio identific\u00f3 seis dimensiones relacionadas con el prejuicio y una relacionada con la intenci\u00f3n discriminatoria. En el an\u00e1lisis factorial confirmatorio, los factores se comportaron de la misma manera, con cargas factoriales para los \u00edtems y alfas similares.\u00a0<br>\u00a0<br><strong>Discusi\u00f3n y conclusi\u00f3n.<\/strong>\u00a0 La investigaci\u00f3n sobre el estigma hacia la salud mental infantil por parte del personal sanitario es escasa, en parte debido a la falta de instrumentos v\u00e1lidos y fiables. El Cuestionario del Personal Sanitario explor\u00f3 eficazmente los problemas de actitud (prejuicio) y la intenci\u00f3n discriminatoria como aspectos del estigma hacia las enfermedades mentales en ni\u00f1os y adolescentes. El an\u00e1lisis de estos componentes entre los profesionales sanitarios tiene importantes implicaciones para la atenci\u00f3n de la salud mental de ni\u00f1os y adolescentes.\u00a0<\/p>\n\n\n\n<hr class=\"wp-block-separator aligncenter has-alpha-channel-opacity is-style-wide\"\/>\n\n\n\n<div class=\"wp-block-buttons is-layout-flex wp-block-buttons-is-layout-flex\">\n<div class=\"wp-block-button\"><a class=\"wp-block-button__link has-vivid-red-background-color has-background wp-element-button\" href=\"https:\/\/revistasaludmental.gob.mx\/index.php\/salud_mental\/article\/view\/SM.0185-3325.2025.011\/5207\" target=\"_blank\" rel=\"noreferrer noopener\">M\u00e1s informaci\u00f3n<\/a><\/div>\n<\/div>\n","protected":false},"excerpt":{"rendered":"<p>Jorge Javier Caraveo-AnduagaDirecci\u00f3n de Investigaciones Epidemiol\u00f3gicas y Psicosociales, Instituto Nacional de Psiquiatr\u00eda Ram\u00f3n de la Fuente Mu\u00f1iz, Ciudad de M\u00e9xico, M\u00e9xico.&nbsp; Mart\u00ednez-V\u00e9lez NA.&nbsp;Direcci\u00f3n de Investigaciones<\/p>\n","protected":false},"author":5,"featured_media":2893,"comment_status":"closed","ping_status":"closed","sticky":false,"template":"","format":"standard","meta":{"footnotes":"","jetpack_publicize_message":"","jetpack_is_tweetstorm":false,"jetpack_publicize_feature_enabled":true},"categories":[11],"tags":[932,928,929,930,931,157,557,33,32],"jetpack_publicize_connections":[],"yoast_head":"<!-- This site is optimized with the Yoast SEO plugin v19.4 - https:\/\/yoast.com\/wordpress\/plugins\/seo\/ -->\n<title>Adaptaci\u00f3n y validaci\u00f3n de un instrumento para la medici\u00f3n del estigma hacia problemas de salud mental en ni\u00f1os entre profesionales de la salud\u00a0 -<\/title>\n<meta name=\"robots\" content=\"index, follow, max-snippet:-1, max-image-preview:large, max-video-preview:-1\" \/>\n<link rel=\"canonical\" href=\"https:\/\/lafuente.mx\/?p=2892\" \/>\n<meta property=\"og:locale\" content=\"es_MX\" \/>\n<meta property=\"og:type\" content=\"article\" \/>\n<meta property=\"og:title\" content=\"Adaptaci\u00f3n y validaci\u00f3n de un instrumento para la medici\u00f3n del estigma hacia problemas de salud mental en ni\u00f1os entre profesionales de la salud\u00a0\" \/>\n<meta property=\"og:description\" content=\"Adaptaci\u00f3n y validaci\u00f3n de un instrumento para la medici\u00f3n del estigma hacia problemas de salud mental en ni\u00f1os entre profesionales de la salud\u00a0\" \/>\n<meta property=\"og:url\" content=\"https:\/\/lafuente.mx\/?p=2892\" \/>\n<meta property=\"article:published_time\" content=\"2025-05-12T15:21:12+00:00\" \/>\n<meta property=\"article:modified_time\" content=\"2025-05-12T15:22:29+00:00\" \/>\n<meta property=\"og:image\" content=\"http:\/\/lafuente.mx\/wp-content\/uploads\/2025\/05\/Adaptacion-y-validacion-de-un-instrumento_Mesa-de-trabajo-1.jpg\" \/>\n\t<meta property=\"og:image:width\" content=\"2440\" \/>\n\t<meta property=\"og:image:height\" content=\"1246\" \/>\n\t<meta property=\"og:image:type\" content=\"image\/jpeg\" \/>\n<meta name=\"author\" content=\"Dar\u00edo Ram\u00edrez\" \/>\n<meta name=\"twitter:card\" content=\"summary_large_image\" \/>\n<meta name=\"twitter:title\" content=\"Adaptaci\u00f3n y validaci\u00f3n de un instrumento para la medici\u00f3n del estigma hacia problemas de salud mental en ni\u00f1os entre profesionales de la salud\u00a0\" \/>\n<meta name=\"twitter:description\" content=\"Adaptaci\u00f3n y validaci\u00f3n de un instrumento para la medici\u00f3n del estigma hacia problemas de salud mental en ni\u00f1os entre profesionales de la salud\u00a0\" \/>\n<meta name=\"twitter:image\" content=\"https:\/\/i0.wp.com\/lafuente.mx\/wp-content\/uploads\/2025\/05\/Adaptacion-y-validacion-de-un-instrumento_Mesa-de-trabajo-1.jpg?fit=2440%2C1246&ssl=1\" \/>\n<meta name=\"twitter:label1\" content=\"Escrito por\" \/>\n\t<meta name=\"twitter:data1\" content=\"Dar\u00edo Ram\u00edrez\" \/>\n\t<meta name=\"twitter:label2\" content=\"Tiempo de lectura\" \/>\n\t<meta name=\"twitter:data2\" content=\"2 minutos\" \/>\n<script type=\"application\/ld+json\" class=\"yoast-schema-graph\">{\"@context\":\"https:\/\/schema.org\",\"@graph\":[{\"@type\":\"WebSite\",\"@id\":\"https:\/\/lafuente.mx\/#website\",\"url\":\"https:\/\/lafuente.mx\/\",\"name\":\"\",\"description\":\"Informaci\u00f3n confiable sobre salud mental\",\"potentialAction\":[{\"@type\":\"SearchAction\",\"target\":{\"@type\":\"EntryPoint\",\"urlTemplate\":\"https:\/\/lafuente.mx\/?s={search_term_string}\"},\"query-input\":\"required name=search_term_string\"}],\"inLanguage\":\"es-MX\"},{\"@type\":\"WebPage\",\"@id\":\"https:\/\/lafuente.mx\/?p=2892\",\"url\":\"https:\/\/lafuente.mx\/?p=2892\",\"name\":\"Adaptaci\u00f3n y validaci\u00f3n de un instrumento para la medici\u00f3n del estigma hacia problemas de salud mental en ni\u00f1os entre profesionales de la salud\u00a0 -\",\"isPartOf\":{\"@id\":\"https:\/\/lafuente.mx\/#website\"},\"datePublished\":\"2025-05-12T15:21:12+00:00\",\"dateModified\":\"2025-05-12T15:22:29+00:00\",\"author\":{\"@id\":\"https:\/\/lafuente.mx\/#\/schema\/person\/b9cc1ac3941245ec61c80638a92abfb6\"},\"breadcrumb\":{\"@id\":\"https:\/\/lafuente.mx\/?p=2892#breadcrumb\"},\"inLanguage\":\"es-MX\",\"potentialAction\":[{\"@type\":\"ReadAction\",\"target\":[\"https:\/\/lafuente.mx\/?p=2892\"]}]},{\"@type\":\"BreadcrumbList\",\"@id\":\"https:\/\/lafuente.mx\/?p=2892#breadcrumb\",\"itemListElement\":[{\"@type\":\"ListItem\",\"position\":1,\"name\":\"Inicio\",\"item\":\"https:\/\/lafuente.mx\/\"},{\"@type\":\"ListItem\",\"position\":2,\"name\":\"Adaptaci\u00f3n y validaci\u00f3n de un instrumento para la medici\u00f3n del estigma hacia problemas de salud mental en ni\u00f1os entre profesionales de la salud\u00a0\"}]},{\"@type\":\"Person\",\"@id\":\"https:\/\/lafuente.mx\/#\/schema\/person\/b9cc1ac3941245ec61c80638a92abfb6\",\"name\":\"Dar\u00edo Ram\u00edrez\",\"image\":{\"@type\":\"ImageObject\",\"inLanguage\":\"es-MX\",\"@id\":\"https:\/\/lafuente.mx\/#\/schema\/person\/image\/\",\"url\":\"https:\/\/secure.gravatar.com\/avatar\/bd5441528d8085d08a897e5789079259?s=96&d=mm&r=g\",\"contentUrl\":\"https:\/\/secure.gravatar.com\/avatar\/bd5441528d8085d08a897e5789079259?s=96&d=mm&r=g\",\"caption\":\"Dar\u00edo Ram\u00edrez\"},\"url\":\"https:\/\/lafuente.mx\/?author=5\"}]}<\/script>\n<!-- \/ Yoast SEO plugin. -->","yoast_head_json":{"title":"Adaptaci\u00f3n y validaci\u00f3n de un instrumento para la medici\u00f3n del estigma hacia problemas de salud mental en ni\u00f1os entre profesionales de la salud\u00a0 -","robots":{"index":"index","follow":"follow","max-snippet":"max-snippet:-1","max-image-preview":"max-image-preview:large","max-video-preview":"max-video-preview:-1"},"canonical":"https:\/\/lafuente.mx\/?p=2892","og_locale":"es_MX","og_type":"article","og_title":"Adaptaci\u00f3n y validaci\u00f3n de un instrumento para la medici\u00f3n del estigma hacia problemas de salud mental en ni\u00f1os entre profesionales de la salud\u00a0","og_description":"Adaptaci\u00f3n y validaci\u00f3n de un instrumento para la medici\u00f3n del estigma hacia problemas de salud mental en ni\u00f1os entre profesionales de la salud\u00a0","og_url":"https:\/\/lafuente.mx\/?p=2892","article_published_time":"2025-05-12T15:21:12+00:00","article_modified_time":"2025-05-12T15:22:29+00:00","og_image":[{"width":2440,"height":1246,"url":"http:\/\/lafuente.mx\/wp-content\/uploads\/2025\/05\/Adaptacion-y-validacion-de-un-instrumento_Mesa-de-trabajo-1.jpg","type":"image\/jpeg"}],"author":"Dar\u00edo Ram\u00edrez","twitter_card":"summary_large_image","twitter_title":"Adaptaci\u00f3n y validaci\u00f3n de un instrumento para la medici\u00f3n del estigma hacia problemas de salud mental en ni\u00f1os entre profesionales de la salud\u00a0","twitter_description":"Adaptaci\u00f3n y validaci\u00f3n de un instrumento para la medici\u00f3n del estigma hacia problemas de salud mental en ni\u00f1os entre profesionales de la salud\u00a0","twitter_image":"https:\/\/i0.wp.com\/lafuente.mx\/wp-content\/uploads\/2025\/05\/Adaptacion-y-validacion-de-un-instrumento_Mesa-de-trabajo-1.jpg?fit=2440%2C1246&ssl=1","twitter_misc":{"Escrito por":"Dar\u00edo Ram\u00edrez","Tiempo de lectura":"2 minutos"},"schema":{"@context":"https:\/\/schema.org","@graph":[{"@type":"WebSite","@id":"https:\/\/lafuente.mx\/#website","url":"https:\/\/lafuente.mx\/","name":"","description":"Informaci\u00f3n confiable sobre salud mental","potentialAction":[{"@type":"SearchAction","target":{"@type":"EntryPoint","urlTemplate":"https:\/\/lafuente.mx\/?s={search_term_string}"},"query-input":"required name=search_term_string"}],"inLanguage":"es-MX"},{"@type":"WebPage","@id":"https:\/\/lafuente.mx\/?p=2892","url":"https:\/\/lafuente.mx\/?p=2892","name":"Adaptaci\u00f3n y validaci\u00f3n de un instrumento para la medici\u00f3n del estigma hacia problemas de salud mental en ni\u00f1os entre profesionales de la salud\u00a0 -","isPartOf":{"@id":"https:\/\/lafuente.mx\/#website"},"datePublished":"2025-05-12T15:21:12+00:00","dateModified":"2025-05-12T15:22:29+00:00","author":{"@id":"https:\/\/lafuente.mx\/#\/schema\/person\/b9cc1ac3941245ec61c80638a92abfb6"},"breadcrumb":{"@id":"https:\/\/lafuente.mx\/?p=2892#breadcrumb"},"inLanguage":"es-MX","potentialAction":[{"@type":"ReadAction","target":["https:\/\/lafuente.mx\/?p=2892"]}]},{"@type":"BreadcrumbList","@id":"https:\/\/lafuente.mx\/?p=2892#breadcrumb","itemListElement":[{"@type":"ListItem","position":1,"name":"Inicio","item":"https:\/\/lafuente.mx\/"},{"@type":"ListItem","position":2,"name":"Adaptaci\u00f3n y validaci\u00f3n de un instrumento para la medici\u00f3n del estigma hacia problemas de salud mental en ni\u00f1os entre profesionales de la salud\u00a0"}]},{"@type":"Person","@id":"https:\/\/lafuente.mx\/#\/schema\/person\/b9cc1ac3941245ec61c80638a92abfb6","name":"Dar\u00edo Ram\u00edrez","image":{"@type":"ImageObject","inLanguage":"es-MX","@id":"https:\/\/lafuente.mx\/#\/schema\/person\/image\/","url":"https:\/\/secure.gravatar.com\/avatar\/bd5441528d8085d08a897e5789079259?s=96&d=mm&r=g","contentUrl":"https:\/\/secure.gravatar.com\/avatar\/bd5441528d8085d08a897e5789079259?s=96&d=mm&r=g","caption":"Dar\u00edo Ram\u00edrez"},"url":"https:\/\/lafuente.mx\/?author=5"}]}},"jetpack_featured_media_url":"https:\/\/i0.wp.com\/lafuente.mx\/wp-content\/uploads\/2025\/05\/Adaptacion-y-validacion-de-un-instrumento_Mesa-de-trabajo-1.jpg?fit=2440%2C1246&ssl=1","jetpack-related-posts":[{"id":2739,"url":"https:\/\/lafuente.mx\/?p=2739","url_meta":{"origin":2892,"position":0},"title":"Estudios epidemiol\u00f3gicos sobre COVID-19 y salud mental en M\u00e9xico: mejor metodolog\u00eda para mejores resultados: una revisi\u00f3n de la literatura\u00a0","date":"enero 23, 2025","format":false,"excerpt":"Guillermo Borges\u00a0 Direcci\u00f3n de Investigaciones Epidemiol\u00f3gicas y Psicosociales, Instituto Nacional de Psiquiatr\u00eda Ram\u00f3n de la Fuente Mu\u00f1iz, Ciudad de M\u00e9xico, M\u00e9xico.\u00a0 Ricardo Orozco\u00a0 Direcci\u00f3n de Investigaciones Epidemiol\u00f3gicas y Psicosociales, Instituto Nacional de Psiquiatr\u00eda Ram\u00f3n de la Fuente Mu\u00f1iz, Ciudad de M\u00e9xico, M\u00e9xico.\u00a0 Brenda Salas\u00a0 Direcci\u00f3n de Investigaciones Epidemiol\u00f3gicas y Psicosociales,\u2026","rel":"","context":"En &quot;Revista Salud Mental&quot;","img":{"alt_text":"","src":"https:\/\/i0.wp.com\/lafuente.mx\/wp-content\/uploads\/2025\/01\/001-1-scaled.jpg?fit=1200%2C758&ssl=1&resize=350%2C200","width":350,"height":200},"classes":[]},{"id":3248,"url":"https:\/\/lafuente.mx\/?p=3248","url_meta":{"origin":2892,"position":1},"title":"Propiedades psicom\u00e9tricas de la Escala Breve de Habilidades para la Vida para Adolescentes\u00a0","date":"septiembre 9, 2025","format":false,"excerpt":"Volume 48, Issue 3, May-June 2025 Patricia Mar\u00eda del Carmen Fuentes A.\u00a0 Direcci\u00f3n de Investigaciones Epidemiol\u00f3gicas y Psicosociales, Departamento de Modelos de Intervenci\u00f3n Psicosocial, Instituto Nacional de Psiquiatr\u00eda Ram\u00f3n de la Fuente Mu\u00f1iz, Ciudad de M\u00e9xico, M\u00e9xico.\u00a0 Catalina Gonz\u00e1lez-Forteza\u00a0 Direcci\u00f3n de Investigaciones Epidemiol\u00f3gicas y Psicosociales, Departamento de Modelos de Intervenci\u00f3n\u2026","rel":"","context":"En &quot;Revista Salud Mental&quot;","img":{"alt_text":"woman, mobile phone, listening to music, listening, fashion, adolescence, mobile phone, mobile phone, mobile phone, mobile phone, mobile phone, listening, listening, listening, listening-3236059.jpg","src":"https:\/\/i0.wp.com\/lafuente.mx\/wp-content\/uploads\/2025\/09\/woman-mobile-phone-listening-to-music-listening-fashion-adolescence-mobile-phone-mobile-phone-mobile-phone-mobile-phone-mobile-phone-listening-listening-listening-listening-3236059.jpg?fit=1200%2C800&ssl=1&resize=350%2C200","width":350,"height":200},"classes":[]},{"id":1960,"url":"https:\/\/lafuente.mx\/?p=1960","url_meta":{"origin":2892,"position":2},"title":"M\u00e9xico en las Naciones Unidas: Un paso adelante para la salud mental\u00a0","date":"diciembre 18, 2023","format":false,"excerpt":"Eduardo A.Madrigal de Le\u00f3n,1\u00a0 ShoshanaBerenzon Gorn,2\u00a0 1 Direcci\u00f3n General, Instituto Nacional de Psiquiatr\u00eda Ram\u00f3n de la Fuente Mu\u00f1iz, Ciudad de M\u00e9xico, M\u00e9xico.\u00a0 2 Direcci\u00f3n de Investigaciones Epidemiol\u00f3gicas y Psicosociales, Instituto Nacional de Psiquiatr\u00eda Ram\u00f3n de la Fuente Mu\u00f1iz, Ciudad de M\u00e9xico, M\u00e9xico\u00a0 Salud Mental, Vol. 46, Issue 6, November-December 2023\u00a0\u2026","rel":"","context":"En &quot;Revista Salud Mental&quot;","img":{"alt_text":"","src":"https:\/\/i0.wp.com\/lafuente.mx\/wp-content\/uploads\/2023\/12\/consejo-seguridad-onu.jpg?fit=1067%2C557&ssl=1&resize=350%2C200","width":350,"height":200},"classes":[]},{"id":3585,"url":"https:\/\/lafuente.mx\/?p=3585","url_meta":{"origin":2892,"position":3},"title":"Diferencias entre hombres y mujeres mexicanos en el fen\u00f3meno de la transfobia\u00a0","date":"febrero 18, 2026","format":false,"excerpt":"Volume\u00a048,\u00a0Issue\u00a06,\u00a0November-December\u00a02025\u00a0\u00a0 Tecelli\u00a0Dom\u00ednguez\u00a0Centro de Investigaci\u00f3n en Salud Mental Global. Direcci\u00f3n de Investigaciones Epidemiol\u00f3gicas y Psicosociales. Instituto Nacional de Psiquiatr\u00eda Ram\u00f3n de la Fuente Mu\u00f1iz, Ciudad de M\u00e9xico, M\u00e9xico.\u00a0 Ana\u00a0Fres\u00e1n\u00a0Laboratorio de Epidemiolog\u00eda Cl\u00ednica. Subdirecci\u00f3n de Investigaciones Cl\u00ednicas. Instituto Nacional de Psiquiatr\u00eda Ram\u00f3n de la Fuente Mu\u00f1iz, Ciudad de M\u00e9xico, M\u00e9xico.\u00a0 Rebeca Robles-Garc\u00eda\u00a0Centro\u2026","rel":"","context":"En &quot;Revista Salud Mental&quot;","img":{"alt_text":"people, relationship, equality, pride, lesbian, gay pride, nature, rainbow, love, symbol, bisexual, transgender, sexuality, abstract-7728700.jpg","src":"https:\/\/i0.wp.com\/lafuente.mx\/wp-content\/uploads\/2026\/02\/people-relationship-equality-pride-lesbian-gay-pride-nature-rainbow-love-symbol-bisexual-transgender-sexuality-abstract-7728700.jpg?fit=1200%2C690&ssl=1&resize=350%2C200","width":350,"height":200},"classes":[]},{"id":2288,"url":"https:\/\/lafuente.mx\/?p=2288","url_meta":{"origin":2892,"position":4},"title":"Perfiles psicosociales de mujeres que interrumpieron legalmente un embarazo en la Ciudad de M\u00e9xico","date":"mayo 16, 2024","format":false,"excerpt":"Karla Flores-Celis,1, Martha Cordero Oropeza,2, Luciana Esther Ramos-Lira3\u00a0 Programa de Maestr\u00eda y Doctorado en Medicina, Odontolog\u00eda y Ciencias de la Salud, Universidad Nacional Aut\u00f3noma de M\u00e9xico, Ciudad de M\u00e9xico, M\u00e9xico.\u00a0 Direcci\u00f3n de Servicios Cl\u00ednicos, Instituto Nacional de Psiquiatr\u00eda Ram\u00f3n de la Fuente Mu\u00f1iz, Ciudad de M\u00e9xico, M\u00e9xico.\u00a0 Direcci\u00f3n de Investigaciones\u2026","rel":"","context":"En &quot;Revista Salud Mental&quot;","img":{"alt_text":"watercolor, portrait, character-1020509.jpg","src":"https:\/\/i0.wp.com\/lafuente.mx\/wp-content\/uploads\/2024\/05\/watercolor-portrait-character-1020509.jpg?fit=1200%2C881&ssl=1&resize=350%2C200","width":350,"height":200},"classes":[]},{"id":1582,"url":"https:\/\/lafuente.mx\/?p=1582","url_meta":{"origin":2892,"position":5},"title":"Pr\u00e1cticas de estilo de vida saludable y estado de nutrici\u00f3n y salud","date":"agosto 9, 2023","format":false,"excerpt":"El Instituto Nacional de Psiquiatr\u00eda Ram\u00f3n de la Fuente Mu\u00f1iz y el Instituto Nacional de Salud P\u00fablica te invitan a realizar actividades de investigaci\u00f3n en el proyecto: \u00a0 Intervenci\u00f3n multidimensional para mejorar pr\u00e1cticas de estilo de vida saludable y estado de nutrici\u00f3n y salud en escolares mexicanos\u00a0 Fotograf\u00eda: UNICEF\/ECU\/Escobar Durante\u2026","rel":"","context":"En &quot;Informaci\u00f3n de inter\u00e9s&quot;","img":{"alt_text":"","src":"https:\/\/i0.wp.com\/lafuente.mx\/wp-content\/uploads\/2023\/08\/Captura-de-Pantalla-2023-08-09-a-las-13.30.12.png?fit=1200%2C823&ssl=1&resize=350%2C200","width":350,"height":200},"classes":[]}],"jetpack_sharing_enabled":true,"jetpack_shortlink":"https:\/\/wp.me\/pe9WUx-KE","_links":{"self":[{"href":"https:\/\/lafuente.mx\/index.php?rest_route=\/wp\/v2\/posts\/2892"}],"collection":[{"href":"https:\/\/lafuente.mx\/index.php?rest_route=\/wp\/v2\/posts"}],"about":[{"href":"https:\/\/lafuente.mx\/index.php?rest_route=\/wp\/v2\/types\/post"}],"author":[{"embeddable":true,"href":"https:\/\/lafuente.mx\/index.php?rest_route=\/wp\/v2\/users\/5"}],"replies":[{"embeddable":true,"href":"https:\/\/lafuente.mx\/index.php?rest_route=%2Fwp%2Fv2%2Fcomments&post=2892"}],"version-history":[{"count":4,"href":"https:\/\/lafuente.mx\/index.php?rest_route=\/wp\/v2\/posts\/2892\/revisions"}],"predecessor-version":[{"id":2897,"href":"https:\/\/lafuente.mx\/index.php?rest_route=\/wp\/v2\/posts\/2892\/revisions\/2897"}],"wp:featuredmedia":[{"embeddable":true,"href":"https:\/\/lafuente.mx\/index.php?rest_route=\/wp\/v2\/media\/2893"}],"wp:attachment":[{"href":"https:\/\/lafuente.mx\/index.php?rest_route=%2Fwp%2Fv2%2Fmedia&parent=2892"}],"wp:term":[{"taxonomy":"category","embeddable":true,"href":"https:\/\/lafuente.mx\/index.php?rest_route=%2Fwp%2Fv2%2Fcategories&post=2892"},{"taxonomy":"post_tag","embeddable":true,"href":"https:\/\/lafuente.mx\/index.php?rest_route=%2Fwp%2Fv2%2Ftags&post=2892"}],"curies":[{"name":"wp","href":"https:\/\/api.w.org\/{rel}","templated":true}]}}