{"id":2884,"date":"2025-05-09T20:27:52","date_gmt":"2025-05-09T20:27:52","guid":{"rendered":"https:\/\/lafuente.mx\/?p=2884"},"modified":"2025-05-12T14:50:07","modified_gmt":"2025-05-12T14:50:07","slug":"jornada-de-salud-mental-autismo-y-bioetica","status":"publish","type":"post","link":"https:\/\/lafuente.mx\/?p=2884","title":{"rendered":"Jornada de Salud Mental, Autismo y Bio\u00e9tica"},"content":{"rendered":"\n<hr class=\"wp-block-separator aligncenter has-alpha-channel-opacity is-style-wide\"\/>\n\n\n\n<p>En el marco del D\u00eda Mundial de Concienciaci\u00f3n sobre el Autismo, el Programa Institucional de \u00c9tica y Bio\u00e9tica de la Facultad de Medicina y el Departamento de Psiquiatr\u00eda y Salud Mental (DPSM) organizaron la Jornada de Salud Mental, Autismo y Bio\u00e9tica, con el prop\u00f3sito de tener un espacio de reflexi\u00f3n con una mirada \u00e9tica y humanista del espectro autista para favorecer el entendimiento de la neurodiversidad como una manifestaci\u00f3n leg\u00edtima de la variabilidad humana desde una perspectiva que incluya la cl\u00ednica, la bio\u00e9tica y los procesos formativos en las ciencias de la salud.\u00a0<\/p>\n\n\n<div class=\"wp-block-image\">\n<figure class=\"aligncenter size-full\"><img decoding=\"async\" loading=\"lazy\" width=\"640\" height=\"471\" src=\"https:\/\/i0.wp.com\/lafuente.mx\/wp-content\/uploads\/2025\/05\/DSC_0426-1024x683-1.jpg?resize=640%2C471&#038;ssl=1\" alt=\"\" class=\"wp-image-2888\" srcset=\"https:\/\/i0.wp.com\/lafuente.mx\/wp-content\/uploads\/2025\/05\/DSC_0426-1024x683-1.jpg?w=741&amp;ssl=1 741w, https:\/\/i0.wp.com\/lafuente.mx\/wp-content\/uploads\/2025\/05\/DSC_0426-1024x683-1.jpg?resize=300%2C221&amp;ssl=1 300w\" sizes=\"(max-width: 640px) 100vw, 640px\" data-recalc-dims=\"1\" \/><\/figure><\/div>\n\n\n<p>Durante la inauguraci\u00f3n del evento, en el auditorio \u201cDr. Ram\u00f3n de la Fuente\u201d, la doctora Gabriela Borrayo S\u00e1nchez, Secretaria General, brind\u00f3 unas palabras de bienvenida: \u201cEsta jornada ha sido planeada para hablar del tratamiento del espectro autista con trato \u00e9tico, respetuoso y adecuado, que no s\u00f3lo permita el acceso oportuno a los servicios de salud, sino que tambi\u00e9n permita evitar la discriminaci\u00f3n y la violencia generada por la falta de informaci\u00f3n y la falta de una visi\u00f3n \u00e9tica y bio\u00e9tica\u201d.\u00a0\u00a0\u00a0<\/p>\n\n\n<div class=\"wp-block-image\">\n<figure class=\"aligncenter size-full\"><img decoding=\"async\" loading=\"lazy\" width=\"640\" height=\"537\" src=\"https:\/\/i0.wp.com\/lafuente.mx\/wp-content\/uploads\/2025\/05\/DSC_0428-1024x683-1.jpg?resize=640%2C537&#038;ssl=1\" alt=\"\" class=\"wp-image-2890\" srcset=\"https:\/\/i0.wp.com\/lafuente.mx\/wp-content\/uploads\/2025\/05\/DSC_0428-1024x683-1.jpg?w=693&amp;ssl=1 693w, https:\/\/i0.wp.com\/lafuente.mx\/wp-content\/uploads\/2025\/05\/DSC_0428-1024x683-1.jpg?resize=300%2C252&amp;ssl=1 300w\" sizes=\"(max-width: 640px) 100vw, 640px\" data-recalc-dims=\"1\" \/><\/figure><\/div>\n\n\n<p>En la conferencia inicial, la doctora Gabriela Cort\u00e9s Meda, psiquiatra infantil y de la adolescencia, profesora titular del curso de la especializaci\u00f3n en psiquiatr\u00eda en el Instituto Nacional de Psiquiatr\u00eda \u201cRam\u00f3n de la Fuente Mu\u00f1\u00edz\u201d, abord\u00f3 este tema afirmando que \u201c\u2026 se requiere un enfoque humanista, basado en la persona, su contexto y que sea transdiagn\u00f3stico, con el potencial de representar mejor la realidad cl\u00ednica y cient\u00edfica de los problemas de salud mental, reflejando la complejidad, dimensionalidad y comorbilidad que son m\u00e1s la norma en la pr\u00e1ctica cl\u00ednica\u201d, asegur\u00f3 que es necesario explicar la realidad del autismo desde su variabilidad a lo largo de las diferentes etapas del ciclo vital.&nbsp;<\/p>\n\n\n\n<hr class=\"wp-block-separator aligncenter has-alpha-channel-opacity is-style-dots\"\/>\n\n\n\n<div class=\"wp-block-buttons is-layout-flex wp-block-buttons-is-layout-flex\">\n<div class=\"wp-block-button\"><a class=\"wp-block-button__link has-background wp-element-button\" href=\"https:\/\/gaceta.facmed.unam.mx\/index.php\/2025\/04\/30\/jornada-de-salud-mental-autismo-y-bioetica\/\" style=\"background-color:#175376\" target=\"_blank\" rel=\"noreferrer noopener\">M\u00e1s informaci\u00f3n<\/a><\/div>\n<\/div>\n","protected":false},"excerpt":{"rendered":"<p>En el marco del D\u00eda Mundial de Concienciaci\u00f3n sobre el Autismo, el Programa Institucional de \u00c9tica y Bio\u00e9tica de la Facultad de Medicina y el<\/p>\n","protected":false},"author":5,"featured_media":2886,"comment_status":"closed","ping_status":"closed","sticky":false,"template":"","format":"standard","meta":{"footnotes":"","jetpack_publicize_message":"","jetpack_is_tweetstorm":false,"jetpack_publicize_feature_enabled":true},"categories":[9,3],"tags":[175,468,927,32],"jetpack_publicize_connections":[],"yoast_head":"<!-- This site is optimized with the Yoast SEO plugin v19.4 - https:\/\/yoast.com\/wordpress\/plugins\/seo\/ -->\n<title>Jornada de Salud Mental, Autismo y Bio\u00e9tica -<\/title>\n<meta name=\"robots\" content=\"index, follow, max-snippet:-1, max-image-preview:large, max-video-preview:-1\" \/>\n<link rel=\"canonical\" href=\"https:\/\/lafuente.mx\/?p=2884\" \/>\n<meta property=\"og:locale\" content=\"es_MX\" \/>\n<meta property=\"og:type\" content=\"article\" \/>\n<meta property=\"og:title\" content=\"Jornada de Salud Mental, Autismo y Bio\u00e9tica\" \/>\n<meta property=\"og:description\" content=\"Jornada de Salud Mental, Autismo y Bio\u00e9tica\" \/>\n<meta property=\"og:url\" content=\"https:\/\/lafuente.mx\/?p=2884\" \/>\n<meta property=\"article:published_time\" content=\"2025-05-09T20:27:52+00:00\" \/>\n<meta property=\"article:modified_time\" content=\"2025-05-12T14:50:07+00:00\" \/>\n<meta property=\"og:image\" content=\"http:\/\/lafuente.mx\/wp-content\/uploads\/2025\/05\/Autismo.jpg\" \/>\n\t<meta property=\"og:image:width\" content=\"2440\" \/>\n\t<meta property=\"og:image:height\" content=\"1246\" \/>\n\t<meta property=\"og:image:type\" content=\"image\/jpeg\" \/>\n<meta name=\"author\" content=\"Dar\u00edo Ram\u00edrez\" \/>\n<meta name=\"twitter:card\" content=\"summary_large_image\" \/>\n<meta name=\"twitter:title\" content=\"Jornada de Salud Mental, Autismo y Bio\u00e9tica\" \/>\n<meta name=\"twitter:description\" content=\"Jornada de Salud Mental, Autismo y Bio\u00e9tica\" \/>\n<meta name=\"twitter:image\" content=\"https:\/\/i0.wp.com\/lafuente.mx\/wp-content\/uploads\/2025\/05\/Autismo.jpg?fit=2440%2C1246&ssl=1\" \/>\n<meta name=\"twitter:label1\" content=\"Escrito por\" \/>\n\t<meta name=\"twitter:data1\" content=\"Dar\u00edo Ram\u00edrez\" \/>\n\t<meta name=\"twitter:label2\" content=\"Tiempo de lectura\" \/>\n\t<meta name=\"twitter:data2\" content=\"2 minutos\" \/>\n<script type=\"application\/ld+json\" class=\"yoast-schema-graph\">{\"@context\":\"https:\/\/schema.org\",\"@graph\":[{\"@type\":\"WebSite\",\"@id\":\"https:\/\/lafuente.mx\/#website\",\"url\":\"https:\/\/lafuente.mx\/\",\"name\":\"\",\"description\":\"Informaci\u00f3n confiable sobre salud mental\",\"potentialAction\":[{\"@type\":\"SearchAction\",\"target\":{\"@type\":\"EntryPoint\",\"urlTemplate\":\"https:\/\/lafuente.mx\/?s={search_term_string}\"},\"query-input\":\"required name=search_term_string\"}],\"inLanguage\":\"es-MX\"},{\"@type\":\"WebPage\",\"@id\":\"https:\/\/lafuente.mx\/?p=2884\",\"url\":\"https:\/\/lafuente.mx\/?p=2884\",\"name\":\"Jornada de Salud Mental, Autismo y Bio\u00e9tica -\",\"isPartOf\":{\"@id\":\"https:\/\/lafuente.mx\/#website\"},\"datePublished\":\"2025-05-09T20:27:52+00:00\",\"dateModified\":\"2025-05-12T14:50:07+00:00\",\"author\":{\"@id\":\"https:\/\/lafuente.mx\/#\/schema\/person\/b9cc1ac3941245ec61c80638a92abfb6\"},\"breadcrumb\":{\"@id\":\"https:\/\/lafuente.mx\/?p=2884#breadcrumb\"},\"inLanguage\":\"es-MX\",\"potentialAction\":[{\"@type\":\"ReadAction\",\"target\":[\"https:\/\/lafuente.mx\/?p=2884\"]}]},{\"@type\":\"BreadcrumbList\",\"@id\":\"https:\/\/lafuente.mx\/?p=2884#breadcrumb\",\"itemListElement\":[{\"@type\":\"ListItem\",\"position\":1,\"name\":\"Inicio\",\"item\":\"https:\/\/lafuente.mx\/\"},{\"@type\":\"ListItem\",\"position\":2,\"name\":\"Jornada de Salud Mental, Autismo y Bio\u00e9tica\"}]},{\"@type\":\"Person\",\"@id\":\"https:\/\/lafuente.mx\/#\/schema\/person\/b9cc1ac3941245ec61c80638a92abfb6\",\"name\":\"Dar\u00edo Ram\u00edrez\",\"image\":{\"@type\":\"ImageObject\",\"inLanguage\":\"es-MX\",\"@id\":\"https:\/\/lafuente.mx\/#\/schema\/person\/image\/\",\"url\":\"https:\/\/secure.gravatar.com\/avatar\/bd5441528d8085d08a897e5789079259?s=96&d=mm&r=g\",\"contentUrl\":\"https:\/\/secure.gravatar.com\/avatar\/bd5441528d8085d08a897e5789079259?s=96&d=mm&r=g\",\"caption\":\"Dar\u00edo Ram\u00edrez\"},\"url\":\"https:\/\/lafuente.mx\/?author=5\"}]}<\/script>\n<!-- \/ Yoast SEO plugin. -->","yoast_head_json":{"title":"Jornada de Salud Mental, Autismo y Bio\u00e9tica -","robots":{"index":"index","follow":"follow","max-snippet":"max-snippet:-1","max-image-preview":"max-image-preview:large","max-video-preview":"max-video-preview:-1"},"canonical":"https:\/\/lafuente.mx\/?p=2884","og_locale":"es_MX","og_type":"article","og_title":"Jornada de Salud Mental, Autismo y Bio\u00e9tica","og_description":"Jornada de Salud Mental, Autismo y Bio\u00e9tica","og_url":"https:\/\/lafuente.mx\/?p=2884","article_published_time":"2025-05-09T20:27:52+00:00","article_modified_time":"2025-05-12T14:50:07+00:00","og_image":[{"width":2440,"height":1246,"url":"http:\/\/lafuente.mx\/wp-content\/uploads\/2025\/05\/Autismo.jpg","type":"image\/jpeg"}],"author":"Dar\u00edo Ram\u00edrez","twitter_card":"summary_large_image","twitter_title":"Jornada de Salud Mental, Autismo y Bio\u00e9tica","twitter_description":"Jornada de Salud Mental, Autismo y Bio\u00e9tica","twitter_image":"https:\/\/i0.wp.com\/lafuente.mx\/wp-content\/uploads\/2025\/05\/Autismo.jpg?fit=2440%2C1246&ssl=1","twitter_misc":{"Escrito por":"Dar\u00edo Ram\u00edrez","Tiempo de lectura":"2 minutos"},"schema":{"@context":"https:\/\/schema.org","@graph":[{"@type":"WebSite","@id":"https:\/\/lafuente.mx\/#website","url":"https:\/\/lafuente.mx\/","name":"","description":"Informaci\u00f3n confiable sobre salud mental","potentialAction":[{"@type":"SearchAction","target":{"@type":"EntryPoint","urlTemplate":"https:\/\/lafuente.mx\/?s={search_term_string}"},"query-input":"required name=search_term_string"}],"inLanguage":"es-MX"},{"@type":"WebPage","@id":"https:\/\/lafuente.mx\/?p=2884","url":"https:\/\/lafuente.mx\/?p=2884","name":"Jornada de Salud Mental, Autismo y Bio\u00e9tica -","isPartOf":{"@id":"https:\/\/lafuente.mx\/#website"},"datePublished":"2025-05-09T20:27:52+00:00","dateModified":"2025-05-12T14:50:07+00:00","author":{"@id":"https:\/\/lafuente.mx\/#\/schema\/person\/b9cc1ac3941245ec61c80638a92abfb6"},"breadcrumb":{"@id":"https:\/\/lafuente.mx\/?p=2884#breadcrumb"},"inLanguage":"es-MX","potentialAction":[{"@type":"ReadAction","target":["https:\/\/lafuente.mx\/?p=2884"]}]},{"@type":"BreadcrumbList","@id":"https:\/\/lafuente.mx\/?p=2884#breadcrumb","itemListElement":[{"@type":"ListItem","position":1,"name":"Inicio","item":"https:\/\/lafuente.mx\/"},{"@type":"ListItem","position":2,"name":"Jornada de Salud Mental, Autismo y Bio\u00e9tica"}]},{"@type":"Person","@id":"https:\/\/lafuente.mx\/#\/schema\/person\/b9cc1ac3941245ec61c80638a92abfb6","name":"Dar\u00edo Ram\u00edrez","image":{"@type":"ImageObject","inLanguage":"es-MX","@id":"https:\/\/lafuente.mx\/#\/schema\/person\/image\/","url":"https:\/\/secure.gravatar.com\/avatar\/bd5441528d8085d08a897e5789079259?s=96&d=mm&r=g","contentUrl":"https:\/\/secure.gravatar.com\/avatar\/bd5441528d8085d08a897e5789079259?s=96&d=mm&r=g","caption":"Dar\u00edo Ram\u00edrez"},"url":"https:\/\/lafuente.mx\/?author=5"}]}},"jetpack_featured_media_url":"https:\/\/i0.wp.com\/lafuente.mx\/wp-content\/uploads\/2025\/05\/Autismo.jpg?fit=2440%2C1246&ssl=1","jetpack-related-posts":[{"id":1864,"url":"https:\/\/lafuente.mx\/?p=1864","url_meta":{"origin":2884,"position":0},"title":"Salud mental y psiquiatr\u00eda: distinciones, v\u00ednculos y perspectivas \u00e9ticas\/bio\u00e9ticas\u00a0","date":"noviembre 13, 2023","format":false,"excerpt":"AlbertoPerales,1,2 Renato D.Alarc\u00f3n,3,4 PatrickWagner-Grau5,6\u00a0 1 Escuela de Medicina, Universidad Nacional Mayor de San Marcos, Lima, Per\u00fa.\u00a0 2 Instituto de \u00c9tica en Salud, Escuela de Medicina, Universidad Nacional Mayor de San Marcos, Lima, Per\u00fa.\u00a0 3 Honorio Delgado Chair, Universidad Peruana Cayetano Heredia, Lima, Per\u00fa.\u00a0 4 Department of Psychiatry and Psychology, School\u2026","rel":"","context":"En &quot;Revista Salud Mental&quot;","img":{"alt_text":"","src":"https:\/\/i0.wp.com\/lafuente.mx\/wp-content\/uploads\/2023\/11\/04-Valentina-Bayona-scaled.jpg?fit=1200%2C796&ssl=1&resize=350%2C200","width":350,"height":200},"classes":[]},{"id":1784,"url":"https:\/\/lafuente.mx\/?p=1784","url_meta":{"origin":2884,"position":1},"title":"Bio\u00e9tica y voluntades anticipadas en psiquiatr\u00eda en el contexto hospitalario\u00a0","date":"octubre 17, 2023","format":false,"excerpt":"Liliana Mondrag\u00f3n-Barrios, Fernando Lolas Stepke Introducci\u00f3n.\u00a0Los servicios de salud mental han sido foco de atenci\u00f3n de los defensores de los derechos humanos y de las recientes reformas legales en algunos pa\u00edses de Am\u00e9rica Latina, que han pedido un cambio del paradigma de la hospitalizaci\u00f3n a uno de acompa\u00f1amiento y apoyo\u2026","rel":"","context":"En &quot;Revista Salud Mental&quot;","img":{"alt_text":"","src":"https:\/\/i0.wp.com\/lafuente.mx\/wp-content\/uploads\/2023\/10\/3430925-1.jpg?fit=1200%2C800&ssl=1&resize=350%2C200","width":350,"height":200},"classes":[]},{"id":2834,"url":"https:\/\/lafuente.mx\/?p=2834","url_meta":{"origin":2884,"position":2},"title":"Hablemos de Autismo: Aclarando Conceptos y Superando Prejuicios","date":"abril 4, 2025","format":false,"excerpt":"Conversatorio Hablemos de Salud Mental 9 de abril 12:00 horas PonentesDra. Patricia Zavaleta Ram\u00edrezDr. Juan Osiel Fern\u00e1ndez Fern\u00e1ndez El trastorno del espectro autista es una\u00a0afecci\u00f3n relacionada con el desarrollo del cerebro que afecta la manera en la que una persona percibe y socializa con otras personas, lo que causa problemas\u2026","rel":"","context":"En &quot;Eventos Acad\u00e9micos del INPRFM&quot;","img":{"alt_text":"","src":"https:\/\/i0.wp.com\/lafuente.mx\/wp-content\/uploads\/2025\/04\/WhatsApp-Image-2025-04-02-at-9.26.29-AM.jpeg?fit=1200%2C900&ssl=1&resize=350%2C200","width":350,"height":200},"classes":[]},{"id":3425,"url":"https:\/\/lafuente.mx\/?p=3425","url_meta":{"origin":2884,"position":3},"title":"La enfermer\u00eda en salud mental: pilar en el desarrollo de la sociedad","date":"octubre 21, 2025","format":false,"excerpt":"Jornadas de Enfermer\u00eda 22 y 23 de octubre 2025 De 8:00 a 14:00 h \u2022 Videoconferencias \u2022 Conferencias Magistrales \u2022 Mesas redondas \u2022 Talleres Transmisi\u00f3n en vivo por FB LIVE Auditorio del Instituto Nacional de Psiquiatr\u00eda Ram\u00f3n de la Fuente Entrada libre, cupo limitado Registro Programa","rel":"","context":"En &quot;Eventos Acad\u00e9micos del INPRFM&quot;","img":{"alt_text":"","src":"https:\/\/i0.wp.com\/lafuente.mx\/wp-content\/uploads\/2025\/10\/Captura-de-pantalla-2025-10-21-a-las-9.52.56.png?fit=1200%2C1103&ssl=1&resize=350%2C200","width":350,"height":200},"classes":[]},{"id":1321,"url":"https:\/\/lafuente.mx\/?p=1321","url_meta":{"origin":2884,"position":4},"title":"Ansiedad y adaptaci\u00f3n al cambio: \u00bfC\u00f3mo reconstruir despu\u00e9s de eventos estresantes?\u00a0","date":"junio 15, 2023","format":false,"excerpt":"Inscripciones: 26 de junio de 2023\u00a0 Inicio: 03 de julio de 2023\u00a0 Termina: 14 de julio de 2023\u00a0 Los invitamos a estar atentos a la inscripci\u00f3n de nuestros cursos que se abrir\u00e1 una semana previa de su inicio a las 9:00 h en nuestras redes sociales @INPRFM; es importante mencionarles\u2026","rel":"","context":"En &quot;Cursos&quot;","img":{"alt_text":"person, anxiety, autism-5812871.jpg","src":"https:\/\/i0.wp.com\/lafuente.mx\/wp-content\/uploads\/2023\/06\/person-anxiety-autism-5812871.png?fit=920%2C1200&ssl=1&resize=350%2C200","width":350,"height":200},"classes":[]},{"id":1010,"url":"https:\/\/lafuente.mx\/?p=1010","url_meta":{"origin":2884,"position":5},"title":"Mentalizarte","date":"abril 3, 2023","format":false,"excerpt":"En abril hablaremos sobre TRASTORNO DEL ESPECTRO AUTISTA M\u00e1s informaci\u00f3n","rel":"","context":"En &quot;Informaci\u00f3n de inter\u00e9s&quot;","img":{"alt_text":"","src":"https:\/\/i0.wp.com\/lafuente.mx\/wp-content\/uploads\/2023\/04\/autismo-e1680543808602.jpeg?fit=1043%2C704&ssl=1&resize=350%2C200","width":350,"height":200},"classes":[]}],"jetpack_sharing_enabled":true,"jetpack_shortlink":"https:\/\/wp.me\/pe9WUx-Kw","_links":{"self":[{"href":"https:\/\/lafuente.mx\/index.php?rest_route=\/wp\/v2\/posts\/2884"}],"collection":[{"href":"https:\/\/lafuente.mx\/index.php?rest_route=\/wp\/v2\/posts"}],"about":[{"href":"https:\/\/lafuente.mx\/index.php?rest_route=\/wp\/v2\/types\/post"}],"author":[{"embeddable":true,"href":"https:\/\/lafuente.mx\/index.php?rest_route=\/wp\/v2\/users\/5"}],"replies":[{"embeddable":true,"href":"https:\/\/lafuente.mx\/index.php?rest_route=%2Fwp%2Fv2%2Fcomments&post=2884"}],"version-history":[{"count":3,"href":"https:\/\/lafuente.mx\/index.php?rest_route=\/wp\/v2\/posts\/2884\/revisions"}],"predecessor-version":[{"id":2891,"href":"https:\/\/lafuente.mx\/index.php?rest_route=\/wp\/v2\/posts\/2884\/revisions\/2891"}],"wp:featuredmedia":[{"embeddable":true,"href":"https:\/\/lafuente.mx\/index.php?rest_route=\/wp\/v2\/media\/2886"}],"wp:attachment":[{"href":"https:\/\/lafuente.mx\/index.php?rest_route=%2Fwp%2Fv2%2Fmedia&parent=2884"}],"wp:term":[{"taxonomy":"category","embeddable":true,"href":"https:\/\/lafuente.mx\/index.php?rest_route=%2Fwp%2Fv2%2Fcategories&post=2884"},{"taxonomy":"post_tag","embeddable":true,"href":"https:\/\/lafuente.mx\/index.php?rest_route=%2Fwp%2Fv2%2Ftags&post=2884"}],"curies":[{"name":"wp","href":"https:\/\/api.w.org\/{rel}","templated":true}]}}