{"id":2874,"date":"2025-05-07T15:22:06","date_gmt":"2025-05-07T15:22:06","guid":{"rendered":"https:\/\/lafuente.mx\/?p=2874"},"modified":"2025-05-15T17:48:24","modified_gmt":"2025-05-15T17:48:24","slug":"7-de-mayo-dia-mundial-de-la-salud-mental-materna","status":"publish","type":"post","link":"https:\/\/lafuente.mx\/?p=2874","title":{"rendered":"7 de mayo, D\u00eda Mundial de la Salud Mental Materna"},"content":{"rendered":"\n<hr class=\"wp-block-separator aligncenter has-text-color has-luminous-vivid-amber-color has-alpha-channel-opacity has-luminous-vivid-amber-background-color has-background is-style-wide\"\/>\n\n\n<div class=\"wp-block-image\">\n<figure class=\"aligncenter size-large\"><img decoding=\"async\" loading=\"lazy\" width=\"640\" height=\"327\" src=\"https:\/\/i0.wp.com\/lafuente.mx\/wp-content\/uploads\/2025\/05\/Dia-Mundial-de-la-Salud-Mental-Materna-1024x523.jpg?resize=640%2C327&#038;ssl=1\" alt=\"\" class=\"wp-image-2876\" srcset=\"https:\/\/i0.wp.com\/lafuente.mx\/wp-content\/uploads\/2025\/05\/Dia-Mundial-de-la-Salud-Mental-Materna.jpg?resize=1024%2C523&amp;ssl=1 1024w, https:\/\/i0.wp.com\/lafuente.mx\/wp-content\/uploads\/2025\/05\/Dia-Mundial-de-la-Salud-Mental-Materna.jpg?resize=300%2C153&amp;ssl=1 300w, https:\/\/i0.wp.com\/lafuente.mx\/wp-content\/uploads\/2025\/05\/Dia-Mundial-de-la-Salud-Mental-Materna.jpg?resize=768%2C392&amp;ssl=1 768w, https:\/\/i0.wp.com\/lafuente.mx\/wp-content\/uploads\/2025\/05\/Dia-Mundial-de-la-Salud-Mental-Materna.jpg?resize=1536%2C784&amp;ssl=1 1536w, https:\/\/i0.wp.com\/lafuente.mx\/wp-content\/uploads\/2025\/05\/Dia-Mundial-de-la-Salud-Mental-Materna.jpg?resize=2048%2C1046&amp;ssl=1 2048w, https:\/\/i0.wp.com\/lafuente.mx\/wp-content\/uploads\/2025\/05\/Dia-Mundial-de-la-Salud-Mental-Materna.jpg?w=1280 1280w, https:\/\/i0.wp.com\/lafuente.mx\/wp-content\/uploads\/2025\/05\/Dia-Mundial-de-la-Salud-Mental-Materna.jpg?w=1920 1920w\" sizes=\"(max-width: 640px) 100vw, 640px\" data-recalc-dims=\"1\" \/><\/figure><\/div>\n\n\n<hr class=\"wp-block-separator aligncenter has-text-color has-luminous-vivid-amber-color has-alpha-channel-opacity has-luminous-vivid-amber-background-color has-background is-style-wide\"\/>\n\n\n\n<p><strong>1 de cada 5 mujeres experimentan un trastorno perinatal del estado de \u00e1nimo y la ansiedad&nbsp;<\/strong>&nbsp;<\/p>\n\n\n\n<p>Las estad\u00edsticas var\u00edan seg\u00fan el pa\u00eds, pero esta es una preocupaci\u00f3n mundial. Incluyen depresi\u00f3n posparto, ansiedad posparto, trastorno obsesivo compulsivo posparto, trastorno bipolar posparto y psicosis posparto.&nbsp;<\/p>\n\n\n\n<p><strong>7 de cada 10<\/strong>&nbsp;<strong>mujeres ocultan o minimizan sus s\u00edntomas<\/strong>&nbsp;<\/p>\n\n\n\n<p>Sin comprensi\u00f3n, apoyo y tratamiento, estas enfermedades mentales tienen un impacto devastador en las mujeres afectadas y en sus parejas y familias.&nbsp;<\/p>\n\n\n\n<p><strong>1 de cada 10 pap\u00e1s desarrollan depresi\u00f3n durante este tiempo<\/strong>&nbsp;<\/p>\n\n\n\n<p>Los trastornos perinatales del estado de \u00e1nimo afectan a toda la familia. Un enfoque integrado de la salud mental familiar permite a ambos padres superar el per\u00edodo posparto como una unidad familiar pr\u00f3spera.&nbsp;<\/p>\n\n\n\n<p>El primer mi\u00e9rcoles de mayo se celebra el D\u00eda Mundial de la Salud Mental Materna. Organizaciones de todo el mundo lideran iniciativas para concienciar sobre la salud mental materna mediante una campa\u00f1a colectiva en redes sociales y eventos nacionales.&nbsp;&nbsp;<\/p>\n\n\n\n<p><em>El tema de este a\u00f1o destaca la necesidad de apoyarnos mutuamente en la salud mental materna. Si bien cada mujer tiene su propia trayectoria, enfatizamos que podemos ayudarnos y guiarnos mutuamente. Porque juntas somos m\u00e1s fuertes.<\/em><strong>&nbsp;<\/strong>&nbsp;<\/p>\n\n\n\n<p><\/p>\n","protected":false},"excerpt":{"rendered":"<p>1 de cada 5 mujeres experimentan un trastorno perinatal del estado de \u00e1nimo y la ansiedad&nbsp;&nbsp; Las estad\u00edsticas var\u00edan seg\u00fan el pa\u00eds, pero esta es<\/p>\n","protected":false},"author":5,"featured_media":2876,"comment_status":"closed","ping_status":"closed","sticky":false,"template":"","format":"standard","meta":{"footnotes":"","jetpack_publicize_message":"","jetpack_is_tweetstorm":false,"jetpack_publicize_feature_enabled":true},"categories":[13],"tags":[925,646,32],"jetpack_publicize_connections":[],"yoast_head":"<!-- This site is optimized with the Yoast SEO plugin v19.4 - https:\/\/yoast.com\/wordpress\/plugins\/seo\/ -->\n<title>7 de mayo, D\u00eda Mundial de la Salud Mental Materna -<\/title>\n<meta name=\"robots\" content=\"index, follow, max-snippet:-1, max-image-preview:large, max-video-preview:-1\" \/>\n<link rel=\"canonical\" href=\"https:\/\/lafuente.mx\/?p=2874\" \/>\n<meta property=\"og:locale\" content=\"es_MX\" \/>\n<meta property=\"og:type\" content=\"article\" \/>\n<meta property=\"og:title\" content=\"7 de mayo, D\u00eda Mundial de la Salud Mental Materna -\" \/>\n<meta property=\"og:description\" content=\"1 de cada 5 mujeres experimentan un trastorno perinatal del estado de \u00e1nimo y la ansiedad&nbsp;&nbsp; Las estad\u00edsticas var\u00edan seg\u00fan el pa\u00eds, pero esta es\" \/>\n<meta property=\"og:url\" content=\"https:\/\/lafuente.mx\/?p=2874\" \/>\n<meta property=\"article:published_time\" content=\"2025-05-07T15:22:06+00:00\" \/>\n<meta property=\"article:modified_time\" content=\"2025-05-15T17:48:24+00:00\" \/>\n<meta property=\"og:image\" content=\"http:\/\/lafuente.mx\/wp-content\/uploads\/2025\/05\/Dia-Mundial-de-la-Salud-Mental-Materna.jpg\" \/>\n\t<meta property=\"og:image:width\" content=\"2440\" \/>\n\t<meta property=\"og:image:height\" content=\"1246\" \/>\n\t<meta property=\"og:image:type\" content=\"image\/jpeg\" \/>\n<meta name=\"author\" content=\"Dar\u00edo Ram\u00edrez\" \/>\n<meta name=\"twitter:card\" content=\"summary_large_image\" \/>\n<meta name=\"twitter:label1\" content=\"Escrito por\" \/>\n\t<meta name=\"twitter:data1\" content=\"Dar\u00edo Ram\u00edrez\" \/>\n\t<meta name=\"twitter:label2\" content=\"Tiempo de lectura\" \/>\n\t<meta name=\"twitter:data2\" content=\"1 minuto\" \/>\n<script type=\"application\/ld+json\" class=\"yoast-schema-graph\">{\"@context\":\"https:\/\/schema.org\",\"@graph\":[{\"@type\":\"WebSite\",\"@id\":\"https:\/\/lafuente.mx\/#website\",\"url\":\"https:\/\/lafuente.mx\/\",\"name\":\"\",\"description\":\"Informaci\u00f3n confiable sobre salud mental\",\"potentialAction\":[{\"@type\":\"SearchAction\",\"target\":{\"@type\":\"EntryPoint\",\"urlTemplate\":\"https:\/\/lafuente.mx\/?s={search_term_string}\"},\"query-input\":\"required name=search_term_string\"}],\"inLanguage\":\"es-MX\"},{\"@type\":\"WebPage\",\"@id\":\"https:\/\/lafuente.mx\/?p=2874\",\"url\":\"https:\/\/lafuente.mx\/?p=2874\",\"name\":\"7 de mayo, D\u00eda Mundial de la Salud Mental Materna -\",\"isPartOf\":{\"@id\":\"https:\/\/lafuente.mx\/#website\"},\"datePublished\":\"2025-05-07T15:22:06+00:00\",\"dateModified\":\"2025-05-15T17:48:24+00:00\",\"author\":{\"@id\":\"https:\/\/lafuente.mx\/#\/schema\/person\/b9cc1ac3941245ec61c80638a92abfb6\"},\"breadcrumb\":{\"@id\":\"https:\/\/lafuente.mx\/?p=2874#breadcrumb\"},\"inLanguage\":\"es-MX\",\"potentialAction\":[{\"@type\":\"ReadAction\",\"target\":[\"https:\/\/lafuente.mx\/?p=2874\"]}]},{\"@type\":\"BreadcrumbList\",\"@id\":\"https:\/\/lafuente.mx\/?p=2874#breadcrumb\",\"itemListElement\":[{\"@type\":\"ListItem\",\"position\":1,\"name\":\"Inicio\",\"item\":\"https:\/\/lafuente.mx\/\"},{\"@type\":\"ListItem\",\"position\":2,\"name\":\"7 de mayo, D\u00eda Mundial de la Salud Mental Materna\"}]},{\"@type\":\"Person\",\"@id\":\"https:\/\/lafuente.mx\/#\/schema\/person\/b9cc1ac3941245ec61c80638a92abfb6\",\"name\":\"Dar\u00edo Ram\u00edrez\",\"image\":{\"@type\":\"ImageObject\",\"inLanguage\":\"es-MX\",\"@id\":\"https:\/\/lafuente.mx\/#\/schema\/person\/image\/\",\"url\":\"https:\/\/secure.gravatar.com\/avatar\/bd5441528d8085d08a897e5789079259?s=96&d=mm&r=g\",\"contentUrl\":\"https:\/\/secure.gravatar.com\/avatar\/bd5441528d8085d08a897e5789079259?s=96&d=mm&r=g\",\"caption\":\"Dar\u00edo Ram\u00edrez\"},\"url\":\"https:\/\/lafuente.mx\/?author=5\"}]}<\/script>\n<!-- \/ Yoast SEO plugin. -->","yoast_head_json":{"title":"7 de mayo, D\u00eda Mundial de la Salud Mental Materna -","robots":{"index":"index","follow":"follow","max-snippet":"max-snippet:-1","max-image-preview":"max-image-preview:large","max-video-preview":"max-video-preview:-1"},"canonical":"https:\/\/lafuente.mx\/?p=2874","og_locale":"es_MX","og_type":"article","og_title":"7 de mayo, D\u00eda Mundial de la Salud Mental Materna -","og_description":"1 de cada 5 mujeres experimentan un trastorno perinatal del estado de \u00e1nimo y la ansiedad&nbsp;&nbsp; Las estad\u00edsticas var\u00edan seg\u00fan el pa\u00eds, pero esta es","og_url":"https:\/\/lafuente.mx\/?p=2874","article_published_time":"2025-05-07T15:22:06+00:00","article_modified_time":"2025-05-15T17:48:24+00:00","og_image":[{"width":2440,"height":1246,"url":"http:\/\/lafuente.mx\/wp-content\/uploads\/2025\/05\/Dia-Mundial-de-la-Salud-Mental-Materna.jpg","type":"image\/jpeg"}],"author":"Dar\u00edo Ram\u00edrez","twitter_card":"summary_large_image","twitter_misc":{"Escrito por":"Dar\u00edo Ram\u00edrez","Tiempo de lectura":"1 minuto"},"schema":{"@context":"https:\/\/schema.org","@graph":[{"@type":"WebSite","@id":"https:\/\/lafuente.mx\/#website","url":"https:\/\/lafuente.mx\/","name":"","description":"Informaci\u00f3n confiable sobre salud mental","potentialAction":[{"@type":"SearchAction","target":{"@type":"EntryPoint","urlTemplate":"https:\/\/lafuente.mx\/?s={search_term_string}"},"query-input":"required name=search_term_string"}],"inLanguage":"es-MX"},{"@type":"WebPage","@id":"https:\/\/lafuente.mx\/?p=2874","url":"https:\/\/lafuente.mx\/?p=2874","name":"7 de mayo, D\u00eda Mundial de la Salud Mental Materna -","isPartOf":{"@id":"https:\/\/lafuente.mx\/#website"},"datePublished":"2025-05-07T15:22:06+00:00","dateModified":"2025-05-15T17:48:24+00:00","author":{"@id":"https:\/\/lafuente.mx\/#\/schema\/person\/b9cc1ac3941245ec61c80638a92abfb6"},"breadcrumb":{"@id":"https:\/\/lafuente.mx\/?p=2874#breadcrumb"},"inLanguage":"es-MX","potentialAction":[{"@type":"ReadAction","target":["https:\/\/lafuente.mx\/?p=2874"]}]},{"@type":"BreadcrumbList","@id":"https:\/\/lafuente.mx\/?p=2874#breadcrumb","itemListElement":[{"@type":"ListItem","position":1,"name":"Inicio","item":"https:\/\/lafuente.mx\/"},{"@type":"ListItem","position":2,"name":"7 de mayo, D\u00eda Mundial de la Salud Mental Materna"}]},{"@type":"Person","@id":"https:\/\/lafuente.mx\/#\/schema\/person\/b9cc1ac3941245ec61c80638a92abfb6","name":"Dar\u00edo Ram\u00edrez","image":{"@type":"ImageObject","inLanguage":"es-MX","@id":"https:\/\/lafuente.mx\/#\/schema\/person\/image\/","url":"https:\/\/secure.gravatar.com\/avatar\/bd5441528d8085d08a897e5789079259?s=96&d=mm&r=g","contentUrl":"https:\/\/secure.gravatar.com\/avatar\/bd5441528d8085d08a897e5789079259?s=96&d=mm&r=g","caption":"Dar\u00edo Ram\u00edrez"},"url":"https:\/\/lafuente.mx\/?author=5"}]}},"jetpack_featured_media_url":"https:\/\/i0.wp.com\/lafuente.mx\/wp-content\/uploads\/2025\/05\/Dia-Mundial-de-la-Salud-Mental-Materna.jpg?fit=2440%2C1246&ssl=1","jetpack-related-posts":[{"id":1170,"url":"https:\/\/lafuente.mx\/?p=1170","url_meta":{"origin":2874,"position":0},"title":"D\u00cdA MUNDIAL DE LA SALUD MENTAL MATERNA\u00a0","date":"abril 27, 2023","format":false,"excerpt":"3\u00a0de mayo imagen Mentalizarte INPRFM \u00a0El D\u00eda Mundial de la Salud Mental Materna se lanz\u00f3 para\u00a0aumentar la conciencia acerca de los problemas de salud mental materna, con la finalidad\u00a0de que m\u00e1s mujeres busquen ayuda, reciban tratamiento adecuado y menos sufran.\u00a0 El objetivo com\u00fan es\u00a0sensibilizar\u00a0a la poblaci\u00f3n mundial acerca de la\u2026","rel":"","context":"En &quot;Efem\u00e9rides de Salud Mental&quot;","img":{"alt_text":"","src":"https:\/\/i0.wp.com\/lafuente.mx\/wp-content\/uploads\/2023\/04\/10-mayo-23.jpg?fit=1200%2C985&ssl=1&resize=350%2C200","width":350,"height":200},"classes":[]},{"id":2270,"url":"https:\/\/lafuente.mx\/?p=2270","url_meta":{"origin":2874,"position":1},"title":"D\u00eda Mundial de la Salud Mental Materna","date":"mayo 1, 2024","format":false,"excerpt":"El D\u00eda Mundial de la Salud Mental Materna se lanz\u00f3 para\u00a0aumentar la conciencia acerca de los problemas de salud mental materna, con la finalidad\u00a0de que m\u00e1s mujeres busquen ayuda, reciban tratamiento adecuado y menos sufran.\u00a0 El objetivo com\u00fan es\u00a0sensibilizar\u00a0a la poblaci\u00f3n mundial acerca de la importancia de la salud mental\u2026","rel":"","context":"En &quot;Efem\u00e9rides de Salud Mental&quot;","img":{"alt_text":"pregnant, mom, child-775036.jpg","src":"https:\/\/i0.wp.com\/lafuente.mx\/wp-content\/uploads\/2024\/04\/pregnant-mom-child-775036.jpg?fit=1200%2C797&ssl=1&resize=350%2C200","width":350,"height":200},"classes":[]},{"id":3257,"url":"https:\/\/lafuente.mx\/?p=3257","url_meta":{"origin":2874,"position":2},"title":"Tema del mes: Salud Mental Materna","date":"septiembre 12, 2025","format":false,"excerpt":"MAYO En el INPRFM trabajamos cada d\u00eda para generar conocimiento, brindar atenci\u00f3n especializada y promover la salud mental de la poblaci\u00f3n. En esta secci\u00f3n hablaremos de la depresi\u00f3n posparto la cu\u00e1l es com\u00fan, y una de cada cinco mam\u00e1s y uno de cada 10 pap\u00e1s, la padecen.","rel":"","context":"En &quot;T\u00f3picos de salud mental&quot;","img":{"alt_text":"","src":"https:\/\/i0.wp.com\/lafuente.mx\/wp-content\/uploads\/2025\/09\/Captura-de-pantalla-2025-09-11-a-las-13.05.34.png?fit=1200%2C550&ssl=1&resize=350%2C200","width":350,"height":200},"classes":[]},{"id":2879,"url":"https:\/\/lafuente.mx\/?p=2879","url_meta":{"origin":2874,"position":3},"title":"Mentalizarte","date":"mayo 8, 2025","format":false,"excerpt":"Durante mayo hablaremos sobre Salud mental perinatal MENTALIZARTE es el proyecto de difusi\u00f3n en temas de salud mental del Instituto Nacional de Psiquiatr\u00eda Ram\u00f3n de la Fuente Mu\u00f1iz (INPRFM). Tiene el objetivo de informar sobre los s\u00edntomas de los diferentes trastornos mentales, difundir que pedir ayuda no es signo de\u2026","rel":"","context":"En &quot;Informaci\u00f3n de inter\u00e9s&quot;","img":{"alt_text":"","src":"https:\/\/i0.wp.com\/lafuente.mx\/wp-content\/uploads\/2025\/05\/WhatsApp-Image-2025-04-29-at-11.41.44-AM-1.jpeg?fit=1200%2C692&ssl=1&resize=350%2C200","width":350,"height":200},"classes":[]},{"id":2213,"url":"https:\/\/lafuente.mx\/?p=2213","url_meta":{"origin":2874,"position":4},"title":"T\u00e9 de mente","date":"abril 15, 2024","format":false,"excerpt":"Cuarto episodio Embarazo (parte 2) Ac\u00e9rcate un tecito\u00a0y continuemos\u00a0platicando\u00a0sobre\u00a0el embarazo. Hablemos de\u00a0la preeclampsia, la diabetes gestacional y la obesidad, sus implicaciones para la salud mental y las alternativas nutricionales para abordarlas. Segunda temporada Acomp\u00e1\u00f1anos en este viaje a trav\u00e9s de las etapas en la vida de la mujer, donde descubriremos\u2026","rel":"","context":"En &quot;Podcasts&quot;","img":{"alt_text":"pregnant, baby, love-2720434.jpg","src":"https:\/\/i0.wp.com\/lafuente.mx\/wp-content\/uploads\/2024\/04\/pregnant-baby-love-2720434.jpg?fit=1200%2C800&ssl=1&resize=350%2C200","width":350,"height":200},"classes":[]},{"id":1108,"url":"https:\/\/lafuente.mx\/?p=1108","url_meta":{"origin":2874,"position":5},"title":"El papel de la educaci\u00f3n de los padres sobre el abuso verbal y su impacto en la salud mental de los adultos j\u00f3venes\u00a0","date":"abril 13, 2023","format":false,"excerpt":"MalidaTsani Fairuzza, Thoyyibatus Sarirah, Drina Intyaswati Resumen:\u00a0 Introducci\u00f3n. El abuso verbal es una de las violencias dom\u00e9sticas que a\u00fan se subestima porque no tiene ning\u00fan efecto f\u00edsico directo; de hecho, tiene un impacto tremendo en la salud mental de los adultos j\u00f3venes.\u00a0\u00a0Objetivo. Este estudio quer\u00eda confirmar el efecto negativo del\u2026","rel":"","context":"En &quot;Revista Salud Mental&quot;","img":{"alt_text":"","src":"https:\/\/i0.wp.com\/lafuente.mx\/wp-content\/uploads\/2023\/04\/image-1-edited.png?fit=1200%2C676&ssl=1&resize=350%2C200","width":350,"height":200},"classes":[]}],"jetpack_sharing_enabled":true,"jetpack_shortlink":"https:\/\/wp.me\/pe9WUx-Km","_links":{"self":[{"href":"https:\/\/lafuente.mx\/index.php?rest_route=\/wp\/v2\/posts\/2874"}],"collection":[{"href":"https:\/\/lafuente.mx\/index.php?rest_route=\/wp\/v2\/posts"}],"about":[{"href":"https:\/\/lafuente.mx\/index.php?rest_route=\/wp\/v2\/types\/post"}],"author":[{"embeddable":true,"href":"https:\/\/lafuente.mx\/index.php?rest_route=\/wp\/v2\/users\/5"}],"replies":[{"embeddable":true,"href":"https:\/\/lafuente.mx\/index.php?rest_route=%2Fwp%2Fv2%2Fcomments&post=2874"}],"version-history":[{"count":2,"href":"https:\/\/lafuente.mx\/index.php?rest_route=\/wp\/v2\/posts\/2874\/revisions"}],"predecessor-version":[{"id":2902,"href":"https:\/\/lafuente.mx\/index.php?rest_route=\/wp\/v2\/posts\/2874\/revisions\/2902"}],"wp:featuredmedia":[{"embeddable":true,"href":"https:\/\/lafuente.mx\/index.php?rest_route=\/wp\/v2\/media\/2876"}],"wp:attachment":[{"href":"https:\/\/lafuente.mx\/index.php?rest_route=%2Fwp%2Fv2%2Fmedia&parent=2874"}],"wp:term":[{"taxonomy":"category","embeddable":true,"href":"https:\/\/lafuente.mx\/index.php?rest_route=%2Fwp%2Fv2%2Fcategories&post=2874"},{"taxonomy":"post_tag","embeddable":true,"href":"https:\/\/lafuente.mx\/index.php?rest_route=%2Fwp%2Fv2%2Ftags&post=2874"}],"curies":[{"name":"wp","href":"https:\/\/api.w.org\/{rel}","templated":true}]}}