{"id":2857,"date":"2025-04-28T18:19:10","date_gmt":"2025-04-28T18:19:10","guid":{"rendered":"https:\/\/lafuente.mx\/?p=2857"},"modified":"2025-04-28T18:28:03","modified_gmt":"2025-04-28T18:28:03","slug":"conspiranoias-la-mente-del-conspirador","status":"publish","type":"post","link":"https:\/\/lafuente.mx\/?p=2857","title":{"rendered":"Conspiranoias. La mente del conspirador"},"content":{"rendered":"\n<p>de&nbsp;Mauricio Rosel Vales y&nbsp;Ricardo A. Saracco \u00c1lvarez&nbsp;<\/p>\n\n\n\n<hr class=\"wp-block-separator aligncenter has-text-color has-alpha-channel-opacity has-background is-style-wide\" style=\"background-color:#109263;color:#109263\"\/>\n\n\n<div class=\"wp-block-image\">\n<figure class=\"aligncenter size-full\"><img decoding=\"async\" loading=\"lazy\" width=\"353\" height=\"523\" src=\"https:\/\/i0.wp.com\/lafuente.mx\/wp-content\/uploads\/2025\/04\/Conspiranoias1-02-2.jpg?resize=353%2C523&#038;ssl=1\" alt=\"\" class=\"wp-image-2866\" style=\"aspect-ratio:0.673828125\" srcset=\"https:\/\/i0.wp.com\/lafuente.mx\/wp-content\/uploads\/2025\/04\/Conspiranoias1-02-2.jpg?w=353&amp;ssl=1 353w, https:\/\/i0.wp.com\/lafuente.mx\/wp-content\/uploads\/2025\/04\/Conspiranoias1-02-2.jpg?resize=202%2C300&amp;ssl=1 202w\" sizes=\"(max-width: 353px) 100vw, 353px\" data-recalc-dims=\"1\" \/><\/figure><\/div>\n\n\n<p><strong>Sinopsis<\/strong><br>Parece que los \u00faltimos a\u00f1os las teor\u00edas conspirativas han tomado relevancia, sin embargo, el tema ha sido ampliamente abordado a lo largo de la humanidad. El autor hace un recorrido a lo largo de los siglos de conspiraciones y \u00f3rdenes secretas, narra los eventos sectarios que ofrecen para\u00edsos, los grupos m\u00e1s representativos que se han desarrollado en M\u00e9xico, ejemplos en la literatura y los sesgos que llegan a compartir las personas inmersas en muchas de las teor\u00edas de la conspiraci\u00f3n. Es un recorrido basto que interesar\u00e1 a un gran sector de la poblaci\u00f3n al que le gusta dudar de lo aparente.\u00a0<\/p>\n\n\n\n<hr class=\"wp-block-separator aligncenter has-text-color has-alpha-channel-opacity has-background is-style-dots\" style=\"background-color:#1a6f50;color:#1a6f50\"\/>\n\n\n\n<p><br>Editorial Terracota&nbsp;<\/p>\n\n\n\n<p>Fecha de lanzamiento:&nbsp;10 de abril de 2025&nbsp;<\/p>\n\n\n\n<p>Edici\u00f3n:&nbsp;<a href=\"https:\/\/www.kobo.com\/mx\/es\/search?query=Editorial%20Terracota&amp;fcsearchfield=Imprint\" target=\"_blank\" rel=\"noreferrer noopener\">Editorial Terracota<\/a>&nbsp;<\/p>\n\n\n\n<p>ID del libro:&nbsp;9786076986561&nbsp;<\/p>\n\n\n\n<p>Idioma:&nbsp;Espa\u00f1ol&nbsp;<\/p>\n\n\n\n<div class=\"wp-block-buttons is-layout-flex wp-block-buttons-is-layout-flex\">\n<div class=\"wp-block-button\"><a class=\"wp-block-button__link has-background wp-element-button\" href=\"https:\/\/www.kobo.com\/mx\/es\/ebook\/conspiranoias-la-mente-del-conspirador?fbclid=IwY2xjawJ3IMpleHRuA2FlbQIxMABicmlkETFON0lwdHZOaWVIeGZic1FCAR6l4Pavf2uZiu3NX17SaGLqISDDNo7ze4SCUwS-f7HYAaO6GtiSVGEEZP1-qg_aem_IpXTtddzi0D_a8usEurh7w\" style=\"background-color:#195d41\" target=\"_blank\" rel=\"noreferrer noopener\">M\u00e1s informaci\u00f3n<\/a><\/div>\n<\/div>\n","protected":false},"excerpt":{"rendered":"<p>de&nbsp;Mauricio Rosel Vales y&nbsp;Ricardo A. Saracco \u00c1lvarez&nbsp; SinopsisParece que los \u00faltimos a\u00f1os las teor\u00edas conspirativas han tomado relevancia, sin embargo, el tema ha sido ampliamente<\/p>\n","protected":false},"author":5,"featured_media":2861,"comment_status":"closed","ping_status":"closed","sticky":false,"template":"","format":"standard","meta":{"footnotes":"","jetpack_publicize_message":"","jetpack_is_tweetstorm":false,"jetpack_publicize_feature_enabled":true},"categories":[10],"tags":[918,916,921,917,920,919],"jetpack_publicize_connections":[],"yoast_head":"<!-- This site is optimized with the Yoast SEO plugin v19.4 - https:\/\/yoast.com\/wordpress\/plugins\/seo\/ -->\n<title>Conspiranoias. La mente del conspirador -<\/title>\n<meta name=\"description\" content=\"Conspiranoias. La mente del conspirador\" \/>\n<meta name=\"robots\" content=\"index, follow, max-snippet:-1, max-image-preview:large, max-video-preview:-1\" \/>\n<link rel=\"canonical\" href=\"https:\/\/lafuente.mx\/?p=2857\" \/>\n<meta property=\"og:locale\" content=\"es_MX\" \/>\n<meta property=\"og:type\" content=\"article\" \/>\n<meta property=\"og:title\" content=\"Conspiranoias. La mente del conspirador\" \/>\n<meta property=\"og:description\" content=\"Conspiranoias. La mente del conspirador\" \/>\n<meta property=\"og:url\" content=\"https:\/\/lafuente.mx\/?p=2857\" \/>\n<meta property=\"article:published_time\" content=\"2025-04-28T18:19:10+00:00\" \/>\n<meta property=\"article:modified_time\" content=\"2025-04-28T18:28:03+00:00\" \/>\n<meta property=\"og:image\" content=\"http:\/\/lafuente.mx\/wp-content\/uploads\/2025\/04\/Conspiranoias.jpg\" \/>\n\t<meta property=\"og:image:width\" content=\"1054\" \/>\n\t<meta property=\"og:image:height\" content=\"539\" \/>\n\t<meta property=\"og:image:type\" content=\"image\/jpeg\" \/>\n<meta name=\"author\" content=\"Dar\u00edo Ram\u00edrez\" \/>\n<meta name=\"twitter:card\" content=\"summary_large_image\" \/>\n<meta name=\"twitter:title\" content=\"Conspiranoias. La mente del conspirador\" \/>\n<meta name=\"twitter:description\" content=\"Conspiranoias. La mente del conspirador\" \/>\n<meta name=\"twitter:image\" content=\"https:\/\/i0.wp.com\/lafuente.mx\/wp-content\/uploads\/2025\/04\/Conspiranoias.jpg?fit=1054%2C539&ssl=1\" \/>\n<meta name=\"twitter:label1\" content=\"Escrito por\" \/>\n\t<meta name=\"twitter:data1\" content=\"Dar\u00edo Ram\u00edrez\" \/>\n\t<meta name=\"twitter:label2\" content=\"Tiempo de lectura\" \/>\n\t<meta name=\"twitter:data2\" content=\"1 minuto\" \/>\n<script type=\"application\/ld+json\" class=\"yoast-schema-graph\">{\"@context\":\"https:\/\/schema.org\",\"@graph\":[{\"@type\":\"WebSite\",\"@id\":\"https:\/\/lafuente.mx\/#website\",\"url\":\"https:\/\/lafuente.mx\/\",\"name\":\"\",\"description\":\"Informaci\u00f3n confiable sobre salud mental\",\"potentialAction\":[{\"@type\":\"SearchAction\",\"target\":{\"@type\":\"EntryPoint\",\"urlTemplate\":\"https:\/\/lafuente.mx\/?s={search_term_string}\"},\"query-input\":\"required name=search_term_string\"}],\"inLanguage\":\"es-MX\"},{\"@type\":\"WebPage\",\"@id\":\"https:\/\/lafuente.mx\/?p=2857\",\"url\":\"https:\/\/lafuente.mx\/?p=2857\",\"name\":\"Conspiranoias. La mente del conspirador -\",\"isPartOf\":{\"@id\":\"https:\/\/lafuente.mx\/#website\"},\"datePublished\":\"2025-04-28T18:19:10+00:00\",\"dateModified\":\"2025-04-28T18:28:03+00:00\",\"author\":{\"@id\":\"https:\/\/lafuente.mx\/#\/schema\/person\/b9cc1ac3941245ec61c80638a92abfb6\"},\"description\":\"Conspiranoias. La mente del conspirador\",\"breadcrumb\":{\"@id\":\"https:\/\/lafuente.mx\/?p=2857#breadcrumb\"},\"inLanguage\":\"es-MX\",\"potentialAction\":[{\"@type\":\"ReadAction\",\"target\":[\"https:\/\/lafuente.mx\/?p=2857\"]}]},{\"@type\":\"BreadcrumbList\",\"@id\":\"https:\/\/lafuente.mx\/?p=2857#breadcrumb\",\"itemListElement\":[{\"@type\":\"ListItem\",\"position\":1,\"name\":\"Inicio\",\"item\":\"https:\/\/lafuente.mx\/\"},{\"@type\":\"ListItem\",\"position\":2,\"name\":\"Conspiranoias. La mente del conspirador\"}]},{\"@type\":\"Person\",\"@id\":\"https:\/\/lafuente.mx\/#\/schema\/person\/b9cc1ac3941245ec61c80638a92abfb6\",\"name\":\"Dar\u00edo Ram\u00edrez\",\"image\":{\"@type\":\"ImageObject\",\"inLanguage\":\"es-MX\",\"@id\":\"https:\/\/lafuente.mx\/#\/schema\/person\/image\/\",\"url\":\"https:\/\/secure.gravatar.com\/avatar\/bd5441528d8085d08a897e5789079259?s=96&d=mm&r=g\",\"contentUrl\":\"https:\/\/secure.gravatar.com\/avatar\/bd5441528d8085d08a897e5789079259?s=96&d=mm&r=g\",\"caption\":\"Dar\u00edo Ram\u00edrez\"},\"url\":\"https:\/\/lafuente.mx\/?author=5\"}]}<\/script>\n<!-- \/ Yoast SEO plugin. -->","yoast_head_json":{"title":"Conspiranoias. La mente del conspirador -","description":"Conspiranoias. La mente del conspirador","robots":{"index":"index","follow":"follow","max-snippet":"max-snippet:-1","max-image-preview":"max-image-preview:large","max-video-preview":"max-video-preview:-1"},"canonical":"https:\/\/lafuente.mx\/?p=2857","og_locale":"es_MX","og_type":"article","og_title":"Conspiranoias. La mente del conspirador","og_description":"Conspiranoias. La mente del conspirador","og_url":"https:\/\/lafuente.mx\/?p=2857","article_published_time":"2025-04-28T18:19:10+00:00","article_modified_time":"2025-04-28T18:28:03+00:00","og_image":[{"width":1054,"height":539,"url":"http:\/\/lafuente.mx\/wp-content\/uploads\/2025\/04\/Conspiranoias.jpg","type":"image\/jpeg"}],"author":"Dar\u00edo Ram\u00edrez","twitter_card":"summary_large_image","twitter_title":"Conspiranoias. La mente del conspirador","twitter_description":"Conspiranoias. La mente del conspirador","twitter_image":"https:\/\/i0.wp.com\/lafuente.mx\/wp-content\/uploads\/2025\/04\/Conspiranoias.jpg?fit=1054%2C539&ssl=1","twitter_misc":{"Escrito por":"Dar\u00edo Ram\u00edrez","Tiempo de lectura":"1 minuto"},"schema":{"@context":"https:\/\/schema.org","@graph":[{"@type":"WebSite","@id":"https:\/\/lafuente.mx\/#website","url":"https:\/\/lafuente.mx\/","name":"","description":"Informaci\u00f3n confiable sobre salud mental","potentialAction":[{"@type":"SearchAction","target":{"@type":"EntryPoint","urlTemplate":"https:\/\/lafuente.mx\/?s={search_term_string}"},"query-input":"required name=search_term_string"}],"inLanguage":"es-MX"},{"@type":"WebPage","@id":"https:\/\/lafuente.mx\/?p=2857","url":"https:\/\/lafuente.mx\/?p=2857","name":"Conspiranoias. La mente del conspirador -","isPartOf":{"@id":"https:\/\/lafuente.mx\/#website"},"datePublished":"2025-04-28T18:19:10+00:00","dateModified":"2025-04-28T18:28:03+00:00","author":{"@id":"https:\/\/lafuente.mx\/#\/schema\/person\/b9cc1ac3941245ec61c80638a92abfb6"},"description":"Conspiranoias. La mente del conspirador","breadcrumb":{"@id":"https:\/\/lafuente.mx\/?p=2857#breadcrumb"},"inLanguage":"es-MX","potentialAction":[{"@type":"ReadAction","target":["https:\/\/lafuente.mx\/?p=2857"]}]},{"@type":"BreadcrumbList","@id":"https:\/\/lafuente.mx\/?p=2857#breadcrumb","itemListElement":[{"@type":"ListItem","position":1,"name":"Inicio","item":"https:\/\/lafuente.mx\/"},{"@type":"ListItem","position":2,"name":"Conspiranoias. La mente del conspirador"}]},{"@type":"Person","@id":"https:\/\/lafuente.mx\/#\/schema\/person\/b9cc1ac3941245ec61c80638a92abfb6","name":"Dar\u00edo Ram\u00edrez","image":{"@type":"ImageObject","inLanguage":"es-MX","@id":"https:\/\/lafuente.mx\/#\/schema\/person\/image\/","url":"https:\/\/secure.gravatar.com\/avatar\/bd5441528d8085d08a897e5789079259?s=96&d=mm&r=g","contentUrl":"https:\/\/secure.gravatar.com\/avatar\/bd5441528d8085d08a897e5789079259?s=96&d=mm&r=g","caption":"Dar\u00edo Ram\u00edrez"},"url":"https:\/\/lafuente.mx\/?author=5"}]}},"jetpack_featured_media_url":"https:\/\/i0.wp.com\/lafuente.mx\/wp-content\/uploads\/2025\/04\/Conspiranoias.jpg?fit=1054%2C539&ssl=1","jetpack-related-posts":[{"id":2668,"url":"https:\/\/lafuente.mx\/?p=2668","url_meta":{"origin":2857,"position":0},"title":"El complejo estigma-discriminaci\u00f3n en Psiquiatr\u00eda: una visi\u00f3n desde la cl\u00ednica latinoamericana\u00a0","date":"noviembre 26, 2024","format":false,"excerpt":"Autores: Dra. Maria Soledad Rodr\u00edguez Verdugo y Dr. Ricardo Saracco Alvarez\u00a0 D.R. 2024, Asociaci\u00f3n Mexicana de M\u00e9dicos Psiquiatras A.C. \u00a0 Todos los derechos reservados Perif\u00e9rico Sur 4194 Int. 103 Col. Jardines del Pedregal Ciudad de M\u00e9xico 01900 \u00a0 Primera edici\u00f3n, M\u00e9xico, 2024 \u00a0 ISBN: 978-607-8827-69-5 \u00a0 Una valiosa compilaci\u00f3n de\u2026","rel":"","context":"En &quot;Publicaciones&quot;","img":{"alt_text":"","src":"https:\/\/i0.wp.com\/lafuente.mx\/wp-content\/uploads\/2024\/11\/Captura-de-pantalla-2024-11-25-a-las-9.52.02.png?fit=827%2C1200&ssl=1&resize=350%2C200","width":350,"height":200},"classes":[]},{"id":3592,"url":"https:\/\/lafuente.mx\/?p=3592","url_meta":{"origin":2857,"position":1},"title":"Psiquiatr\u00eda compleja\u00a0","date":"marzo 4, 2026","format":false,"excerpt":"24 de agosto de 2021; 7 (3-4): 60\u201370.\u00a0doi:\u00a010.1159\/000518926\u00a0 Volumen 7, N\u00famero 3-4\u00a0 Diciembre\u00a0de 2021\u00a0 Beatriz Camarena,\u00a0Elizabeth G Atkinson ,\u00a0Mark Baker,\u00a0Claudia Becerra-Palars,\u00a0Lori B\u00a0Chibnik,\u00a0Ra\u00fal Escamilla-Orozco,\u00a0Joanna Jim\u00e9nez-Pav\u00f3n,\u00a0Zan\u00a0Koenig,\u00a0Carla M\u00e1rquez-Luna,\u00a0Alicia R Martin,\u00a0Ingrid Pamela Morales-Cedillo,\u00a0Ana\u00a0Maria\u00a0Olivares,\u00a0Hiram Ortega-Ortiz,\u00a0Alejandra Monserrat\u00a0Rodriguez-Ram\u00edrez,\u00a0Ricardo\u00a0Saracco-Alvarez,\u00a0Rebecca E\u00a0Basaldua,\u00a0Brena\u00a0F Sena,\u00a0Karestan\u00a0C\u00a0Koenen Hasta la fecha, no se han realizado estudios de asociaci\u00f3n del genoma completo (GWAS) a gran escala\u2026","rel":"","context":"En &quot;Publicaciones&quot;","img":{"alt_text":"","src":"https:\/\/i0.wp.com\/lafuente.mx\/wp-content\/uploads\/2026\/02\/Captura-de-pantalla-2026-02-24-a-las-10.05.29.png?fit=766%2C1032&ssl=1&resize=350%2C200","width":350,"height":200},"classes":[]},{"id":3541,"url":"https:\/\/lafuente.mx\/?p=3541","url_meta":{"origin":2857,"position":2},"title":"Gen\u00e9tica neuropsiqui\u00e1trica de la psicosis en la poblaci\u00f3n mexicana: Protocolo de estudio de asociaci\u00f3n de todo el genoma para pacientes y controles con esquizofrenia, trastorno esquizoafectivo y trastorno bipolar\u00a0","date":"enero 19, 2026","format":false,"excerpt":"Psiquiatr\u00eda compleja\u00a0 24 de agosto de 2021; 7 (3-4): 60\u201370.\u00a0doi:\u00a010.1159\/000518926\u00a0 Volumen 7, N\u00famero 3-4\u00a0 Diciembre\u00a0de 2021\u00a0 Beatriz Camarena a,\u00a0* ,\u00a0Elizabeth G Atkinson b, c, d,\u00a0* ,\u00a0Mark Baker\u00a0b ,\u00a0Claudia Becerra-Palars\u00a0e ,\u00a0Lori B\u00a0Chibnik\u00a0b,\u00a0c ,\u00a0Ra\u00fal Escamilla-Orozco\u00a0e ,\u00a0Joanna Jim\u00e9nez-Pav\u00f3n\u00a0e ,\u00a0Zan\u00a0Koenig\u00a0f ,\u00a0Carla M\u00e1rquez-Luna\u00a0g ,\u00a0Alicia R Martin b, c,\u00a0d ,\u00a0Ingrid Pamela Morales-Cedillo\u00a0a ,\u00a0Ana\u00a0Maria\u00a0Olivares\u00a0b ,\u00a0Hiram Ortega-Ortiz\u00a0e ,\u00a0Alejandra\u2026","rel":"","context":"En &quot;Noticias&quot;","img":{"alt_text":"ai generated, dna, genetics, structure, chemistry-9009163.jpg","src":"https:\/\/i0.wp.com\/lafuente.mx\/wp-content\/uploads\/2026\/01\/ai-generated-dna-genetics-structure-chemistry-9009163.png?fit=800%2C1200&ssl=1&resize=350%2C200","width":350,"height":200},"classes":[]},{"id":2085,"url":"https:\/\/lafuente.mx\/?p=2085","url_meta":{"origin":2857,"position":3},"title":"Tratamiento de la esquizofrenia en M\u00e9xico: recomendaciones de un panel de expertos","date":"febrero 13, 2024","format":false,"excerpt":"Ra\u00fal I. Escamilla-Orozco, Claudia Becerra-Palars, Yolanda Armend\u00e1riz-V\u00e1zquez, Irma SY. Corlay-Noriega, Miguel A. Herrera-Estrella, Rosalba E. Llamas-N\u00fa\u00f1ez, \u00d3scar Meneses-Luna, Juan M. Quijada-Gayt\u00e1n, Francisco Reyes-Madrigal, Arsenio Rosado-Franco, Mauricio Rosel-Vales y Erasmo Saucedo-Uribe\u00a0 La esquizofrenia es una enfermedad compleja que actualmente no tiene cura. Existen, sin embargo, numerosas terapias que, solas o en\u2026","rel":"","context":"En &quot;Publicaciones&quot;","img":{"alt_text":"","src":"https:\/\/i0.wp.com\/lafuente.mx\/wp-content\/uploads\/2024\/02\/2024.0213-edited-1-scaled.jpg?fit=1200%2C675&ssl=1&resize=350%2C200","width":350,"height":200},"classes":[]},{"id":1018,"url":"https:\/\/lafuente.mx\/?p=1018","url_meta":{"origin":2857,"position":4},"title":"Atenci\u00f3n plena o mindfulness","date":"abril 11, 2023","format":false,"excerpt":"La atenci\u00f3n plena o\u00a0mindfulness\u00a0en ingl\u00e9s, es una pr\u00e1ctica que consiste en llevar nuestra mente de regreso a nuestro cuerpo y ponernos en contacto con lo que est\u00e1 sucediendo en el momento presente, dentro de nosotros y a nuestro alrededor. Nos hacemos conscientes de nuestra respiraci\u00f3n y volvemos a nuestro cuerpo,\u2026","rel":"","context":"En &quot;Eventos Acad\u00e9micos del INPRFM&quot;","img":{"alt_text":"","src":"https:\/\/i0.wp.com\/lafuente.mx\/wp-content\/uploads\/2023\/04\/Monjes-23_0002_DSC_0268.jpg?fit=1181%2C784&ssl=1&resize=350%2C200","width":350,"height":200},"classes":[]},{"id":1383,"url":"https:\/\/lafuente.mx\/?p=1383","url_meta":{"origin":2857,"position":5},"title":"Usos sexualizados de drogas y chemsex: parres\u00eda e investigaci\u00f3n social\u00a0","date":"julio 6, 2023","format":false,"excerpt":"Conferencia virtual Dr. Mauricio Sep\u00falveda Galeas\u00a0 Profesor e investigador de la Universidad de Chile\u00a0 Jueves 13 julio, 2023\u00a0 CIUDAD DE M\u00c9XICO \u00a0 De 10:00 a 12:00 h\u00a0 CHILE\u00a0 De 12:00 a 14:00 h\u00a0 Sigue la transmisi\u00f3n en vivo: FaceBook Live \u00a0 M\u00e1s informaci\u00f3n","rel":"","context":"En &quot;Eventos Acad\u00e9micos del INPRFM&quot;","img":{"alt_text":"","src":"https:\/\/i0.wp.com\/lafuente.mx\/wp-content\/uploads\/2023\/07\/dr.jpeg?resize=350%2C200&ssl=1","width":350,"height":200},"classes":[]}],"jetpack_sharing_enabled":true,"jetpack_shortlink":"https:\/\/wp.me\/pe9WUx-K5","_links":{"self":[{"href":"https:\/\/lafuente.mx\/index.php?rest_route=\/wp\/v2\/posts\/2857"}],"collection":[{"href":"https:\/\/lafuente.mx\/index.php?rest_route=\/wp\/v2\/posts"}],"about":[{"href":"https:\/\/lafuente.mx\/index.php?rest_route=\/wp\/v2\/types\/post"}],"author":[{"embeddable":true,"href":"https:\/\/lafuente.mx\/index.php?rest_route=\/wp\/v2\/users\/5"}],"replies":[{"embeddable":true,"href":"https:\/\/lafuente.mx\/index.php?rest_route=%2Fwp%2Fv2%2Fcomments&post=2857"}],"version-history":[{"count":5,"href":"https:\/\/lafuente.mx\/index.php?rest_route=\/wp\/v2\/posts\/2857\/revisions"}],"predecessor-version":[{"id":2867,"href":"https:\/\/lafuente.mx\/index.php?rest_route=\/wp\/v2\/posts\/2857\/revisions\/2867"}],"wp:featuredmedia":[{"embeddable":true,"href":"https:\/\/lafuente.mx\/index.php?rest_route=\/wp\/v2\/media\/2861"}],"wp:attachment":[{"href":"https:\/\/lafuente.mx\/index.php?rest_route=%2Fwp%2Fv2%2Fmedia&parent=2857"}],"wp:term":[{"taxonomy":"category","embeddable":true,"href":"https:\/\/lafuente.mx\/index.php?rest_route=%2Fwp%2Fv2%2Fcategories&post=2857"},{"taxonomy":"post_tag","embeddable":true,"href":"https:\/\/lafuente.mx\/index.php?rest_route=%2Fwp%2Fv2%2Ftags&post=2857"}],"curies":[{"name":"wp","href":"https:\/\/api.w.org\/{rel}","templated":true}]}}