{"id":2846,"date":"2025-04-14T17:24:48","date_gmt":"2025-04-14T17:24:48","guid":{"rendered":"https:\/\/lafuente.mx\/?p=2846"},"modified":"2025-04-14T17:24:50","modified_gmt":"2025-04-14T17:24:50","slug":"resultados-de-la-encuesta-sobre-estigma-discriminacion-y-salud-mental-de-las-diversidades-sexogenericas-endismed","status":"publish","type":"post","link":"https:\/\/lafuente.mx\/?p=2846","title":{"rendered":"Resultados de la Encuesta sobre Estigma, Discriminaci\u00f3n y Salud Mental de las Diversidades Sexogen\u00e9ricas (ENDISMED)\u00a0"},"content":{"rendered":"\n<hr class=\"wp-block-separator has-text-color has-vivid-cyan-blue-color has-alpha-channel-opacity has-vivid-cyan-blue-background-color has-background is-style-wide\"\/>\n\n\n\n<p class=\"has-text-color has-medium-font-size\" style=\"color:#284762\">Con el objetivo de examinar la relaci\u00f3n entre la percepci\u00f3n de estigma y la experiencia de actos de discriminaci\u00f3n en el contexto escolar con presentar sintomatolog\u00eda ansiosa, depresiva, consumo de sustancias y conducta suicida en una muestra de la comunidad estudiantil, acad\u00e9mica y administrativa de la Facultad de Medicina que se identifica como parte de las diversidades sexogen\u00e9ricas, el Departamento de Psiquiatr\u00eda y Salud Mental (DPSM) y la Comisi\u00f3n Interna para la Igualdad de G\u00e9nero (CInIG), en colaboraci\u00f3n con el Instituto Nacional de Psiquiatr\u00eda Ram\u00f3n de la Fuente Mu\u00f1iz (INPRFM), presentaron los \u201cResultados de la Encuesta sobre Estigma, Discriminaci\u00f3n y Salud Mental de las Diversidades Sexogen\u00e9ricas en la Facultad de Medicina (ENDISMED)\u201d, la cual se realiz\u00f3 por el equipo de investigaci\u00f3n integrado por la doctora Virginia Barrag\u00e1n P\u00e9rez, el doctor E. Hamid Vega Ram\u00edrez y el maestro Samuel Bravo Hurtado.\u00a0<\/p>\n\n\n<div class=\"wp-block-image\">\n<figure class=\"aligncenter size-large is-resized\"><img decoding=\"async\" loading=\"lazy\" width=\"640\" height=\"935\" src=\"https:\/\/i0.wp.com\/lafuente.mx\/wp-content\/uploads\/2025\/04\/lgbt-stop-gay-pride-parade-gay-parade-pride-love-crowd-romantic-social-evolution-respect-unity-digital-art-pride-pride-pride-pride-pride-love-7537972.jpg?resize=640%2C935\" alt=\"lgbt stop, gay pride parade, gay parade, pride, love, crowd, romantic, social evolution, respect, unity, digital art, pride, pride, pride, pride, pride, love-7537972.jpg\" class=\"wp-image-2850\" style=\"aspect-ratio:0.6845703125;width:511px;height:auto\" srcset=\"https:\/\/i0.wp.com\/lafuente.mx\/wp-content\/uploads\/2025\/04\/lgbt-stop-gay-pride-parade-gay-parade-pride-love-crowd-romantic-social-evolution-respect-unity-digital-art-pride-pride-pride-pride-pride-love-7537972.jpg?resize=701%2C1024&amp;ssl=1 701w, https:\/\/i0.wp.com\/lafuente.mx\/wp-content\/uploads\/2025\/04\/lgbt-stop-gay-pride-parade-gay-parade-pride-love-crowd-romantic-social-evolution-respect-unity-digital-art-pride-pride-pride-pride-pride-love-7537972.jpg?resize=205%2C300&amp;ssl=1 205w, https:\/\/i0.wp.com\/lafuente.mx\/wp-content\/uploads\/2025\/04\/lgbt-stop-gay-pride-parade-gay-parade-pride-love-crowd-romantic-social-evolution-respect-unity-digital-art-pride-pride-pride-pride-pride-love-7537972.jpg?resize=768%2C1122&amp;ssl=1 768w, https:\/\/i0.wp.com\/lafuente.mx\/wp-content\/uploads\/2025\/04\/lgbt-stop-gay-pride-parade-gay-parade-pride-love-crowd-romantic-social-evolution-respect-unity-digital-art-pride-pride-pride-pride-pride-love-7537972.jpg?w=876&amp;ssl=1 876w\" sizes=\"(max-width: 640px) 100vw, 640px\" data-recalc-dims=\"1\" \/><\/figure><\/div>\n\n\n<p class=\"has-text-color has-medium-font-size\" style=\"color:#284762\">El doctor Hamid Vega Ram\u00edrez, investigador del INPRFM y acad\u00e9mico del DPSM, revel\u00f3 que participaron en la encuesta&nbsp; 415 integrantes de la poblaci\u00f3n cisg\u00e9nero o heterosexual y 182 personas de la comunidad LGBTIQ+. Entre los resultados principales destac\u00f3 que la poblaci\u00f3n LGBTIQ+ tiene entre dos y seis veces m\u00e1s posiblidad de presentar ansiedad, depresi\u00f3n, consumo de sustancias, ideaci\u00f3n e intentos suicidas, en comparaci\u00f3n con la poblaci\u00f3n cisg\u00e9nero y heterosexual, por lo cual resalt\u00f3 la necesidad de seguir trabajando en la modificaci\u00f3n de paradigmas y estereotipos dentro del \u00e1rea de la salud y acad\u00e9mica para reducir la discriminaci\u00f3n. Asimismo, se\u00f1al\u00f3 que la comunidad LGBTIQ+ tuvo m\u00e1s exposici\u00f3n a ofensas, exclusi\u00f3n y acoso por su identidad de g\u00e9nero, orientaci\u00f3n sexual, expresi\u00f3n de g\u00e9nero u otros aspectos de la identidad sexual.&nbsp;<\/p>\n\n\n\n<p>Video: <a href=\"https:\/\/www.youtube.com\/watch?v=_DDRBPlhGyU\" target=\"_blank\" rel=\"noreferrer noopener\">https:\/\/www.youtube.com\/watch?v=_DDRBPlhGyU<\/a>&nbsp;<\/p>\n\n\n<div class=\"wp-block-image\">\n<figure class=\"aligncenter size-full\"><img decoding=\"async\" loading=\"lazy\" width=\"480\" height=\"360\" src=\"https:\/\/i0.wp.com\/lafuente.mx\/wp-content\/uploads\/2025\/04\/image.jpeg?resize=480%2C360&#038;ssl=1\" alt=\"\" class=\"wp-image-2847\" srcset=\"https:\/\/i0.wp.com\/lafuente.mx\/wp-content\/uploads\/2025\/04\/image.jpeg?w=480&amp;ssl=1 480w, https:\/\/i0.wp.com\/lafuente.mx\/wp-content\/uploads\/2025\/04\/image.jpeg?resize=300%2C225&amp;ssl=1 300w\" sizes=\"(max-width: 480px) 100vw, 480px\" data-recalc-dims=\"1\" \/><\/figure><\/div>\n\n\n<div class=\"wp-block-buttons is-layout-flex wp-block-buttons-is-layout-flex\"><\/div>\n\n\n\n<p class=\"has-small-font-size\">Fuente: https:\/\/gaceta.facmed.unam.mx\/<\/p>\n","protected":false},"excerpt":{"rendered":"<p>Con el objetivo de examinar la relaci\u00f3n entre la percepci\u00f3n de estigma y la experiencia de actos de discriminaci\u00f3n en el contexto escolar con presentar<\/p>\n","protected":false},"author":3,"featured_media":2851,"comment_status":"closed","ping_status":"closed","sticky":false,"template":"","format":"standard","meta":{"footnotes":"","jetpack_publicize_message":"","jetpack_is_tweetstorm":false,"jetpack_publicize_feature_enabled":true},"categories":[3],"tags":[34,914,87,913,281,912,802,69,206,915,21,32,207],"jetpack_publicize_connections":[],"yoast_head":"<!-- This site is optimized with the Yoast SEO plugin v19.4 - https:\/\/yoast.com\/wordpress\/plugins\/seo\/ -->\n<title>Resultados de la Encuesta sobre Estigma, Discriminaci\u00f3n y Salud Mental de las Diversidades Sexogen\u00e9ricas (ENDISMED)\u00a0 -<\/title>\n<meta name=\"robots\" content=\"index, follow, max-snippet:-1, max-image-preview:large, max-video-preview:-1\" \/>\n<link rel=\"canonical\" href=\"https:\/\/lafuente.mx\/?p=2846\" \/>\n<meta property=\"og:locale\" content=\"es_MX\" \/>\n<meta property=\"og:type\" content=\"article\" \/>\n<meta property=\"og:title\" content=\"Resultados de la Encuesta sobre Estigma, Discriminaci\u00f3n y Salud Mental de las Diversidades Sexogen\u00e9ricas\" \/>\n<meta property=\"og:description\" content=\"Se presentaron los \u201cResultados de la Encuesta sobre Estigma, Discriminaci\u00f3n y Salud Mental de las Diversidades Sexogen\u00e9ricas en la Facultad de Medicina (ENDISMED)\u201d\" \/>\n<meta property=\"og:url\" content=\"https:\/\/lafuente.mx\/?p=2846\" \/>\n<meta property=\"article:published_time\" content=\"2025-04-14T17:24:48+00:00\" \/>\n<meta property=\"article:modified_time\" content=\"2025-04-14T17:24:50+00:00\" \/>\n<meta property=\"og:image\" content=\"http:\/\/lafuente.mx\/wp-content\/uploads\/2025\/04\/lesbian-happy-homosexual-nature-proudly-rainbow-bisexual-multicoloured-homosexuality-trans-transsexual-sexuality-lgbtiqa-pride-month-pride-celebrate-world-pride-7276192.jpg\" \/>\n\t<meta property=\"og:image:width\" content=\"1280\" \/>\n\t<meta property=\"og:image:height\" content=\"905\" \/>\n\t<meta property=\"og:image:type\" content=\"image\/jpeg\" \/>\n<meta name=\"author\" content=\"Claudia Gallardo\" \/>\n<meta name=\"twitter:card\" content=\"summary_large_image\" \/>\n<meta name=\"twitter:title\" content=\"Resultados de la Encuesta sobre Estigma, Discriminaci\u00f3n y Salud Mental de las Diversidades Sexogen\u00e9ricas\" \/>\n<meta name=\"twitter:description\" content=\"Se presentaron los \u201cResultados de la Encuesta sobre Estigma, Discriminaci\u00f3n y Salud Mental de las Diversidades Sexogen\u00e9ricas en la Facultad de Medicina (ENDISMED)\u201d\" \/>\n<meta name=\"twitter:image\" content=\"https:\/\/i0.wp.com\/lafuente.mx\/wp-content\/uploads\/2025\/04\/lesbian-happy-homosexual-nature-proudly-rainbow-bisexual-multicoloured-homosexuality-trans-transsexual-sexuality-lgbtiqa-pride-month-pride-celebrate-world-pride-7276192.jpg?fit=1280%2C905&ssl=1\" \/>\n<meta name=\"twitter:label1\" content=\"Escrito por\" \/>\n\t<meta name=\"twitter:data1\" content=\"Claudia Gallardo\" \/>\n\t<meta name=\"twitter:label2\" content=\"Tiempo de lectura\" \/>\n\t<meta name=\"twitter:data2\" content=\"2 minutos\" \/>\n<script type=\"application\/ld+json\" class=\"yoast-schema-graph\">{\"@context\":\"https:\/\/schema.org\",\"@graph\":[{\"@type\":\"WebSite\",\"@id\":\"https:\/\/lafuente.mx\/#website\",\"url\":\"https:\/\/lafuente.mx\/\",\"name\":\"\",\"description\":\"Informaci\u00f3n confiable sobre salud mental\",\"potentialAction\":[{\"@type\":\"SearchAction\",\"target\":{\"@type\":\"EntryPoint\",\"urlTemplate\":\"https:\/\/lafuente.mx\/?s={search_term_string}\"},\"query-input\":\"required name=search_term_string\"}],\"inLanguage\":\"es-MX\"},{\"@type\":\"WebPage\",\"@id\":\"https:\/\/lafuente.mx\/?p=2846\",\"url\":\"https:\/\/lafuente.mx\/?p=2846\",\"name\":\"Resultados de la Encuesta sobre Estigma, Discriminaci\u00f3n y Salud Mental de las Diversidades Sexogen\u00e9ricas (ENDISMED)\u00a0 -\",\"isPartOf\":{\"@id\":\"https:\/\/lafuente.mx\/#website\"},\"datePublished\":\"2025-04-14T17:24:48+00:00\",\"dateModified\":\"2025-04-14T17:24:50+00:00\",\"author\":{\"@id\":\"https:\/\/lafuente.mx\/#\/schema\/person\/603f3aa8e2f6f7879021ab722d39d6b0\"},\"breadcrumb\":{\"@id\":\"https:\/\/lafuente.mx\/?p=2846#breadcrumb\"},\"inLanguage\":\"es-MX\",\"potentialAction\":[{\"@type\":\"ReadAction\",\"target\":[\"https:\/\/lafuente.mx\/?p=2846\"]}]},{\"@type\":\"BreadcrumbList\",\"@id\":\"https:\/\/lafuente.mx\/?p=2846#breadcrumb\",\"itemListElement\":[{\"@type\":\"ListItem\",\"position\":1,\"name\":\"Inicio\",\"item\":\"https:\/\/lafuente.mx\/\"},{\"@type\":\"ListItem\",\"position\":2,\"name\":\"Resultados de la Encuesta sobre Estigma, Discriminaci\u00f3n y Salud Mental de las Diversidades Sexogen\u00e9ricas (ENDISMED)\u00a0\"}]},{\"@type\":\"Person\",\"@id\":\"https:\/\/lafuente.mx\/#\/schema\/person\/603f3aa8e2f6f7879021ab722d39d6b0\",\"name\":\"Claudia Gallardo\",\"image\":{\"@type\":\"ImageObject\",\"inLanguage\":\"es-MX\",\"@id\":\"https:\/\/lafuente.mx\/#\/schema\/person\/image\/\",\"url\":\"https:\/\/secure.gravatar.com\/avatar\/bfe9c966af1ccfb9d17bcdb9d04e8815?s=96&d=mm&r=g\",\"contentUrl\":\"https:\/\/secure.gravatar.com\/avatar\/bfe9c966af1ccfb9d17bcdb9d04e8815?s=96&d=mm&r=g\",\"caption\":\"Claudia Gallardo\"},\"url\":\"https:\/\/lafuente.mx\/?author=3\"}]}<\/script>\n<!-- \/ Yoast SEO plugin. -->","yoast_head_json":{"title":"Resultados de la Encuesta sobre Estigma, Discriminaci\u00f3n y Salud Mental de las Diversidades Sexogen\u00e9ricas (ENDISMED)\u00a0 -","robots":{"index":"index","follow":"follow","max-snippet":"max-snippet:-1","max-image-preview":"max-image-preview:large","max-video-preview":"max-video-preview:-1"},"canonical":"https:\/\/lafuente.mx\/?p=2846","og_locale":"es_MX","og_type":"article","og_title":"Resultados de la Encuesta sobre Estigma, Discriminaci\u00f3n y Salud Mental de las Diversidades Sexogen\u00e9ricas","og_description":"Se presentaron los \u201cResultados de la Encuesta sobre Estigma, Discriminaci\u00f3n y Salud Mental de las Diversidades Sexogen\u00e9ricas en la Facultad de Medicina (ENDISMED)\u201d","og_url":"https:\/\/lafuente.mx\/?p=2846","article_published_time":"2025-04-14T17:24:48+00:00","article_modified_time":"2025-04-14T17:24:50+00:00","og_image":[{"width":1280,"height":905,"url":"http:\/\/lafuente.mx\/wp-content\/uploads\/2025\/04\/lesbian-happy-homosexual-nature-proudly-rainbow-bisexual-multicoloured-homosexuality-trans-transsexual-sexuality-lgbtiqa-pride-month-pride-celebrate-world-pride-7276192.jpg","type":"image\/jpeg"}],"author":"Claudia Gallardo","twitter_card":"summary_large_image","twitter_title":"Resultados de la Encuesta sobre Estigma, Discriminaci\u00f3n y Salud Mental de las Diversidades Sexogen\u00e9ricas","twitter_description":"Se presentaron los \u201cResultados de la Encuesta sobre Estigma, Discriminaci\u00f3n y Salud Mental de las Diversidades Sexogen\u00e9ricas en la Facultad de Medicina (ENDISMED)\u201d","twitter_image":"https:\/\/i0.wp.com\/lafuente.mx\/wp-content\/uploads\/2025\/04\/lesbian-happy-homosexual-nature-proudly-rainbow-bisexual-multicoloured-homosexuality-trans-transsexual-sexuality-lgbtiqa-pride-month-pride-celebrate-world-pride-7276192.jpg?fit=1280%2C905&ssl=1","twitter_misc":{"Escrito por":"Claudia Gallardo","Tiempo de lectura":"2 minutos"},"schema":{"@context":"https:\/\/schema.org","@graph":[{"@type":"WebSite","@id":"https:\/\/lafuente.mx\/#website","url":"https:\/\/lafuente.mx\/","name":"","description":"Informaci\u00f3n confiable sobre salud mental","potentialAction":[{"@type":"SearchAction","target":{"@type":"EntryPoint","urlTemplate":"https:\/\/lafuente.mx\/?s={search_term_string}"},"query-input":"required name=search_term_string"}],"inLanguage":"es-MX"},{"@type":"WebPage","@id":"https:\/\/lafuente.mx\/?p=2846","url":"https:\/\/lafuente.mx\/?p=2846","name":"Resultados de la Encuesta sobre Estigma, Discriminaci\u00f3n y Salud Mental de las Diversidades Sexogen\u00e9ricas (ENDISMED)\u00a0 -","isPartOf":{"@id":"https:\/\/lafuente.mx\/#website"},"datePublished":"2025-04-14T17:24:48+00:00","dateModified":"2025-04-14T17:24:50+00:00","author":{"@id":"https:\/\/lafuente.mx\/#\/schema\/person\/603f3aa8e2f6f7879021ab722d39d6b0"},"breadcrumb":{"@id":"https:\/\/lafuente.mx\/?p=2846#breadcrumb"},"inLanguage":"es-MX","potentialAction":[{"@type":"ReadAction","target":["https:\/\/lafuente.mx\/?p=2846"]}]},{"@type":"BreadcrumbList","@id":"https:\/\/lafuente.mx\/?p=2846#breadcrumb","itemListElement":[{"@type":"ListItem","position":1,"name":"Inicio","item":"https:\/\/lafuente.mx\/"},{"@type":"ListItem","position":2,"name":"Resultados de la Encuesta sobre Estigma, Discriminaci\u00f3n y Salud Mental de las Diversidades Sexogen\u00e9ricas (ENDISMED)\u00a0"}]},{"@type":"Person","@id":"https:\/\/lafuente.mx\/#\/schema\/person\/603f3aa8e2f6f7879021ab722d39d6b0","name":"Claudia Gallardo","image":{"@type":"ImageObject","inLanguage":"es-MX","@id":"https:\/\/lafuente.mx\/#\/schema\/person\/image\/","url":"https:\/\/secure.gravatar.com\/avatar\/bfe9c966af1ccfb9d17bcdb9d04e8815?s=96&d=mm&r=g","contentUrl":"https:\/\/secure.gravatar.com\/avatar\/bfe9c966af1ccfb9d17bcdb9d04e8815?s=96&d=mm&r=g","caption":"Claudia Gallardo"},"url":"https:\/\/lafuente.mx\/?author=3"}]}},"jetpack_featured_media_url":"https:\/\/i0.wp.com\/lafuente.mx\/wp-content\/uploads\/2025\/04\/lesbian-happy-homosexual-nature-proudly-rainbow-bisexual-multicoloured-homosexuality-trans-transsexual-sexuality-lgbtiqa-pride-month-pride-celebrate-world-pride-7276192.jpg?fit=1280%2C905&ssl=1","jetpack-related-posts":[{"id":2929,"url":"https:\/\/lafuente.mx\/?p=2929","url_meta":{"origin":2846,"position":0},"title":"Foro por el D\u00eda Internacional contra la Homofobia, Transfobia y Bifobia, y D\u00eda del Orgullo LGBTIQ\u00a0","date":"mayo 27, 2025","format":false,"excerpt":"May 23, 2025\u00a0|\u00a0 El Programa de Igualdad de G\u00e9nero y la Comisi\u00f3n Interna para la Igualdad de G\u00e9nero (CInIG) de la Facultad de Medicina, con la colaboraci\u00f3n del Programa de Estudios de G\u00e9nero en Salud (PEGeS), la coordinaci\u00f3n de las licenciaturas en Fisioterapia y en Ciencia de la Nutrici\u00f3n Humana,\u2026","rel":"","context":"En &quot;Noticias&quot;","img":{"alt_text":"lesbian, happy, homosexual, proudly, rainbow, nature, symbol, bisexual, multicoloured, homosexuality, trans, transsexual, sexuality, letters, gender-7276187.jpg","src":"https:\/\/i0.wp.com\/lafuente.mx\/wp-content\/uploads\/2025\/05\/lesbian-happy-homosexual-proudly-rainbow-nature-symbol-bisexual-multicoloured-homosexuality-trans-transsexual-sexuality-letters-gender-7276187.jpg?fit=1200%2C848&ssl=1&resize=350%2C200","width":350,"height":200},"classes":[]},{"id":862,"url":"https:\/\/lafuente.mx\/?p=862","url_meta":{"origin":2846,"position":1},"title":"Por la reducci\u00f3n del estigma y la discriminaci\u00f3n en la salud mental","date":"marzo 6, 2023","format":false,"excerpt":"4 de marzo 2023 En el marco del D\u00eda Internacional de la Cero Discriminaci\u00f3n se llev\u00f3 a cabo, los d\u00edas 2 y 3 de marzo del 2023, el Seminario-Taller \u201c\"Complejo Estigma-Discriminaci\u00f3n (CED) e implicaciones \u00e9ticas del lenguaje utilizado en la investigaci\u00f3n sobre los trastornos mentales: Oportunidades y Desaf\u00edos\"\u00a0en las instalaciones\u2026","rel":"","context":"En &quot;Noticias&quot;","img":{"alt_text":"","src":"https:\/\/i0.wp.com\/lafuente.mx\/wp-content\/uploads\/2023\/03\/Seminario-taller-Estigma_0003_DSC_0039.jpg?fit=1181%2C784&ssl=1&resize=350%2C200","width":350,"height":200},"classes":[]},{"id":3585,"url":"https:\/\/lafuente.mx\/?p=3585","url_meta":{"origin":2846,"position":2},"title":"Diferencias entre hombres y mujeres mexicanos en el fen\u00f3meno de la transfobia\u00a0","date":"febrero 18, 2026","format":false,"excerpt":"Volume\u00a048,\u00a0Issue\u00a06,\u00a0November-December\u00a02025\u00a0\u00a0 Tecelli\u00a0Dom\u00ednguez\u00a0Centro de Investigaci\u00f3n en Salud Mental Global. Direcci\u00f3n de Investigaciones Epidemiol\u00f3gicas y Psicosociales. Instituto Nacional de Psiquiatr\u00eda Ram\u00f3n de la Fuente Mu\u00f1iz, Ciudad de M\u00e9xico, M\u00e9xico.\u00a0 Ana\u00a0Fres\u00e1n\u00a0Laboratorio de Epidemiolog\u00eda Cl\u00ednica. Subdirecci\u00f3n de Investigaciones Cl\u00ednicas. Instituto Nacional de Psiquiatr\u00eda Ram\u00f3n de la Fuente Mu\u00f1iz, Ciudad de M\u00e9xico, M\u00e9xico.\u00a0 Rebeca Robles-Garc\u00eda\u00a0Centro\u2026","rel":"","context":"En &quot;Revista Salud Mental&quot;","img":{"alt_text":"people, relationship, equality, pride, lesbian, gay pride, nature, rainbow, love, symbol, bisexual, transgender, sexuality, abstract-7728700.jpg","src":"https:\/\/i0.wp.com\/lafuente.mx\/wp-content\/uploads\/2026\/02\/people-relationship-equality-pride-lesbian-gay-pride-nature-rainbow-love-symbol-bisexual-transgender-sexuality-abstract-7728700.jpg?fit=1200%2C690&ssl=1&resize=350%2C200","width":350,"height":200},"classes":[]},{"id":2563,"url":"https:\/\/lafuente.mx\/?p=2563","url_meta":{"origin":2846,"position":3},"title":"Lenguaje incluyente y no sexista para la docencia y las pr\u00e1cticas en salud\u00a0","date":"septiembre 24, 2024","format":false,"excerpt":"Sep 12, 2024\u00a0|\u00a0Academia\u00a0 Con el objetivo de generar un espacio para reflexionar sobre el uso del lenguaje incluyente en los \u00e1mbitos educativos y en las pr\u00e1cticas en la salud, as\u00ed como promover pr\u00e1cticas equitativas y libres de discriminaci\u00f3n en la atenci\u00f3n m\u00e9dica, la Facultad de Medicina de la UNAM, a\u2026","rel":"","context":"En &quot;Noticias&quot;","img":{"alt_text":"","src":"https:\/\/i0.wp.com\/lafuente.mx\/wp-content\/uploads\/2024\/09\/Dr-HamidVega.jpg?fit=1200%2C959&ssl=1&resize=350%2C200","width":350,"height":200},"classes":[]},{"id":2668,"url":"https:\/\/lafuente.mx\/?p=2668","url_meta":{"origin":2846,"position":4},"title":"El complejo estigma-discriminaci\u00f3n en Psiquiatr\u00eda: una visi\u00f3n desde la cl\u00ednica latinoamericana\u00a0","date":"noviembre 26, 2024","format":false,"excerpt":"Autores: Dra. Maria Soledad Rodr\u00edguez Verdugo y Dr. Ricardo Saracco Alvarez\u00a0 D.R. 2024, Asociaci\u00f3n Mexicana de M\u00e9dicos Psiquiatras A.C. \u00a0 Todos los derechos reservados Perif\u00e9rico Sur 4194 Int. 103 Col. Jardines del Pedregal Ciudad de M\u00e9xico 01900 \u00a0 Primera edici\u00f3n, M\u00e9xico, 2024 \u00a0 ISBN: 978-607-8827-69-5 \u00a0 Una valiosa compilaci\u00f3n de\u2026","rel":"","context":"En &quot;Publicaciones&quot;","img":{"alt_text":"","src":"https:\/\/i0.wp.com\/lafuente.mx\/wp-content\/uploads\/2024\/11\/Captura-de-pantalla-2024-11-25-a-las-9.52.02.png?fit=827%2C1200&ssl=1&resize=350%2C200","width":350,"height":200},"classes":[]},{"id":1269,"url":"https:\/\/lafuente.mx\/?p=1269","url_meta":{"origin":2846,"position":5},"title":"Abordaje interdisciplinario de las diversidades sexogen\u00e9ricas:","date":"junio 2, 2023","format":false,"excerpt":"evidencias para el cuidado de su salud f\u00edsica y mental Del 12 al 23 de junio de 2023 Coordinador titular: Dr. Hamid Vega Ram\u00edrez Coordinadora adjunta: Dra. Rebeca Robles Garc\u00eda Dirigido a: Profesionales de la educaci\u00f3n (docentes, prefecturas, directivos), de la salud (endocrinolog\u00eda, pediatr\u00eda, medicina interna, cirug\u00eda, ginecolog\u00eda, urolog\u00eda, psiquiatr\u00eda\u2026","rel":"","context":"En &quot;Cursos&quot;","img":{"alt_text":"","src":"https:\/\/i0.wp.com\/lafuente.mx\/wp-content\/uploads\/2023\/06\/Captura-de-Pantalla-2023-06-02-a-las-12.13.51.png?fit=1200%2C446&ssl=1&resize=350%2C200","width":350,"height":200},"classes":[]}],"jetpack_sharing_enabled":true,"jetpack_shortlink":"https:\/\/wp.me\/pe9WUx-JU","_links":{"self":[{"href":"https:\/\/lafuente.mx\/index.php?rest_route=\/wp\/v2\/posts\/2846"}],"collection":[{"href":"https:\/\/lafuente.mx\/index.php?rest_route=\/wp\/v2\/posts"}],"about":[{"href":"https:\/\/lafuente.mx\/index.php?rest_route=\/wp\/v2\/types\/post"}],"author":[{"embeddable":true,"href":"https:\/\/lafuente.mx\/index.php?rest_route=\/wp\/v2\/users\/3"}],"replies":[{"embeddable":true,"href":"https:\/\/lafuente.mx\/index.php?rest_route=%2Fwp%2Fv2%2Fcomments&post=2846"}],"version-history":[{"count":2,"href":"https:\/\/lafuente.mx\/index.php?rest_route=\/wp\/v2\/posts\/2846\/revisions"}],"predecessor-version":[{"id":2852,"href":"https:\/\/lafuente.mx\/index.php?rest_route=\/wp\/v2\/posts\/2846\/revisions\/2852"}],"wp:featuredmedia":[{"embeddable":true,"href":"https:\/\/lafuente.mx\/index.php?rest_route=\/wp\/v2\/media\/2851"}],"wp:attachment":[{"href":"https:\/\/lafuente.mx\/index.php?rest_route=%2Fwp%2Fv2%2Fmedia&parent=2846"}],"wp:term":[{"taxonomy":"category","embeddable":true,"href":"https:\/\/lafuente.mx\/index.php?rest_route=%2Fwp%2Fv2%2Fcategories&post=2846"},{"taxonomy":"post_tag","embeddable":true,"href":"https:\/\/lafuente.mx\/index.php?rest_route=%2Fwp%2Fv2%2Ftags&post=2846"}],"curies":[{"name":"wp","href":"https:\/\/api.w.org\/{rel}","templated":true}]}}