{"id":2827,"date":"2025-04-03T07:26:00","date_gmt":"2025-04-03T07:26:00","guid":{"rendered":"https:\/\/lafuente.mx\/?p=2827"},"modified":"2025-04-24T15:20:19","modified_gmt":"2025-04-24T15:20:19","slug":"borrador-automatico-el-loco-como-peligro-un-debate-entre-psiquiatras-y-penalistas-mexicanos-1934-1938","status":"publish","type":"post","link":"https:\/\/lafuente.mx\/?p=2827","title":{"rendered":"Un debate entre psiquiatras y penalistas mexicanos, 1934-1938\u00a0"},"content":{"rendered":"\n<p><strong>El loco como peligro<\/strong><\/p>\n\n\n\n<hr class=\"wp-block-separator has-alpha-channel-opacity has-background\"\/>\n\n\n\n<hr class=\"wp-block-separator has-text-color has-vivid-cyan-blue-color has-alpha-channel-opacity has-vivid-cyan-blue-background-color has-background is-style-dots\"\/>\n\n\n\n<p class=\"has-text-align-center has-medium-font-size\"><em>Mente Y Cultura<\/em>, <em>5<\/em> (2), 93\u201398&nbsp;<\/p>\n\n\n\n<p class=\"has-medium-font-size\"><strong>Cristina Sacrist\u00e1n&nbsp;<\/strong><\/p>\n\n\n\n<p><strong>Instituto Mora, Centro P\u00fablico de Investigaci\u00f3n Conahcyt, M\u00e9xico&nbsp;<\/strong><\/p>\n\n\n\n<p><strong>Resumen&nbsp;<\/strong><\/p>\n\n\n\n<p class=\"has-medium-font-size\">En 1939, el destacado psiquiatra argentino Nerio Rojas publicaba en las p\u00e1ginas de la revista mexicana Criminalia un extenso art\u00edculo sobre los criterios a seguir en los peritajes de psiquiatr\u00eda forense. El tambi\u00e9n profesor de medicina legal en la Facultad de Ciencias M\u00e9dicas de Buenos Aires, aprovech\u00f3 para lamentarse del escaso respeto que los juristas sent\u00edan por los psiquiatras: la Psiquiatr\u00eda es, sin duda la parte de la Medicina Legal que ha suscitado m\u00e1s cr\u00edtica y escepticismo en los medios judiciales. Los juristas han dicho a menudo cosas amargas contra los alienistas y su ciencia. <\/p>\n\n\n\n<figure class=\"wp-block-image size-full is-resized\"><img decoding=\"async\" loading=\"lazy\" width=\"640\" height=\"425\" src=\"https:\/\/i0.wp.com\/lafuente.mx\/wp-content\/uploads\/2025\/04\/Captura-de-pantalla-2025-04-01-a-las-13.30.37.png?resize=640%2C425&#038;ssl=1\" alt=\"\" class=\"wp-image-2828\" style=\"aspect-ratio:1.5074074074074073;width:840px;height:auto\" srcset=\"https:\/\/i0.wp.com\/lafuente.mx\/wp-content\/uploads\/2025\/04\/Captura-de-pantalla-2025-04-01-a-las-13.30.37.png?w=814&amp;ssl=1 814w, https:\/\/i0.wp.com\/lafuente.mx\/wp-content\/uploads\/2025\/04\/Captura-de-pantalla-2025-04-01-a-las-13.30.37.png?resize=300%2C199&amp;ssl=1 300w, https:\/\/i0.wp.com\/lafuente.mx\/wp-content\/uploads\/2025\/04\/Captura-de-pantalla-2025-04-01-a-las-13.30.37.png?resize=768%2C509&amp;ssl=1 768w\" sizes=\"(max-width: 640px) 100vw, 640px\" data-recalc-dims=\"1\" \/><figcaption class=\"wp-element-caption\">Disertando en un Congreso Internacional de su especialidad. 1950. (A.G.N.) Fotograf\u00eda en Semiologiaclinica.com<\/figcaption><\/figure>\n\n\n\n<p class=\"has-medium-font-size\">Entre ellos ha habido de todo, desde el autor que negaba a la Psiquiatr\u00eda utilidad forense y jerarqu\u00eda cient\u00edfica, hasta el magistrado que ha-c\u00eda \u00e9l mismo examen mental del sujeto y fundaba su diagn\u00f3stico contrario a los peritos, despu\u00e9s de haber le\u00eddo algunos libros de la especialidad. A esta queja a\u00f1adi\u00f3 que con motivo de una causa por homicidio donde particip\u00f3 en calidad de perito, la sentencia dictada por la C\u00e1mara del Crimen de Buenos Aires sostuvo que la psiquiatr\u00eda carec\u00eda de la suficiente certidumbre para llegar a conclusiones definitivas por tratarse de una \u201cciencia nueva\u201d. Los magistrados defendieron su posici\u00f3n al advertir la existencia de distintas opiniones seg\u00fan los autores, la carencia de una terminolog\u00eda \u00fanica, el hecho de que un mismo s\u00edntoma se presentara en patolog\u00edas diferentes y la falta de una separaci\u00f3n n\u00edtida entre ellas hasta el punto de que las diversas escuelas \u201cse combaten encarnizadamente\u201d (Rojas, 1939, pp. 53-54).&nbsp;<\/p>\n\n\n\n<hr class=\"wp-block-separator has-text-color has-alpha-channel-opacity has-background\" style=\"background-color:#617d96;color:#617d96\"\/>\n\n\n\n<div class=\"wp-block-buttons is-layout-flex wp-block-buttons-is-layout-flex\">\n<div class=\"wp-block-button\"><a class=\"wp-block-button__link has-background wp-element-button\" href=\"https:\/\/mentecultura.mx\/index.php\/myc\/article\/view\/myc-2683-3018-2024-010\/232\" style=\"background-color:#2d7198\">M\u00e1s informaci\u00f3n<\/a><\/div>\n<\/div>\n","protected":false},"excerpt":{"rendered":"<p>El loco como peligro Mente Y Cultura, 5 (2), 93\u201398&nbsp; Cristina Sacrist\u00e1n&nbsp; Instituto Mora, Centro P\u00fablico de Investigaci\u00f3n Conahcyt, M\u00e9xico&nbsp; Resumen&nbsp; En 1939, el destacado<\/p>\n","protected":false},"author":3,"featured_media":2829,"comment_status":"closed","ping_status":"closed","sticky":false,"template":"","format":"standard","meta":{"footnotes":"","jetpack_publicize_message":"","jetpack_is_tweetstorm":false,"jetpack_publicize_feature_enabled":true},"categories":[10],"tags":[901,897,896,21,324,898,469,900,397,899,33,32],"jetpack_publicize_connections":[],"yoast_head":"<!-- This site is optimized with the Yoast SEO plugin v19.4 - https:\/\/yoast.com\/wordpress\/plugins\/seo\/ -->\n<title>Un debate entre psiquiatras y penalistas mexicanos, 1934-1938\u00a0 -<\/title>\n<meta name=\"description\" content=\"En 1939, el destacado psiquiatra argentino Nerio Rojas publicaba en las p\u00e1ginas de la revista mexicana Criminalia un extenso art\u00edculo sobre los criterios a seguir en los peritajes de psiquiatr\u00eda forense.\" \/>\n<meta name=\"robots\" content=\"index, follow, max-snippet:-1, max-image-preview:large, max-video-preview:-1\" \/>\n<link rel=\"canonical\" href=\"https:\/\/lafuente.mx\/?p=2827\" \/>\n<meta property=\"og:locale\" content=\"es_MX\" \/>\n<meta property=\"og:type\" content=\"article\" \/>\n<meta property=\"og:title\" content=\"El loco como peligro Un debate entre psiquiatras y penalistas mexicanos, 1934-1938\u00a0\" \/>\n<meta property=\"og:description\" content=\"En 1939, el destacado psiquiatra argentino Nerio Rojas publicaba en las p\u00e1ginas de la revista mexicana Criminalia un extenso art\u00edculo sobre los criterios a seguir en los peritajes de psiquiatr\u00eda forense.\" \/>\n<meta property=\"og:url\" content=\"https:\/\/lafuente.mx\/?p=2827\" \/>\n<meta property=\"article:published_time\" content=\"2025-04-03T07:26:00+00:00\" \/>\n<meta property=\"article:modified_time\" content=\"2025-04-24T15:20:19+00:00\" \/>\n<meta property=\"og:image\" content=\"http:\/\/lafuente.mx\/wp-content\/uploads\/2025\/04\/Captura-de-pantalla-2025-04-01-a-las-13.35.21.png\" \/>\n\t<meta property=\"og:image:width\" content=\"920\" \/>\n\t<meta property=\"og:image:height\" content=\"556\" \/>\n\t<meta property=\"og:image:type\" content=\"image\/png\" \/>\n<meta name=\"author\" content=\"Claudia Gallardo\" \/>\n<meta name=\"twitter:card\" content=\"summary_large_image\" \/>\n<meta name=\"twitter:title\" content=\"El loco como peligro Un debate entre psiquiatras y penalistas mexicanos, 1934-1938\u00a0\" \/>\n<meta name=\"twitter:description\" content=\"En 1939, el destacado psiquiatra argentino Nerio Rojas publicaba en las p\u00e1ginas de la revista mexicana Criminalia un extenso art\u00edculo sobre los criterios a seguir en los peritajes de psiquiatr\u00eda forense.\" \/>\n<meta name=\"twitter:image\" content=\"https:\/\/i0.wp.com\/lafuente.mx\/wp-content\/uploads\/2025\/04\/Captura-de-pantalla-2025-04-01-a-las-13.35.21.png?fit=920%2C556&ssl=1\" \/>\n<meta name=\"twitter:label1\" content=\"Escrito por\" \/>\n\t<meta name=\"twitter:data1\" content=\"Claudia Gallardo\" \/>\n\t<meta name=\"twitter:label2\" content=\"Tiempo de lectura\" \/>\n\t<meta name=\"twitter:data2\" content=\"2 minutos\" \/>\n<script type=\"application\/ld+json\" class=\"yoast-schema-graph\">{\"@context\":\"https:\/\/schema.org\",\"@graph\":[{\"@type\":\"WebSite\",\"@id\":\"https:\/\/lafuente.mx\/#website\",\"url\":\"https:\/\/lafuente.mx\/\",\"name\":\"\",\"description\":\"Informaci\u00f3n confiable sobre salud mental\",\"potentialAction\":[{\"@type\":\"SearchAction\",\"target\":{\"@type\":\"EntryPoint\",\"urlTemplate\":\"https:\/\/lafuente.mx\/?s={search_term_string}\"},\"query-input\":\"required name=search_term_string\"}],\"inLanguage\":\"es-MX\"},{\"@type\":\"WebPage\",\"@id\":\"https:\/\/lafuente.mx\/?p=2827\",\"url\":\"https:\/\/lafuente.mx\/?p=2827\",\"name\":\"Un debate entre psiquiatras y penalistas mexicanos, 1934-1938\u00a0 -\",\"isPartOf\":{\"@id\":\"https:\/\/lafuente.mx\/#website\"},\"datePublished\":\"2025-04-03T07:26:00+00:00\",\"dateModified\":\"2025-04-24T15:20:19+00:00\",\"author\":{\"@id\":\"https:\/\/lafuente.mx\/#\/schema\/person\/603f3aa8e2f6f7879021ab722d39d6b0\"},\"description\":\"En 1939, el destacado psiquiatra argentino Nerio Rojas publicaba en las p\u00e1ginas de la revista mexicana Criminalia un extenso art\u00edculo sobre los criterios a seguir en los peritajes de psiquiatr\u00eda forense.\",\"breadcrumb\":{\"@id\":\"https:\/\/lafuente.mx\/?p=2827#breadcrumb\"},\"inLanguage\":\"es-MX\",\"potentialAction\":[{\"@type\":\"ReadAction\",\"target\":[\"https:\/\/lafuente.mx\/?p=2827\"]}]},{\"@type\":\"BreadcrumbList\",\"@id\":\"https:\/\/lafuente.mx\/?p=2827#breadcrumb\",\"itemListElement\":[{\"@type\":\"ListItem\",\"position\":1,\"name\":\"Inicio\",\"item\":\"https:\/\/lafuente.mx\/\"},{\"@type\":\"ListItem\",\"position\":2,\"name\":\"Un debate entre psiquiatras y penalistas mexicanos, 1934-1938\u00a0\"}]},{\"@type\":\"Person\",\"@id\":\"https:\/\/lafuente.mx\/#\/schema\/person\/603f3aa8e2f6f7879021ab722d39d6b0\",\"name\":\"Claudia Gallardo\",\"image\":{\"@type\":\"ImageObject\",\"inLanguage\":\"es-MX\",\"@id\":\"https:\/\/lafuente.mx\/#\/schema\/person\/image\/\",\"url\":\"https:\/\/secure.gravatar.com\/avatar\/bfe9c966af1ccfb9d17bcdb9d04e8815?s=96&d=mm&r=g\",\"contentUrl\":\"https:\/\/secure.gravatar.com\/avatar\/bfe9c966af1ccfb9d17bcdb9d04e8815?s=96&d=mm&r=g\",\"caption\":\"Claudia Gallardo\"},\"url\":\"https:\/\/lafuente.mx\/?author=3\"}]}<\/script>\n<!-- \/ Yoast SEO plugin. -->","yoast_head_json":{"title":"Un debate entre psiquiatras y penalistas mexicanos, 1934-1938\u00a0 -","description":"En 1939, el destacado psiquiatra argentino Nerio Rojas publicaba en las p\u00e1ginas de la revista mexicana Criminalia un extenso art\u00edculo sobre los criterios a seguir en los peritajes de psiquiatr\u00eda forense.","robots":{"index":"index","follow":"follow","max-snippet":"max-snippet:-1","max-image-preview":"max-image-preview:large","max-video-preview":"max-video-preview:-1"},"canonical":"https:\/\/lafuente.mx\/?p=2827","og_locale":"es_MX","og_type":"article","og_title":"El loco como peligro Un debate entre psiquiatras y penalistas mexicanos, 1934-1938\u00a0","og_description":"En 1939, el destacado psiquiatra argentino Nerio Rojas publicaba en las p\u00e1ginas de la revista mexicana Criminalia un extenso art\u00edculo sobre los criterios a seguir en los peritajes de psiquiatr\u00eda forense.","og_url":"https:\/\/lafuente.mx\/?p=2827","article_published_time":"2025-04-03T07:26:00+00:00","article_modified_time":"2025-04-24T15:20:19+00:00","og_image":[{"width":920,"height":556,"url":"http:\/\/lafuente.mx\/wp-content\/uploads\/2025\/04\/Captura-de-pantalla-2025-04-01-a-las-13.35.21.png","type":"image\/png"}],"author":"Claudia Gallardo","twitter_card":"summary_large_image","twitter_title":"El loco como peligro Un debate entre psiquiatras y penalistas mexicanos, 1934-1938\u00a0","twitter_description":"En 1939, el destacado psiquiatra argentino Nerio Rojas publicaba en las p\u00e1ginas de la revista mexicana Criminalia un extenso art\u00edculo sobre los criterios a seguir en los peritajes de psiquiatr\u00eda forense.","twitter_image":"https:\/\/i0.wp.com\/lafuente.mx\/wp-content\/uploads\/2025\/04\/Captura-de-pantalla-2025-04-01-a-las-13.35.21.png?fit=920%2C556&ssl=1","twitter_misc":{"Escrito por":"Claudia Gallardo","Tiempo de lectura":"2 minutos"},"schema":{"@context":"https:\/\/schema.org","@graph":[{"@type":"WebSite","@id":"https:\/\/lafuente.mx\/#website","url":"https:\/\/lafuente.mx\/","name":"","description":"Informaci\u00f3n confiable sobre salud mental","potentialAction":[{"@type":"SearchAction","target":{"@type":"EntryPoint","urlTemplate":"https:\/\/lafuente.mx\/?s={search_term_string}"},"query-input":"required name=search_term_string"}],"inLanguage":"es-MX"},{"@type":"WebPage","@id":"https:\/\/lafuente.mx\/?p=2827","url":"https:\/\/lafuente.mx\/?p=2827","name":"Un debate entre psiquiatras y penalistas mexicanos, 1934-1938\u00a0 -","isPartOf":{"@id":"https:\/\/lafuente.mx\/#website"},"datePublished":"2025-04-03T07:26:00+00:00","dateModified":"2025-04-24T15:20:19+00:00","author":{"@id":"https:\/\/lafuente.mx\/#\/schema\/person\/603f3aa8e2f6f7879021ab722d39d6b0"},"description":"En 1939, el destacado psiquiatra argentino Nerio Rojas publicaba en las p\u00e1ginas de la revista mexicana Criminalia un extenso art\u00edculo sobre los criterios a seguir en los peritajes de psiquiatr\u00eda forense.","breadcrumb":{"@id":"https:\/\/lafuente.mx\/?p=2827#breadcrumb"},"inLanguage":"es-MX","potentialAction":[{"@type":"ReadAction","target":["https:\/\/lafuente.mx\/?p=2827"]}]},{"@type":"BreadcrumbList","@id":"https:\/\/lafuente.mx\/?p=2827#breadcrumb","itemListElement":[{"@type":"ListItem","position":1,"name":"Inicio","item":"https:\/\/lafuente.mx\/"},{"@type":"ListItem","position":2,"name":"Un debate entre psiquiatras y penalistas mexicanos, 1934-1938\u00a0"}]},{"@type":"Person","@id":"https:\/\/lafuente.mx\/#\/schema\/person\/603f3aa8e2f6f7879021ab722d39d6b0","name":"Claudia Gallardo","image":{"@type":"ImageObject","inLanguage":"es-MX","@id":"https:\/\/lafuente.mx\/#\/schema\/person\/image\/","url":"https:\/\/secure.gravatar.com\/avatar\/bfe9c966af1ccfb9d17bcdb9d04e8815?s=96&d=mm&r=g","contentUrl":"https:\/\/secure.gravatar.com\/avatar\/bfe9c966af1ccfb9d17bcdb9d04e8815?s=96&d=mm&r=g","caption":"Claudia Gallardo"},"url":"https:\/\/lafuente.mx\/?author=3"}]}},"jetpack_featured_media_url":"https:\/\/i0.wp.com\/lafuente.mx\/wp-content\/uploads\/2025\/04\/Captura-de-pantalla-2025-04-01-a-las-13.35.21.png?fit=920%2C556&ssl=1","jetpack-related-posts":[{"id":1792,"url":"https:\/\/lafuente.mx\/?p=1792","url_meta":{"origin":2827,"position":0},"title":"Mente y Cultura","date":"octubre 18, 2023","format":false,"excerpt":"Mente y Cultura\u00a0es una revista pluridisciplinaria abierta a la publicaci\u00f3n de manuscritos provenientes de \u00e1reas esenciales de la Psiquiatr\u00eda que, por su naturaleza, no cumplen de manera rigurosa con una metodolog\u00eda cient\u00edfica como aquellos provenientes del campo de las neurociencias y la psiquiatr\u00eda biol\u00f3gica.\u00a0 Existe un vasto campo del saber\u2026","rel":"","context":"En &quot;Publicaciones&quot;","img":{"alt_text":"","src":"https:\/\/i0.wp.com\/lafuente.mx\/wp-content\/uploads\/2023\/10\/MyCjpg.jpg?fit=732%2C482&ssl=1&resize=350%2C200","width":350,"height":200},"classes":[]},{"id":952,"url":"https:\/\/lafuente.mx\/?p=952","url_meta":{"origin":2827,"position":1},"title":"D\u00eda Nacional de las y los Psiquiatras","date":"marzo 22, 2023","format":false,"excerpt":"31 de marzo\u00a0 Imagen INPRFM \u201cEn el grado en que la salud y las enfermedades de los hombres est\u00e1n influidas por sus motivos, sus esperanzas, sus temores y sus contradicciones, el humanismo, no es s\u00f3lo un complemento, sino una dimensi\u00f3n necesaria de la medicina\u201d.\u00a0 En M\u00e9xico se instaur\u00f3 el 31\u2026","rel":"","context":"En &quot;Efem\u00e9rides de Salud Mental&quot;","img":{"alt_text":"","src":"https:\/\/i0.wp.com\/lafuente.mx\/wp-content\/uploads\/2023\/03\/INPRFM06.jpg?fit=800%2C500&ssl=1&resize=350%2C200","width":350,"height":200},"classes":[]},{"id":3626,"url":"https:\/\/lafuente.mx\/?p=3626","url_meta":{"origin":2827,"position":2},"title":"D\u00eda Nacional de la Psiquiatr\u00eda en M\u00e9xico","date":"marzo 31, 2026","format":false,"excerpt":"31 de marzo D\u00eda del Psiquiatra: comprender la mente, cuidar la vida Cada 31 de marzo, en M\u00e9xico, conmemoramos el D\u00eda del Psiquiatra, una fecha que nos invita a reconocer la labor de quienes han dedicado su vida al estudio, comprensi\u00f3n y atenci\u00f3n de la salud mental. La psiquiatr\u00eda no\u2026","rel":"","context":"En &quot;Efem\u00e9rides de Salud Mental&quot;","img":{"alt_text":"","src":"https:\/\/i0.wp.com\/lafuente.mx\/wp-content\/uploads\/2026\/03\/Escudo-hospital.jpg?fit=1200%2C797&ssl=1&resize=350%2C200","width":350,"height":200},"classes":[]},{"id":1729,"url":"https:\/\/lafuente.mx\/?p=1729","url_meta":{"origin":2827,"position":3},"title":"T\u00e9 de mente","date":"septiembre 26, 2023","format":false,"excerpt":"Aompa\u00f1anos a disfrutar de un T\u00e9 de mente con mucho sabor. En nuestro episodio 3 T\u00e9 de mente, el podcast donde las neurociencias y la nutrici\u00f3n se mezclan y se fusionan, resultando en una combinaci\u00f3n ganadora. Acompa\u00f1a a Dannia Islas del Instituto Nacional de Psiquiatr\u00eda y Aurora Avila de la\u2026","rel":"","context":"En &quot;Podcasts&quot;","img":{"alt_text":"","src":"https:\/\/i0.wp.com\/lafuente.mx\/wp-content\/uploads\/2023\/09\/Logo-TE-D-Mente-fondo.jpg?fit=1200%2C1140&ssl=1&resize=350%2C200","width":350,"height":200},"classes":[]},{"id":1705,"url":"https:\/\/lafuente.mx\/?p=1705","url_meta":{"origin":2827,"position":4},"title":"T\u00e9 de mente","date":"septiembre 11, 2023","format":false,"excerpt":"Te de mente, el podcast donde las neurociencias y la nutrici\u00f3n se mezclan y se fusionan, resultando en una combinaci\u00f3n ganadora. Acompa\u00f1a a Dannia Islas del Instituto Nacional de Psiquiatr\u00eda y Aurora Avila de la carrera de nutriolog\u00eda de la UNAM a descubrir c\u00f3mo tu salud mental y tu alimentaci\u00f3n\u2026","rel":"","context":"En &quot;Podcasts&quot;","img":{"alt_text":"","src":"https:\/\/i0.wp.com\/lafuente.mx\/wp-content\/uploads\/2023\/09\/Logo-TE-D-Mente-fondo.jpg?fit=1200%2C1140&ssl=1&resize=350%2C200","width":350,"height":200},"classes":[]},{"id":2365,"url":"https:\/\/lafuente.mx\/?p=2365","url_meta":{"origin":2827,"position":5},"title":"Trastorno Bipolar en Ni\u00f1os y\u00a0 Adolescentes\u00a0","date":"junio 19, 2024","format":false,"excerpt":"GU\u00cdAS CL\u00cdNICAS\u00a0 INTRODUCCI\u00d3N\u00a0 El Trastorno Bipolar, antiguamente conocido como enfermedad maniaco depresiva, es un trastorno del estado del \u00e1nimo, en el que se presentan fases de depresi\u00f3n con otras de euforia. Es una de las psicopatolog\u00edas menos frecuentes en la Infancia, debido en parte a que durante muchos a\u00f1os se\u2026","rel":"","context":"En &quot;Publicaciones&quot;","img":{"alt_text":"","src":"https:\/\/i0.wp.com\/lafuente.mx\/wp-content\/uploads\/2024\/06\/Captura-de-pantalla-2024-06-19-a-las-12.27.32.png?fit=868%2C864&ssl=1&resize=350%2C200","width":350,"height":200},"classes":[]}],"jetpack_sharing_enabled":true,"jetpack_shortlink":"https:\/\/wp.me\/pe9WUx-JB","_links":{"self":[{"href":"https:\/\/lafuente.mx\/index.php?rest_route=\/wp\/v2\/posts\/2827"}],"collection":[{"href":"https:\/\/lafuente.mx\/index.php?rest_route=\/wp\/v2\/posts"}],"about":[{"href":"https:\/\/lafuente.mx\/index.php?rest_route=\/wp\/v2\/types\/post"}],"author":[{"embeddable":true,"href":"https:\/\/lafuente.mx\/index.php?rest_route=\/wp\/v2\/users\/3"}],"replies":[{"embeddable":true,"href":"https:\/\/lafuente.mx\/index.php?rest_route=%2Fwp%2Fv2%2Fcomments&post=2827"}],"version-history":[{"count":2,"href":"https:\/\/lafuente.mx\/index.php?rest_route=\/wp\/v2\/posts\/2827\/revisions"}],"predecessor-version":[{"id":2855,"href":"https:\/\/lafuente.mx\/index.php?rest_route=\/wp\/v2\/posts\/2827\/revisions\/2855"}],"wp:featuredmedia":[{"embeddable":true,"href":"https:\/\/lafuente.mx\/index.php?rest_route=\/wp\/v2\/media\/2829"}],"wp:attachment":[{"href":"https:\/\/lafuente.mx\/index.php?rest_route=%2Fwp%2Fv2%2Fmedia&parent=2827"}],"wp:term":[{"taxonomy":"category","embeddable":true,"href":"https:\/\/lafuente.mx\/index.php?rest_route=%2Fwp%2Fv2%2Fcategories&post=2827"},{"taxonomy":"post_tag","embeddable":true,"href":"https:\/\/lafuente.mx\/index.php?rest_route=%2Fwp%2Fv2%2Ftags&post=2827"}],"curies":[{"name":"wp","href":"https:\/\/api.w.org\/{rel}","templated":true}]}}