{"id":2797,"date":"2025-03-06T15:13:00","date_gmt":"2025-03-06T15:13:00","guid":{"rendered":"https:\/\/lafuente.mx\/?p=2797"},"modified":"2025-04-04T15:28:14","modified_gmt":"2025-04-04T15:28:14","slug":"xxi-coloquio-de-neurohumanidades-2025","status":"publish","type":"post","link":"https:\/\/lafuente.mx\/?p=2797","title":{"rendered":"XXI Coloquio de Neurohumanidades, 2025"},"content":{"rendered":"\n<p class=\"has-medium-font-size\">Te esperamos los d\u00edas 31 de marzo, 2 y 3 de abril en el XXI Coloquio de Neurohumanidades, que tendr\u00e1 lugar en el auditorio del Instituto Nacional de Psiquiatr\u00eda Ram\u00f3n de la Fuente Mu\u00f1iz. En esta ocasi\u00f3n, se abordar\u00e1n temas interesantes relacionados con la neurociencia, fibromialgia, cardio-psiquiatr\u00eda, psicofarmacolog\u00eda, entre otros.<\/p>\n\n\n<div class=\"wp-block-image\">\n<figure class=\"aligncenter size-large\"><img decoding=\"async\" loading=\"lazy\" width=\"640\" height=\"800\" src=\"https:\/\/i0.wp.com\/lafuente.mx\/wp-content\/uploads\/2025\/03\/COLOQUIO-2025-FB-01-819x1024.jpg?resize=640%2C800&#038;ssl=1\" alt=\"\" class=\"wp-image-2802\" srcset=\"https:\/\/i0.wp.com\/lafuente.mx\/wp-content\/uploads\/2025\/03\/COLOQUIO-2025-FB-01.jpg?resize=819%2C1024&amp;ssl=1 819w, https:\/\/i0.wp.com\/lafuente.mx\/wp-content\/uploads\/2025\/03\/COLOQUIO-2025-FB-01.jpg?resize=240%2C300&amp;ssl=1 240w, https:\/\/i0.wp.com\/lafuente.mx\/wp-content\/uploads\/2025\/03\/COLOQUIO-2025-FB-01.jpg?resize=768%2C960&amp;ssl=1 768w, https:\/\/i0.wp.com\/lafuente.mx\/wp-content\/uploads\/2025\/03\/COLOQUIO-2025-FB-01.jpg?resize=1229%2C1536&amp;ssl=1 1229w, https:\/\/i0.wp.com\/lafuente.mx\/wp-content\/uploads\/2025\/03\/COLOQUIO-2025-FB-01.jpg?resize=1639%2C2048&amp;ssl=1 1639w, https:\/\/i0.wp.com\/lafuente.mx\/wp-content\/uploads\/2025\/03\/COLOQUIO-2025-FB-01.jpg?w=1701&amp;ssl=1 1701w, https:\/\/i0.wp.com\/lafuente.mx\/wp-content\/uploads\/2025\/03\/COLOQUIO-2025-FB-01.jpg?w=1280 1280w\" sizes=\"(max-width: 640px) 100vw, 640px\" data-recalc-dims=\"1\" \/><\/figure><\/div>\n\n\n<hr class=\"wp-block-separator has-text-color has-alpha-channel-opacity has-background\" style=\"background-color:#7b1313;color:#7b1313\"\/>\n\n\n\n<p class=\"has-medium-font-size\">Para conocer el programa completo, haz clic <a href=\"https:\/\/www.inprf.gob.mx\/ensenanzanew\/info_cursos\/2025\/coloquio_2025.pdf\" target=\"_blank\" rel=\"noreferrer noopener\">aqu\u00ed<\/a> <br>Este evento ser\u00e1 transmitido en vivo a trav\u00e9s de <a href=\"https:\/\/www.facebook.com\/INPRFM\" target=\"_blank\" rel=\"noreferrer noopener\">@INPRFM<\/a> <\/p>\n","protected":false},"excerpt":{"rendered":"<p>Te esperamos los d\u00edas 31 de marzo, 2 y 3 de abril en el XXI Coloquio de Neurohumanidades, que tendr\u00e1 lugar en el auditorio del<\/p>\n","protected":false},"author":5,"featured_media":2810,"comment_status":"closed","ping_status":"closed","sticky":false,"template":"","format":"standard","meta":{"footnotes":"","jetpack_publicize_message":"","jetpack_is_tweetstorm":false,"jetpack_publicize_feature_enabled":true},"categories":[7,8],"tags":[885,341,329,21,230,884,32],"jetpack_publicize_connections":[],"yoast_head":"<!-- This site is optimized with the Yoast SEO plugin v19.4 - https:\/\/yoast.com\/wordpress\/plugins\/seo\/ -->\n<title>XXI Coloquio de Neurohumanidades, 2025 -<\/title>\n<meta name=\"description\" content=\"XXI Coloquio de Neurohumanidades, 2025\" \/>\n<meta name=\"robots\" content=\"index, follow, max-snippet:-1, max-image-preview:large, max-video-preview:-1\" \/>\n<link rel=\"canonical\" href=\"https:\/\/lafuente.mx\/?p=2797\" \/>\n<meta property=\"og:locale\" content=\"es_MX\" \/>\n<meta property=\"og:type\" content=\"article\" \/>\n<meta property=\"og:title\" content=\"XXI Coloquio de Neurohumanidades, 2025\" \/>\n<meta property=\"og:description\" content=\"XXI Coloquio de Neurohumanidades, 2025\" \/>\n<meta property=\"og:url\" content=\"https:\/\/lafuente.mx\/?p=2797\" \/>\n<meta property=\"article:published_time\" content=\"2025-03-06T15:13:00+00:00\" \/>\n<meta property=\"article:modified_time\" content=\"2025-04-04T15:28:14+00:00\" \/>\n<meta property=\"og:image\" content=\"http:\/\/lafuente.mx\/wp-content\/uploads\/2025\/03\/COLOQUIO-2025-FB-03.jpg\" \/>\n\t<meta property=\"og:image:width\" content=\"1562\" \/>\n\t<meta property=\"og:image:height\" content=\"656\" \/>\n\t<meta property=\"og:image:type\" content=\"image\/jpeg\" \/>\n<meta name=\"author\" content=\"Dar\u00edo Ram\u00edrez\" \/>\n<meta name=\"twitter:card\" content=\"summary_large_image\" \/>\n<meta name=\"twitter:title\" content=\"XXI Coloquio de Neurohumanidades, 2025\" \/>\n<meta name=\"twitter:description\" content=\"XXI Coloquio de Neurohumanidades, 2025\" \/>\n<meta name=\"twitter:image\" content=\"https:\/\/i0.wp.com\/lafuente.mx\/wp-content\/uploads\/2025\/03\/COLOQUIO-2025-FB-03.jpg?fit=1562%2C656&ssl=1\" \/>\n<meta name=\"twitter:label1\" content=\"Escrito por\" \/>\n\t<meta name=\"twitter:data1\" content=\"Dar\u00edo Ram\u00edrez\" \/>\n<script type=\"application\/ld+json\" class=\"yoast-schema-graph\">{\"@context\":\"https:\/\/schema.org\",\"@graph\":[{\"@type\":\"WebSite\",\"@id\":\"https:\/\/lafuente.mx\/#website\",\"url\":\"https:\/\/lafuente.mx\/\",\"name\":\"\",\"description\":\"Informaci\u00f3n confiable sobre salud mental\",\"potentialAction\":[{\"@type\":\"SearchAction\",\"target\":{\"@type\":\"EntryPoint\",\"urlTemplate\":\"https:\/\/lafuente.mx\/?s={search_term_string}\"},\"query-input\":\"required name=search_term_string\"}],\"inLanguage\":\"es-MX\"},{\"@type\":\"WebPage\",\"@id\":\"https:\/\/lafuente.mx\/?p=2797\",\"url\":\"https:\/\/lafuente.mx\/?p=2797\",\"name\":\"XXI Coloquio de Neurohumanidades, 2025 -\",\"isPartOf\":{\"@id\":\"https:\/\/lafuente.mx\/#website\"},\"datePublished\":\"2025-03-06T15:13:00+00:00\",\"dateModified\":\"2025-04-04T15:28:14+00:00\",\"author\":{\"@id\":\"https:\/\/lafuente.mx\/#\/schema\/person\/b9cc1ac3941245ec61c80638a92abfb6\"},\"description\":\"XXI Coloquio de Neurohumanidades, 2025\",\"breadcrumb\":{\"@id\":\"https:\/\/lafuente.mx\/?p=2797#breadcrumb\"},\"inLanguage\":\"es-MX\",\"potentialAction\":[{\"@type\":\"ReadAction\",\"target\":[\"https:\/\/lafuente.mx\/?p=2797\"]}]},{\"@type\":\"BreadcrumbList\",\"@id\":\"https:\/\/lafuente.mx\/?p=2797#breadcrumb\",\"itemListElement\":[{\"@type\":\"ListItem\",\"position\":1,\"name\":\"Inicio\",\"item\":\"https:\/\/lafuente.mx\/\"},{\"@type\":\"ListItem\",\"position\":2,\"name\":\"XXI Coloquio de Neurohumanidades, 2025\"}]},{\"@type\":\"Person\",\"@id\":\"https:\/\/lafuente.mx\/#\/schema\/person\/b9cc1ac3941245ec61c80638a92abfb6\",\"name\":\"Dar\u00edo Ram\u00edrez\",\"image\":{\"@type\":\"ImageObject\",\"inLanguage\":\"es-MX\",\"@id\":\"https:\/\/lafuente.mx\/#\/schema\/person\/image\/\",\"url\":\"https:\/\/secure.gravatar.com\/avatar\/bd5441528d8085d08a897e5789079259?s=96&d=mm&r=g\",\"contentUrl\":\"https:\/\/secure.gravatar.com\/avatar\/bd5441528d8085d08a897e5789079259?s=96&d=mm&r=g\",\"caption\":\"Dar\u00edo Ram\u00edrez\"},\"url\":\"https:\/\/lafuente.mx\/?author=5\"}]}<\/script>\n<!-- \/ Yoast SEO plugin. -->","yoast_head_json":{"title":"XXI Coloquio de Neurohumanidades, 2025 -","description":"XXI Coloquio de Neurohumanidades, 2025","robots":{"index":"index","follow":"follow","max-snippet":"max-snippet:-1","max-image-preview":"max-image-preview:large","max-video-preview":"max-video-preview:-1"},"canonical":"https:\/\/lafuente.mx\/?p=2797","og_locale":"es_MX","og_type":"article","og_title":"XXI Coloquio de Neurohumanidades, 2025","og_description":"XXI Coloquio de Neurohumanidades, 2025","og_url":"https:\/\/lafuente.mx\/?p=2797","article_published_time":"2025-03-06T15:13:00+00:00","article_modified_time":"2025-04-04T15:28:14+00:00","og_image":[{"width":1562,"height":656,"url":"http:\/\/lafuente.mx\/wp-content\/uploads\/2025\/03\/COLOQUIO-2025-FB-03.jpg","type":"image\/jpeg"}],"author":"Dar\u00edo Ram\u00edrez","twitter_card":"summary_large_image","twitter_title":"XXI Coloquio de Neurohumanidades, 2025","twitter_description":"XXI Coloquio de Neurohumanidades, 2025","twitter_image":"https:\/\/i0.wp.com\/lafuente.mx\/wp-content\/uploads\/2025\/03\/COLOQUIO-2025-FB-03.jpg?fit=1562%2C656&ssl=1","twitter_misc":{"Escrito por":"Dar\u00edo Ram\u00edrez"},"schema":{"@context":"https:\/\/schema.org","@graph":[{"@type":"WebSite","@id":"https:\/\/lafuente.mx\/#website","url":"https:\/\/lafuente.mx\/","name":"","description":"Informaci\u00f3n confiable sobre salud mental","potentialAction":[{"@type":"SearchAction","target":{"@type":"EntryPoint","urlTemplate":"https:\/\/lafuente.mx\/?s={search_term_string}"},"query-input":"required name=search_term_string"}],"inLanguage":"es-MX"},{"@type":"WebPage","@id":"https:\/\/lafuente.mx\/?p=2797","url":"https:\/\/lafuente.mx\/?p=2797","name":"XXI Coloquio de Neurohumanidades, 2025 -","isPartOf":{"@id":"https:\/\/lafuente.mx\/#website"},"datePublished":"2025-03-06T15:13:00+00:00","dateModified":"2025-04-04T15:28:14+00:00","author":{"@id":"https:\/\/lafuente.mx\/#\/schema\/person\/b9cc1ac3941245ec61c80638a92abfb6"},"description":"XXI Coloquio de Neurohumanidades, 2025","breadcrumb":{"@id":"https:\/\/lafuente.mx\/?p=2797#breadcrumb"},"inLanguage":"es-MX","potentialAction":[{"@type":"ReadAction","target":["https:\/\/lafuente.mx\/?p=2797"]}]},{"@type":"BreadcrumbList","@id":"https:\/\/lafuente.mx\/?p=2797#breadcrumb","itemListElement":[{"@type":"ListItem","position":1,"name":"Inicio","item":"https:\/\/lafuente.mx\/"},{"@type":"ListItem","position":2,"name":"XXI Coloquio de Neurohumanidades, 2025"}]},{"@type":"Person","@id":"https:\/\/lafuente.mx\/#\/schema\/person\/b9cc1ac3941245ec61c80638a92abfb6","name":"Dar\u00edo Ram\u00edrez","image":{"@type":"ImageObject","inLanguage":"es-MX","@id":"https:\/\/lafuente.mx\/#\/schema\/person\/image\/","url":"https:\/\/secure.gravatar.com\/avatar\/bd5441528d8085d08a897e5789079259?s=96&d=mm&r=g","contentUrl":"https:\/\/secure.gravatar.com\/avatar\/bd5441528d8085d08a897e5789079259?s=96&d=mm&r=g","caption":"Dar\u00edo Ram\u00edrez"},"url":"https:\/\/lafuente.mx\/?author=5"}]}},"jetpack_featured_media_url":"https:\/\/i0.wp.com\/lafuente.mx\/wp-content\/uploads\/2025\/03\/COLOQUIO-2025-FB2-03-03.jpg?fit=1123%2C834&ssl=1","jetpack-related-posts":[{"id":3187,"url":"https:\/\/lafuente.mx\/?p=3187","url_meta":{"origin":2797,"position":0},"title":"XXI Coloquio de Neurohumanidades","date":"agosto 8, 2025","format":false,"excerpt":"Del 25 al 28 de agosto XII Coloquio de Neurodanza y Salud Mental En reconocimiento a Gloria Contreras (1934-2015) Biosemi\u00f3tica - 104 Aniversario del natalicio del maestro Ram\u00f3n de la Fuente Mu\u00f1iz Programa","rel":"","context":"En &quot;Eventos Acad\u00e9micos del INPRFM&quot;","img":{"alt_text":"","src":"https:\/\/i0.wp.com\/lafuente.mx\/wp-content\/uploads\/2025\/08\/Captura-de-pantalla-2025-08-07-a-las-13.58.07.png?fit=682%2C740&ssl=1&resize=350%2C200","width":350,"height":200},"classes":[]},{"id":1417,"url":"https:\/\/lafuente.mx\/?p=1417","url_meta":{"origin":2797,"position":1},"title":"XIX Coloquio de Neurohumanidades\u00a0: Conectoma y complejidad VIII\u00a0","date":"julio 13, 2023","format":false,"excerpt":"Martes \u00b7 29 agosto\u00a0 Mesa A. Oscilaciones y resonancias en f\u00edsica y psicolog\u00eda Mesa B. Cronobiolog\u00eda, esteroides y salud\u00a0 Mi\u00e9rcoles 30 agosto\u00a0 Mesa C. Neuroimagen cl\u00ednica \/ Psiquiatr\u00eda computacional Mesa D. Inteligencia artificial \/ Ciencias de la complejidad Jueves 31 de agosto \u00a0 Mesa E. Mesa F. Consulta el programa\u2026","rel":"","context":"En &quot;Eventos&quot;","img":{"alt_text":"","src":"https:\/\/i0.wp.com\/lafuente.mx\/wp-content\/uploads\/2023\/07\/Sin-titulo-2-02-scaled.jpg?fit=1200%2C609&ssl=1&resize=350%2C200","width":350,"height":200},"classes":[]},{"id":2426,"url":"https:\/\/lafuente.mx\/?p=2426","url_meta":{"origin":2797,"position":2},"title":"XX Coloquio de Neurohumanidades, 2024","date":"julio 9, 2024","format":false,"excerpt":"Consulta el programa COLOQUIO-2024Descarga Informes: difusion@inprf.gob.mx","rel":"","context":"En &quot;Eventos&quot;","img":{"alt_text":"","src":"https:\/\/i0.wp.com\/lafuente.mx\/wp-content\/uploads\/2024\/07\/COLOQUIO-2024-2-scaled.jpg?fit=1200%2C504&ssl=1&resize=350%2C200","width":350,"height":200},"classes":[]},{"id":142,"url":"https:\/\/lafuente.mx\/?p=142","url_meta":{"origin":2797,"position":3},"title":"XVIII Coloquio de Neurohumanidades","date":"agosto 4, 2022","format":false,"excerpt":"Conectoma y complejidad VII\u00a0 Del 29 al 31 de agosto, 2022\u00a0 Mesa 1.Hormonas esteroides y psiquiatr\u00eda Mesa 2.Hormonas esteroides y psiquiatr\u00eda Mesa 3.Teor\u00eda de sistemas y biolog\u00eda Mesa 4.Richard Zenith. Redes sem\u00e1nticas y neuroliteratura Mesa 5.La neuroimagen en la cl\u00ednica Mesa 6.Ciencias de la complejidad y neuroimagen \u00a0 M\u00e1s informaci\u00f3n","rel":"","context":"En &quot;Eventos Acad\u00e9micos del INPRFM&quot;","img":{"alt_text":"","src":"https:\/\/i0.wp.com\/lafuente.mx\/wp-content\/uploads\/2022\/08\/Captura-de-Pantalla-2022-08-04-a-las-12.43.38.png?fit=1048%2C804&ssl=1&resize=350%2C200","width":350,"height":200},"classes":[]},{"id":1149,"url":"https:\/\/lafuente.mx\/?p=1149","url_meta":{"origin":2797,"position":4},"title":"Encuentro Colombo Mexicano de Neurociencia","date":"abril 19, 2023","format":false,"excerpt":"El Encuentro Colombo Mexicano de Neurociencia es un evento abierto a la comunidad cient\u00edfica y acad\u00e9mica, que trabaja en temas de neurociencia enfocados a la neurociencia traslacional, neurohumanidades, neurociencia en primates no humanos y neurociencia social.\u00a0 Tiene como objetivo la puesta en com\u00fan de proyectos de investigaci\u00f3n en neurociencia de\u2026","rel":"","context":"En &quot;Eventos&quot;","img":{"alt_text":"","src":"https:\/\/i0.wp.com\/lafuente.mx\/wp-content\/uploads\/2023\/04\/Captura.jpg?fit=1064%2C562&ssl=1&resize=350%2C200","width":350,"height":200},"classes":[]},{"id":963,"url":"https:\/\/lafuente.mx\/?p=963","url_meta":{"origin":2797,"position":5},"title":"XIX Coloquio de Neurohumanidades 2023\u00a0 Neurodanza y salud mental\u00a0","date":"marzo 22, 2023","format":false,"excerpt":"\u00a0XVII Aniversario luctuoso. Doctor Ram\u00f3n de la Fuente Mu\u00f1iz Imagen INPRFM 30 y 31 de marzo\u00a0 Temas: \u00a0 Sincronicidades y resonancias \u00a0 En reconocimiento a Pilar Chiappa y Jairo Mu\u00f1oz \u00a0 Coordina: Yuri Zambrano\u00a0 La danza y lo sagrado \u00a0 En reconocimiento a Ricardo Mondrag\u00f3n Ceballos y Leonor Hern\u00e1ndez L\u00f3pez\u2026","rel":"","context":"En &quot;Eventos Acad\u00e9micos del INPRFM&quot;","img":{"alt_text":"","src":"https:\/\/i0.wp.com\/lafuente.mx\/wp-content\/uploads\/2023\/03\/Captura-de-Pantalla-2023-03-22-a-las-11.13.52.png?fit=1113%2C1200&ssl=1&resize=350%2C200","width":350,"height":200},"classes":[]}],"jetpack_sharing_enabled":true,"jetpack_shortlink":"https:\/\/wp.me\/pe9WUx-J7","_links":{"self":[{"href":"https:\/\/lafuente.mx\/index.php?rest_route=\/wp\/v2\/posts\/2797"}],"collection":[{"href":"https:\/\/lafuente.mx\/index.php?rest_route=\/wp\/v2\/posts"}],"about":[{"href":"https:\/\/lafuente.mx\/index.php?rest_route=\/wp\/v2\/types\/post"}],"author":[{"embeddable":true,"href":"https:\/\/lafuente.mx\/index.php?rest_route=\/wp\/v2\/users\/5"}],"replies":[{"embeddable":true,"href":"https:\/\/lafuente.mx\/index.php?rest_route=%2Fwp%2Fv2%2Fcomments&post=2797"}],"version-history":[{"count":7,"href":"https:\/\/lafuente.mx\/index.php?rest_route=\/wp\/v2\/posts\/2797\/revisions"}],"predecessor-version":[{"id":2807,"href":"https:\/\/lafuente.mx\/index.php?rest_route=\/wp\/v2\/posts\/2797\/revisions\/2807"}],"wp:featuredmedia":[{"embeddable":true,"href":"https:\/\/lafuente.mx\/index.php?rest_route=\/wp\/v2\/media\/2810"}],"wp:attachment":[{"href":"https:\/\/lafuente.mx\/index.php?rest_route=%2Fwp%2Fv2%2Fmedia&parent=2797"}],"wp:term":[{"taxonomy":"category","embeddable":true,"href":"https:\/\/lafuente.mx\/index.php?rest_route=%2Fwp%2Fv2%2Fcategories&post=2797"},{"taxonomy":"post_tag","embeddable":true,"href":"https:\/\/lafuente.mx\/index.php?rest_route=%2Fwp%2Fv2%2Ftags&post=2797"}],"curies":[{"name":"wp","href":"https:\/\/api.w.org\/{rel}","templated":true}]}}