{"id":2793,"date":"2025-03-05T10:30:00","date_gmt":"2025-03-05T10:30:00","guid":{"rendered":"https:\/\/lafuente.mx\/?p=2793"},"modified":"2025-03-25T17:24:40","modified_gmt":"2025-03-25T17:24:40","slug":"borrador-automatico-semana-del-cerebro","status":"publish","type":"post","link":"https:\/\/lafuente.mx\/?p=2793","title":{"rendered":"Semana del Cerebro"},"content":{"rendered":"\n<hr class=\"wp-block-separator has-text-color has-vivid-purple-color has-alpha-channel-opacity has-vivid-purple-background-color has-background is-style-dots\"\/>\n\n\n\n<p class=\"has-text-align-center has-text-color has-large-font-size\" style=\"color:#48008b\"><strong>Del 12 al 14 de marzo<\/strong><\/p>\n\n\n\n<p class=\"has-text-align-center has-text-color has-medium-font-size\" style=\"color:#7219a4\"><strong>Conferencias, ciclo de talleres<\/strong><\/p>\n\n\n\n<p class=\"has-text-align-center has-text-color has-medium-font-size\" style=\"color:#0b1f5c\">SEDE: Instituto Nacional de Psiquiatr\u00eda Ram\u00f3n de la Fuente<\/p>\n\n\n\n<hr class=\"wp-block-separator has-text-color has-vivid-purple-color has-alpha-channel-opacity has-vivid-purple-background-color has-background is-style-dots\"\/>\n\n\n\n<p class=\"has-text-color has-medium-font-size\" style=\"color:#360e5b\"><strong>La Semana Mundial del Cerebro&nbsp;es una campa\u00f1a <\/strong>a nivel mundial<strong> <\/strong>y se celebra para concientizar a la poblaci\u00f3n sobre la importancia de la salud mental; adem\u00e1s, difunde los beneficios y la investigaci\u00f3n en neurociencias.&nbsp;<\/p>\n\n\n\n<p class=\"has-text-color has-medium-font-size\" style=\"color:#360e5b\">Se fund\u00f3 en 1996 por Dana Alliance for Brain Initiatives (DANAI) y la European Dana Alliance for the Brain (EDAB).<\/p>\n\n\n\n<p class=\"has-text-color has-medium-font-size\" style=\"color:#360e5b\">Se lleva a cabo cada a\u00f1o durante la tercera semana de marzo.&nbsp;<\/p>\n\n\n<div class=\"wp-block-image\">\n<figure class=\"aligncenter size-large is-resized\"><img decoding=\"async\" loading=\"lazy\" width=\"640\" height=\"369\" src=\"https:\/\/i0.wp.com\/lafuente.mx\/wp-content\/uploads\/2025\/03\/WhatsApp-Image-2025-02-25-at-1.55.20-PM-1024x591.jpeg?resize=640%2C369&#038;ssl=1\" alt=\"\" class=\"wp-image-2794\" style=\"aspect-ratio:1.7326565143824026;width:705px;height:auto\" srcset=\"https:\/\/i0.wp.com\/lafuente.mx\/wp-content\/uploads\/2025\/03\/WhatsApp-Image-2025-02-25-at-1.55.20-PM.jpeg?resize=1024%2C591&amp;ssl=1 1024w, https:\/\/i0.wp.com\/lafuente.mx\/wp-content\/uploads\/2025\/03\/WhatsApp-Image-2025-02-25-at-1.55.20-PM.jpeg?resize=300%2C173&amp;ssl=1 300w, https:\/\/i0.wp.com\/lafuente.mx\/wp-content\/uploads\/2025\/03\/WhatsApp-Image-2025-02-25-at-1.55.20-PM.jpeg?resize=768%2C443&amp;ssl=1 768w, https:\/\/i0.wp.com\/lafuente.mx\/wp-content\/uploads\/2025\/03\/WhatsApp-Image-2025-02-25-at-1.55.20-PM.jpeg?w=1364&amp;ssl=1 1364w, https:\/\/i0.wp.com\/lafuente.mx\/wp-content\/uploads\/2025\/03\/WhatsApp-Image-2025-02-25-at-1.55.20-PM.jpeg?w=1280 1280w\" sizes=\"(max-width: 640px) 100vw, 640px\" data-recalc-dims=\"1\" \/><\/figure><\/div>\n\n\n<hr class=\"wp-block-separator has-text-color has-vivid-purple-color has-alpha-channel-opacity has-vivid-purple-background-color has-background is-style-dots\"\/>\n\n\n\n<p class=\"has-text-align-center has-text-color has-large-font-size\" style=\"color:#7912a5\"><strong>\u00a1TE EINVITAMOS A CONOCER NUESTRO PROGRAMA DE ACTIVIDADES!<\/strong><\/p>\n\n\n\n<div class=\"wp-block-buttons is-layout-flex wp-block-buttons-is-layout-flex\">\n<div class=\"wp-block-button\"><a class=\"wp-block-button__link has-vivid-purple-background-color has-background wp-element-button\" href=\"https:\/\/www.inprf.gob.mx\/ensenanzanew\/info_cursos\/2025\/semana_cerebro_2025.pdf\">Programa<\/a><\/div>\n<\/div>\n\n\n\n<p><\/p>\n","protected":false},"excerpt":{"rendered":"<p>Del 12 al 14 de marzo Conferencias, ciclo de talleres SEDE: Instituto Nacional de Psiquiatr\u00eda Ram\u00f3n de la Fuente La Semana Mundial del Cerebro&nbsp;es una<\/p>\n","protected":false},"author":3,"featured_media":2794,"comment_status":"closed","ping_status":"closed","sticky":false,"template":"","format":"standard","meta":{"footnotes":"","jetpack_publicize_message":"","jetpack_is_tweetstorm":false,"jetpack_publicize_feature_enabled":true},"categories":[8],"tags":[882,349,881,21,32,883],"jetpack_publicize_connections":[],"yoast_head":"<!-- This site is optimized with the Yoast SEO plugin v19.4 - https:\/\/yoast.com\/wordpress\/plugins\/seo\/ -->\n<title>Semana del Cerebro -<\/title>\n<meta name=\"description\" content=\"La Semana Mundial del Cerebro\u00a0es una campa\u00f1a a nivel mundial y se celebra para concientizar a la poblaci\u00f3n sobre la importancia de la salud mental\" \/>\n<meta name=\"robots\" content=\"index, follow, max-snippet:-1, max-image-preview:large, max-video-preview:-1\" \/>\n<link rel=\"canonical\" href=\"https:\/\/lafuente.mx\/?p=2793\" \/>\n<meta property=\"og:locale\" content=\"es_MX\" \/>\n<meta property=\"og:type\" content=\"article\" \/>\n<meta property=\"og:title\" content=\"Semana del Cerebro\" \/>\n<meta property=\"og:description\" content=\"La Semana Mundial del Cerebro\u00a0es una campa\u00f1a a nivel mundial y se celebra para concientizar a la poblaci\u00f3n sobre la importancia de la salud mental\" \/>\n<meta property=\"og:url\" content=\"https:\/\/lafuente.mx\/?p=2793\" \/>\n<meta property=\"article:published_time\" content=\"2025-03-05T10:30:00+00:00\" \/>\n<meta property=\"article:modified_time\" content=\"2025-03-25T17:24:40+00:00\" \/>\n<meta property=\"og:image\" content=\"http:\/\/lafuente.mx\/wp-content\/uploads\/2025\/03\/WhatsApp-Image-2025-02-25-at-1.55.20-PM.jpeg\" \/>\n\t<meta property=\"og:image:width\" content=\"1364\" \/>\n\t<meta property=\"og:image:height\" content=\"787\" \/>\n\t<meta property=\"og:image:type\" content=\"image\/jpeg\" \/>\n<meta name=\"author\" content=\"Claudia Gallardo\" \/>\n<meta name=\"twitter:card\" content=\"summary_large_image\" \/>\n<meta name=\"twitter:title\" content=\"Semana del Cerebro\" \/>\n<meta name=\"twitter:description\" content=\"La Semana Mundial del Cerebro\u00a0es una campa\u00f1a a nivel mundial y se celebra para concientizar a la poblaci\u00f3n sobre la importancia de la salud mental\" \/>\n<meta name=\"twitter:image\" content=\"https:\/\/i0.wp.com\/lafuente.mx\/wp-content\/uploads\/2025\/03\/WhatsApp-Image-2025-02-25-at-1.55.20-PM.jpeg?fit=1364%2C787&ssl=1\" \/>\n<meta name=\"twitter:label1\" content=\"Escrito por\" \/>\n\t<meta name=\"twitter:data1\" content=\"Claudia Gallardo\" \/>\n\t<meta name=\"twitter:label2\" content=\"Tiempo de lectura\" \/>\n\t<meta name=\"twitter:data2\" content=\"1 minuto\" \/>\n<script type=\"application\/ld+json\" class=\"yoast-schema-graph\">{\"@context\":\"https:\/\/schema.org\",\"@graph\":[{\"@type\":\"WebSite\",\"@id\":\"https:\/\/lafuente.mx\/#website\",\"url\":\"https:\/\/lafuente.mx\/\",\"name\":\"\",\"description\":\"Informaci\u00f3n confiable sobre salud mental\",\"potentialAction\":[{\"@type\":\"SearchAction\",\"target\":{\"@type\":\"EntryPoint\",\"urlTemplate\":\"https:\/\/lafuente.mx\/?s={search_term_string}\"},\"query-input\":\"required name=search_term_string\"}],\"inLanguage\":\"es-MX\"},{\"@type\":\"WebPage\",\"@id\":\"https:\/\/lafuente.mx\/?p=2793\",\"url\":\"https:\/\/lafuente.mx\/?p=2793\",\"name\":\"Semana del Cerebro -\",\"isPartOf\":{\"@id\":\"https:\/\/lafuente.mx\/#website\"},\"datePublished\":\"2025-03-05T10:30:00+00:00\",\"dateModified\":\"2025-03-25T17:24:40+00:00\",\"author\":{\"@id\":\"https:\/\/lafuente.mx\/#\/schema\/person\/603f3aa8e2f6f7879021ab722d39d6b0\"},\"description\":\"La Semana Mundial del Cerebro\u00a0es una campa\u00f1a a nivel mundial y se celebra para concientizar a la poblaci\u00f3n sobre la importancia de la salud mental\",\"breadcrumb\":{\"@id\":\"https:\/\/lafuente.mx\/?p=2793#breadcrumb\"},\"inLanguage\":\"es-MX\",\"potentialAction\":[{\"@type\":\"ReadAction\",\"target\":[\"https:\/\/lafuente.mx\/?p=2793\"]}]},{\"@type\":\"BreadcrumbList\",\"@id\":\"https:\/\/lafuente.mx\/?p=2793#breadcrumb\",\"itemListElement\":[{\"@type\":\"ListItem\",\"position\":1,\"name\":\"Inicio\",\"item\":\"https:\/\/lafuente.mx\/\"},{\"@type\":\"ListItem\",\"position\":2,\"name\":\"Semana del Cerebro\"}]},{\"@type\":\"Person\",\"@id\":\"https:\/\/lafuente.mx\/#\/schema\/person\/603f3aa8e2f6f7879021ab722d39d6b0\",\"name\":\"Claudia Gallardo\",\"image\":{\"@type\":\"ImageObject\",\"inLanguage\":\"es-MX\",\"@id\":\"https:\/\/lafuente.mx\/#\/schema\/person\/image\/\",\"url\":\"https:\/\/secure.gravatar.com\/avatar\/bfe9c966af1ccfb9d17bcdb9d04e8815?s=96&d=mm&r=g\",\"contentUrl\":\"https:\/\/secure.gravatar.com\/avatar\/bfe9c966af1ccfb9d17bcdb9d04e8815?s=96&d=mm&r=g\",\"caption\":\"Claudia Gallardo\"},\"url\":\"https:\/\/lafuente.mx\/?author=3\"}]}<\/script>\n<!-- \/ Yoast SEO plugin. -->","yoast_head_json":{"title":"Semana del Cerebro -","description":"La Semana Mundial del Cerebro\u00a0es una campa\u00f1a a nivel mundial y se celebra para concientizar a la poblaci\u00f3n sobre la importancia de la salud mental","robots":{"index":"index","follow":"follow","max-snippet":"max-snippet:-1","max-image-preview":"max-image-preview:large","max-video-preview":"max-video-preview:-1"},"canonical":"https:\/\/lafuente.mx\/?p=2793","og_locale":"es_MX","og_type":"article","og_title":"Semana del Cerebro","og_description":"La Semana Mundial del Cerebro\u00a0es una campa\u00f1a a nivel mundial y se celebra para concientizar a la poblaci\u00f3n sobre la importancia de la salud mental","og_url":"https:\/\/lafuente.mx\/?p=2793","article_published_time":"2025-03-05T10:30:00+00:00","article_modified_time":"2025-03-25T17:24:40+00:00","og_image":[{"width":1364,"height":787,"url":"http:\/\/lafuente.mx\/wp-content\/uploads\/2025\/03\/WhatsApp-Image-2025-02-25-at-1.55.20-PM.jpeg","type":"image\/jpeg"}],"author":"Claudia Gallardo","twitter_card":"summary_large_image","twitter_title":"Semana del Cerebro","twitter_description":"La Semana Mundial del Cerebro\u00a0es una campa\u00f1a a nivel mundial y se celebra para concientizar a la poblaci\u00f3n sobre la importancia de la salud mental","twitter_image":"https:\/\/i0.wp.com\/lafuente.mx\/wp-content\/uploads\/2025\/03\/WhatsApp-Image-2025-02-25-at-1.55.20-PM.jpeg?fit=1364%2C787&ssl=1","twitter_misc":{"Escrito por":"Claudia Gallardo","Tiempo de lectura":"1 minuto"},"schema":{"@context":"https:\/\/schema.org","@graph":[{"@type":"WebSite","@id":"https:\/\/lafuente.mx\/#website","url":"https:\/\/lafuente.mx\/","name":"","description":"Informaci\u00f3n confiable sobre salud mental","potentialAction":[{"@type":"SearchAction","target":{"@type":"EntryPoint","urlTemplate":"https:\/\/lafuente.mx\/?s={search_term_string}"},"query-input":"required name=search_term_string"}],"inLanguage":"es-MX"},{"@type":"WebPage","@id":"https:\/\/lafuente.mx\/?p=2793","url":"https:\/\/lafuente.mx\/?p=2793","name":"Semana del Cerebro -","isPartOf":{"@id":"https:\/\/lafuente.mx\/#website"},"datePublished":"2025-03-05T10:30:00+00:00","dateModified":"2025-03-25T17:24:40+00:00","author":{"@id":"https:\/\/lafuente.mx\/#\/schema\/person\/603f3aa8e2f6f7879021ab722d39d6b0"},"description":"La Semana Mundial del Cerebro\u00a0es una campa\u00f1a a nivel mundial y se celebra para concientizar a la poblaci\u00f3n sobre la importancia de la salud mental","breadcrumb":{"@id":"https:\/\/lafuente.mx\/?p=2793#breadcrumb"},"inLanguage":"es-MX","potentialAction":[{"@type":"ReadAction","target":["https:\/\/lafuente.mx\/?p=2793"]}]},{"@type":"BreadcrumbList","@id":"https:\/\/lafuente.mx\/?p=2793#breadcrumb","itemListElement":[{"@type":"ListItem","position":1,"name":"Inicio","item":"https:\/\/lafuente.mx\/"},{"@type":"ListItem","position":2,"name":"Semana del Cerebro"}]},{"@type":"Person","@id":"https:\/\/lafuente.mx\/#\/schema\/person\/603f3aa8e2f6f7879021ab722d39d6b0","name":"Claudia Gallardo","image":{"@type":"ImageObject","inLanguage":"es-MX","@id":"https:\/\/lafuente.mx\/#\/schema\/person\/image\/","url":"https:\/\/secure.gravatar.com\/avatar\/bfe9c966af1ccfb9d17bcdb9d04e8815?s=96&d=mm&r=g","contentUrl":"https:\/\/secure.gravatar.com\/avatar\/bfe9c966af1ccfb9d17bcdb9d04e8815?s=96&d=mm&r=g","caption":"Claudia Gallardo"},"url":"https:\/\/lafuente.mx\/?author=3"}]}},"jetpack_featured_media_url":"https:\/\/i0.wp.com\/lafuente.mx\/wp-content\/uploads\/2025\/03\/WhatsApp-Image-2025-02-25-at-1.55.20-PM.jpeg?fit=1364%2C787&ssl=1","jetpack-related-posts":[{"id":3025,"url":"https:\/\/lafuente.mx\/?p=3025","url_meta":{"origin":2793,"position":0},"title":"Tema del mes: Salud cerebral","date":"julio 25, 2025","format":false,"excerpt":"JULIO En el INPRFM trabajamos cada d\u00eda para generar conocimiento, brindar atenci\u00f3n especializada y promover el bienestar mental y cerebral de la poblaci\u00f3n. Cuidar el cerebro es una tarea de todos, en todas las edades.","rel":"","context":"En &quot;T\u00f3picos de salud mental&quot;","img":{"alt_text":"","src":"https:\/\/i0.wp.com\/lafuente.mx\/wp-content\/uploads\/2025\/07\/Captura-de-pantalla-2025-07-08-a-las-12.35.47.png?fit=1200%2C702&ssl=1&resize=350%2C200","width":350,"height":200},"classes":[]},{"id":3152,"url":"https:\/\/lafuente.mx\/?p=3152","url_meta":{"origin":2793,"position":1},"title":"D\u00eda Mundial del Cerebro 2025\u00a0","date":"julio 22, 2025","format":false,"excerpt":"22 de julio\u00a0 Salud cerebral para todas las edades\u00a0 Este a\u00f1o, desde el INPRFM nos sumamos a la campa\u00f1a global que reconoce el papel central que tiene la salud cerebral en cada etapa de la vida.\u00a0\u00a0 Desde la infancia hasta la vejez, cuidar el cerebro es cuidar el bienestar f\u00edsico,\u2026","rel":"","context":"En &quot;Efem\u00e9rides de Salud Mental&quot;","img":{"alt_text":"jigsaw, puzzle, brain, mind, woman, head, colors, think, ai generated, mind, mind, mind, mind, mind-8808273.jpg","src":"https:\/\/i0.wp.com\/lafuente.mx\/wp-content\/uploads\/2025\/07\/jigsaw-puzzle-brain-mind-woman-head-colors-think-ai-generated-mind-mind-mind-mind-mind-8808273.jpg?fit=1200%2C1200&ssl=1&resize=350%2C200","width":350,"height":200},"classes":[]},{"id":2050,"url":"https:\/\/lafuente.mx\/?p=2050","url_meta":{"origin":2793,"position":2},"title":"El amor: \u00bfQu\u00e9 pasa en mi cerebro?","date":"febrero 2, 2024","format":false,"excerpt":"C O N F E R E N C I A 10 DE FEBRERO 12:00 horas Hablemos de salud mental 10 DE CADA MES Ponentes: Eduardo Calixto Gonz\u00e1lez C\u00e9sar Amaury S\u00e1nchez Aguilar","rel":"","context":"En &quot;Eventos Acad\u00e9micos del INPRFM&quot;","img":{"alt_text":"","src":"https:\/\/i0.wp.com\/lafuente.mx\/wp-content\/uploads\/2024\/02\/02.jpg?fit=1200%2C900&ssl=1&resize=350%2C200","width":350,"height":200},"classes":[]},{"id":3425,"url":"https:\/\/lafuente.mx\/?p=3425","url_meta":{"origin":2793,"position":3},"title":"La enfermer\u00eda en salud mental: pilar en el desarrollo de la sociedad","date":"octubre 21, 2025","format":false,"excerpt":"Jornadas de Enfermer\u00eda 22 y 23 de octubre 2025 De 8:00 a 14:00 h \u2022 Videoconferencias \u2022 Conferencias Magistrales \u2022 Mesas redondas \u2022 Talleres Transmisi\u00f3n en vivo por FB LIVE Auditorio del Instituto Nacional de Psiquiatr\u00eda Ram\u00f3n de la Fuente Entrada libre, cupo limitado Registro Programa","rel":"","context":"En &quot;Eventos Acad\u00e9micos del INPRFM&quot;","img":{"alt_text":"","src":"https:\/\/i0.wp.com\/lafuente.mx\/wp-content\/uploads\/2025\/10\/Captura-de-pantalla-2025-10-21-a-las-9.52.56.png?fit=1200%2C1103&ssl=1&resize=350%2C200","width":350,"height":200},"classes":[]},{"id":3578,"url":"https:\/\/lafuente.mx\/?p=3578","url_meta":{"origin":2793,"position":4},"title":"C\u00f3mo el amor moldea nuestra mente","date":"febrero 9, 2026","format":false,"excerpt":"CONVERSATORIO Hablemos de salud mental 10 de febrero a las 12:00 horas, M\u00e9xico 10 de cada mes Ponentes: C\u00e9sar Amaury S\u00e1nchez Aguilar Carmen Guarner Catal\u00e1 El amor es un proceso complejo no s\u00f3lo del coraz\u00f3n, sino que ocurre principalmente en el cerebro, involucrando mecanismos neuronales de recompensa, cognici\u00f3n social y\u2026","rel":"","context":"En &quot;Eventos Acad\u00e9micos del INPRFM&quot;","img":{"alt_text":"","src":"https:\/\/i0.wp.com\/lafuente.mx\/wp-content\/uploads\/2026\/02\/WhatsApp-Image-2026-02-09-at-9.45.48-AM-1.jpeg?fit=1200%2C900&ssl=1&resize=350%2C200","width":350,"height":200},"classes":[]},{"id":2426,"url":"https:\/\/lafuente.mx\/?p=2426","url_meta":{"origin":2793,"position":5},"title":"XX Coloquio de Neurohumanidades, 2024","date":"julio 9, 2024","format":false,"excerpt":"Consulta el programa COLOQUIO-2024Descarga Informes: difusion@inprf.gob.mx","rel":"","context":"En &quot;Eventos&quot;","img":{"alt_text":"","src":"https:\/\/i0.wp.com\/lafuente.mx\/wp-content\/uploads\/2024\/07\/COLOQUIO-2024-2-scaled.jpg?fit=1200%2C504&ssl=1&resize=350%2C200","width":350,"height":200},"classes":[]}],"jetpack_sharing_enabled":true,"jetpack_shortlink":"https:\/\/wp.me\/pe9WUx-J3","_links":{"self":[{"href":"https:\/\/lafuente.mx\/index.php?rest_route=\/wp\/v2\/posts\/2793"}],"collection":[{"href":"https:\/\/lafuente.mx\/index.php?rest_route=\/wp\/v2\/posts"}],"about":[{"href":"https:\/\/lafuente.mx\/index.php?rest_route=\/wp\/v2\/types\/post"}],"author":[{"embeddable":true,"href":"https:\/\/lafuente.mx\/index.php?rest_route=\/wp\/v2\/users\/3"}],"replies":[{"embeddable":true,"href":"https:\/\/lafuente.mx\/index.php?rest_route=%2Fwp%2Fv2%2Fcomments&post=2793"}],"version-history":[{"count":2,"href":"https:\/\/lafuente.mx\/index.php?rest_route=\/wp\/v2\/posts\/2793\/revisions"}],"predecessor-version":[{"id":2813,"href":"https:\/\/lafuente.mx\/index.php?rest_route=\/wp\/v2\/posts\/2793\/revisions\/2813"}],"wp:featuredmedia":[{"embeddable":true,"href":"https:\/\/lafuente.mx\/index.php?rest_route=\/wp\/v2\/media\/2794"}],"wp:attachment":[{"href":"https:\/\/lafuente.mx\/index.php?rest_route=%2Fwp%2Fv2%2Fmedia&parent=2793"}],"wp:term":[{"taxonomy":"category","embeddable":true,"href":"https:\/\/lafuente.mx\/index.php?rest_route=%2Fwp%2Fv2%2Fcategories&post=2793"},{"taxonomy":"post_tag","embeddable":true,"href":"https:\/\/lafuente.mx\/index.php?rest_route=%2Fwp%2Fv2%2Ftags&post=2793"}],"curies":[{"name":"wp","href":"https:\/\/api.w.org\/{rel}","templated":true}]}}