{"id":2784,"date":"2025-03-04T18:15:54","date_gmt":"2025-03-04T18:15:54","guid":{"rendered":"https:\/\/lafuente.mx\/?p=2784"},"modified":"2025-03-07T15:48:14","modified_gmt":"2025-03-07T15:48:14","slug":"borrador-automatico-dia-mundial-de-la-obesidad-un-desafio-global","status":"publish","type":"post","link":"https:\/\/lafuente.mx\/?p=2784","title":{"rendered":"D\u00eda Mundial de la Obesidad: un desaf\u00edo global\u00a0"},"content":{"rendered":"\n<hr class=\"wp-block-separator has-text-color has-luminous-vivid-orange-color has-alpha-channel-opacity has-luminous-vivid-orange-background-color has-background\"\/>\n\n\n\n<p class=\"has-text-color has-medium-font-size\" style=\"color:#6f3200\"><strong>Cada 4 de marzo<\/strong> se conmemora el <strong>D\u00eda Mundial de la Obesidad<\/strong>, para sensibilizar sobre el impacto de esta enfermedad y promover acciones para su prevenci\u00f3n y tratamiento.&nbsp;<\/p>\n\n\n\n<p class=\"has-text-color has-medium-font-size\" style=\"color:#6f3200\">La obesidad es una enfermedad cr\u00f3nica caracterizada por un exceso de grasa corporal que puede afectar la salud y aumentar el riesgo de enfermedades no transmisibles como diabetes tipo 2, enfermedades cardiovasculares, hipertensi\u00f3n y ciertos tipos de c\u00e1ncer. Seg\u00fan la OMS, desde 1975 la obesidad se ha triplicado en todo el mundo, afectando actualmente a m\u00e1s de 800 millones de personas.&nbsp;<\/p>\n\n\n\n<p class=\"has-text-color has-medium-font-size\" style=\"color:#6f3200\">En Am\u00e9rica Latina y el Caribe, la situaci\u00f3n es particularmente preocupante, con cifras en constante aumento. De acuerdo con datos de la Organizaci\u00f3n Panamericana de la Salud (OPS), el sobrepeso y la obesidad afectan a cerca del 60% de la poblaci\u00f3n adulta y a un 33% de los ni\u00f1os y adolescentes de la regi\u00f3n.&nbsp;<\/p>\n\n\n\n<hr class=\"wp-block-separator has-text-color has-luminous-vivid-orange-color has-alpha-channel-opacity has-luminous-vivid-orange-background-color has-background\"\/>\n\n\n\n<p class=\"has-text-align-center has-text-color has-large-font-size\" style=\"color:#6f3200\"><strong>Prevenirla es posible, aqu\u00ed tienes algunas acciones que marcan la diferencia:<\/strong>&nbsp;<br>&nbsp;<\/p>\n\n\n\n<p class=\"has-text-color has-medium-font-size\" style=\"color:#6f3200\"><strong>Alimentaci\u00f3n Saludable&nbsp;<\/strong>&nbsp;<br>Incorpora m\u00e1s frutas, verduras y alimentos frescos en tu dieta diaria. Evita los productos ultraprocesados que tienen un alto contenido en grasas, az\u00facares y sal.&nbsp;<\/p>\n\n\n<div class=\"wp-block-image\">\n<figure class=\"aligncenter size-large is-resized\"><img decoding=\"async\" loading=\"lazy\" width=\"640\" height=\"426\" src=\"https:\/\/i0.wp.com\/lafuente.mx\/wp-content\/uploads\/2025\/03\/woman-cooking-vietnamese-cuisine-vietnamese-woman-food-vietnamese-food-flat-lay-cooking-cooking-cooking-cooking-cooking-food-food-food-food-vietnamese-food-6754248.jpg?resize=640%2C426\" alt=\"woman, cooking, vietnamese cuisine, vietnamese woman, food, vietnamese food, flat lay, cooking, cooking, cooking, cooking, cooking, food, food, food, food, vietnamese food-6754248.jpg\" class=\"wp-image-2785\" style=\"aspect-ratio:1.501466275659824;width:628px;height:auto\" srcset=\"https:\/\/i0.wp.com\/lafuente.mx\/wp-content\/uploads\/2025\/03\/woman-cooking-vietnamese-cuisine-vietnamese-woman-food-vietnamese-food-flat-lay-cooking-cooking-cooking-cooking-cooking-food-food-food-food-vietnamese-food-6754248.jpg?resize=1024%2C682&amp;ssl=1 1024w, https:\/\/i0.wp.com\/lafuente.mx\/wp-content\/uploads\/2025\/03\/woman-cooking-vietnamese-cuisine-vietnamese-woman-food-vietnamese-food-flat-lay-cooking-cooking-cooking-cooking-cooking-food-food-food-food-vietnamese-food-6754248.jpg?resize=300%2C200&amp;ssl=1 300w, https:\/\/i0.wp.com\/lafuente.mx\/wp-content\/uploads\/2025\/03\/woman-cooking-vietnamese-cuisine-vietnamese-woman-food-vietnamese-food-flat-lay-cooking-cooking-cooking-cooking-cooking-food-food-food-food-vietnamese-food-6754248.jpg?resize=768%2C512&amp;ssl=1 768w, https:\/\/i0.wp.com\/lafuente.mx\/wp-content\/uploads\/2025\/03\/woman-cooking-vietnamese-cuisine-vietnamese-woman-food-vietnamese-food-flat-lay-cooking-cooking-cooking-cooking-cooking-food-food-food-food-vietnamese-food-6754248.jpg?w=1280&amp;ssl=1 1280w\" sizes=\"(max-width: 640px) 100vw, 640px\" data-recalc-dims=\"1\" \/><\/figure><\/div>\n\n\n<p class=\"has-text-color has-medium-font-size\" style=\"color:#6f3200\"><br>&nbsp;<br><strong>Actividad F\u00edsica Regular<\/strong>&nbsp;<br>El movimiento es clave. No necesitas un gimnasio: caminar, subir escaleras o bailar en casa son grandes aliados para tu salud.&nbsp;<br>&nbsp;<br><strong>Hidrataci\u00f3n frecuente&nbsp;<\/strong>&nbsp;<br>El agua es la mejor opci\u00f3n. Limita las bebidas azucaradas, que aportan calor\u00edas no beneficiosas &nbsp;y aumentan el riesgo de obesidad.&nbsp;<br>&nbsp;<br><strong>Ambientes Saludables<\/strong>&nbsp;<br>En el hogar, la escuela y el trabajo, es importante facilitar que las opciones saludables sean las m\u00e1s f\u00e1ciles.&nbsp;<\/p>\n\n\n<div class=\"wp-block-image\">\n<figure class=\"aligncenter size-large is-resized\"><img decoding=\"async\" loading=\"lazy\" width=\"640\" height=\"426\" src=\"https:\/\/i0.wp.com\/lafuente.mx\/wp-content\/uploads\/2025\/03\/exercise-gymnasium-exercising-stretch-exercises-gym-recreation-stretching-man-women-exercise-gym-gym-gym-gym-gym-stretching-86200.jpg?resize=640%2C426\" alt=\"exercise, gymnasium, exercising, stretch, exercises, gym, recreation, stretching, man, women, exercise, gym, gym, gym, gym, gym, stretching-86200.jpg\" class=\"wp-image-2786\" style=\"aspect-ratio:1.501466275659824;width:617px;height:auto\" srcset=\"https:\/\/i0.wp.com\/lafuente.mx\/wp-content\/uploads\/2025\/03\/exercise-gymnasium-exercising-stretch-exercises-gym-recreation-stretching-man-women-exercise-gym-gym-gym-gym-gym-stretching-86200.jpg?resize=1024%2C682&amp;ssl=1 1024w, https:\/\/i0.wp.com\/lafuente.mx\/wp-content\/uploads\/2025\/03\/exercise-gymnasium-exercising-stretch-exercises-gym-recreation-stretching-man-women-exercise-gym-gym-gym-gym-gym-stretching-86200.jpg?resize=300%2C200&amp;ssl=1 300w, https:\/\/i0.wp.com\/lafuente.mx\/wp-content\/uploads\/2025\/03\/exercise-gymnasium-exercising-stretch-exercises-gym-recreation-stretching-man-women-exercise-gym-gym-gym-gym-gym-stretching-86200.jpg?resize=768%2C512&amp;ssl=1 768w, https:\/\/i0.wp.com\/lafuente.mx\/wp-content\/uploads\/2025\/03\/exercise-gymnasium-exercising-stretch-exercises-gym-recreation-stretching-man-women-exercise-gym-gym-gym-gym-gym-stretching-86200.jpg?w=1280&amp;ssl=1 1280w\" sizes=\"(max-width: 640px) 100vw, 640px\" data-recalc-dims=\"1\" \/><\/figure><\/div>\n\n\n<p class=\"has-white-color has-luminous-vivid-orange-background-color has-text-color has-background has-medium-font-size\">El cambio comienza con peque\u00f1os pasos. Informarse, elegir mejor, apoyar pol\u00edticas p\u00fablicas que prioricen la salud. Juntos, podemos detener el avance de la obesidad y garantizar un futuro m\u00e1s saludable para todos.&nbsp;<\/p>\n\n\n\n<div class=\"wp-block-buttons is-layout-flex wp-block-buttons-is-layout-flex\">\n<div class=\"wp-block-button\"><a class=\"wp-block-button__link has-luminous-vivid-orange-background-color has-background wp-element-button\" href=\"https:\/\/www.paho.org\/es\/noticias\/3-3-2025-dia-mundial-obesidad-desafio-global\">M\u00e1s informaci\u00f3n<\/a><\/div>\n<\/div>\n","protected":false},"excerpt":{"rendered":"<p>Cada 4 de marzo se conmemora el D\u00eda Mundial de la Obesidad, para sensibilizar sobre el impacto de esta enfermedad y promover acciones para su<\/p>\n","protected":false},"author":3,"featured_media":2785,"comment_status":"closed","ping_status":"closed","sticky":false,"template":"","format":"standard","meta":{"footnotes":"","jetpack_publicize_message":"","jetpack_is_tweetstorm":false,"jetpack_publicize_feature_enabled":true},"categories":[13],"tags":[875,877,88,879,872,876,286,878,874,21,242,63,123,32,647,172],"jetpack_publicize_connections":[],"yoast_head":"<!-- This site is optimized with the Yoast SEO plugin v19.4 - https:\/\/yoast.com\/wordpress\/plugins\/seo\/ -->\n<title>D\u00eda Mundial de la Obesidad: un desaf\u00edo global\u00a0 -<\/title>\n<meta name=\"description\" content=\"Cada 4 de marzo se conmemora el D\u00eda Mundial de la Obesidad, para sensibilizar sobre el impacto de esta enfermedad y promover acciones para su prevenci\u00f3n y tratamiento.\u00a0\" \/>\n<meta name=\"robots\" content=\"index, follow, max-snippet:-1, max-image-preview:large, max-video-preview:-1\" \/>\n<link rel=\"canonical\" href=\"https:\/\/lafuente.mx\/?p=2784\" \/>\n<meta property=\"og:locale\" content=\"es_MX\" \/>\n<meta property=\"og:type\" content=\"article\" \/>\n<meta property=\"og:title\" content=\"D\u00eda Mundial de la Obesidad: un desaf\u00edo global\u00a0\" \/>\n<meta property=\"og:description\" content=\"Cada 4 de marzo se conmemora el D\u00eda Mundial de la Obesidad, para sensibilizar sobre el impacto de esta enfermedad y promover acciones para su prevenci\u00f3n y tratamiento.\u00a0\" \/>\n<meta property=\"og:url\" content=\"https:\/\/lafuente.mx\/?p=2784\" \/>\n<meta property=\"article:published_time\" content=\"2025-03-04T18:15:54+00:00\" \/>\n<meta property=\"article:modified_time\" content=\"2025-03-07T15:48:14+00:00\" \/>\n<meta property=\"og:image\" content=\"http:\/\/lafuente.mx\/wp-content\/uploads\/2025\/03\/woman-cooking-vietnamese-cuisine-vietnamese-woman-food-vietnamese-food-flat-lay-cooking-cooking-cooking-cooking-cooking-food-food-food-food-vietnamese-food-6754248.jpg\" \/>\n\t<meta property=\"og:image:width\" content=\"1280\" \/>\n\t<meta property=\"og:image:height\" content=\"853\" \/>\n\t<meta property=\"og:image:type\" content=\"image\/jpeg\" \/>\n<meta name=\"author\" content=\"Claudia Gallardo\" \/>\n<meta name=\"twitter:card\" content=\"summary_large_image\" \/>\n<meta name=\"twitter:title\" content=\"D\u00eda Mundial de la Obesidad: un desaf\u00edo global\u00a0\" \/>\n<meta name=\"twitter:description\" content=\"Cada 4 de marzo se conmemora el D\u00eda Mundial de la Obesidad, para sensibilizar sobre el impacto de esta enfermedad y promover acciones para su prevenci\u00f3n y tratamiento.\u00a0\" \/>\n<meta name=\"twitter:image\" content=\"https:\/\/i0.wp.com\/lafuente.mx\/wp-content\/uploads\/2025\/03\/woman-cooking-vietnamese-cuisine-vietnamese-woman-food-vietnamese-food-flat-lay-cooking-cooking-cooking-cooking-cooking-food-food-food-food-vietnamese-food-6754248.jpg?fit=1280%2C853&ssl=1\" \/>\n<meta name=\"twitter:label1\" content=\"Escrito por\" \/>\n\t<meta name=\"twitter:data1\" content=\"Claudia Gallardo\" \/>\n\t<meta name=\"twitter:label2\" content=\"Tiempo de lectura\" \/>\n\t<meta name=\"twitter:data2\" content=\"2 minutos\" \/>\n<script type=\"application\/ld+json\" class=\"yoast-schema-graph\">{\"@context\":\"https:\/\/schema.org\",\"@graph\":[{\"@type\":\"WebSite\",\"@id\":\"https:\/\/lafuente.mx\/#website\",\"url\":\"https:\/\/lafuente.mx\/\",\"name\":\"\",\"description\":\"Informaci\u00f3n confiable sobre salud mental\",\"potentialAction\":[{\"@type\":\"SearchAction\",\"target\":{\"@type\":\"EntryPoint\",\"urlTemplate\":\"https:\/\/lafuente.mx\/?s={search_term_string}\"},\"query-input\":\"required name=search_term_string\"}],\"inLanguage\":\"es-MX\"},{\"@type\":\"WebPage\",\"@id\":\"https:\/\/lafuente.mx\/?p=2784\",\"url\":\"https:\/\/lafuente.mx\/?p=2784\",\"name\":\"D\u00eda Mundial de la Obesidad: un desaf\u00edo global\u00a0 -\",\"isPartOf\":{\"@id\":\"https:\/\/lafuente.mx\/#website\"},\"datePublished\":\"2025-03-04T18:15:54+00:00\",\"dateModified\":\"2025-03-07T15:48:14+00:00\",\"author\":{\"@id\":\"https:\/\/lafuente.mx\/#\/schema\/person\/603f3aa8e2f6f7879021ab722d39d6b0\"},\"description\":\"Cada 4 de marzo se conmemora el D\u00eda Mundial de la Obesidad, para sensibilizar sobre el impacto de esta enfermedad y promover acciones para su prevenci\u00f3n y tratamiento.\u00a0\",\"breadcrumb\":{\"@id\":\"https:\/\/lafuente.mx\/?p=2784#breadcrumb\"},\"inLanguage\":\"es-MX\",\"potentialAction\":[{\"@type\":\"ReadAction\",\"target\":[\"https:\/\/lafuente.mx\/?p=2784\"]}]},{\"@type\":\"BreadcrumbList\",\"@id\":\"https:\/\/lafuente.mx\/?p=2784#breadcrumb\",\"itemListElement\":[{\"@type\":\"ListItem\",\"position\":1,\"name\":\"Inicio\",\"item\":\"https:\/\/lafuente.mx\/\"},{\"@type\":\"ListItem\",\"position\":2,\"name\":\"D\u00eda Mundial de la Obesidad: un desaf\u00edo global\u00a0\"}]},{\"@type\":\"Person\",\"@id\":\"https:\/\/lafuente.mx\/#\/schema\/person\/603f3aa8e2f6f7879021ab722d39d6b0\",\"name\":\"Claudia Gallardo\",\"image\":{\"@type\":\"ImageObject\",\"inLanguage\":\"es-MX\",\"@id\":\"https:\/\/lafuente.mx\/#\/schema\/person\/image\/\",\"url\":\"https:\/\/secure.gravatar.com\/avatar\/bfe9c966af1ccfb9d17bcdb9d04e8815?s=96&d=mm&r=g\",\"contentUrl\":\"https:\/\/secure.gravatar.com\/avatar\/bfe9c966af1ccfb9d17bcdb9d04e8815?s=96&d=mm&r=g\",\"caption\":\"Claudia Gallardo\"},\"url\":\"https:\/\/lafuente.mx\/?author=3\"}]}<\/script>\n<!-- \/ Yoast SEO plugin. -->","yoast_head_json":{"title":"D\u00eda Mundial de la Obesidad: un desaf\u00edo global\u00a0 -","description":"Cada 4 de marzo se conmemora el D\u00eda Mundial de la Obesidad, para sensibilizar sobre el impacto de esta enfermedad y promover acciones para su prevenci\u00f3n y tratamiento.\u00a0","robots":{"index":"index","follow":"follow","max-snippet":"max-snippet:-1","max-image-preview":"max-image-preview:large","max-video-preview":"max-video-preview:-1"},"canonical":"https:\/\/lafuente.mx\/?p=2784","og_locale":"es_MX","og_type":"article","og_title":"D\u00eda Mundial de la Obesidad: un desaf\u00edo global\u00a0","og_description":"Cada 4 de marzo se conmemora el D\u00eda Mundial de la Obesidad, para sensibilizar sobre el impacto de esta enfermedad y promover acciones para su prevenci\u00f3n y tratamiento.\u00a0","og_url":"https:\/\/lafuente.mx\/?p=2784","article_published_time":"2025-03-04T18:15:54+00:00","article_modified_time":"2025-03-07T15:48:14+00:00","og_image":[{"width":1280,"height":853,"url":"http:\/\/lafuente.mx\/wp-content\/uploads\/2025\/03\/woman-cooking-vietnamese-cuisine-vietnamese-woman-food-vietnamese-food-flat-lay-cooking-cooking-cooking-cooking-cooking-food-food-food-food-vietnamese-food-6754248.jpg","type":"image\/jpeg"}],"author":"Claudia Gallardo","twitter_card":"summary_large_image","twitter_title":"D\u00eda Mundial de la Obesidad: un desaf\u00edo global\u00a0","twitter_description":"Cada 4 de marzo se conmemora el D\u00eda Mundial de la Obesidad, para sensibilizar sobre el impacto de esta enfermedad y promover acciones para su prevenci\u00f3n y tratamiento.\u00a0","twitter_image":"https:\/\/i0.wp.com\/lafuente.mx\/wp-content\/uploads\/2025\/03\/woman-cooking-vietnamese-cuisine-vietnamese-woman-food-vietnamese-food-flat-lay-cooking-cooking-cooking-cooking-cooking-food-food-food-food-vietnamese-food-6754248.jpg?fit=1280%2C853&ssl=1","twitter_misc":{"Escrito por":"Claudia Gallardo","Tiempo de lectura":"2 minutos"},"schema":{"@context":"https:\/\/schema.org","@graph":[{"@type":"WebSite","@id":"https:\/\/lafuente.mx\/#website","url":"https:\/\/lafuente.mx\/","name":"","description":"Informaci\u00f3n confiable sobre salud mental","potentialAction":[{"@type":"SearchAction","target":{"@type":"EntryPoint","urlTemplate":"https:\/\/lafuente.mx\/?s={search_term_string}"},"query-input":"required name=search_term_string"}],"inLanguage":"es-MX"},{"@type":"WebPage","@id":"https:\/\/lafuente.mx\/?p=2784","url":"https:\/\/lafuente.mx\/?p=2784","name":"D\u00eda Mundial de la Obesidad: un desaf\u00edo global\u00a0 -","isPartOf":{"@id":"https:\/\/lafuente.mx\/#website"},"datePublished":"2025-03-04T18:15:54+00:00","dateModified":"2025-03-07T15:48:14+00:00","author":{"@id":"https:\/\/lafuente.mx\/#\/schema\/person\/603f3aa8e2f6f7879021ab722d39d6b0"},"description":"Cada 4 de marzo se conmemora el D\u00eda Mundial de la Obesidad, para sensibilizar sobre el impacto de esta enfermedad y promover acciones para su prevenci\u00f3n y tratamiento.\u00a0","breadcrumb":{"@id":"https:\/\/lafuente.mx\/?p=2784#breadcrumb"},"inLanguage":"es-MX","potentialAction":[{"@type":"ReadAction","target":["https:\/\/lafuente.mx\/?p=2784"]}]},{"@type":"BreadcrumbList","@id":"https:\/\/lafuente.mx\/?p=2784#breadcrumb","itemListElement":[{"@type":"ListItem","position":1,"name":"Inicio","item":"https:\/\/lafuente.mx\/"},{"@type":"ListItem","position":2,"name":"D\u00eda Mundial de la Obesidad: un desaf\u00edo global\u00a0"}]},{"@type":"Person","@id":"https:\/\/lafuente.mx\/#\/schema\/person\/603f3aa8e2f6f7879021ab722d39d6b0","name":"Claudia Gallardo","image":{"@type":"ImageObject","inLanguage":"es-MX","@id":"https:\/\/lafuente.mx\/#\/schema\/person\/image\/","url":"https:\/\/secure.gravatar.com\/avatar\/bfe9c966af1ccfb9d17bcdb9d04e8815?s=96&d=mm&r=g","contentUrl":"https:\/\/secure.gravatar.com\/avatar\/bfe9c966af1ccfb9d17bcdb9d04e8815?s=96&d=mm&r=g","caption":"Claudia Gallardo"},"url":"https:\/\/lafuente.mx\/?author=3"}]}},"jetpack_featured_media_url":"https:\/\/i0.wp.com\/lafuente.mx\/wp-content\/uploads\/2025\/03\/woman-cooking-vietnamese-cuisine-vietnamese-woman-food-vietnamese-food-flat-lay-cooking-cooking-cooking-cooking-cooking-food-food-food-food-vietnamese-food-6754248.jpg?fit=1280%2C853&ssl=1","jetpack-related-posts":[{"id":2033,"url":"https:\/\/lafuente.mx\/?p=2033","url_meta":{"origin":2784,"position":0},"title":"D\u00eda del Profesional en Nutrici\u00f3n","date":"enero 25, 2024","format":false,"excerpt":"27 de enero\u00a0 Las y los nutri\u00f3logos brindan herramientas a la poblaci\u00f3n para que tengan un peso adecuado, a trav\u00e9s de una alimentaci\u00f3n saludable y, de esta manera, evitar la desnutrici\u00f3n, o bien, la obesidad y el sobrepeso.\u00a0 En M\u00e9xico, el D\u00eda del Profesional en Nutrici\u00f3n se conmemora cada 27\u2026","rel":"","context":"En &quot;Efem\u00e9rides de Salud Mental&quot;","img":{"alt_text":"","src":"https:\/\/i0.wp.com\/lafuente.mx\/wp-content\/uploads\/2024\/01\/Captura-de-Pantalla-2024-01-24-a-las-12.12.15.png?fit=1200%2C566&ssl=1&resize=350%2C200","width":350,"height":200},"classes":[]},{"id":1860,"url":"https:\/\/lafuente.mx\/?p=1860","url_meta":{"origin":2784,"position":1},"title":"\u00bfQu\u00e9 tanto influye la obesidad en la salud mental?\u00a0","date":"noviembre 10, 2023","format":false,"excerpt":"Entre el 30 y el 60% de las personas con obesidad experimentan condiciones de salud mental, como depresi\u00f3n, ansiedad, baja autoestima o alteraciones en su comportamiento alimentario.\u00a0 Por\u00a0Redacci\u00f3n\/GH\u00a0 11 de Octubre de 2023\u00a0 Ciudad de M\u00e9xico Expertos alertan sobre la conexi\u00f3n entre\u00a0la obesidad y la salud mental,\u00a0una preocupaci\u00f3n cada vez\u2026","rel":"","context":"En &quot;Noticias&quot;","img":{"alt_text":"","src":"https:\/\/i0.wp.com\/lafuente.mx\/wp-content\/uploads\/2023\/11\/600x400_hambre-emocional-dreamstime.jpeg?fit=600%2C400&ssl=1&resize=350%2C200","width":350,"height":200},"classes":[]},{"id":3610,"url":"https:\/\/lafuente.mx\/?p=3610","url_meta":{"origin":2784,"position":2},"title":"D\u00eda Mundial del Sue\u00f1o\u00a0","date":"marzo 13, 2026","format":false,"excerpt":"13 de marzo El objetivo principal del D\u00eda Mundial del Sue\u00f1o es concienciar a la sociedad sobre la importancia del sue\u00f1o saludable y su papel esencial en el mantenimiento de una salud y bienestar de alta calidad.\u00a0 Datos relevantes del sue\u00f1o y salud mental\u00a0\u00a0 Se estima que cerca del 40%\u2026","rel":"","context":"En &quot;Efem\u00e9rides de Salud Mental&quot;","img":{"alt_text":"","src":"https:\/\/i0.wp.com\/lafuente.mx\/wp-content\/uploads\/2026\/03\/Gemini_Generated_Image_5xuwfz5xuwfz5xuw.png?fit=1200%2C670&ssl=1&resize=350%2C200","width":350,"height":200},"classes":[]},{"id":2110,"url":"https:\/\/lafuente.mx\/?p=2110","url_meta":{"origin":2784,"position":3},"title":"Abordaje interdisciplinario en el acompa\u00f1amiento para la p\u00e9rdida de peso: una visi\u00f3n desde la salud mental","date":"febrero 28, 2024","format":false,"excerpt":"Del 4 al 15 de marzo de 2024\u00a0Acceso ilimitado 24 horas en Google Classroom + sesiones interactivas en tiempo real\u00a0 Coordinan:\u00a0 Dra. Mar\u00eda Magdalena Ocampo Regla\u00a0 Dr. H\u00e9ctor V. Esquivias Zavala\u00a0 Dirigido a:\u00a0 Profesionales de la salud de las siguientes disciplinas: medicina, psicolog\u00eda, nutrici\u00f3n, activaci\u00f3n f\u00edsica, trabajo social y enfermer\u00eda\u00a0\u2026","rel":"","context":"En &quot;Cursos&quot;","img":{"alt_text":"","src":"https:\/\/i0.wp.com\/lafuente.mx\/wp-content\/uploads\/2024\/02\/240228-edited.jpg?fit=1200%2C675&ssl=1&resize=350%2C200","width":350,"height":200},"classes":[]},{"id":1821,"url":"https:\/\/lafuente.mx\/?p=1821","url_meta":{"origin":2784,"position":4},"title":"12 de noviembre. D\u00eda Mundial Contra la Obesidad","date":"octubre 30, 2023","format":false,"excerpt":"Con el objetivo principal de informar y sensibilizar a la poblaci\u00f3n en general y de manera particular, a ni\u00f1as, ni\u00f1os, adolescentes y j\u00f3venes sobre la necesidad de la adopci\u00f3n de medidas para prevenir y tratar el sobrepeso y la obesidad, el 12 de noviembre de cada a\u00f1o se celebra el\u2026","rel":"","context":"En &quot;Efem\u00e9rides de Salud Mental&quot;","img":{"alt_text":"","src":"https:\/\/i0.wp.com\/lafuente.mx\/wp-content\/uploads\/2023\/10\/concepto-dieta-cientifica-comida-sana-scaled.jpg?fit=1200%2C675&ssl=1&resize=350%2C200","width":350,"height":200},"classes":[]},{"id":2743,"url":"https:\/\/lafuente.mx\/?p=2743","url_meta":{"origin":2784,"position":5},"title":"27 de enero &#8211; D\u00eda del Profesional en Nutrici\u00f3n","date":"enero 27, 2025","format":false,"excerpt":"En M\u00e9xico, el D\u00eda del Profesional en Nutrici\u00f3n se conmemora cada 27 de enero desde 1975, fecha en el que se fund\u00f3 la Asociaci\u00f3n Mexicana de Nutriolog\u00eda A.C. (AMENAC) Este d\u00eda se celebra con el prop\u00f3sito de reconocer la labor de las y los nutri\u00f3logos, la cual va m\u00e1s all\u00e1\u2026","rel":"","context":"En &quot;Efem\u00e9rides de Salud Mental&quot;","img":{"alt_text":"","src":"https:\/\/i0.wp.com\/lafuente.mx\/wp-content\/uploads\/2025\/01\/002-edited-scaled.jpg?fit=1200%2C900&ssl=1&resize=350%2C200","width":350,"height":200},"classes":[]}],"jetpack_sharing_enabled":true,"jetpack_shortlink":"https:\/\/wp.me\/pe9WUx-IU","_links":{"self":[{"href":"https:\/\/lafuente.mx\/index.php?rest_route=\/wp\/v2\/posts\/2784"}],"collection":[{"href":"https:\/\/lafuente.mx\/index.php?rest_route=\/wp\/v2\/posts"}],"about":[{"href":"https:\/\/lafuente.mx\/index.php?rest_route=\/wp\/v2\/types\/post"}],"author":[{"embeddable":true,"href":"https:\/\/lafuente.mx\/index.php?rest_route=\/wp\/v2\/users\/3"}],"replies":[{"embeddable":true,"href":"https:\/\/lafuente.mx\/index.php?rest_route=%2Fwp%2Fv2%2Fcomments&post=2784"}],"version-history":[{"count":3,"href":"https:\/\/lafuente.mx\/index.php?rest_route=\/wp\/v2\/posts\/2784\/revisions"}],"predecessor-version":[{"id":2812,"href":"https:\/\/lafuente.mx\/index.php?rest_route=\/wp\/v2\/posts\/2784\/revisions\/2812"}],"wp:featuredmedia":[{"embeddable":true,"href":"https:\/\/lafuente.mx\/index.php?rest_route=\/wp\/v2\/media\/2785"}],"wp:attachment":[{"href":"https:\/\/lafuente.mx\/index.php?rest_route=%2Fwp%2Fv2%2Fmedia&parent=2784"}],"wp:term":[{"taxonomy":"category","embeddable":true,"href":"https:\/\/lafuente.mx\/index.php?rest_route=%2Fwp%2Fv2%2Fcategories&post=2784"},{"taxonomy":"post_tag","embeddable":true,"href":"https:\/\/lafuente.mx\/index.php?rest_route=%2Fwp%2Fv2%2Ftags&post=2784"}],"curies":[{"name":"wp","href":"https:\/\/api.w.org\/{rel}","templated":true}]}}