{"id":2780,"date":"2025-03-03T20:00:20","date_gmt":"2025-03-03T20:00:20","guid":{"rendered":"https:\/\/lafuente.mx\/?p=2780"},"modified":"2025-03-03T20:00:22","modified_gmt":"2025-03-03T20:00:22","slug":"como-proteger-a-los-adolescentes-de-la-violencia","status":"publish","type":"post","link":"https:\/\/lafuente.mx\/?p=2780","title":{"rendered":"\u00bfC\u00f3mo proteger a los ADOLESCENTES de la violencia?\u00a0"},"content":{"rendered":"\n<hr class=\"wp-block-separator has-text-color has-luminous-vivid-orange-color has-alpha-channel-opacity has-luminous-vivid-orange-background-color has-background is-style-wide\"\/>\n\n\n\n<p class=\"has-text-align-center has-large-font-size\"><strong>Estrategias de prevenci\u00f3n e intervenci\u00f3n en la familia, <\/strong><br><strong>la escuela y la pareja\u00a0<\/strong><\/p>\n\n\n\n<p class=\"has-text-align-center has-luminous-vivid-orange-color has-text-color has-larger-font-size\"><strong>Presentaci\u00f3n del libro<\/strong><\/p>\n\n\n<div class=\"wp-block-image\">\n<figure class=\"aligncenter size-large is-resized\"><img decoding=\"async\" loading=\"lazy\" width=\"640\" height=\"861\" src=\"https:\/\/i0.wp.com\/lafuente.mx\/wp-content\/uploads\/2025\/03\/Captura-de-pantalla-2025-03-03-a-las-13.55.03-761x1024.png?resize=640%2C861&#038;ssl=1\" alt=\"\" class=\"wp-image-2781\" style=\"aspect-ratio:0.7431640625;width:636px;height:auto\" srcset=\"https:\/\/i0.wp.com\/lafuente.mx\/wp-content\/uploads\/2025\/03\/Captura-de-pantalla-2025-03-03-a-las-13.55.03.png?resize=761%2C1024&amp;ssl=1 761w, https:\/\/i0.wp.com\/lafuente.mx\/wp-content\/uploads\/2025\/03\/Captura-de-pantalla-2025-03-03-a-las-13.55.03.png?resize=223%2C300&amp;ssl=1 223w, https:\/\/i0.wp.com\/lafuente.mx\/wp-content\/uploads\/2025\/03\/Captura-de-pantalla-2025-03-03-a-las-13.55.03.png?resize=768%2C1034&amp;ssl=1 768w, https:\/\/i0.wp.com\/lafuente.mx\/wp-content\/uploads\/2025\/03\/Captura-de-pantalla-2025-03-03-a-las-13.55.03.png?w=844&amp;ssl=1 844w\" sizes=\"(max-width: 640px) 100vw, 640px\" data-recalc-dims=\"1\" \/><\/figure><\/div>\n\n\n<hr class=\"wp-block-separator has-text-color has-luminous-vivid-orange-color has-alpha-channel-opacity has-luminous-vivid-orange-background-color has-background\"\/>\n\n\n\n<p class=\"has-luminous-vivid-orange-color has-text-color has-medium-font-size\">En el marco del 20 Congreso Investigaci\u00f3n en Salud P\u00fablica\u00a0\u00a0<\/p>\n\n\n\n<p><strong>Autoras \u00a0<\/strong><\/p>\n\n\n\n<p>Patricia Fuentes y Luciana Ramos&nbsp;<\/p>\n\n\n\n<p><strong>Participan\u00a0<\/strong><\/p>\n\n\n\n<p>Catalina Gonz\u00e1lez Forteza &nbsp;<\/p>\n\n\n\n<p>Lorena Paredes Gonz\u00e1lez&nbsp;<\/p>\n\n\n\n<p>Roberto Mercadillo Caballero &nbsp;<\/p>\n\n\n\n<p class=\"has-text-align-center has-medium-font-size\"><strong>Mi\u00e9rcoles 5 de marzo de 2025<\/strong><\/p>\n\n\n\n<p class=\"has-text-align-center has-medium-font-size\"><strong>De 18:10 a 19:00 h\u00a0<\/strong><\/p>\n\n\n\n<p class=\"has-text-align-center has-medium-font-size\"><strong>Aula Magna del Instituto Nacional de Salud P\u00fablica, Cuernavaca, Mor. \u00a0<\/strong><\/p>\n","protected":false},"excerpt":{"rendered":"<p>Estrategias de prevenci\u00f3n e intervenci\u00f3n en la familia, la escuela y la pareja\u00a0 Presentaci\u00f3n del libro En el marco del 20 Congreso Investigaci\u00f3n en Salud<\/p>\n","protected":false},"author":3,"featured_media":2781,"comment_status":"closed","ping_status":"closed","sticky":false,"template":"","format":"standard","meta":{"footnotes":"","jetpack_publicize_message":"","jetpack_is_tweetstorm":false,"jetpack_publicize_feature_enabled":true},"categories":[9],"tags":[66,871,870,384,21,45,169,32,145],"jetpack_publicize_connections":[],"yoast_head":"<!-- This site is optimized with the Yoast SEO plugin v19.4 - https:\/\/yoast.com\/wordpress\/plugins\/seo\/ -->\n<title>\u00bfC\u00f3mo proteger a los ADOLESCENTES de la violencia?\u00a0 -<\/title>\n<meta name=\"description\" content=\"Presentaci\u00f3n de Libro en el marco del 20 Congreso Investigaci\u00f3n en Salud P\u00fablica\" \/>\n<meta name=\"robots\" content=\"index, follow, max-snippet:-1, max-image-preview:large, max-video-preview:-1\" \/>\n<link rel=\"canonical\" href=\"https:\/\/lafuente.mx\/?p=2780\" \/>\n<meta property=\"og:locale\" content=\"es_MX\" \/>\n<meta property=\"og:type\" content=\"article\" \/>\n<meta property=\"og:title\" content=\"\u00bfC\u00f3mo proteger a los ADOLESCENTES de la violencia? Estrategias de prevenci\u00f3n e intervenci\u00f3n en la familia, la escuela y la pareja\" \/>\n<meta property=\"og:description\" content=\"Presentaci\u00f3n de Libro en el marco del 20 Congreso Investigaci\u00f3n en Salud P\u00fablica\" \/>\n<meta property=\"og:url\" content=\"https:\/\/lafuente.mx\/?p=2780\" \/>\n<meta property=\"article:published_time\" content=\"2025-03-03T20:00:20+00:00\" \/>\n<meta property=\"article:modified_time\" content=\"2025-03-03T20:00:22+00:00\" \/>\n<meta property=\"og:image\" content=\"http:\/\/lafuente.mx\/wp-content\/uploads\/2025\/03\/Captura-de-pantalla-2025-03-03-a-las-13.55.03.png\" \/>\n\t<meta property=\"og:image:width\" content=\"844\" \/>\n\t<meta property=\"og:image:height\" content=\"1136\" \/>\n\t<meta property=\"og:image:type\" content=\"image\/png\" \/>\n<meta name=\"author\" content=\"Claudia Gallardo\" \/>\n<meta name=\"twitter:card\" content=\"summary_large_image\" \/>\n<meta name=\"twitter:title\" content=\"\u00bfC\u00f3mo proteger a los ADOLESCENTES de la violencia? Estrategias de prevenci\u00f3n e intervenci\u00f3n en la familia, la escuela y la pareja\" \/>\n<meta name=\"twitter:description\" content=\"Presentaci\u00f3n de Libro en el marco del 20 Congreso Investigaci\u00f3n en Salud P\u00fablica\" \/>\n<meta name=\"twitter:image\" content=\"https:\/\/i0.wp.com\/lafuente.mx\/wp-content\/uploads\/2025\/03\/Captura-de-pantalla-2025-03-03-a-las-13.55.03.png?fit=844%2C1136&ssl=1\" \/>\n<meta name=\"twitter:label1\" content=\"Escrito por\" \/>\n\t<meta name=\"twitter:data1\" content=\"Claudia Gallardo\" \/>\n<script type=\"application\/ld+json\" class=\"yoast-schema-graph\">{\"@context\":\"https:\/\/schema.org\",\"@graph\":[{\"@type\":\"WebSite\",\"@id\":\"https:\/\/lafuente.mx\/#website\",\"url\":\"https:\/\/lafuente.mx\/\",\"name\":\"\",\"description\":\"Informaci\u00f3n confiable sobre salud mental\",\"potentialAction\":[{\"@type\":\"SearchAction\",\"target\":{\"@type\":\"EntryPoint\",\"urlTemplate\":\"https:\/\/lafuente.mx\/?s={search_term_string}\"},\"query-input\":\"required name=search_term_string\"}],\"inLanguage\":\"es-MX\"},{\"@type\":\"WebPage\",\"@id\":\"https:\/\/lafuente.mx\/?p=2780\",\"url\":\"https:\/\/lafuente.mx\/?p=2780\",\"name\":\"\u00bfC\u00f3mo proteger a los ADOLESCENTES de la violencia?\u00a0 -\",\"isPartOf\":{\"@id\":\"https:\/\/lafuente.mx\/#website\"},\"datePublished\":\"2025-03-03T20:00:20+00:00\",\"dateModified\":\"2025-03-03T20:00:22+00:00\",\"author\":{\"@id\":\"https:\/\/lafuente.mx\/#\/schema\/person\/603f3aa8e2f6f7879021ab722d39d6b0\"},\"description\":\"Presentaci\u00f3n de Libro en el marco del 20 Congreso Investigaci\u00f3n en Salud P\u00fablica\",\"breadcrumb\":{\"@id\":\"https:\/\/lafuente.mx\/?p=2780#breadcrumb\"},\"inLanguage\":\"es-MX\",\"potentialAction\":[{\"@type\":\"ReadAction\",\"target\":[\"https:\/\/lafuente.mx\/?p=2780\"]}]},{\"@type\":\"BreadcrumbList\",\"@id\":\"https:\/\/lafuente.mx\/?p=2780#breadcrumb\",\"itemListElement\":[{\"@type\":\"ListItem\",\"position\":1,\"name\":\"Inicio\",\"item\":\"https:\/\/lafuente.mx\/\"},{\"@type\":\"ListItem\",\"position\":2,\"name\":\"\u00bfC\u00f3mo proteger a los ADOLESCENTES de la violencia?\u00a0\"}]},{\"@type\":\"Person\",\"@id\":\"https:\/\/lafuente.mx\/#\/schema\/person\/603f3aa8e2f6f7879021ab722d39d6b0\",\"name\":\"Claudia Gallardo\",\"image\":{\"@type\":\"ImageObject\",\"inLanguage\":\"es-MX\",\"@id\":\"https:\/\/lafuente.mx\/#\/schema\/person\/image\/\",\"url\":\"https:\/\/secure.gravatar.com\/avatar\/bfe9c966af1ccfb9d17bcdb9d04e8815?s=96&d=mm&r=g\",\"contentUrl\":\"https:\/\/secure.gravatar.com\/avatar\/bfe9c966af1ccfb9d17bcdb9d04e8815?s=96&d=mm&r=g\",\"caption\":\"Claudia Gallardo\"},\"url\":\"https:\/\/lafuente.mx\/?author=3\"}]}<\/script>\n<!-- \/ Yoast SEO plugin. -->","yoast_head_json":{"title":"\u00bfC\u00f3mo proteger a los ADOLESCENTES de la violencia?\u00a0 -","description":"Presentaci\u00f3n de Libro en el marco del 20 Congreso Investigaci\u00f3n en Salud P\u00fablica","robots":{"index":"index","follow":"follow","max-snippet":"max-snippet:-1","max-image-preview":"max-image-preview:large","max-video-preview":"max-video-preview:-1"},"canonical":"https:\/\/lafuente.mx\/?p=2780","og_locale":"es_MX","og_type":"article","og_title":"\u00bfC\u00f3mo proteger a los ADOLESCENTES de la violencia? Estrategias de prevenci\u00f3n e intervenci\u00f3n en la familia, la escuela y la pareja","og_description":"Presentaci\u00f3n de Libro en el marco del 20 Congreso Investigaci\u00f3n en Salud P\u00fablica","og_url":"https:\/\/lafuente.mx\/?p=2780","article_published_time":"2025-03-03T20:00:20+00:00","article_modified_time":"2025-03-03T20:00:22+00:00","og_image":[{"width":844,"height":1136,"url":"http:\/\/lafuente.mx\/wp-content\/uploads\/2025\/03\/Captura-de-pantalla-2025-03-03-a-las-13.55.03.png","type":"image\/png"}],"author":"Claudia Gallardo","twitter_card":"summary_large_image","twitter_title":"\u00bfC\u00f3mo proteger a los ADOLESCENTES de la violencia? Estrategias de prevenci\u00f3n e intervenci\u00f3n en la familia, la escuela y la pareja","twitter_description":"Presentaci\u00f3n de Libro en el marco del 20 Congreso Investigaci\u00f3n en Salud P\u00fablica","twitter_image":"https:\/\/i0.wp.com\/lafuente.mx\/wp-content\/uploads\/2025\/03\/Captura-de-pantalla-2025-03-03-a-las-13.55.03.png?fit=844%2C1136&ssl=1","twitter_misc":{"Escrito por":"Claudia Gallardo"},"schema":{"@context":"https:\/\/schema.org","@graph":[{"@type":"WebSite","@id":"https:\/\/lafuente.mx\/#website","url":"https:\/\/lafuente.mx\/","name":"","description":"Informaci\u00f3n confiable sobre salud mental","potentialAction":[{"@type":"SearchAction","target":{"@type":"EntryPoint","urlTemplate":"https:\/\/lafuente.mx\/?s={search_term_string}"},"query-input":"required name=search_term_string"}],"inLanguage":"es-MX"},{"@type":"WebPage","@id":"https:\/\/lafuente.mx\/?p=2780","url":"https:\/\/lafuente.mx\/?p=2780","name":"\u00bfC\u00f3mo proteger a los ADOLESCENTES de la violencia?\u00a0 -","isPartOf":{"@id":"https:\/\/lafuente.mx\/#website"},"datePublished":"2025-03-03T20:00:20+00:00","dateModified":"2025-03-03T20:00:22+00:00","author":{"@id":"https:\/\/lafuente.mx\/#\/schema\/person\/603f3aa8e2f6f7879021ab722d39d6b0"},"description":"Presentaci\u00f3n de Libro en el marco del 20 Congreso Investigaci\u00f3n en Salud P\u00fablica","breadcrumb":{"@id":"https:\/\/lafuente.mx\/?p=2780#breadcrumb"},"inLanguage":"es-MX","potentialAction":[{"@type":"ReadAction","target":["https:\/\/lafuente.mx\/?p=2780"]}]},{"@type":"BreadcrumbList","@id":"https:\/\/lafuente.mx\/?p=2780#breadcrumb","itemListElement":[{"@type":"ListItem","position":1,"name":"Inicio","item":"https:\/\/lafuente.mx\/"},{"@type":"ListItem","position":2,"name":"\u00bfC\u00f3mo proteger a los ADOLESCENTES de la violencia?\u00a0"}]},{"@type":"Person","@id":"https:\/\/lafuente.mx\/#\/schema\/person\/603f3aa8e2f6f7879021ab722d39d6b0","name":"Claudia Gallardo","image":{"@type":"ImageObject","inLanguage":"es-MX","@id":"https:\/\/lafuente.mx\/#\/schema\/person\/image\/","url":"https:\/\/secure.gravatar.com\/avatar\/bfe9c966af1ccfb9d17bcdb9d04e8815?s=96&d=mm&r=g","contentUrl":"https:\/\/secure.gravatar.com\/avatar\/bfe9c966af1ccfb9d17bcdb9d04e8815?s=96&d=mm&r=g","caption":"Claudia Gallardo"},"url":"https:\/\/lafuente.mx\/?author=3"}]}},"jetpack_featured_media_url":"https:\/\/i0.wp.com\/lafuente.mx\/wp-content\/uploads\/2025\/03\/Captura-de-pantalla-2025-03-03-a-las-13.55.03.png?fit=844%2C1136&ssl=1","jetpack-related-posts":[{"id":365,"url":"https:\/\/lafuente.mx\/?p=365","url_meta":{"origin":2780,"position":0},"title":"Prevenci\u00f3n de violencia de pareja en j\u00f3venes","date":"septiembre 9, 2022","format":false,"excerpt":"Del 26 de septiembre al 28 de octubre de 2022 Coordinadoras acad\u00e9micas: Dra. Luciana Ramos Lira Dra. Patricia Fuentes de Iturbe Dirigido a: Profesionales de la salud, educaci\u00f3n y afines Objetivos: \u2022 Identificar transiciones, riesgos y oportunidades de la adolescencia \u2022 Sensibilizar sobre la violencia desde y hacia las y\u2026","rel":"","context":"En &quot;Cursos&quot;","img":{"alt_text":"","src":"https:\/\/i0.wp.com\/lafuente.mx\/wp-content\/uploads\/2022\/09\/Violenciaenlas.png?fit=425%2C662&ssl=1&resize=350%2C200","width":350,"height":200},"classes":[]},{"id":2504,"url":"https:\/\/lafuente.mx\/?p=2504","url_meta":{"origin":2780,"position":1},"title":"\u00bfC\u00f3mo proteger a los adolescentes de la violencia?\u00a0","date":"agosto 16, 2024","format":false,"excerpt":"LUCIANA RAMOS ,\u00a0PATRICIA FUENTES A.\u00a0 La violencia es uno de los principales factores de riesgo para la salud f\u00edsica y mental de los adolescentes. Las autoras de esta obra, investigadoras del Instituto Nacional de Psiquiatr\u00eda, se centran en la comprensi\u00f3n del problema para dar soluciones pr\u00e1cticas y plantear estrategias.\u00a0 A\u2026","rel":"","context":"En &quot;Publicaciones&quot;","img":{"alt_text":"","src":"https:\/\/i0.wp.com\/lafuente.mx\/wp-content\/uploads\/2024\/08\/Captura-de-pantalla-2024-08-16-a-las-14.19.17.png?fit=890%2C1200&ssl=1&resize=350%2C200","width":350,"height":200},"classes":[]},{"id":3531,"url":"https:\/\/lafuente.mx\/?p=3531","url_meta":{"origin":2780,"position":2},"title":"Uno de cada siete j\u00f3venes entre 10 y 19 a\u00f1os sufre un trastorno mental: OMS\u00a0","date":"enero 13, 2026","format":false,"excerpt":"Laura Poy Solano\u00a0 Peri\u00f3dico La Jornada\u00a0Domingo 23 de noviembre de 2025, p. 6\u00a0 La Organizaci\u00f3n Mundial de la Salud (OMS) estima que uno de cada siete j\u00f3venes de entre 10 y 19 a\u00f1os en el mundo padece alg\u00fan tipo de trastorno mental, lo que representa 15 por ciento de la\u2026","rel":"","context":"En &quot;Noticias&quot;","img":{"alt_text":"kids, boys, children, poverty, happiness, smiling, mexico, portrait-6610964.jpg","src":"https:\/\/i0.wp.com\/lafuente.mx\/wp-content\/uploads\/2026\/01\/kids-boys-children-poverty-happiness-smiling-mexico-portrait-6610964.jpg?fit=1200%2C800&ssl=1&resize=350%2C200","width":350,"height":200},"classes":[]},{"id":3558,"url":"https:\/\/lafuente.mx\/?p=3558","url_meta":{"origin":2780,"position":3},"title":"ENCODAT 2025:","date":"enero 29, 2026","format":false,"excerpt":"consumo de sustancias, violencia y salud mental en M\u00e9xico Parte 1 La Encuesta Nacional de Consumo de Drogas, Alcohol y Tabaco 2025 (ENCODAT 2025) ofrece informaci\u00f3n clave para comprender los patrones actuales de consumo de sustancias y su relaci\u00f3n con la salud mental en la poblaci\u00f3n mexicana. Sus resultados permiten\u2026","rel":"","context":"En &quot;Informaci\u00f3n de inter\u00e9s&quot;","img":{"alt_text":"opinion poll, opinion polling, survey, voting, to complete, vote, hand, write, ballpoint pen, paper, reports, ink pen, pen, survey, survey, survey, survey, survey-1594962.jpg","src":"https:\/\/i0.wp.com\/lafuente.mx\/wp-content\/uploads\/2026\/01\/opinion-poll-opinion-polling-survey-voting-to-complete-vote-hand-write-ballpoint-pen-paper-reports-ink-pen-pen-survey-survey-survey-survey-survey-1594962.jpg?fit=1200%2C800&ssl=1&resize=350%2C200","width":350,"height":200},"classes":[]},{"id":1991,"url":"https:\/\/lafuente.mx\/?p=1991","url_meta":{"origin":2780,"position":4},"title":"Exposici\u00f3n a la violencia familiar y violencia en el noviazgo en adolescentes de Ciudad de M\u00e9xico: factores\u00a0protectores y riesgo\u00a0","date":"enero 12, 2024","format":false,"excerpt":"Gabriela Josefina Sald\u00edvar Hern\u00e1ndez\u00a0\u00a0 Instituto Nacional de Psiquiatr\u00eda Ram\u00f3n de la Fuente Mu\u00f1iz, M\u00e9xico\u00a0 Areli Moreno Reyes\u00a0\u00a0 Instituto Nacional de Psiquiatr\u00eda Ram\u00f3n de la Fuente Mu\u00f1iz, M\u00e9xico\u00a0 Jonathan Giovanni Trejo Arizmendi\u00a0 Instituto Nacional de Psiquiatr\u00eda Ram\u00f3n de la Fuente Mu\u00f1iz, M\u00e9xico\u00a0 Revista. Psicolog\u00eda Iberoamericana, vol. 30, n\u00fam. 2, 2022\u00a0 Universidad\u2026","rel":"","context":"En &quot;Publicaciones&quot;","img":{"alt_text":"","src":"https:\/\/i0.wp.com\/lafuente.mx\/wp-content\/uploads\/2024\/01\/Captura-de-Pantalla-2024-01-12-a-las-11.27.20.png?fit=1200%2C594&ssl=1&resize=350%2C200","width":350,"height":200},"classes":[]},{"id":2201,"url":"https:\/\/lafuente.mx\/?p=2201","url_meta":{"origin":2780,"position":5},"title":"Las mujeres en M\u00e9xico son violentadas por sus parejas alcoholizadas\u00a0","date":"abril 11, 2024","format":false,"excerpt":"Mi\u00e9rcoles 6 de marzoPonentes: Mtra. Alejandra L\u00f3pez Montoya, Dra. Marta Romero, Dra. Claudia Ben\u00edtez Guzm\u00e1n y Dra. Raquel Mondrag\u00f3n Durante el tercer d\u00eda y cierre del \u201cForo sobre alcohol del consumo a la violencia\u201d las especialistas Martha Romero G, investigadora del Instituto Nacional de Psiquiatr\u00eda, Raquel Mondrag\u00f3n y Alejandra L\u00f3pez,\u2026","rel":"","context":"En &quot;Eventos externos&quot;","img":{"alt_text":"","src":"https:\/\/i0.wp.com\/lafuente.mx\/wp-content\/uploads\/2024\/04\/Captura-de-pantalla-2024-04-09-a-las-13.47.38.png?fit=1200%2C638&ssl=1&resize=350%2C200","width":350,"height":200},"classes":[]}],"jetpack_sharing_enabled":true,"jetpack_shortlink":"https:\/\/wp.me\/pe9WUx-IQ","_links":{"self":[{"href":"https:\/\/lafuente.mx\/index.php?rest_route=\/wp\/v2\/posts\/2780"}],"collection":[{"href":"https:\/\/lafuente.mx\/index.php?rest_route=\/wp\/v2\/posts"}],"about":[{"href":"https:\/\/lafuente.mx\/index.php?rest_route=\/wp\/v2\/types\/post"}],"author":[{"embeddable":true,"href":"https:\/\/lafuente.mx\/index.php?rest_route=\/wp\/v2\/users\/3"}],"replies":[{"embeddable":true,"href":"https:\/\/lafuente.mx\/index.php?rest_route=%2Fwp%2Fv2%2Fcomments&post=2780"}],"version-history":[{"count":1,"href":"https:\/\/lafuente.mx\/index.php?rest_route=\/wp\/v2\/posts\/2780\/revisions"}],"predecessor-version":[{"id":2782,"href":"https:\/\/lafuente.mx\/index.php?rest_route=\/wp\/v2\/posts\/2780\/revisions\/2782"}],"wp:featuredmedia":[{"embeddable":true,"href":"https:\/\/lafuente.mx\/index.php?rest_route=\/wp\/v2\/media\/2781"}],"wp:attachment":[{"href":"https:\/\/lafuente.mx\/index.php?rest_route=%2Fwp%2Fv2%2Fmedia&parent=2780"}],"wp:term":[{"taxonomy":"category","embeddable":true,"href":"https:\/\/lafuente.mx\/index.php?rest_route=%2Fwp%2Fv2%2Fcategories&post=2780"},{"taxonomy":"post_tag","embeddable":true,"href":"https:\/\/lafuente.mx\/index.php?rest_route=%2Fwp%2Fv2%2Ftags&post=2780"}],"curies":[{"name":"wp","href":"https:\/\/api.w.org\/{rel}","templated":true}]}}