{"id":2777,"date":"2025-02-25T07:41:00","date_gmt":"2025-02-25T07:41:00","guid":{"rendered":"https:\/\/lafuente.mx\/?p=2777"},"modified":"2025-02-24T18:54:56","modified_gmt":"2025-02-24T18:54:56","slug":"borrador-automatico-asociacion-entre-la-calidad-del-sueno-y-la-personalidad-segun-el-modelo-de-los-cinco-grandes-factores-en-una-muestra-no-clinica","status":"publish","type":"post","link":"https:\/\/lafuente.mx\/?p=2777","title":{"rendered":"Asociaci\u00f3n entre la calidad del sue\u00f1o y la personalidad seg\u00fan el modelo de los cinco grandes factores en una muestra no cl\u00ednica\u00a0"},"content":{"rendered":"\n<hr class=\"wp-block-separator has-text-color has-vivid-green-cyan-color has-alpha-channel-opacity has-vivid-green-cyan-background-color has-background is-style-wide\"\/>\n\n\n\n<p class=\"has-text-align-center has-text-color has-small-font-size\" style=\"color:#39454f\"><strong><a href=\"https:\/\/revistasaludmental.gob.mx\/index.php\/salud_mental\/issue\/view\/257\">Vol. 47 No. 6 (2024): Salud mental\u00a0<\/a>\u00a0<\/strong><\/p>\n\n\n\n<hr class=\"wp-block-separator has-text-color has-vivid-green-cyan-color has-alpha-channel-opacity has-vivid-green-cyan-background-color has-background is-style-wide\"\/>\n\n\n\n<p><strong>Lucas Santana Marqu\u00e9s de Souza<\/strong>\u00a0<\/p>\n\n\n\n<p>Programa de P\u00f3s-Gradua\u00e7\u00e3o em Psicologia, Departamento de Psicolog\u00eda, Universidade Federal de Sergipe, S\u00e3o Crist\u00f3v\u00e3o, Brasil.\u00a0<\/p>\n\n\n\n<p><strong>Andr\u00e9 Faro<\/strong>&nbsp;<\/p>\n\n\n\n<p class=\"has-small-font-size\">Programa de P\u00f3s-Gradua\u00e7\u00e3o em Psicologia, Departamento de Psicolog\u00eda, Universidade Federal de Sergipe, S\u00e3o Crist\u00f3v\u00e3o, Brasil.\u00a0<\/p>\n\n\n\n<hr class=\"wp-block-separator has-text-color has-vivid-green-cyan-color has-alpha-channel-opacity has-vivid-green-cyan-background-color has-background\"\/>\n\n\n\n<p><strong>Introducci\u00f3n.<\/strong>\u00a0 El sue\u00f1o es esencial para mantener la salud, el bienestar y la funcionalidad. Los rasgos de personalidad del Modelo de los Cinco Factores (FFM) han demostrado ser prometedores como determinantes de la calidad del sue\u00f1o.\u00a0<br>\u00a0<br><strong>Objetivo.<\/strong>\u00a0 Explorar la relaci\u00f3n entre los rasgos de personalidad y la calidad del sue\u00f1o en una muestra brasile\u00f1a probando un modelo predictivo basado en regresi\u00f3n lineal m\u00faltiple.\u00a0<br>\u00a0<br><strong>M\u00e9todo.<\/strong>\u00a0 El estudio involucr\u00f3 a 447 participantes adultos (con una edad promedio de 37,7 a\u00f1os), que completaron una encuesta en l\u00ednea que inclu\u00eda los siguientes instrumentos: un cuestionario sociodemogr\u00e1fico, el \u00cdndice de Calidad del Sue\u00f1o de Pittsburgh (PSQI-BR), el Cuestionario de Salud del Paciente (PHQ-4) y el Inventario de los Cinco Grandes (BFI). Los participantes fueron seleccionados a trav\u00e9s de anuncios en las redes sociales que solicitaban voluntarios para un estudio sobre la calidad del sue\u00f1o.\u00a0<\/p>\n\n\n\n<figure class=\"wp-block-image size-large\"><img decoding=\"async\" loading=\"lazy\" width=\"640\" height=\"411\" src=\"https:\/\/i0.wp.com\/lafuente.mx\/wp-content\/uploads\/2025\/02\/woman-girl-lady-female-young-beauty-sleeping-dream-nature-sky-clouds-gulls-fantasy-sleeping-sleeping-sleeping-sleeping-sleeping-3403604.jpg?resize=640%2C411\" alt=\"woman, girl, lady, female, young, beauty, sleeping, dream, nature, sky, clouds, gulls, fantasy, sleeping, sleeping, sleeping, sleeping, sleeping-3403604.jpg\" class=\"wp-image-2778\" srcset=\"https:\/\/i0.wp.com\/lafuente.mx\/wp-content\/uploads\/2025\/02\/woman-girl-lady-female-young-beauty-sleeping-dream-nature-sky-clouds-gulls-fantasy-sleeping-sleeping-sleeping-sleeping-sleeping-3403604.jpg?resize=1024%2C658&amp;ssl=1 1024w, https:\/\/i0.wp.com\/lafuente.mx\/wp-content\/uploads\/2025\/02\/woman-girl-lady-female-young-beauty-sleeping-dream-nature-sky-clouds-gulls-fantasy-sleeping-sleeping-sleeping-sleeping-sleeping-3403604.jpg?resize=300%2C193&amp;ssl=1 300w, https:\/\/i0.wp.com\/lafuente.mx\/wp-content\/uploads\/2025\/02\/woman-girl-lady-female-young-beauty-sleeping-dream-nature-sky-clouds-gulls-fantasy-sleeping-sleeping-sleeping-sleeping-sleeping-3403604.jpg?resize=768%2C493&amp;ssl=1 768w, https:\/\/i0.wp.com\/lafuente.mx\/wp-content\/uploads\/2025\/02\/woman-girl-lady-female-young-beauty-sleeping-dream-nature-sky-clouds-gulls-fantasy-sleeping-sleeping-sleeping-sleeping-sleeping-3403604.jpg?w=1280&amp;ssl=1 1280w\" sizes=\"(max-width: 640px) 100vw, 640px\" data-recalc-dims=\"1\" \/><\/figure>\n\n\n\n<p><br>\u00a0<br><strong>Resultados.<\/strong>\u00a0 El modelo de regresi\u00f3n revel\u00f3 que la edad, el nivel educativo, los ingresos familiares, el IMC, el neuroticismo y los s\u00edntomas psicopatol\u00f3gicos fueron predictores de la calidad del sue\u00f1o. Las variables g\u00e9nero, escrupulosidad, extraversi\u00f3n y amabilidad no fueron predictores de la calidad del sue\u00f1o en el an\u00e1lisis multivariado.\u00a0<br>\u00a0<br><strong>Discusi\u00f3n y conclusi\u00f3n.<\/strong>\u00a0 El estudio destaca el papel del neuroticismo en la predicci\u00f3n de la calidad del sue\u00f1o por encima de otros rasgos de personalidad. Adem\u00e1s, los resultados sugieren que el riesgo o la protecci\u00f3n contra el desarrollo de ansiedad y s\u00edntomas depresivos es un mecanismo clave que vincula los rasgos de personalidad con el sue\u00f1o. Por lo tanto, estos hallazgos pueden contribuir a identificar a las personas en riesgo de sufrir trastornos del sue\u00f1o y a desarrollar estrategias de intervenci\u00f3n sanitaria.\u00a0<\/p>\n\n\n\n<hr class=\"wp-block-separator has-text-color has-vivid-green-cyan-color has-alpha-channel-opacity has-vivid-green-cyan-background-color has-background\"\/>\n\n\n\n<div class=\"wp-block-buttons is-layout-flex wp-block-buttons-is-layout-flex\">\n<div class=\"wp-block-button\"><a class=\"wp-block-button__link has-vivid-green-cyan-color has-text-color wp-element-button\" href=\"https:\/\/revistasaludmental.gob.mx\/index.php\/salud_mental\/article\/view\/SM.0185-3325.2024.033\">M\u00e1s informaci\u00f3n<\/a><\/div>\n<\/div>\n","protected":false},"excerpt":{"rendered":"<p>Vol. 47 No. 6 (2024): Salud mental\u00a0\u00a0 Lucas Santana Marqu\u00e9s de Souza\u00a0 Programa de P\u00f3s-Gradua\u00e7\u00e3o em Psicologia, Departamento de Psicolog\u00eda, Universidade Federal de Sergipe, S\u00e3o<\/p>\n","protected":false},"author":3,"featured_media":2778,"comment_status":"closed","ping_status":"closed","sticky":false,"template":"","format":"standard","meta":{"footnotes":"","jetpack_publicize_message":"","jetpack_is_tweetstorm":false,"jetpack_publicize_feature_enabled":true},"categories":[11],"tags":[864,21,869,865,867,866,33,32,868,731],"jetpack_publicize_connections":[],"yoast_head":"<!-- This site is optimized with the Yoast SEO plugin v19.4 - https:\/\/yoast.com\/wordpress\/plugins\/seo\/ -->\n<title>Asociaci\u00f3n entre la calidad del sue\u00f1o y la personalidad seg\u00fan el modelo de los cinco grandes factores en una muestra no cl\u00ednica\u00a0 -<\/title>\n<meta name=\"robots\" content=\"index, follow, max-snippet:-1, max-image-preview:large, max-video-preview:-1\" \/>\n<link rel=\"canonical\" href=\"https:\/\/lafuente.mx\/?p=2777\" \/>\n<meta property=\"og:locale\" content=\"es_MX\" \/>\n<meta property=\"og:type\" content=\"article\" \/>\n<meta property=\"og:title\" content=\"Asociaci\u00f3n entre la calidad del sue\u00f1o y la personalidad seg\u00fan el modelo de los cinco grandes factores en una muestra no cl\u00ednica\u00a0\" \/>\n<meta property=\"og:description\" content=\"El sue\u00f1o es esencial para mantener la salud, el bienestar y la funcionalidad. Los rasgos de personalidad del Modelo de los Cinco Factores (FFM) han demostrado ser prometedores como determinantes de la calidad del sue\u00f1o.\u00a0\" \/>\n<meta property=\"og:url\" content=\"https:\/\/lafuente.mx\/?p=2777\" \/>\n<meta property=\"article:published_time\" content=\"2025-02-25T07:41:00+00:00\" \/>\n<meta property=\"article:modified_time\" content=\"2025-02-24T18:54:56+00:00\" \/>\n<meta property=\"og:image\" content=\"https:\/\/i0.wp.com\/lafuente.mx\/wp-content\/uploads\/2025\/02\/woman-girl-lady-female-young-beauty-sleeping-dream-nature-sky-clouds-gulls-fantasy-sleeping-sleeping-sleeping-sleeping-sleeping-3403604.jpg?fit=1280%2C822&ssl=1\" \/>\n\t<meta property=\"og:image:width\" content=\"1280\" \/>\n\t<meta property=\"og:image:height\" content=\"822\" \/>\n\t<meta property=\"og:image:type\" content=\"image\/jpeg\" \/>\n<meta name=\"author\" content=\"Claudia Gallardo\" \/>\n<meta name=\"twitter:card\" content=\"summary_large_image\" \/>\n<meta name=\"twitter:title\" content=\"Asociaci\u00f3n entre la calidad del sue\u00f1o y la personalidad seg\u00fan el modelo de los cinco grandes factores en una muestra no cl\u00ednica\u00a0\" \/>\n<meta name=\"twitter:description\" content=\"El sue\u00f1o es esencial para mantener la salud, el bienestar y la funcionalidad. Los rasgos de personalidad del Modelo de los Cinco Factores (FFM) han demostrado ser prometedores como determinantes de la calidad del sue\u00f1o.\u00a0\" \/>\n<meta name=\"twitter:image\" content=\"https:\/\/i0.wp.com\/lafuente.mx\/wp-content\/uploads\/2025\/02\/woman-girl-lady-female-young-beauty-sleeping-dream-nature-sky-clouds-gulls-fantasy-sleeping-sleeping-sleeping-sleeping-sleeping-3403604.jpg?fit=1280%2C822&ssl=1\" \/>\n<meta name=\"twitter:label1\" content=\"Escrito por\" \/>\n\t<meta name=\"twitter:data1\" content=\"Claudia Gallardo\" \/>\n\t<meta name=\"twitter:label2\" content=\"Tiempo de lectura\" \/>\n\t<meta name=\"twitter:data2\" content=\"2 minutos\" \/>\n<script type=\"application\/ld+json\" class=\"yoast-schema-graph\">{\"@context\":\"https:\/\/schema.org\",\"@graph\":[{\"@type\":\"WebSite\",\"@id\":\"https:\/\/lafuente.mx\/#website\",\"url\":\"https:\/\/lafuente.mx\/\",\"name\":\"\",\"description\":\"Informaci\u00f3n confiable sobre salud mental\",\"potentialAction\":[{\"@type\":\"SearchAction\",\"target\":{\"@type\":\"EntryPoint\",\"urlTemplate\":\"https:\/\/lafuente.mx\/?s={search_term_string}\"},\"query-input\":\"required name=search_term_string\"}],\"inLanguage\":\"es-MX\"},{\"@type\":\"WebPage\",\"@id\":\"https:\/\/lafuente.mx\/?p=2777\",\"url\":\"https:\/\/lafuente.mx\/?p=2777\",\"name\":\"Asociaci\u00f3n entre la calidad del sue\u00f1o y la personalidad seg\u00fan el modelo de los cinco grandes factores en una muestra no cl\u00ednica\u00a0 -\",\"isPartOf\":{\"@id\":\"https:\/\/lafuente.mx\/#website\"},\"datePublished\":\"2025-02-25T07:41:00+00:00\",\"dateModified\":\"2025-02-24T18:54:56+00:00\",\"author\":{\"@id\":\"https:\/\/lafuente.mx\/#\/schema\/person\/603f3aa8e2f6f7879021ab722d39d6b0\"},\"breadcrumb\":{\"@id\":\"https:\/\/lafuente.mx\/?p=2777#breadcrumb\"},\"inLanguage\":\"es-MX\",\"potentialAction\":[{\"@type\":\"ReadAction\",\"target\":[\"https:\/\/lafuente.mx\/?p=2777\"]}]},{\"@type\":\"BreadcrumbList\",\"@id\":\"https:\/\/lafuente.mx\/?p=2777#breadcrumb\",\"itemListElement\":[{\"@type\":\"ListItem\",\"position\":1,\"name\":\"Inicio\",\"item\":\"https:\/\/lafuente.mx\/\"},{\"@type\":\"ListItem\",\"position\":2,\"name\":\"Asociaci\u00f3n entre la calidad del sue\u00f1o y la personalidad seg\u00fan el modelo de los cinco grandes factores en una muestra no cl\u00ednica\u00a0\"}]},{\"@type\":\"Person\",\"@id\":\"https:\/\/lafuente.mx\/#\/schema\/person\/603f3aa8e2f6f7879021ab722d39d6b0\",\"name\":\"Claudia Gallardo\",\"image\":{\"@type\":\"ImageObject\",\"inLanguage\":\"es-MX\",\"@id\":\"https:\/\/lafuente.mx\/#\/schema\/person\/image\/\",\"url\":\"https:\/\/secure.gravatar.com\/avatar\/bfe9c966af1ccfb9d17bcdb9d04e8815?s=96&d=mm&r=g\",\"contentUrl\":\"https:\/\/secure.gravatar.com\/avatar\/bfe9c966af1ccfb9d17bcdb9d04e8815?s=96&d=mm&r=g\",\"caption\":\"Claudia Gallardo\"},\"url\":\"https:\/\/lafuente.mx\/?author=3\"}]}<\/script>\n<!-- \/ Yoast SEO plugin. -->","yoast_head_json":{"title":"Asociaci\u00f3n entre la calidad del sue\u00f1o y la personalidad seg\u00fan el modelo de los cinco grandes factores en una muestra no cl\u00ednica\u00a0 -","robots":{"index":"index","follow":"follow","max-snippet":"max-snippet:-1","max-image-preview":"max-image-preview:large","max-video-preview":"max-video-preview:-1"},"canonical":"https:\/\/lafuente.mx\/?p=2777","og_locale":"es_MX","og_type":"article","og_title":"Asociaci\u00f3n entre la calidad del sue\u00f1o y la personalidad seg\u00fan el modelo de los cinco grandes factores en una muestra no cl\u00ednica\u00a0","og_description":"El sue\u00f1o es esencial para mantener la salud, el bienestar y la funcionalidad. Los rasgos de personalidad del Modelo de los Cinco Factores (FFM) han demostrado ser prometedores como determinantes de la calidad del sue\u00f1o.\u00a0","og_url":"https:\/\/lafuente.mx\/?p=2777","article_published_time":"2025-02-25T07:41:00+00:00","article_modified_time":"2025-02-24T18:54:56+00:00","og_image":[{"width":1280,"height":822,"url":"https:\/\/i0.wp.com\/lafuente.mx\/wp-content\/uploads\/2025\/02\/woman-girl-lady-female-young-beauty-sleeping-dream-nature-sky-clouds-gulls-fantasy-sleeping-sleeping-sleeping-sleeping-sleeping-3403604.jpg?fit=1280%2C822&ssl=1","type":"image\/jpeg"}],"author":"Claudia Gallardo","twitter_card":"summary_large_image","twitter_title":"Asociaci\u00f3n entre la calidad del sue\u00f1o y la personalidad seg\u00fan el modelo de los cinco grandes factores en una muestra no cl\u00ednica\u00a0","twitter_description":"El sue\u00f1o es esencial para mantener la salud, el bienestar y la funcionalidad. Los rasgos de personalidad del Modelo de los Cinco Factores (FFM) han demostrado ser prometedores como determinantes de la calidad del sue\u00f1o.\u00a0","twitter_image":"https:\/\/i0.wp.com\/lafuente.mx\/wp-content\/uploads\/2025\/02\/woman-girl-lady-female-young-beauty-sleeping-dream-nature-sky-clouds-gulls-fantasy-sleeping-sleeping-sleeping-sleeping-sleeping-3403604.jpg?fit=1280%2C822&ssl=1","twitter_misc":{"Escrito por":"Claudia Gallardo","Tiempo de lectura":"2 minutos"},"schema":{"@context":"https:\/\/schema.org","@graph":[{"@type":"WebSite","@id":"https:\/\/lafuente.mx\/#website","url":"https:\/\/lafuente.mx\/","name":"","description":"Informaci\u00f3n confiable sobre salud mental","potentialAction":[{"@type":"SearchAction","target":{"@type":"EntryPoint","urlTemplate":"https:\/\/lafuente.mx\/?s={search_term_string}"},"query-input":"required name=search_term_string"}],"inLanguage":"es-MX"},{"@type":"WebPage","@id":"https:\/\/lafuente.mx\/?p=2777","url":"https:\/\/lafuente.mx\/?p=2777","name":"Asociaci\u00f3n entre la calidad del sue\u00f1o y la personalidad seg\u00fan el modelo de los cinco grandes factores en una muestra no cl\u00ednica\u00a0 -","isPartOf":{"@id":"https:\/\/lafuente.mx\/#website"},"datePublished":"2025-02-25T07:41:00+00:00","dateModified":"2025-02-24T18:54:56+00:00","author":{"@id":"https:\/\/lafuente.mx\/#\/schema\/person\/603f3aa8e2f6f7879021ab722d39d6b0"},"breadcrumb":{"@id":"https:\/\/lafuente.mx\/?p=2777#breadcrumb"},"inLanguage":"es-MX","potentialAction":[{"@type":"ReadAction","target":["https:\/\/lafuente.mx\/?p=2777"]}]},{"@type":"BreadcrumbList","@id":"https:\/\/lafuente.mx\/?p=2777#breadcrumb","itemListElement":[{"@type":"ListItem","position":1,"name":"Inicio","item":"https:\/\/lafuente.mx\/"},{"@type":"ListItem","position":2,"name":"Asociaci\u00f3n entre la calidad del sue\u00f1o y la personalidad seg\u00fan el modelo de los cinco grandes factores en una muestra no cl\u00ednica\u00a0"}]},{"@type":"Person","@id":"https:\/\/lafuente.mx\/#\/schema\/person\/603f3aa8e2f6f7879021ab722d39d6b0","name":"Claudia Gallardo","image":{"@type":"ImageObject","inLanguage":"es-MX","@id":"https:\/\/lafuente.mx\/#\/schema\/person\/image\/","url":"https:\/\/secure.gravatar.com\/avatar\/bfe9c966af1ccfb9d17bcdb9d04e8815?s=96&d=mm&r=g","contentUrl":"https:\/\/secure.gravatar.com\/avatar\/bfe9c966af1ccfb9d17bcdb9d04e8815?s=96&d=mm&r=g","caption":"Claudia Gallardo"},"url":"https:\/\/lafuente.mx\/?author=3"}]}},"jetpack_featured_media_url":"https:\/\/i0.wp.com\/lafuente.mx\/wp-content\/uploads\/2025\/02\/woman-girl-lady-female-young-beauty-sleeping-dream-nature-sky-clouds-gulls-fantasy-sleeping-sleeping-sleeping-sleeping-sleeping-3403604.jpg?fit=1280%2C822&ssl=1","jetpack-related-posts":[{"id":1488,"url":"https:\/\/lafuente.mx\/?p=1488","url_meta":{"origin":2777,"position":0},"title":"Los factores de riesgo de la pandemia de COVID-19 para la depresi\u00f3n entre los estudiantes de posgrado en salud\u00a0","date":"julio 21, 2023","format":false,"excerpt":"Fernanda Rocha Anjos de Oliveira Souza, Vagner Ferreira do Nascimento, Mariano Martinez Espinosa, Sandra Cristina Pillon, Chris Wagstaff, Ana Cl\u00e1udia Pereira Ter\u00e7as-Trettel Introducci\u00f3n.\u00a0La pandemia ha generado desaf\u00edos que impactan en la salud mental de la poblaci\u00f3n, incluidos los estudiantes de posgrado en salud.\u00a0\u00a0Objetivo.\u00a0Evaluar los factores asociados a la depresi\u00f3n en\u2026","rel":"","context":"En &quot;Revista Salud Mental&quot;","img":{"alt_text":"","src":"https:\/\/i0.wp.com\/lafuente.mx\/wp-content\/uploads\/2023\/07\/doctor-triste-tiro-medio-mascara-edited-scaled.jpg?fit=1200%2C675&ssl=1&resize=350%2C200","width":350,"height":200},"classes":[]},{"id":61,"url":"https:\/\/lafuente.mx\/?p=61","url_meta":{"origin":2777,"position":1},"title":"Estrategias de afrontamiento familiar e higiene del sue\u00f1o ante la pandemia de COVID-19","date":"julio 29, 2022","format":false,"excerpt":"REVISTA SALUD MENTAL: VOL. 45, TOMO 3, MAYO-JUNIO 2022 Hemos aprendido numerosas lecciones dolorosas durante los \u00faltimos dos a\u00f1os, pero simult\u00e1neamente han surgido muchas otras oportunidades. Las consecuencias de la pandemia de la COVID-19, incluidas las producidas por las medidas para mitigarla, aparecieron casi de inmediato. Photo by cottonbro on\u2026","rel":"","context":"En &quot;Revista Salud Mental&quot;","img":{"alt_text":"people wearing diy masks","src":"https:\/\/i0.wp.com\/lafuente.mx\/wp-content\/uploads\/2022\/07\/pexels-photo-3951628.jpeg?fit=1200%2C800&ssl=1&resize=350%2C200","width":350,"height":200},"classes":[]},{"id":2739,"url":"https:\/\/lafuente.mx\/?p=2739","url_meta":{"origin":2777,"position":2},"title":"Estudios epidemiol\u00f3gicos sobre COVID-19 y salud mental en M\u00e9xico: mejor metodolog\u00eda para mejores resultados: una revisi\u00f3n de la literatura\u00a0","date":"enero 23, 2025","format":false,"excerpt":"Guillermo Borges\u00a0 Direcci\u00f3n de Investigaciones Epidemiol\u00f3gicas y Psicosociales, Instituto Nacional de Psiquiatr\u00eda Ram\u00f3n de la Fuente Mu\u00f1iz, Ciudad de M\u00e9xico, M\u00e9xico.\u00a0 Ricardo Orozco\u00a0 Direcci\u00f3n de Investigaciones Epidemiol\u00f3gicas y Psicosociales, Instituto Nacional de Psiquiatr\u00eda Ram\u00f3n de la Fuente Mu\u00f1iz, Ciudad de M\u00e9xico, M\u00e9xico.\u00a0 Brenda Salas\u00a0 Direcci\u00f3n de Investigaciones Epidemiol\u00f3gicas y Psicosociales,\u2026","rel":"","context":"En &quot;Revista Salud Mental&quot;","img":{"alt_text":"","src":"https:\/\/i0.wp.com\/lafuente.mx\/wp-content\/uploads\/2025\/01\/001-1-scaled.jpg?fit=1200%2C758&ssl=1&resize=350%2C200","width":350,"height":200},"classes":[]},{"id":2892,"url":"https:\/\/lafuente.mx\/?p=2892","url_meta":{"origin":2777,"position":3},"title":"Adaptaci\u00f3n y validaci\u00f3n de un instrumento para la medici\u00f3n del estigma hacia problemas de salud mental en ni\u00f1os entre profesionales de la salud\u00a0","date":"mayo 12, 2025","format":false,"excerpt":"Jorge Javier Caraveo-AnduagaDirecci\u00f3n de Investigaciones Epidemiol\u00f3gicas y Psicosociales, Instituto Nacional de Psiquiatr\u00eda Ram\u00f3n de la Fuente Mu\u00f1iz, Ciudad de M\u00e9xico, M\u00e9xico.\u00a0 Mart\u00ednez-V\u00e9lez NA.\u00a0Direcci\u00f3n de Investigaciones Epidemiol\u00f3gicas y Psicosociales, Instituto Nacional de Psiquiatr\u00eda Ram\u00f3n de la Fuente Mu\u00f1iz, Ciudad de M\u00e9xico, M\u00e9xico.\u00a0 Miriam Arroyo-BelmonteDirecci\u00f3n de Investigaciones Epidemiol\u00f3gicas y Psicosociales, Instituto Nacional\u2026","rel":"","context":"En &quot;Revista Salud Mental&quot;","img":{"alt_text":"","src":"https:\/\/i0.wp.com\/lafuente.mx\/wp-content\/uploads\/2025\/05\/Adaptacion-y-validacion-de-un-instrumento_Mesa-de-trabajo-1.jpg?fit=1200%2C613&ssl=1&resize=350%2C200","width":350,"height":200},"classes":[]},{"id":1864,"url":"https:\/\/lafuente.mx\/?p=1864","url_meta":{"origin":2777,"position":4},"title":"Salud mental y psiquiatr\u00eda: distinciones, v\u00ednculos y perspectivas \u00e9ticas\/bio\u00e9ticas\u00a0","date":"noviembre 13, 2023","format":false,"excerpt":"AlbertoPerales,1,2 Renato D.Alarc\u00f3n,3,4 PatrickWagner-Grau5,6\u00a0 1 Escuela de Medicina, Universidad Nacional Mayor de San Marcos, Lima, Per\u00fa.\u00a0 2 Instituto de \u00c9tica en Salud, Escuela de Medicina, Universidad Nacional Mayor de San Marcos, Lima, Per\u00fa.\u00a0 3 Honorio Delgado Chair, Universidad Peruana Cayetano Heredia, Lima, Per\u00fa.\u00a0 4 Department of Psychiatry and Psychology, School\u2026","rel":"","context":"En &quot;Revista Salud Mental&quot;","img":{"alt_text":"","src":"https:\/\/i0.wp.com\/lafuente.mx\/wp-content\/uploads\/2023\/11\/04-Valentina-Bayona-scaled.jpg?fit=1200%2C796&ssl=1&resize=350%2C200","width":350,"height":200},"classes":[]},{"id":2704,"url":"https:\/\/lafuente.mx\/?p=2704","url_meta":{"origin":2777,"position":5},"title":"Desregulaci\u00f3n emocional y preocupaci\u00f3n como mediadores entre eventos vitales estresantes y s\u00edntomas de estr\u00e9s postraum\u00e1tico en mujeres mexicanas adultas: un estudio transversal\u00a0","date":"diciembre 6, 2024","format":false,"excerpt":"Revista Salud Mental\u00a0\u00a0 Anabel de la Rosa G\u00f3mez,1, Alejandrina Hern\u00e1ndez Posadas,1, Pablo D. Valencia,1,Lorena A. Flores Plata,1, Alicia Flores Elvira1, 1 Facultad de Estudios Superiores Iztacala, Universidad Nacional Aut\u00f3noma de M\u00e9xico, Estado de M\u00e9xico, M\u00e9xico.\u00a0 Introducci\u00f3n.\u00a0\u00a0 Las mujeres experimentan numerosos episodios de eventos adversos, a menudo vinculados con la violencia,\u2026","rel":"","context":"En &quot;Revista Salud Mental&quot;","img":{"alt_text":"","src":"https:\/\/i0.wp.com\/lafuente.mx\/wp-content\/uploads\/2024\/12\/Captura-de-pantalla-2024-12-05-a-las-13.09.35.png?fit=1200%2C805&ssl=1&resize=350%2C200","width":350,"height":200},"classes":[]}],"jetpack_sharing_enabled":true,"jetpack_shortlink":"https:\/\/wp.me\/pe9WUx-IN","_links":{"self":[{"href":"https:\/\/lafuente.mx\/index.php?rest_route=\/wp\/v2\/posts\/2777"}],"collection":[{"href":"https:\/\/lafuente.mx\/index.php?rest_route=\/wp\/v2\/posts"}],"about":[{"href":"https:\/\/lafuente.mx\/index.php?rest_route=\/wp\/v2\/types\/post"}],"author":[{"embeddable":true,"href":"https:\/\/lafuente.mx\/index.php?rest_route=\/wp\/v2\/users\/3"}],"replies":[{"embeddable":true,"href":"https:\/\/lafuente.mx\/index.php?rest_route=%2Fwp%2Fv2%2Fcomments&post=2777"}],"version-history":[{"count":1,"href":"https:\/\/lafuente.mx\/index.php?rest_route=\/wp\/v2\/posts\/2777\/revisions"}],"predecessor-version":[{"id":2779,"href":"https:\/\/lafuente.mx\/index.php?rest_route=\/wp\/v2\/posts\/2777\/revisions\/2779"}],"wp:featuredmedia":[{"embeddable":true,"href":"https:\/\/lafuente.mx\/index.php?rest_route=\/wp\/v2\/media\/2778"}],"wp:attachment":[{"href":"https:\/\/lafuente.mx\/index.php?rest_route=%2Fwp%2Fv2%2Fmedia&parent=2777"}],"wp:term":[{"taxonomy":"category","embeddable":true,"href":"https:\/\/lafuente.mx\/index.php?rest_route=%2Fwp%2Fv2%2Fcategories&post=2777"},{"taxonomy":"post_tag","embeddable":true,"href":"https:\/\/lafuente.mx\/index.php?rest_route=%2Fwp%2Fv2%2Ftags&post=2777"}],"curies":[{"name":"wp","href":"https:\/\/api.w.org\/{rel}","templated":true}]}}