{"id":2772,"date":"2025-02-24T17:36:46","date_gmt":"2025-02-24T17:36:46","guid":{"rendered":"https:\/\/lafuente.mx\/?p=2772"},"modified":"2025-03-12T15:39:36","modified_gmt":"2025-03-12T15:39:36","slug":"2772-hablemos-de-trastorno-bipolar-la-estabilidad-es-una-meta-alcanzable","status":"publish","type":"post","link":"https:\/\/lafuente.mx\/?p=2772","title":{"rendered":"Hablemos de trastorno bipolar: la estabilidad es una meta alcanzable"},"content":{"rendered":"\n<p class=\"has-text-align-center has-larger-font-size\"><strong>CONVERSATORIO<\/strong><\/p>\n\n\n\n<figure class=\"wp-block-image size-large\"><img decoding=\"async\" loading=\"lazy\" width=\"640\" height=\"480\" src=\"https:\/\/i0.wp.com\/lafuente.mx\/wp-content\/uploads\/2025\/02\/WhatsApp-Image-2025-02-24-at-10.11.46-AM-1-1024x768.jpeg?resize=640%2C480&#038;ssl=1\" alt=\"\" class=\"wp-image-2775\" srcset=\"https:\/\/i0.wp.com\/lafuente.mx\/wp-content\/uploads\/2025\/02\/WhatsApp-Image-2025-02-24-at-10.11.46-AM-1.jpeg?resize=1024%2C768&amp;ssl=1 1024w, https:\/\/i0.wp.com\/lafuente.mx\/wp-content\/uploads\/2025\/02\/WhatsApp-Image-2025-02-24-at-10.11.46-AM-1.jpeg?resize=300%2C225&amp;ssl=1 300w, https:\/\/i0.wp.com\/lafuente.mx\/wp-content\/uploads\/2025\/02\/WhatsApp-Image-2025-02-24-at-10.11.46-AM-1.jpeg?resize=768%2C576&amp;ssl=1 768w, https:\/\/i0.wp.com\/lafuente.mx\/wp-content\/uploads\/2025\/02\/WhatsApp-Image-2025-02-24-at-10.11.46-AM-1.jpeg?resize=1536%2C1152&amp;ssl=1 1536w, https:\/\/i0.wp.com\/lafuente.mx\/wp-content\/uploads\/2025\/02\/WhatsApp-Image-2025-02-24-at-10.11.46-AM-1.jpeg?resize=800%2C600&amp;ssl=1 800w, https:\/\/i0.wp.com\/lafuente.mx\/wp-content\/uploads\/2025\/02\/WhatsApp-Image-2025-02-24-at-10.11.46-AM-1.jpeg?w=1600&amp;ssl=1 1600w, https:\/\/i0.wp.com\/lafuente.mx\/wp-content\/uploads\/2025\/02\/WhatsApp-Image-2025-02-24-at-10.11.46-AM-1.jpeg?w=1280 1280w\" sizes=\"(max-width: 640px) 100vw, 640px\" data-recalc-dims=\"1\" \/><\/figure>\n\n\n\n<hr class=\"wp-block-separator has-text-color has-luminous-vivid-amber-color has-alpha-channel-opacity has-luminous-vivid-amber-background-color has-background\"\/>\n\n\n\n<p class=\"has-text-align-center has-text-color has-medium-font-size\" style=\"color:#987513\"><strong>HABLEMOS DE SALUD MENTAL<\/strong><\/p>\n\n\n\n<p class=\"has-text-align-center has-text-color has-medium-font-size\" style=\"color:#c3930e\">10 DE CADA MES<\/p>\n\n\n\n<p class=\"has-text-align-center has-text-color has-large-font-size\" style=\"color:#a58019\"><strong>10 de marzo 2025<\/strong><\/p>\n\n\n\n<p class=\"has-text-align-center has-text-color has-large-font-size\" style=\"color:#a58019\"><strong>12:00 h.<\/strong><\/p>\n\n\n\n<hr class=\"wp-block-separator has-text-color has-luminous-vivid-amber-color has-alpha-channel-opacity has-luminous-vivid-amber-background-color has-background is-style-wide\"\/>\n\n\n\n<p class=\"has-text-color has-large-font-size\" style=\"color:#876403\">Ponentes:<\/p>\n\n\n\n<p class=\"has-text-color has-large-font-size\" style=\"color:#876403\"><strong>Dra. Constanza Peretto<br>Lic. Maureen Ter\u00e1n Salgado<\/strong><\/p>\n\n\n\n<hr class=\"wp-block-separator has-text-color has-luminous-vivid-amber-color has-alpha-channel-opacity has-luminous-vivid-amber-background-color has-background\"\/>\n\n\n\n<p class=\"has-text-align-left has-text-color has-medium-font-size\" style=\"color:#604b13\"><strong>MENTALIZARTE<\/strong> es el proyecto de difusi\u00f3n en temas de salud mental del Instituto Nacional de Psiquiatr\u00eda Ram\u00f3n de la Fuente Mu\u00f1iz (INPRFM).<\/p>\n\n\n\n<div class=\"wp-block-buttons is-layout-flex wp-block-buttons-is-layout-flex\">\n<div class=\"wp-block-button\"><a class=\"wp-block-button__link has-white-color has-luminous-vivid-amber-background-color has-text-color has-background wp-element-button\">M\u00e1s informaci\u00f3n<\/a><\/div>\n<\/div>\n","protected":false},"excerpt":{"rendered":"<p>CONVERSATORIO HABLEMOS DE SALUD MENTAL 10 DE CADA MES 10 de marzo 2025 12:00 h. Ponentes: Dra. Constanza PerettoLic. Maureen Ter\u00e1n Salgado MENTALIZARTE es el<\/p>\n","protected":false},"author":3,"featured_media":2774,"comment_status":"closed","ping_status":"closed","sticky":false,"template":"","format":"standard","meta":{"footnotes":"","jetpack_publicize_message":"","jetpack_is_tweetstorm":false,"jetpack_publicize_feature_enabled":true},"categories":[8],"tags":[460,860,862,861,422,21,863,75,32,610],"jetpack_publicize_connections":[],"yoast_head":"<!-- This site is optimized with the Yoast SEO plugin v19.4 - https:\/\/yoast.com\/wordpress\/plugins\/seo\/ -->\n<title>Hablemos de trastorno bipolar: la estabilidad es una meta alcanzable - Eventos Acad\u00e9micos del INPRFM<\/title>\n<meta name=\"description\" content=\"MENTALIZARTE es el proyecto de difusi\u00f3n en temas de salud mental del Instituto Nacional de Psiquiatr\u00eda Ram\u00f3n de la Fuente Mu\u00f1iz (INPRFM). %Blog La Fuente\" \/>\n<meta name=\"robots\" content=\"index, follow, max-snippet:-1, max-image-preview:large, max-video-preview:-1\" \/>\n<link rel=\"canonical\" href=\"https:\/\/lafuente.mx\/?p=2772\" \/>\n<meta property=\"og:locale\" content=\"es_MX\" \/>\n<meta property=\"og:type\" content=\"article\" \/>\n<meta property=\"og:title\" content=\"Hablemos de trastorno bipolar: la estabilidad es una meta alcanzable\" \/>\n<meta property=\"og:description\" content=\"MENTALIZARTE es el proyecto de difusi\u00f3n en temas de salud mental del Instituto Nacional de Psiquiatr\u00eda Ram\u00f3n de la Fuente Mu\u00f1iz (INPRFM).\" \/>\n<meta property=\"og:url\" content=\"https:\/\/lafuente.mx\/?p=2772\" \/>\n<meta property=\"article:published_time\" content=\"2025-02-24T17:36:46+00:00\" \/>\n<meta property=\"article:modified_time\" content=\"2025-03-12T15:39:36+00:00\" \/>\n<meta property=\"og:image\" content=\"http:\/\/lafuente.mx\/wp-content\/uploads\/2025\/02\/WhatsApp-Image-2025-02-24-at-10.11.46-AM.jpeg\" \/>\n\t<meta property=\"og:image:width\" content=\"1600\" \/>\n\t<meta property=\"og:image:height\" content=\"1200\" \/>\n\t<meta property=\"og:image:type\" content=\"image\/jpeg\" \/>\n<meta name=\"author\" content=\"Claudia Gallardo\" \/>\n<meta name=\"twitter:card\" content=\"summary_large_image\" \/>\n<meta name=\"twitter:title\" content=\"Hablemos de trastorno bipolar: la estabilidad es una meta alcanzable\" \/>\n<meta name=\"twitter:description\" content=\"MENTALIZARTE es el proyecto de difusi\u00f3n en temas de salud mental del Instituto Nacional de Psiquiatr\u00eda Ram\u00f3n de la Fuente Mu\u00f1iz (INPRFM).\" \/>\n<meta name=\"twitter:image\" content=\"https:\/\/i0.wp.com\/lafuente.mx\/wp-content\/uploads\/2025\/02\/WhatsApp-Image-2025-02-24-at-10.11.46-AM.jpeg?fit=1600%2C1200&ssl=1\" \/>\n<meta name=\"twitter:label1\" content=\"Escrito por\" \/>\n\t<meta name=\"twitter:data1\" content=\"Claudia Gallardo\" \/>\n<script type=\"application\/ld+json\" class=\"yoast-schema-graph\">{\"@context\":\"https:\/\/schema.org\",\"@graph\":[{\"@type\":\"WebSite\",\"@id\":\"https:\/\/lafuente.mx\/#website\",\"url\":\"https:\/\/lafuente.mx\/\",\"name\":\"\",\"description\":\"Informaci\u00f3n confiable sobre salud mental\",\"potentialAction\":[{\"@type\":\"SearchAction\",\"target\":{\"@type\":\"EntryPoint\",\"urlTemplate\":\"https:\/\/lafuente.mx\/?s={search_term_string}\"},\"query-input\":\"required name=search_term_string\"}],\"inLanguage\":\"es-MX\"},{\"@type\":\"WebPage\",\"@id\":\"https:\/\/lafuente.mx\/?p=2772\",\"url\":\"https:\/\/lafuente.mx\/?p=2772\",\"name\":\"Hablemos de trastorno bipolar: la estabilidad es una meta alcanzable - Eventos Acad\u00e9micos del INPRFM\",\"isPartOf\":{\"@id\":\"https:\/\/lafuente.mx\/#website\"},\"datePublished\":\"2025-02-24T17:36:46+00:00\",\"dateModified\":\"2025-03-12T15:39:36+00:00\",\"author\":{\"@id\":\"https:\/\/lafuente.mx\/#\/schema\/person\/603f3aa8e2f6f7879021ab722d39d6b0\"},\"description\":\"MENTALIZARTE es el proyecto de difusi\u00f3n en temas de salud mental del Instituto Nacional de Psiquiatr\u00eda Ram\u00f3n de la Fuente Mu\u00f1iz (INPRFM). %Blog La Fuente\",\"breadcrumb\":{\"@id\":\"https:\/\/lafuente.mx\/?p=2772#breadcrumb\"},\"inLanguage\":\"es-MX\",\"potentialAction\":[{\"@type\":\"ReadAction\",\"target\":[\"https:\/\/lafuente.mx\/?p=2772\"]}]},{\"@type\":\"BreadcrumbList\",\"@id\":\"https:\/\/lafuente.mx\/?p=2772#breadcrumb\",\"itemListElement\":[{\"@type\":\"ListItem\",\"position\":1,\"name\":\"Inicio\",\"item\":\"https:\/\/lafuente.mx\/\"},{\"@type\":\"ListItem\",\"position\":2,\"name\":\"Hablemos de trastorno bipolar: la estabilidad es una meta alcanzable\"}]},{\"@type\":\"Person\",\"@id\":\"https:\/\/lafuente.mx\/#\/schema\/person\/603f3aa8e2f6f7879021ab722d39d6b0\",\"name\":\"Claudia Gallardo\",\"image\":{\"@type\":\"ImageObject\",\"inLanguage\":\"es-MX\",\"@id\":\"https:\/\/lafuente.mx\/#\/schema\/person\/image\/\",\"url\":\"https:\/\/secure.gravatar.com\/avatar\/bfe9c966af1ccfb9d17bcdb9d04e8815?s=96&d=mm&r=g\",\"contentUrl\":\"https:\/\/secure.gravatar.com\/avatar\/bfe9c966af1ccfb9d17bcdb9d04e8815?s=96&d=mm&r=g\",\"caption\":\"Claudia Gallardo\"},\"url\":\"https:\/\/lafuente.mx\/?author=3\"}]}<\/script>\n<!-- \/ Yoast SEO plugin. -->","yoast_head_json":{"title":"Hablemos de trastorno bipolar: la estabilidad es una meta alcanzable - Eventos Acad\u00e9micos del INPRFM","description":"MENTALIZARTE es el proyecto de difusi\u00f3n en temas de salud mental del Instituto Nacional de Psiquiatr\u00eda Ram\u00f3n de la Fuente Mu\u00f1iz (INPRFM). %Blog La Fuente","robots":{"index":"index","follow":"follow","max-snippet":"max-snippet:-1","max-image-preview":"max-image-preview:large","max-video-preview":"max-video-preview:-1"},"canonical":"https:\/\/lafuente.mx\/?p=2772","og_locale":"es_MX","og_type":"article","og_title":"Hablemos de trastorno bipolar: la estabilidad es una meta alcanzable","og_description":"MENTALIZARTE es el proyecto de difusi\u00f3n en temas de salud mental del Instituto Nacional de Psiquiatr\u00eda Ram\u00f3n de la Fuente Mu\u00f1iz (INPRFM).","og_url":"https:\/\/lafuente.mx\/?p=2772","article_published_time":"2025-02-24T17:36:46+00:00","article_modified_time":"2025-03-12T15:39:36+00:00","og_image":[{"width":1600,"height":1200,"url":"http:\/\/lafuente.mx\/wp-content\/uploads\/2025\/02\/WhatsApp-Image-2025-02-24-at-10.11.46-AM.jpeg","type":"image\/jpeg"}],"author":"Claudia Gallardo","twitter_card":"summary_large_image","twitter_title":"Hablemos de trastorno bipolar: la estabilidad es una meta alcanzable","twitter_description":"MENTALIZARTE es el proyecto de difusi\u00f3n en temas de salud mental del Instituto Nacional de Psiquiatr\u00eda Ram\u00f3n de la Fuente Mu\u00f1iz (INPRFM).","twitter_image":"https:\/\/i0.wp.com\/lafuente.mx\/wp-content\/uploads\/2025\/02\/WhatsApp-Image-2025-02-24-at-10.11.46-AM.jpeg?fit=1600%2C1200&ssl=1","twitter_misc":{"Escrito por":"Claudia Gallardo"},"schema":{"@context":"https:\/\/schema.org","@graph":[{"@type":"WebSite","@id":"https:\/\/lafuente.mx\/#website","url":"https:\/\/lafuente.mx\/","name":"","description":"Informaci\u00f3n confiable sobre salud mental","potentialAction":[{"@type":"SearchAction","target":{"@type":"EntryPoint","urlTemplate":"https:\/\/lafuente.mx\/?s={search_term_string}"},"query-input":"required name=search_term_string"}],"inLanguage":"es-MX"},{"@type":"WebPage","@id":"https:\/\/lafuente.mx\/?p=2772","url":"https:\/\/lafuente.mx\/?p=2772","name":"Hablemos de trastorno bipolar: la estabilidad es una meta alcanzable - Eventos Acad\u00e9micos del INPRFM","isPartOf":{"@id":"https:\/\/lafuente.mx\/#website"},"datePublished":"2025-02-24T17:36:46+00:00","dateModified":"2025-03-12T15:39:36+00:00","author":{"@id":"https:\/\/lafuente.mx\/#\/schema\/person\/603f3aa8e2f6f7879021ab722d39d6b0"},"description":"MENTALIZARTE es el proyecto de difusi\u00f3n en temas de salud mental del Instituto Nacional de Psiquiatr\u00eda Ram\u00f3n de la Fuente Mu\u00f1iz (INPRFM). %Blog La Fuente","breadcrumb":{"@id":"https:\/\/lafuente.mx\/?p=2772#breadcrumb"},"inLanguage":"es-MX","potentialAction":[{"@type":"ReadAction","target":["https:\/\/lafuente.mx\/?p=2772"]}]},{"@type":"BreadcrumbList","@id":"https:\/\/lafuente.mx\/?p=2772#breadcrumb","itemListElement":[{"@type":"ListItem","position":1,"name":"Inicio","item":"https:\/\/lafuente.mx\/"},{"@type":"ListItem","position":2,"name":"Hablemos de trastorno bipolar: la estabilidad es una meta alcanzable"}]},{"@type":"Person","@id":"https:\/\/lafuente.mx\/#\/schema\/person\/603f3aa8e2f6f7879021ab722d39d6b0","name":"Claudia Gallardo","image":{"@type":"ImageObject","inLanguage":"es-MX","@id":"https:\/\/lafuente.mx\/#\/schema\/person\/image\/","url":"https:\/\/secure.gravatar.com\/avatar\/bfe9c966af1ccfb9d17bcdb9d04e8815?s=96&d=mm&r=g","contentUrl":"https:\/\/secure.gravatar.com\/avatar\/bfe9c966af1ccfb9d17bcdb9d04e8815?s=96&d=mm&r=g","caption":"Claudia Gallardo"},"url":"https:\/\/lafuente.mx\/?author=3"}]}},"jetpack_featured_media_url":"https:\/\/i0.wp.com\/lafuente.mx\/wp-content\/uploads\/2025\/02\/WhatsApp-Image-2025-02-24-at-10.11.46-AM.jpeg?fit=1600%2C1200&ssl=1","jetpack-related-posts":[{"id":3621,"url":"https:\/\/lafuente.mx\/?p=3621","url_meta":{"origin":2772,"position":0},"title":"D\u00eda Mundial del Trastorno Bipolar\u00a0","date":"marzo 30, 2026","format":false,"excerpt":"30 de marzo M\u00e1s informaci\u00f3n, menos estigma\u00a0 Cada 30 de marzo se conmemora el\u00a0D\u00eda Mundial del Trastorno Bipolar, una fecha impulsada por la International\u00a0Society\u00a0for\u00a0Bipolar\u00a0Disorders\u00a0con el objetivo de\u00a0informar, sensibilizar y reducir el estigma\u00a0asociado a esta condici\u00f3n de salud mental.\u00a0 La elecci\u00f3n de esta fecha no es casual: coincide con el natalicio\u2026","rel":"","context":"En &quot;Efem\u00e9rides de Salud Mental&quot;","img":{"alt_text":"","src":"https:\/\/i0.wp.com\/lafuente.mx\/wp-content\/uploads\/2026\/03\/ChatGPT-Image-30-mar-2026-12_52_40-p.m.png?fit=1200%2C803&ssl=1&resize=350%2C200","width":350,"height":200},"classes":[]},{"id":3481,"url":"https:\/\/lafuente.mx\/?p=3481","url_meta":{"origin":2772,"position":1},"title":"Lo que siempre quisiste saber acerca de los antidepresivos","date":"diciembre 8, 2025","format":false,"excerpt":"CONVERSATORIO Hablemos de salud mental 10 de diciembre a las 12:00 horas, M\u00e9xico 10 de cada mes Ponentes: Gabriel Ahumada CurielJaime Carmona Huerta Los antidepresivos\u00a0son medicamentos recetados para tratar la depresi\u00f3n y otros trastornos como la ansiedad, el TOC o el dolor cr\u00f3nico","rel":"","context":"En &quot;Eventos Acad\u00e9micos del INPRFM&quot;","img":{"alt_text":"","src":"https:\/\/i0.wp.com\/lafuente.mx\/wp-content\/uploads\/2025\/12\/WhatsApp-Image-2025-11-28-at-12.45.52-PM.jpeg?fit=1200%2C900&ssl=1&resize=350%2C200","width":350,"height":200},"classes":[]},{"id":2834,"url":"https:\/\/lafuente.mx\/?p=2834","url_meta":{"origin":2772,"position":2},"title":"Hablemos de Autismo: Aclarando Conceptos y Superando Prejuicios","date":"abril 4, 2025","format":false,"excerpt":"Conversatorio Hablemos de Salud Mental 9 de abril 12:00 horas PonentesDra. Patricia Zavaleta Ram\u00edrezDr. Juan Osiel Fern\u00e1ndez Fern\u00e1ndez El trastorno del espectro autista es una\u00a0afecci\u00f3n relacionada con el desarrollo del cerebro que afecta la manera en la que una persona percibe y socializa con otras personas, lo que causa problemas\u2026","rel":"","context":"En &quot;Eventos Acad\u00e9micos del INPRFM&quot;","img":{"alt_text":"","src":"https:\/\/i0.wp.com\/lafuente.mx\/wp-content\/uploads\/2025\/04\/WhatsApp-Image-2025-04-02-at-9.26.29-AM.jpeg?fit=1200%2C900&ssl=1&resize=350%2C200","width":350,"height":200},"classes":[]},{"id":2823,"url":"https:\/\/lafuente.mx\/?p=2823","url_meta":{"origin":2772,"position":3},"title":"Mentalizarte","date":"abril 1, 2025","format":false,"excerpt":"Durante Abril Mentalizarte en colaboraci\u00f3n con AMPI Hablaremos sobre Salud mental en adolescentes MENTALIZARTE es el proyecto de difusi\u00f3n en temas de salud mental del Instituto Nacional de Psiquiatr\u00eda Ram\u00f3n de la Fuente Mu\u00f1iz (INPRFM). Tiene el objetivo de informar sobre los s\u00edntomas de los diferentes trastornos mentales, difundir que\u2026","rel":"","context":"En &quot;Informaci\u00f3n de inter\u00e9s&quot;","img":{"alt_text":"","src":"https:\/\/i0.wp.com\/lafuente.mx\/wp-content\/uploads\/2025\/04\/WhatsApp-Image-2025-03-26-at-1.28.12-PM.jpeg?fit=1200%2C692&ssl=1&resize=350%2C200","width":350,"height":200},"classes":[]},{"id":2174,"url":"https:\/\/lafuente.mx\/?p=2174","url_meta":{"origin":2772,"position":4},"title":"D\u00eda Mundial del Trastorno Bipolar \u00a0","date":"marzo 30, 2024","format":false,"excerpt":"30 de marzo El trastorno bipolar es una enfermedad mental que afecta a los mecanismos que regulan el estado de \u00e1nimo (animostato). Se suele caracterizar por la alternancia de episodios man\u00edacos (altos emocionales) y depresivos (bajos emocionales) separados por per\u00edodos de estado de \u00e1nimo normal. No obstante, la enfermedad tambi\u00e9n\u2026","rel":"","context":"En &quot;Efem\u00e9rides de Salud Mental&quot;","img":{"alt_text":"","src":"https:\/\/i0.wp.com\/lafuente.mx\/wp-content\/uploads\/2024\/04\/Captura-de-pantalla-2024-04-02-a-las-10.09.21.png?fit=1200%2C678&ssl=1&resize=350%2C200","width":350,"height":200},"classes":[]},{"id":3171,"url":"https:\/\/lafuente.mx\/?p=3171","url_meta":{"origin":2772,"position":5},"title":"No es s\u00f3lo estr\u00e9s: entendiendo la ansiedad","date":"agosto 4, 2025","format":false,"excerpt":"\u2060CONVERSATORIO Hablemos de salud mental 11 de agosto a las 12:00 horas, M\u00e9xico PONENTES: Dra. Sol Durand AriasDr. C\u00e9sar Amaury S\u00e1nchez Aguilar La ansiedad\u00a0es una emoci\u00f3n normal que experimentamos ante situaciones de peligro o estr\u00e9s, pero se convierte en un problema cuando es intensa, persistente y afecta la vida diaria.\u00a0\u2026","rel":"","context":"En &quot;Eventos Acad\u00e9micos del INPRFM&quot;","img":{"alt_text":"","src":"https:\/\/i0.wp.com\/lafuente.mx\/wp-content\/uploads\/2025\/08\/WhatsApp-Image-2025-07-29-at-1.22.10-PM.jpeg?fit=1200%2C900&ssl=1&resize=350%2C200","width":350,"height":200},"classes":[]}],"jetpack_sharing_enabled":true,"jetpack_shortlink":"https:\/\/wp.me\/pe9WUx-II","_links":{"self":[{"href":"https:\/\/lafuente.mx\/index.php?rest_route=\/wp\/v2\/posts\/2772"}],"collection":[{"href":"https:\/\/lafuente.mx\/index.php?rest_route=\/wp\/v2\/posts"}],"about":[{"href":"https:\/\/lafuente.mx\/index.php?rest_route=\/wp\/v2\/types\/post"}],"author":[{"embeddable":true,"href":"https:\/\/lafuente.mx\/index.php?rest_route=\/wp\/v2\/users\/3"}],"replies":[{"embeddable":true,"href":"https:\/\/lafuente.mx\/index.php?rest_route=%2Fwp%2Fv2%2Fcomments&post=2772"}],"version-history":[{"count":2,"href":"https:\/\/lafuente.mx\/index.php?rest_route=\/wp\/v2\/posts\/2772\/revisions"}],"predecessor-version":[{"id":2776,"href":"https:\/\/lafuente.mx\/index.php?rest_route=\/wp\/v2\/posts\/2772\/revisions\/2776"}],"wp:featuredmedia":[{"embeddable":true,"href":"https:\/\/lafuente.mx\/index.php?rest_route=\/wp\/v2\/media\/2774"}],"wp:attachment":[{"href":"https:\/\/lafuente.mx\/index.php?rest_route=%2Fwp%2Fv2%2Fmedia&parent=2772"}],"wp:term":[{"taxonomy":"category","embeddable":true,"href":"https:\/\/lafuente.mx\/index.php?rest_route=%2Fwp%2Fv2%2Fcategories&post=2772"},{"taxonomy":"post_tag","embeddable":true,"href":"https:\/\/lafuente.mx\/index.php?rest_route=%2Fwp%2Fv2%2Ftags&post=2772"}],"curies":[{"name":"wp","href":"https:\/\/api.w.org\/{rel}","templated":true}]}}