{"id":2750,"date":"2025-01-28T17:57:18","date_gmt":"2025-01-28T17:57:18","guid":{"rendered":"https:\/\/lafuente.mx\/?p=2750"},"modified":"2025-02-20T20:20:36","modified_gmt":"2025-02-20T20:20:36","slug":"borrador-automatico-oferta-cademica-cursos-inprfm","status":"publish","type":"post","link":"https:\/\/lafuente.mx\/?p=2750","title":{"rendered":"\u00a1Conoce nuestra oferta acad\u00e9mica! \u00a0"},"content":{"rendered":"\n<hr class=\"wp-block-separator has-text-color has-pale-pink-color has-alpha-channel-opacity has-pale-pink-background-color has-background\"\/>\n\n\n\n<p class=\"has-text-color has-large-font-size\" style=\"color:#3d4750\">En el <strong>Instituto Nacional de Psiquiatr\u00eda Ram\u00f3n de la Fuente Mu\u00f1iz (INPRFM)<\/strong>, a trav\u00e9s de la <strong>Direcci\u00f3n de Ense\u00f1anza<\/strong>, nos comprometemos con la formaci\u00f3n y profesionalizaci\u00f3n del personal de salud en psiquiatr\u00eda y salud mental. <\/p>\n\n\n\n<p>Ofrecemos acceso ilimitado las 24 horas en Google Classroom, junto con sesiones interactivas en tiempo real. &nbsp;<\/p>\n\n\n<div class=\"wp-block-image\">\n<figure class=\"aligncenter size-large is-resized\"><img decoding=\"async\" loading=\"lazy\" width=\"640\" height=\"425\" src=\"https:\/\/i0.wp.com\/lafuente.mx\/wp-content\/uploads\/2025\/01\/Seminario-Taller-estigma_0014_DSC_0193-1024x680.jpg?resize=640%2C425&#038;ssl=1\" alt=\"\" class=\"wp-image-2751\" style=\"aspect-ratio:1.5058823529411764;width:742px;height:auto\" srcset=\"https:\/\/i0.wp.com\/lafuente.mx\/wp-content\/uploads\/2025\/01\/Seminario-Taller-estigma_0014_DSC_0193.jpg?resize=1024%2C680&amp;ssl=1 1024w, https:\/\/i0.wp.com\/lafuente.mx\/wp-content\/uploads\/2025\/01\/Seminario-Taller-estigma_0014_DSC_0193.jpg?resize=300%2C199&amp;ssl=1 300w, https:\/\/i0.wp.com\/lafuente.mx\/wp-content\/uploads\/2025\/01\/Seminario-Taller-estigma_0014_DSC_0193.jpg?resize=768%2C510&amp;ssl=1 768w, https:\/\/i0.wp.com\/lafuente.mx\/wp-content\/uploads\/2025\/01\/Seminario-Taller-estigma_0014_DSC_0193.jpg?w=1181&amp;ssl=1 1181w\" sizes=\"(max-width: 640px) 100vw, 640px\" data-recalc-dims=\"1\" \/><\/figure><\/div>\n\n\n<hr class=\"wp-block-separator has-text-color has-pale-pink-color has-alpha-channel-opacity has-pale-pink-background-color has-background\"\/>\n\n\n\n<p>\ud83d\udd14  <strong>\u00a1Atenci\u00f3n!<\/strong> <br>La inscripci\u00f3n a nuestros cursos se abre <strong>una semana antes de su inicio<\/strong>, a las <strong>9:00 horas<\/strong>. Aseg\u00farate de seguir nuestras redes sociales <strong>@INPRFM<\/strong>, ya que los cupos son limitados y se llenan r\u00e1pidamente.&nbsp;<\/p>\n\n\n\n<p>\u00a1No dejes pasar la oportunidad de continuar tu formaci\u00f3n con nosotros!&nbsp;<\/p>\n\n\n\n<div class=\"wp-block-buttons is-layout-flex wp-block-buttons-is-layout-flex\">\n<div class=\"wp-block-button\"><a class=\"wp-block-button__link has-pale-pink-background-color has-background wp-element-button\" href=\"https:\/\/inprf.gob.mx\/ensenanzanew\/educont_calen.html\">M\u00e1s informaci\u00f3n<\/a><\/div>\n\n\n\n<div class=\"wp-block-button\"><a class=\"wp-block-button__link has-white-color has-pale-cyan-blue-background-color has-text-color has-background wp-element-button\" href=\"https:\/\/inprf.gob.mx\/ensenanzanew\/info_cursos\/2025\/requi_inscripcion.jpg\">Requisitos de inscripci\u00f3n <\/a><\/div>\n<\/div>\n","protected":false},"excerpt":{"rendered":"<p>En el Instituto Nacional de Psiquiatr\u00eda Ram\u00f3n de la Fuente Mu\u00f1iz (INPRFM), a trav\u00e9s de la Direcci\u00f3n de Ense\u00f1anza, nos comprometemos con la formaci\u00f3n y<\/p>\n","protected":false},"author":3,"featured_media":2751,"comment_status":"closed","ping_status":"closed","sticky":false,"template":"","format":"standard","meta":{"footnotes":"","jetpack_publicize_message":"","jetpack_is_tweetstorm":false,"jetpack_publicize_feature_enabled":true},"categories":[4],"tags":[854,312,853,21,852,32],"jetpack_publicize_connections":[],"yoast_head":"<!-- This site is optimized with the Yoast SEO plugin v19.4 - https:\/\/yoast.com\/wordpress\/plugins\/seo\/ -->\n<title>\u00a1Conoce nuestra oferta acad\u00e9mica! \u00a0 -<\/title>\n<meta name=\"description\" content=\"En el Instituto Nacional de Psiquiatr\u00eda Ram\u00f3n de la Fuente Mu\u00f1iz (INPRFM), a trav\u00e9s de la Direcci\u00f3n de Ense\u00f1anza, nos comprometemos con la formaci\u00f3n y profesionalizaci\u00f3n del personal de salud en psiquiatr\u00eda y salud mental\" \/>\n<meta name=\"robots\" content=\"index, follow, max-snippet:-1, max-image-preview:large, max-video-preview:-1\" \/>\n<link rel=\"canonical\" href=\"https:\/\/lafuente.mx\/?p=2750\" \/>\n<meta property=\"og:locale\" content=\"es_MX\" \/>\n<meta property=\"og:type\" content=\"article\" \/>\n<meta property=\"og:title\" content=\"Cursos de educaci\u00f3n continua INPRFM\" \/>\n<meta property=\"og:description\" content=\"En el Instituto Nacional de Psiquiatr\u00eda Ram\u00f3n de la Fuente Mu\u00f1iz (INPRFM), a trav\u00e9s de la Direcci\u00f3n de Ense\u00f1anza, nos comprometemos con la formaci\u00f3n y profesionalizaci\u00f3n del personal de salud en psiquiatr\u00eda y salud mental\" \/>\n<meta property=\"og:url\" content=\"https:\/\/lafuente.mx\/?p=2750\" \/>\n<meta property=\"article:published_time\" content=\"2025-01-28T17:57:18+00:00\" \/>\n<meta property=\"article:modified_time\" content=\"2025-02-20T20:20:36+00:00\" \/>\n<meta property=\"og:image\" content=\"http:\/\/lafuente.mx\/wp-content\/uploads\/2025\/01\/Seminario-Taller-estigma_0014_DSC_0193.jpg\" \/>\n\t<meta property=\"og:image:width\" content=\"1181\" \/>\n\t<meta property=\"og:image:height\" content=\"784\" \/>\n\t<meta property=\"og:image:type\" content=\"image\/jpeg\" \/>\n<meta name=\"author\" content=\"Claudia Gallardo\" \/>\n<meta name=\"twitter:card\" content=\"summary_large_image\" \/>\n<meta name=\"twitter:title\" content=\"Cursos de educaci\u00f3n continua INPRFM\" \/>\n<meta name=\"twitter:description\" content=\"En el Instituto Nacional de Psiquiatr\u00eda Ram\u00f3n de la Fuente Mu\u00f1iz (INPRFM), a trav\u00e9s de la Direcci\u00f3n de Ense\u00f1anza, nos comprometemos con la formaci\u00f3n y profesionalizaci\u00f3n del personal de salud en psiquiatr\u00eda y salud mental\" \/>\n<meta name=\"twitter:image\" content=\"https:\/\/i0.wp.com\/lafuente.mx\/wp-content\/uploads\/2025\/01\/Seminario-Taller-estigma_0014_DSC_0193.jpg?fit=1181%2C784&ssl=1\" \/>\n<meta name=\"twitter:label1\" content=\"Escrito por\" \/>\n\t<meta name=\"twitter:data1\" content=\"Claudia Gallardo\" \/>\n\t<meta name=\"twitter:label2\" content=\"Tiempo de lectura\" \/>\n\t<meta name=\"twitter:data2\" content=\"1 minuto\" \/>\n<script type=\"application\/ld+json\" class=\"yoast-schema-graph\">{\"@context\":\"https:\/\/schema.org\",\"@graph\":[{\"@type\":\"WebSite\",\"@id\":\"https:\/\/lafuente.mx\/#website\",\"url\":\"https:\/\/lafuente.mx\/\",\"name\":\"\",\"description\":\"Informaci\u00f3n confiable sobre salud mental\",\"potentialAction\":[{\"@type\":\"SearchAction\",\"target\":{\"@type\":\"EntryPoint\",\"urlTemplate\":\"https:\/\/lafuente.mx\/?s={search_term_string}\"},\"query-input\":\"required name=search_term_string\"}],\"inLanguage\":\"es-MX\"},{\"@type\":\"WebPage\",\"@id\":\"https:\/\/lafuente.mx\/?p=2750\",\"url\":\"https:\/\/lafuente.mx\/?p=2750\",\"name\":\"\u00a1Conoce nuestra oferta acad\u00e9mica! \u00a0 -\",\"isPartOf\":{\"@id\":\"https:\/\/lafuente.mx\/#website\"},\"datePublished\":\"2025-01-28T17:57:18+00:00\",\"dateModified\":\"2025-02-20T20:20:36+00:00\",\"author\":{\"@id\":\"https:\/\/lafuente.mx\/#\/schema\/person\/603f3aa8e2f6f7879021ab722d39d6b0\"},\"description\":\"En el Instituto Nacional de Psiquiatr\u00eda Ram\u00f3n de la Fuente Mu\u00f1iz (INPRFM), a trav\u00e9s de la Direcci\u00f3n de Ense\u00f1anza, nos comprometemos con la formaci\u00f3n y profesionalizaci\u00f3n del personal de salud en psiquiatr\u00eda y salud mental\",\"breadcrumb\":{\"@id\":\"https:\/\/lafuente.mx\/?p=2750#breadcrumb\"},\"inLanguage\":\"es-MX\",\"potentialAction\":[{\"@type\":\"ReadAction\",\"target\":[\"https:\/\/lafuente.mx\/?p=2750\"]}]},{\"@type\":\"BreadcrumbList\",\"@id\":\"https:\/\/lafuente.mx\/?p=2750#breadcrumb\",\"itemListElement\":[{\"@type\":\"ListItem\",\"position\":1,\"name\":\"Inicio\",\"item\":\"https:\/\/lafuente.mx\/\"},{\"@type\":\"ListItem\",\"position\":2,\"name\":\"\u00a1Conoce nuestra oferta acad\u00e9mica! \u00a0\"}]},{\"@type\":\"Person\",\"@id\":\"https:\/\/lafuente.mx\/#\/schema\/person\/603f3aa8e2f6f7879021ab722d39d6b0\",\"name\":\"Claudia Gallardo\",\"image\":{\"@type\":\"ImageObject\",\"inLanguage\":\"es-MX\",\"@id\":\"https:\/\/lafuente.mx\/#\/schema\/person\/image\/\",\"url\":\"https:\/\/secure.gravatar.com\/avatar\/bfe9c966af1ccfb9d17bcdb9d04e8815?s=96&d=mm&r=g\",\"contentUrl\":\"https:\/\/secure.gravatar.com\/avatar\/bfe9c966af1ccfb9d17bcdb9d04e8815?s=96&d=mm&r=g\",\"caption\":\"Claudia Gallardo\"},\"url\":\"https:\/\/lafuente.mx\/?author=3\"}]}<\/script>\n<!-- \/ Yoast SEO plugin. -->","yoast_head_json":{"title":"\u00a1Conoce nuestra oferta acad\u00e9mica! \u00a0 -","description":"En el Instituto Nacional de Psiquiatr\u00eda Ram\u00f3n de la Fuente Mu\u00f1iz (INPRFM), a trav\u00e9s de la Direcci\u00f3n de Ense\u00f1anza, nos comprometemos con la formaci\u00f3n y profesionalizaci\u00f3n del personal de salud en psiquiatr\u00eda y salud mental","robots":{"index":"index","follow":"follow","max-snippet":"max-snippet:-1","max-image-preview":"max-image-preview:large","max-video-preview":"max-video-preview:-1"},"canonical":"https:\/\/lafuente.mx\/?p=2750","og_locale":"es_MX","og_type":"article","og_title":"Cursos de educaci\u00f3n continua INPRFM","og_description":"En el Instituto Nacional de Psiquiatr\u00eda Ram\u00f3n de la Fuente Mu\u00f1iz (INPRFM), a trav\u00e9s de la Direcci\u00f3n de Ense\u00f1anza, nos comprometemos con la formaci\u00f3n y profesionalizaci\u00f3n del personal de salud en psiquiatr\u00eda y salud mental","og_url":"https:\/\/lafuente.mx\/?p=2750","article_published_time":"2025-01-28T17:57:18+00:00","article_modified_time":"2025-02-20T20:20:36+00:00","og_image":[{"width":1181,"height":784,"url":"http:\/\/lafuente.mx\/wp-content\/uploads\/2025\/01\/Seminario-Taller-estigma_0014_DSC_0193.jpg","type":"image\/jpeg"}],"author":"Claudia Gallardo","twitter_card":"summary_large_image","twitter_title":"Cursos de educaci\u00f3n continua INPRFM","twitter_description":"En el Instituto Nacional de Psiquiatr\u00eda Ram\u00f3n de la Fuente Mu\u00f1iz (INPRFM), a trav\u00e9s de la Direcci\u00f3n de Ense\u00f1anza, nos comprometemos con la formaci\u00f3n y profesionalizaci\u00f3n del personal de salud en psiquiatr\u00eda y salud mental","twitter_image":"https:\/\/i0.wp.com\/lafuente.mx\/wp-content\/uploads\/2025\/01\/Seminario-Taller-estigma_0014_DSC_0193.jpg?fit=1181%2C784&ssl=1","twitter_misc":{"Escrito por":"Claudia Gallardo","Tiempo de lectura":"1 minuto"},"schema":{"@context":"https:\/\/schema.org","@graph":[{"@type":"WebSite","@id":"https:\/\/lafuente.mx\/#website","url":"https:\/\/lafuente.mx\/","name":"","description":"Informaci\u00f3n confiable sobre salud mental","potentialAction":[{"@type":"SearchAction","target":{"@type":"EntryPoint","urlTemplate":"https:\/\/lafuente.mx\/?s={search_term_string}"},"query-input":"required name=search_term_string"}],"inLanguage":"es-MX"},{"@type":"WebPage","@id":"https:\/\/lafuente.mx\/?p=2750","url":"https:\/\/lafuente.mx\/?p=2750","name":"\u00a1Conoce nuestra oferta acad\u00e9mica! \u00a0 -","isPartOf":{"@id":"https:\/\/lafuente.mx\/#website"},"datePublished":"2025-01-28T17:57:18+00:00","dateModified":"2025-02-20T20:20:36+00:00","author":{"@id":"https:\/\/lafuente.mx\/#\/schema\/person\/603f3aa8e2f6f7879021ab722d39d6b0"},"description":"En el Instituto Nacional de Psiquiatr\u00eda Ram\u00f3n de la Fuente Mu\u00f1iz (INPRFM), a trav\u00e9s de la Direcci\u00f3n de Ense\u00f1anza, nos comprometemos con la formaci\u00f3n y profesionalizaci\u00f3n del personal de salud en psiquiatr\u00eda y salud mental","breadcrumb":{"@id":"https:\/\/lafuente.mx\/?p=2750#breadcrumb"},"inLanguage":"es-MX","potentialAction":[{"@type":"ReadAction","target":["https:\/\/lafuente.mx\/?p=2750"]}]},{"@type":"BreadcrumbList","@id":"https:\/\/lafuente.mx\/?p=2750#breadcrumb","itemListElement":[{"@type":"ListItem","position":1,"name":"Inicio","item":"https:\/\/lafuente.mx\/"},{"@type":"ListItem","position":2,"name":"\u00a1Conoce nuestra oferta acad\u00e9mica! \u00a0"}]},{"@type":"Person","@id":"https:\/\/lafuente.mx\/#\/schema\/person\/603f3aa8e2f6f7879021ab722d39d6b0","name":"Claudia Gallardo","image":{"@type":"ImageObject","inLanguage":"es-MX","@id":"https:\/\/lafuente.mx\/#\/schema\/person\/image\/","url":"https:\/\/secure.gravatar.com\/avatar\/bfe9c966af1ccfb9d17bcdb9d04e8815?s=96&d=mm&r=g","contentUrl":"https:\/\/secure.gravatar.com\/avatar\/bfe9c966af1ccfb9d17bcdb9d04e8815?s=96&d=mm&r=g","caption":"Claudia Gallardo"},"url":"https:\/\/lafuente.mx\/?author=3"}]}},"jetpack_featured_media_url":"https:\/\/i0.wp.com\/lafuente.mx\/wp-content\/uploads\/2025\/01\/Seminario-Taller-estigma_0014_DSC_0193.jpg?fit=1181%2C784&ssl=1","jetpack-related-posts":[{"id":671,"url":"https:\/\/lafuente.mx\/?p=671","url_meta":{"origin":2750,"position":0},"title":"Enfermer\u00eda en Psiquiatr\u00eda y Salud Mental\u00a0","date":"enero 20, 2023","format":false,"excerpt":"Diplomados en l\u00ednea 9\u00aa Generaci\u00f3n, 2023 COORDINADORA ACAD\u00c9MICA: Dra. Susana Gallegos S\u00e1nchez\u00a0 Dirigido a personal de enfermer\u00eda (nivel t\u00e9cnico y licenciatura con c\u00e9dula profesional) Objetivo general y tem\u00e1tica Emplear estrategias para el desarrollo profesional y \u00e9tico en favor de la promoci\u00f3n, prevenci\u00f3n, atenci\u00f3n y rehabilitaci\u00f3n de la persona que vive\u2026","rel":"","context":"En &quot;Cursos&quot;","img":{"alt_text":"","src":"https:\/\/i0.wp.com\/lafuente.mx\/wp-content\/uploads\/2023\/01\/imagenEnfermeria.jpg?fit=1074%2C605&ssl=1&resize=350%2C200","width":350,"height":200},"classes":[]},{"id":2584,"url":"https:\/\/lafuente.mx\/?p=2584","url_meta":{"origin":2750,"position":1},"title":"YouTube INPRFM\u00a0","date":"octubre 4, 2024","format":false,"excerpt":"\u00a1Te invitamos a conocer nuestro canal de YouTube! @INPRFM \u00bfYa lo conoces?Entonces te invitamos a consultar nuestros \u00faltimos videos y a ver nuevamente nuestras interesantes conferencias, pl\u00e1ticas y sesiones acad\u00e9micas sobre salud mental V\u00eddeos de divulgaci\u00f3n cient\u00edfica realizados en el Instituto Nacional de Psiquiatr\u00eda Ramon de la Fuente Mu\u00f1iz\u00a0\u00a0 Sesiones\u2026","rel":"","context":"En &quot;Informaci\u00f3n de inter\u00e9s&quot;","img":{"alt_text":"","src":"https:\/\/i0.wp.com\/lafuente.mx\/wp-content\/uploads\/2024\/10\/Captura-de-pantalla-2024-10-04-110907.png?fit=930%2C711&ssl=1&resize=350%2C200","width":350,"height":200},"classes":[]},{"id":3339,"url":"https:\/\/lafuente.mx\/?p=3339","url_meta":{"origin":2750,"position":2},"title":"XL Reuni\u00f3n Anual de Investigaci\u00f3n","date":"octubre 6, 2025","format":false,"excerpt":"Transformando la salud mental a trav\u00e9s de la investigaci\u00f3n: mentes sanas, futuros brillantes Conferencias magistrales. Simposios. Curso Pre-RAI. Mesas redondas. Conferencia cultural. Exposici\u00f3n de carteles Nos complace dar la bienvenida a la XL edici\u00f3n de nuestra Reuni\u00f3n Anual de Investigaci\u00f3n y la 7\u00aa Reuni\u00f3n de egresados, con la participaci\u00f3n de\u2026","rel":"","context":"En &quot;Eventos Acad\u00e9micos del INPRFM&quot;","img":{"alt_text":"","src":"https:\/\/i0.wp.com\/lafuente.mx\/wp-content\/uploads\/2025\/10\/Captura-de-pantalla-2025-10-06-a-las-14.23.52.png?fit=1200%2C692&ssl=1&resize=350%2C200","width":350,"height":200},"classes":[]},{"id":2563,"url":"https:\/\/lafuente.mx\/?p=2563","url_meta":{"origin":2750,"position":3},"title":"Lenguaje incluyente y no sexista para la docencia y las pr\u00e1cticas en salud\u00a0","date":"septiembre 24, 2024","format":false,"excerpt":"Sep 12, 2024\u00a0|\u00a0Academia\u00a0 Con el objetivo de generar un espacio para reflexionar sobre el uso del lenguaje incluyente en los \u00e1mbitos educativos y en las pr\u00e1cticas en la salud, as\u00ed como promover pr\u00e1cticas equitativas y libres de discriminaci\u00f3n en la atenci\u00f3n m\u00e9dica, la Facultad de Medicina de la UNAM, a\u2026","rel":"","context":"En &quot;Noticias&quot;","img":{"alt_text":"","src":"https:\/\/i0.wp.com\/lafuente.mx\/wp-content\/uploads\/2024\/09\/Dr-HamidVega.jpg?fit=1200%2C959&ssl=1&resize=350%2C200","width":350,"height":200},"classes":[]},{"id":3498,"url":"https:\/\/lafuente.mx\/?p=3498","url_meta":{"origin":2750,"position":4},"title":"46\u00b0 Aniversario del Instituto Nacional de Psiquiatr\u00eda Ram\u00f3n de la Fuente Mu\u00f1iz","date":"diciembre 26, 2025","format":false,"excerpt":"Concebido por el Dr. Ram\u00f3n de la Fuente Mu\u00f1iz como un espacio para transformar la manera de comprender y atender la enfermedad mental, el Instituto Nacional de Psiquiatr\u00eda Ram\u00f3n de la Fuente Mu\u00f1iz celebra 46 a\u00f1os de historia, ciencia y compromiso social. Desde sus or\u00edgenes, el Instituto ha apostado por\u2026","rel":"","context":"En &quot;Efem\u00e9rides de Salud Mental&quot;","img":{"alt_text":"","src":"https:\/\/i0.wp.com\/lafuente.mx\/wp-content\/uploads\/2025\/12\/135560131_217238569991007_135080209465938120_n-1.jpg?fit=1082%2C417&ssl=1&resize=350%2C200","width":350,"height":200},"classes":[]},{"id":3425,"url":"https:\/\/lafuente.mx\/?p=3425","url_meta":{"origin":2750,"position":5},"title":"La enfermer\u00eda en salud mental: pilar en el desarrollo de la sociedad","date":"octubre 21, 2025","format":false,"excerpt":"Jornadas de Enfermer\u00eda 22 y 23 de octubre 2025 De 8:00 a 14:00 h \u2022 Videoconferencias \u2022 Conferencias Magistrales \u2022 Mesas redondas \u2022 Talleres Transmisi\u00f3n en vivo por FB LIVE Auditorio del Instituto Nacional de Psiquiatr\u00eda Ram\u00f3n de la Fuente Entrada libre, cupo limitado Registro Programa","rel":"","context":"En &quot;Eventos Acad\u00e9micos del INPRFM&quot;","img":{"alt_text":"","src":"https:\/\/i0.wp.com\/lafuente.mx\/wp-content\/uploads\/2025\/10\/Captura-de-pantalla-2025-10-21-a-las-9.52.56.png?fit=1200%2C1103&ssl=1&resize=350%2C200","width":350,"height":200},"classes":[]}],"jetpack_sharing_enabled":true,"jetpack_shortlink":"https:\/\/wp.me\/pe9WUx-Im","_links":{"self":[{"href":"https:\/\/lafuente.mx\/index.php?rest_route=\/wp\/v2\/posts\/2750"}],"collection":[{"href":"https:\/\/lafuente.mx\/index.php?rest_route=\/wp\/v2\/posts"}],"about":[{"href":"https:\/\/lafuente.mx\/index.php?rest_route=\/wp\/v2\/types\/post"}],"author":[{"embeddable":true,"href":"https:\/\/lafuente.mx\/index.php?rest_route=\/wp\/v2\/users\/3"}],"replies":[{"embeddable":true,"href":"https:\/\/lafuente.mx\/index.php?rest_route=%2Fwp%2Fv2%2Fcomments&post=2750"}],"version-history":[{"count":4,"href":"https:\/\/lafuente.mx\/index.php?rest_route=\/wp\/v2\/posts\/2750\/revisions"}],"predecessor-version":[{"id":2769,"href":"https:\/\/lafuente.mx\/index.php?rest_route=\/wp\/v2\/posts\/2750\/revisions\/2769"}],"wp:featuredmedia":[{"embeddable":true,"href":"https:\/\/lafuente.mx\/index.php?rest_route=\/wp\/v2\/media\/2751"}],"wp:attachment":[{"href":"https:\/\/lafuente.mx\/index.php?rest_route=%2Fwp%2Fv2%2Fmedia&parent=2750"}],"wp:term":[{"taxonomy":"category","embeddable":true,"href":"https:\/\/lafuente.mx\/index.php?rest_route=%2Fwp%2Fv2%2Fcategories&post=2750"},{"taxonomy":"post_tag","embeddable":true,"href":"https:\/\/lafuente.mx\/index.php?rest_route=%2Fwp%2Fv2%2Ftags&post=2750"}],"curies":[{"name":"wp","href":"https:\/\/api.w.org\/{rel}","templated":true}]}}