{"id":2743,"date":"2025-01-27T15:55:51","date_gmt":"2025-01-27T15:55:51","guid":{"rendered":"https:\/\/lafuente.mx\/?p=2743"},"modified":"2025-01-27T15:55:53","modified_gmt":"2025-01-27T15:55:53","slug":"27-de-enero-dia-del-profesional-en-nutricion","status":"publish","type":"post","link":"https:\/\/lafuente.mx\/?p=2743","title":{"rendered":"27 de enero &#8211; D\u00eda del Profesional en Nutrici\u00f3n"},"content":{"rendered":"\n<p class=\"has-small-font-size\">En M\u00e9xico, el D\u00eda del Profesional en Nutrici\u00f3n se conmemora cada 27 de enero desde 1975, fecha en el que se fund\u00f3 la Asociaci\u00f3n Mexicana de Nutriolog\u00eda A.C. (AMENAC)<\/p>\n\n\n\n<hr class=\"wp-block-separator aligncenter has-text-color has-vivid-green-cyan-color has-alpha-channel-opacity has-vivid-green-cyan-background-color has-background is-style-wide\"\/>\n\n\n\n<p>Este d\u00eda se celebra con el prop\u00f3sito de reconocer la labor de las y los nutri\u00f3logos, la cual va m\u00e1s all\u00e1 de elaborar dietas para perder peso.&nbsp;<\/p>\n\n\n<div class=\"wp-block-image\">\n<figure class=\"aligncenter size-large\"><img decoding=\"async\" loading=\"lazy\" width=\"640\" height=\"480\" src=\"https:\/\/i0.wp.com\/lafuente.mx\/wp-content\/uploads\/2025\/01\/002-edited-scaled.jpg?resize=640%2C480&#038;ssl=1\" alt=\"\" class=\"wp-image-2745\" srcset=\"https:\/\/i0.wp.com\/lafuente.mx\/wp-content\/uploads\/2025\/01\/002-edited-scaled.jpg?w=2560&amp;ssl=1 2560w, https:\/\/i0.wp.com\/lafuente.mx\/wp-content\/uploads\/2025\/01\/002-edited-scaled.jpg?resize=300%2C225&amp;ssl=1 300w, https:\/\/i0.wp.com\/lafuente.mx\/wp-content\/uploads\/2025\/01\/002-edited-scaled.jpg?resize=1024%2C768&amp;ssl=1 1024w, https:\/\/i0.wp.com\/lafuente.mx\/wp-content\/uploads\/2025\/01\/002-edited-scaled.jpg?resize=768%2C576&amp;ssl=1 768w, https:\/\/i0.wp.com\/lafuente.mx\/wp-content\/uploads\/2025\/01\/002-edited-scaled.jpg?resize=1536%2C1153&amp;ssl=1 1536w, https:\/\/i0.wp.com\/lafuente.mx\/wp-content\/uploads\/2025\/01\/002-edited-scaled.jpg?resize=2048%2C1537&amp;ssl=1 2048w, https:\/\/i0.wp.com\/lafuente.mx\/wp-content\/uploads\/2025\/01\/002-edited-scaled.jpg?resize=800%2C600&amp;ssl=1 800w, https:\/\/i0.wp.com\/lafuente.mx\/wp-content\/uploads\/2025\/01\/002-edited-scaled.jpg?w=1280 1280w, https:\/\/i0.wp.com\/lafuente.mx\/wp-content\/uploads\/2025\/01\/002-edited-scaled.jpg?w=1920 1920w\" sizes=\"(max-width: 640px) 100vw, 640px\" data-recalc-dims=\"1\" \/><\/figure><\/div>\n\n\n<p>Las y los nutri\u00f3logos brindan herramientas a la poblaci\u00f3n para que tengan un peso adecuado, a trav\u00e9s de una alimentaci\u00f3n saludable y, de esta manera, evitar la desnutrici\u00f3n, o bien, la obesidad y el sobrepeso.&nbsp;<\/p>\n\n\n\n<p>En M\u00e9xico, el D\u00eda del Profesional en Nutrici\u00f3n se conmemora cada 27 de enero desde 1975, fecha en el que se fund\u00f3 la Asociaci\u00f3n Mexicana de Nutriolog\u00eda A.C. (AMENAC).&nbsp;<\/p>\n\n\n\n<p>Este d\u00eda se celebra con el prop\u00f3sito de reconocer la labor de las y los nutri\u00f3logos, la cual va m\u00e1s all\u00e1 de elaborar dietas para perder peso.&nbsp;<\/p>\n\n\n\n<p>Las y los nutri\u00f3logos son los profesionales de la salud que establecen planes de alimentaci\u00f3n, dependiendo de la etapa de vida en la que se encuentre el paciente (infancia, adolescencia, embarazo, edad adulta o personas mayores) o bien, cuando por alguna enfermedad la persona tiene triglic\u00e9ridos altos, colesterol elevado, \u00e1cido \u00farico, VIH\/ SIDA, c\u00e1ncer, lupus o padecimientos reumatol\u00f3gicos.&nbsp;<\/p>\n\n\n\n<p>Tambi\u00e9n, las y los nutri\u00f3logos se desempe\u00f1an en diferentes campos, tales como nutrici\u00f3n cl\u00ednica, administraci\u00f3n de comedores industriales, alimentaci\u00f3n comunitaria, deportiva, dise\u00f1o de pol\u00edticas p\u00fablicas, investigaci\u00f3n y docencia.&nbsp;<\/p>\n\n\n\n<p>La Organizaci\u00f3n Panamericana de la Salud (OPS) enfatiza que una nutrici\u00f3n saludable es fundamental para la prevenci\u00f3n de factores de riesgo relacionados con la dieta, como el sobrepeso y la obesidad, y las enfermedades no transmisibles asociadas.&nbsp;<\/p>\n\n\n\n<hr class=\"wp-block-separator has-text-color has-vivid-green-cyan-color has-alpha-channel-opacity has-vivid-green-cyan-background-color has-background\"\/>\n\n\n\n<div class=\"wp-block-buttons is-layout-flex wp-block-buttons-is-layout-flex\">\n<div class=\"wp-block-button\"><a class=\"wp-block-button__link has-light-green-cyan-background-color has-background wp-element-button\" href=\"https:\/\/www.gob.mx\/insabi\/es\/articulos\/dia-del-profesional-en-nutricion-27-de-enero?idiom=es#:~:text=En%20M%C3%A9xico%2C%20el%20D%C3%ADa%20del,de%20Nutriolog%C3%ADa%20A.C.%20(AMENAC).\">M\u00e1s informaci\u00f3n<\/a><\/div>\n<\/div>\n","protected":false},"excerpt":{"rendered":"<p>En M\u00e9xico, el D\u00eda del Profesional en Nutrici\u00f3n se conmemora cada 27 de enero desde 1975, fecha en el que se fund\u00f3 la Asociaci\u00f3n Mexicana<\/p>\n","protected":false},"author":5,"featured_media":2745,"comment_status":"closed","ping_status":"closed","sticky":false,"template":"","format":"standard","meta":{"footnotes":"","jetpack_publicize_message":"","jetpack_is_tweetstorm":false,"jetpack_publicize_feature_enabled":true},"categories":[13],"tags":[574,851,569,90],"jetpack_publicize_connections":[],"yoast_head":"<!-- This site is optimized with the Yoast SEO plugin v19.4 - https:\/\/yoast.com\/wordpress\/plugins\/seo\/ -->\n<title>27 de enero - D\u00eda del Profesional en Nutrici\u00f3n -<\/title>\n<meta name=\"description\" content=\"27 de enero - D\u00eda del Profesional en Nutrici\u00f3n\" \/>\n<meta name=\"robots\" content=\"index, follow, max-snippet:-1, max-image-preview:large, max-video-preview:-1\" \/>\n<link rel=\"canonical\" href=\"https:\/\/lafuente.mx\/?p=2743\" \/>\n<meta property=\"og:locale\" content=\"es_MX\" \/>\n<meta property=\"og:type\" content=\"article\" \/>\n<meta property=\"og:title\" content=\"27 de enero - D\u00eda del Profesional en Nutrici\u00f3n\" \/>\n<meta property=\"og:description\" content=\"27 de enero - D\u00eda del Profesional en Nutrici\u00f3n\" \/>\n<meta property=\"og:url\" content=\"https:\/\/lafuente.mx\/?p=2743\" \/>\n<meta property=\"article:published_time\" content=\"2025-01-27T15:55:51+00:00\" \/>\n<meta property=\"article:modified_time\" content=\"2025-01-27T15:55:53+00:00\" \/>\n<meta property=\"og:image\" content=\"http:\/\/lafuente.mx\/wp-content\/uploads\/2025\/01\/002-edited-scaled.jpg\" \/>\n\t<meta property=\"og:image:width\" content=\"2560\" \/>\n\t<meta property=\"og:image:height\" content=\"1921\" \/>\n\t<meta property=\"og:image:type\" content=\"image\/jpeg\" \/>\n<meta name=\"author\" content=\"Dar\u00edo Ram\u00edrez\" \/>\n<meta name=\"twitter:card\" content=\"summary_large_image\" \/>\n<meta name=\"twitter:title\" content=\"27 de enero - D\u00eda del Profesional en Nutrici\u00f3n\" \/>\n<meta name=\"twitter:description\" content=\"27 de enero - D\u00eda del Profesional en Nutrici\u00f3n\" \/>\n<meta name=\"twitter:image\" content=\"https:\/\/i0.wp.com\/lafuente.mx\/wp-content\/uploads\/2025\/01\/002-edited-scaled.jpg?fit=2560%2C1921&ssl=1\" \/>\n<meta name=\"twitter:label1\" content=\"Escrito por\" \/>\n\t<meta name=\"twitter:data1\" content=\"Dar\u00edo Ram\u00edrez\" \/>\n\t<meta name=\"twitter:label2\" content=\"Tiempo de lectura\" \/>\n\t<meta name=\"twitter:data2\" content=\"2 minutos\" \/>\n<script type=\"application\/ld+json\" class=\"yoast-schema-graph\">{\"@context\":\"https:\/\/schema.org\",\"@graph\":[{\"@type\":\"WebSite\",\"@id\":\"https:\/\/lafuente.mx\/#website\",\"url\":\"https:\/\/lafuente.mx\/\",\"name\":\"\",\"description\":\"Informaci\u00f3n confiable sobre salud mental\",\"potentialAction\":[{\"@type\":\"SearchAction\",\"target\":{\"@type\":\"EntryPoint\",\"urlTemplate\":\"https:\/\/lafuente.mx\/?s={search_term_string}\"},\"query-input\":\"required name=search_term_string\"}],\"inLanguage\":\"es-MX\"},{\"@type\":\"WebPage\",\"@id\":\"https:\/\/lafuente.mx\/?p=2743\",\"url\":\"https:\/\/lafuente.mx\/?p=2743\",\"name\":\"27 de enero - D\u00eda del Profesional en Nutrici\u00f3n -\",\"isPartOf\":{\"@id\":\"https:\/\/lafuente.mx\/#website\"},\"datePublished\":\"2025-01-27T15:55:51+00:00\",\"dateModified\":\"2025-01-27T15:55:53+00:00\",\"author\":{\"@id\":\"https:\/\/lafuente.mx\/#\/schema\/person\/b9cc1ac3941245ec61c80638a92abfb6\"},\"description\":\"27 de enero - D\u00eda del Profesional en Nutrici\u00f3n\",\"breadcrumb\":{\"@id\":\"https:\/\/lafuente.mx\/?p=2743#breadcrumb\"},\"inLanguage\":\"es-MX\",\"potentialAction\":[{\"@type\":\"ReadAction\",\"target\":[\"https:\/\/lafuente.mx\/?p=2743\"]}]},{\"@type\":\"BreadcrumbList\",\"@id\":\"https:\/\/lafuente.mx\/?p=2743#breadcrumb\",\"itemListElement\":[{\"@type\":\"ListItem\",\"position\":1,\"name\":\"Inicio\",\"item\":\"https:\/\/lafuente.mx\/\"},{\"@type\":\"ListItem\",\"position\":2,\"name\":\"27 de enero &#8211; D\u00eda del Profesional en Nutrici\u00f3n\"}]},{\"@type\":\"Person\",\"@id\":\"https:\/\/lafuente.mx\/#\/schema\/person\/b9cc1ac3941245ec61c80638a92abfb6\",\"name\":\"Dar\u00edo Ram\u00edrez\",\"image\":{\"@type\":\"ImageObject\",\"inLanguage\":\"es-MX\",\"@id\":\"https:\/\/lafuente.mx\/#\/schema\/person\/image\/\",\"url\":\"https:\/\/secure.gravatar.com\/avatar\/bd5441528d8085d08a897e5789079259?s=96&d=mm&r=g\",\"contentUrl\":\"https:\/\/secure.gravatar.com\/avatar\/bd5441528d8085d08a897e5789079259?s=96&d=mm&r=g\",\"caption\":\"Dar\u00edo Ram\u00edrez\"},\"url\":\"https:\/\/lafuente.mx\/?author=5\"}]}<\/script>\n<!-- \/ Yoast SEO plugin. -->","yoast_head_json":{"title":"27 de enero - D\u00eda del Profesional en Nutrici\u00f3n -","description":"27 de enero - D\u00eda del Profesional en Nutrici\u00f3n","robots":{"index":"index","follow":"follow","max-snippet":"max-snippet:-1","max-image-preview":"max-image-preview:large","max-video-preview":"max-video-preview:-1"},"canonical":"https:\/\/lafuente.mx\/?p=2743","og_locale":"es_MX","og_type":"article","og_title":"27 de enero - D\u00eda del Profesional en Nutrici\u00f3n","og_description":"27 de enero - D\u00eda del Profesional en Nutrici\u00f3n","og_url":"https:\/\/lafuente.mx\/?p=2743","article_published_time":"2025-01-27T15:55:51+00:00","article_modified_time":"2025-01-27T15:55:53+00:00","og_image":[{"width":2560,"height":1921,"url":"http:\/\/lafuente.mx\/wp-content\/uploads\/2025\/01\/002-edited-scaled.jpg","type":"image\/jpeg"}],"author":"Dar\u00edo Ram\u00edrez","twitter_card":"summary_large_image","twitter_title":"27 de enero - D\u00eda del Profesional en Nutrici\u00f3n","twitter_description":"27 de enero - D\u00eda del Profesional en Nutrici\u00f3n","twitter_image":"https:\/\/i0.wp.com\/lafuente.mx\/wp-content\/uploads\/2025\/01\/002-edited-scaled.jpg?fit=2560%2C1921&ssl=1","twitter_misc":{"Escrito por":"Dar\u00edo Ram\u00edrez","Tiempo de lectura":"2 minutos"},"schema":{"@context":"https:\/\/schema.org","@graph":[{"@type":"WebSite","@id":"https:\/\/lafuente.mx\/#website","url":"https:\/\/lafuente.mx\/","name":"","description":"Informaci\u00f3n confiable sobre salud mental","potentialAction":[{"@type":"SearchAction","target":{"@type":"EntryPoint","urlTemplate":"https:\/\/lafuente.mx\/?s={search_term_string}"},"query-input":"required name=search_term_string"}],"inLanguage":"es-MX"},{"@type":"WebPage","@id":"https:\/\/lafuente.mx\/?p=2743","url":"https:\/\/lafuente.mx\/?p=2743","name":"27 de enero - D\u00eda del Profesional en Nutrici\u00f3n -","isPartOf":{"@id":"https:\/\/lafuente.mx\/#website"},"datePublished":"2025-01-27T15:55:51+00:00","dateModified":"2025-01-27T15:55:53+00:00","author":{"@id":"https:\/\/lafuente.mx\/#\/schema\/person\/b9cc1ac3941245ec61c80638a92abfb6"},"description":"27 de enero - D\u00eda del Profesional en Nutrici\u00f3n","breadcrumb":{"@id":"https:\/\/lafuente.mx\/?p=2743#breadcrumb"},"inLanguage":"es-MX","potentialAction":[{"@type":"ReadAction","target":["https:\/\/lafuente.mx\/?p=2743"]}]},{"@type":"BreadcrumbList","@id":"https:\/\/lafuente.mx\/?p=2743#breadcrumb","itemListElement":[{"@type":"ListItem","position":1,"name":"Inicio","item":"https:\/\/lafuente.mx\/"},{"@type":"ListItem","position":2,"name":"27 de enero &#8211; D\u00eda del Profesional en Nutrici\u00f3n"}]},{"@type":"Person","@id":"https:\/\/lafuente.mx\/#\/schema\/person\/b9cc1ac3941245ec61c80638a92abfb6","name":"Dar\u00edo Ram\u00edrez","image":{"@type":"ImageObject","inLanguage":"es-MX","@id":"https:\/\/lafuente.mx\/#\/schema\/person\/image\/","url":"https:\/\/secure.gravatar.com\/avatar\/bd5441528d8085d08a897e5789079259?s=96&d=mm&r=g","contentUrl":"https:\/\/secure.gravatar.com\/avatar\/bd5441528d8085d08a897e5789079259?s=96&d=mm&r=g","caption":"Dar\u00edo Ram\u00edrez"},"url":"https:\/\/lafuente.mx\/?author=5"}]}},"jetpack_featured_media_url":"https:\/\/i0.wp.com\/lafuente.mx\/wp-content\/uploads\/2025\/01\/002-edited-scaled.jpg?fit=2560%2C1921&ssl=1","jetpack-related-posts":[{"id":2033,"url":"https:\/\/lafuente.mx\/?p=2033","url_meta":{"origin":2743,"position":0},"title":"D\u00eda del Profesional en Nutrici\u00f3n","date":"enero 25, 2024","format":false,"excerpt":"27 de enero\u00a0 Las y los nutri\u00f3logos brindan herramientas a la poblaci\u00f3n para que tengan un peso adecuado, a trav\u00e9s de una alimentaci\u00f3n saludable y, de esta manera, evitar la desnutrici\u00f3n, o bien, la obesidad y el sobrepeso.\u00a0 En M\u00e9xico, el D\u00eda del Profesional en Nutrici\u00f3n se conmemora cada 27\u2026","rel":"","context":"En &quot;Efem\u00e9rides de Salud Mental&quot;","img":{"alt_text":"","src":"https:\/\/i0.wp.com\/lafuente.mx\/wp-content\/uploads\/2024\/01\/Captura-de-Pantalla-2024-01-24-a-las-12.12.15.png?fit=1200%2C566&ssl=1&resize=350%2C200","width":350,"height":200},"classes":[]},{"id":1644,"url":"https:\/\/lafuente.mx\/?p=1644","url_meta":{"origin":2743,"position":1},"title":"T\u00e9 de mente","date":"septiembre 4, 2023","format":false,"excerpt":"El podcast donde las neurociencias y la nutrici\u00f3n se mezclan y se fusionan, resultando en una combinaci\u00f3n ganadora. Acompa\u00f1a a Dannia Islas del Instituto Nacional de Psiquiatr\u00eda y Aurora Avila de la carrera de nutriolog\u00eda de la UNAM a descubrir c\u00f3mo tu salud mental y tu alimentaci\u00f3n est\u00e1n m\u00e1s conectadas\u2026","rel":"","context":"En &quot;Podcasts&quot;","img":{"alt_text":"","src":"https:\/\/i0.wp.com\/lafuente.mx\/wp-content\/uploads\/2023\/09\/Logo-TE-D-Mente-fondo.jpg?fit=1200%2C1140&ssl=1&resize=350%2C200","width":350,"height":200},"classes":[]},{"id":2117,"url":"https:\/\/lafuente.mx\/?p=2117","url_meta":{"origin":2743,"position":2},"title":"T\u00e9 de mente","date":"marzo 4, 2024","format":false,"excerpt":"Segunda temporada T\u00e9 de Mente regresa con una segunda temporada a mostrar que las neurociencias y la nutrici\u00f3n son una combinaci\u00f3n ganadora. Acomp\u00e1\u00f1anos en este viaje a trav\u00e9s de las etapas en la vida de la mujer, donde descubriremos esos detalles que hacen de la salud mental y la alimentaci\u00f3n,\u2026","rel":"","context":"En &quot;Podcasts&quot;","img":{"alt_text":"girl, child, teenager-5087960.jpg","src":"https:\/\/i0.wp.com\/lafuente.mx\/wp-content\/uploads\/2024\/03\/girl-child-teenager-5087960.jpg?fit=1200%2C800&ssl=1&resize=350%2C200","width":350,"height":200},"classes":[]},{"id":1729,"url":"https:\/\/lafuente.mx\/?p=1729","url_meta":{"origin":2743,"position":3},"title":"T\u00e9 de mente","date":"septiembre 26, 2023","format":false,"excerpt":"Aompa\u00f1anos a disfrutar de un T\u00e9 de mente con mucho sabor. En nuestro episodio 3 T\u00e9 de mente, el podcast donde las neurociencias y la nutrici\u00f3n se mezclan y se fusionan, resultando en una combinaci\u00f3n ganadora. Acompa\u00f1a a Dannia Islas del Instituto Nacional de Psiquiatr\u00eda y Aurora Avila de la\u2026","rel":"","context":"En &quot;Podcasts&quot;","img":{"alt_text":"","src":"https:\/\/i0.wp.com\/lafuente.mx\/wp-content\/uploads\/2023\/09\/Logo-TE-D-Mente-fondo.jpg?fit=1200%2C1140&ssl=1&resize=350%2C200","width":350,"height":200},"classes":[]},{"id":1705,"url":"https:\/\/lafuente.mx\/?p=1705","url_meta":{"origin":2743,"position":4},"title":"T\u00e9 de mente","date":"septiembre 11, 2023","format":false,"excerpt":"Te de mente, el podcast donde las neurociencias y la nutrici\u00f3n se mezclan y se fusionan, resultando en una combinaci\u00f3n ganadora. Acompa\u00f1a a Dannia Islas del Instituto Nacional de Psiquiatr\u00eda y Aurora Avila de la carrera de nutriolog\u00eda de la UNAM a descubrir c\u00f3mo tu salud mental y tu alimentaci\u00f3n\u2026","rel":"","context":"En &quot;Podcasts&quot;","img":{"alt_text":"","src":"https:\/\/i0.wp.com\/lafuente.mx\/wp-content\/uploads\/2023\/09\/Logo-TE-D-Mente-fondo.jpg?fit=1200%2C1140&ssl=1&resize=350%2C200","width":350,"height":200},"classes":[]},{"id":1876,"url":"https:\/\/lafuente.mx\/?p=1876","url_meta":{"origin":2743,"position":5},"title":"Temas selectos en los trastornos de la conducta alimentaria: su afrontamiento cl\u00ednico en el entorno actual\u00a0","date":"noviembre 21, 2023","format":false,"excerpt":"Del 27 de noviembre al 8 de diciembre de 2023\u00a0 Coordinador:\u00a0 Dr. Alejandro de J. Caballero Romo\u00a0 Dirigido a:\u00a0 Profesionales de la salud: medicina, psicolog\u00eda, nutrici\u00f3n, trabajo social, enfermer\u00eda y profesiones afines\u00a0 Objetivo general: Reflexionar acerca de la naturaleza cl\u00ednica de los trastornos de la conducta alimentaria y su presentaci\u00f3n\u2026","rel":"","context":"En &quot;Cursos en l\u00ednea&quot;","img":{"alt_text":"","src":"https:\/\/i0.wp.com\/lafuente.mx\/wp-content\/uploads\/2023\/11\/tca-pyrt2wocimkeydzeapckas8bvswdfu96y3gichtpb2.jpg?fit=1200%2C675&ssl=1&resize=350%2C200","width":350,"height":200},"classes":[]}],"jetpack_sharing_enabled":true,"jetpack_shortlink":"https:\/\/wp.me\/pe9WUx-If","_links":{"self":[{"href":"https:\/\/lafuente.mx\/index.php?rest_route=\/wp\/v2\/posts\/2743"}],"collection":[{"href":"https:\/\/lafuente.mx\/index.php?rest_route=\/wp\/v2\/posts"}],"about":[{"href":"https:\/\/lafuente.mx\/index.php?rest_route=\/wp\/v2\/types\/post"}],"author":[{"embeddable":true,"href":"https:\/\/lafuente.mx\/index.php?rest_route=\/wp\/v2\/users\/5"}],"replies":[{"embeddable":true,"href":"https:\/\/lafuente.mx\/index.php?rest_route=%2Fwp%2Fv2%2Fcomments&post=2743"}],"version-history":[{"count":4,"href":"https:\/\/lafuente.mx\/index.php?rest_route=\/wp\/v2\/posts\/2743\/revisions"}],"predecessor-version":[{"id":2749,"href":"https:\/\/lafuente.mx\/index.php?rest_route=\/wp\/v2\/posts\/2743\/revisions\/2749"}],"wp:featuredmedia":[{"embeddable":true,"href":"https:\/\/lafuente.mx\/index.php?rest_route=\/wp\/v2\/media\/2745"}],"wp:attachment":[{"href":"https:\/\/lafuente.mx\/index.php?rest_route=%2Fwp%2Fv2%2Fmedia&parent=2743"}],"wp:term":[{"taxonomy":"category","embeddable":true,"href":"https:\/\/lafuente.mx\/index.php?rest_route=%2Fwp%2Fv2%2Fcategories&post=2743"},{"taxonomy":"post_tag","embeddable":true,"href":"https:\/\/lafuente.mx\/index.php?rest_route=%2Fwp%2Fv2%2Ftags&post=2743"}],"curies":[{"name":"wp","href":"https:\/\/api.w.org\/{rel}","templated":true}]}}