{"id":2734,"date":"2025-01-22T19:39:14","date_gmt":"2025-01-22T19:39:14","guid":{"rendered":"https:\/\/lafuente.mx\/?p=2734"},"modified":"2025-01-27T15:56:22","modified_gmt":"2025-01-27T15:56:22","slug":"borrador-automatico-suicide-ideation-medical-residency","status":"publish","type":"post","link":"https:\/\/lafuente.mx\/?p=2734","title":{"rendered":"What lies behind suicide ideation during medical residency? A comparison between medical specialties in Mexican physicians in training\u00a0"},"content":{"rendered":"\n<hr class=\"wp-block-separator has-text-color has-pale-cyan-blue-color has-alpha-channel-opacity has-pale-cyan-blue-background-color has-background\"\/>\n\n\n\n<p class=\"has-large-font-size\">We aimed to compare demographics, medical residency features and adversities, and perceived health variables among residents of medical specialties with the highest and lowest report of suicide ideation during their residency and to identify the main features associated with suicide ideation. A cross-sectional, retrospective, comparative study was conducted on residents from each medical specialty through an online survey. Specialties were ranked according to the percentage of residents who reported having had suicide ideation at some point during their residency.&nbsp;<\/p>\n\n\n\n<hr class=\"wp-block-separator has-text-color has-pale-cyan-blue-color has-alpha-channel-opacity has-pale-cyan-blue-background-color has-background is-style-wide\"\/>\n\n\n\n<p><strong>Carlos-Alfonso Tovilla-Z\u00e1rate <sup>a<\/sup>, Ana Fres\u00e1n <sup>b<\/sup>, Diana Gu\u00edzar-S\u00e1nchez <sup>c<\/sup>, Mar\u00eda Yoldi-Negrete <sup>b<\/sup>, Rebeca Robles-Garc\u00eda <sup>d<\/sup>, J. Nicol\u00e1s Mart\u00ednez-L\u00f3pez <\/strong><sup>b<\/sup>&nbsp;<\/p>\n\n\n\n<p><sup>a<\/sup>&nbsp;Divisi\u00f3n Acad\u00e9mica Multidisciplinaria de Comalcalco, Universidad Ju\u00e1rez Aut\u00f3noma de Tabasco, Comalcalco, Tabasco, M\u00e9xico&nbsp;<\/p>\n\n\n\n<p><sup>b<\/sup>&nbsp;Subdirecci\u00f3n de Investigaciones Cl\u00ednicas, Instituto Nacional de Psiquiatr\u00eda Ram\u00f3n de la Fuente Mu\u00f1\u00edz, Ciudad de M\u00e9xico, M\u00e9xico&nbsp;<\/p>\n\n\n\n<p>c Departamento de Fisiolog\u00eda de la Facultad de Medicina, Universidad Nacional Aut\u00f3noma de M\u00e9xico, UNAM, Ciudad de M\u00e9xico, M\u00e9xico&nbsp;<\/p>\n\n\n\n<p class=\"has-small-font-size\"><sup>d<\/sup>&nbsp;Centro de Investigaci\u00f3n en Salud Mental Global, Instituto Nacional de Psiquiatr\u00eda Ram\u00f3n de la Fuente Mu\u00f1\u00edz, Ciudad de M\u00e9xico, M\u00e9xico&nbsp;<\/p>\n\n\n\n<p class=\"has-large-font-size\"><sub><sup>Volume 88,&nbsp;2024,&nbsp;Pages 79-80,&nbsp;ISSN 0163-8343, May\u2013June 2024, Pages 79-80&nbsp;<\/sup><\/sub><\/p>\n\n\n\n<hr class=\"wp-block-separator has-text-color has-pale-cyan-blue-color has-alpha-channel-opacity has-pale-cyan-blue-background-color has-background\"\/>\n\n\n\n<figure class=\"wp-block-image size-large\"><img decoding=\"async\" loading=\"lazy\" width=\"640\" height=\"853\" src=\"https:\/\/i0.wp.com\/lafuente.mx\/wp-content\/uploads\/2025\/01\/Captura-de-pantalla-2025-01-22-a-las-13.29.05-768x1024.png?resize=640%2C853&#038;ssl=1\" alt=\"\" class=\"wp-image-2735\" srcset=\"https:\/\/i0.wp.com\/lafuente.mx\/wp-content\/uploads\/2025\/01\/Captura-de-pantalla-2025-01-22-a-las-13.29.05.png?resize=768%2C1024&amp;ssl=1 768w, https:\/\/i0.wp.com\/lafuente.mx\/wp-content\/uploads\/2025\/01\/Captura-de-pantalla-2025-01-22-a-las-13.29.05.png?resize=225%2C300&amp;ssl=1 225w, https:\/\/i0.wp.com\/lafuente.mx\/wp-content\/uploads\/2025\/01\/Captura-de-pantalla-2025-01-22-a-las-13.29.05.png?w=1034&amp;ssl=1 1034w\" sizes=\"(max-width: 640px) 100vw, 640px\" data-recalc-dims=\"1\" \/><\/figure>\n\n\n\n<p><\/p>\n\n\n\n<div class=\"wp-block-buttons is-layout-flex wp-block-buttons-is-layout-flex\">\n<div class=\"wp-block-button\"><a class=\"wp-block-button__link has-vivid-purple-background-color has-background wp-element-button\" href=\"https:\/\/doi.org\/10.1016\/j.genhosppsych.2024.02.004\">M\u00e1s informaci\u00f3n<\/a><\/div>\n<\/div>\n","protected":false},"excerpt":{"rendered":"<p>We aimed to compare demographics, medical residency features and adversities, and perceived health variables among residents of medical specialties with the highest and lowest report<\/p>\n","protected":false},"author":3,"featured_media":2735,"comment_status":"closed","ping_status":"closed","sticky":false,"template":"","format":"standard","meta":{"footnotes":"","jetpack_publicize_message":"","jetpack_is_tweetstorm":false,"jetpack_publicize_feature_enabled":true},"categories":[10],"tags":[638,848,21,849,32,353],"jetpack_publicize_connections":[],"yoast_head":"<!-- This site is optimized with the Yoast SEO plugin v19.4 - https:\/\/yoast.com\/wordpress\/plugins\/seo\/ -->\n<title>What lies behind suicide ideation during medical residency? A comparison between medical specialties in Mexican physicians in training\u00a0 -<\/title>\n<meta name=\"description\" content=\"We aimed to compare demographics, medical residency features and adversities, and perceived health variables among residents of medical specialties with the highest and lowest report of suicide ideation during their residency and to identify the main features associated with suicide ideation.\" \/>\n<meta name=\"robots\" content=\"index, follow, max-snippet:-1, max-image-preview:large, max-video-preview:-1\" \/>\n<link rel=\"canonical\" href=\"https:\/\/lafuente.mx\/?p=2734\" \/>\n<meta property=\"og:locale\" content=\"es_MX\" \/>\n<meta property=\"og:type\" content=\"article\" \/>\n<meta property=\"og:title\" content=\"What lies behind suicide ideation during medical residency? A comparison between medical specialties in Mexican physicians in training\" \/>\n<meta property=\"og:description\" content=\"We aimed to compare demographics, medical residency features and adversities, and perceived health variables among residents of medical specialties with the highest and lowest report of suicide ideation during their residency and to identify the main features associated with suicide ideation.\" \/>\n<meta property=\"og:url\" content=\"https:\/\/lafuente.mx\/?p=2734\" \/>\n<meta property=\"article:published_time\" content=\"2025-01-22T19:39:14+00:00\" \/>\n<meta property=\"article:modified_time\" content=\"2025-01-27T15:56:22+00:00\" \/>\n<meta property=\"og:image\" content=\"http:\/\/lafuente.mx\/wp-content\/uploads\/2025\/01\/Captura-de-pantalla-2025-01-22-a-las-13.29.05.png\" \/>\n\t<meta property=\"og:image:width\" content=\"1034\" \/>\n\t<meta property=\"og:image:height\" content=\"1378\" \/>\n\t<meta property=\"og:image:type\" content=\"image\/png\" \/>\n<meta name=\"author\" content=\"Claudia Gallardo\" \/>\n<meta name=\"twitter:card\" content=\"summary_large_image\" \/>\n<meta name=\"twitter:title\" content=\"What lies behind suicide ideation during medical residency? A comparison between medical specialties in Mexican physicians in training\" \/>\n<meta name=\"twitter:description\" content=\"We aimed to compare demographics, medical residency features and adversities, and perceived health variables among residents of medical specialties with the highest and lowest report of suicide ideation during their residency and to identify the main features associated with suicide ideation.\" \/>\n<meta name=\"twitter:image\" content=\"https:\/\/i0.wp.com\/lafuente.mx\/wp-content\/uploads\/2025\/01\/Captura-de-pantalla-2025-01-22-a-las-13.29.05.png?fit=1034%2C1378&ssl=1\" \/>\n<meta name=\"twitter:label1\" content=\"Escrito por\" \/>\n\t<meta name=\"twitter:data1\" content=\"Claudia Gallardo\" \/>\n\t<meta name=\"twitter:label2\" content=\"Tiempo de lectura\" \/>\n\t<meta name=\"twitter:data2\" content=\"1 minuto\" \/>\n<script type=\"application\/ld+json\" class=\"yoast-schema-graph\">{\"@context\":\"https:\/\/schema.org\",\"@graph\":[{\"@type\":\"WebSite\",\"@id\":\"https:\/\/lafuente.mx\/#website\",\"url\":\"https:\/\/lafuente.mx\/\",\"name\":\"\",\"description\":\"Informaci\u00f3n confiable sobre salud mental\",\"potentialAction\":[{\"@type\":\"SearchAction\",\"target\":{\"@type\":\"EntryPoint\",\"urlTemplate\":\"https:\/\/lafuente.mx\/?s={search_term_string}\"},\"query-input\":\"required name=search_term_string\"}],\"inLanguage\":\"es-MX\"},{\"@type\":\"WebPage\",\"@id\":\"https:\/\/lafuente.mx\/?p=2734\",\"url\":\"https:\/\/lafuente.mx\/?p=2734\",\"name\":\"What lies behind suicide ideation during medical residency? A comparison between medical specialties in Mexican physicians in training\u00a0 -\",\"isPartOf\":{\"@id\":\"https:\/\/lafuente.mx\/#website\"},\"datePublished\":\"2025-01-22T19:39:14+00:00\",\"dateModified\":\"2025-01-27T15:56:22+00:00\",\"author\":{\"@id\":\"https:\/\/lafuente.mx\/#\/schema\/person\/603f3aa8e2f6f7879021ab722d39d6b0\"},\"description\":\"We aimed to compare demographics, medical residency features and adversities, and perceived health variables among residents of medical specialties with the highest and lowest report of suicide ideation during their residency and to identify the main features associated with suicide ideation.\",\"breadcrumb\":{\"@id\":\"https:\/\/lafuente.mx\/?p=2734#breadcrumb\"},\"inLanguage\":\"es-MX\",\"potentialAction\":[{\"@type\":\"ReadAction\",\"target\":[\"https:\/\/lafuente.mx\/?p=2734\"]}]},{\"@type\":\"BreadcrumbList\",\"@id\":\"https:\/\/lafuente.mx\/?p=2734#breadcrumb\",\"itemListElement\":[{\"@type\":\"ListItem\",\"position\":1,\"name\":\"Inicio\",\"item\":\"https:\/\/lafuente.mx\/\"},{\"@type\":\"ListItem\",\"position\":2,\"name\":\"What lies behind suicide ideation during medical residency? A comparison between medical specialties in Mexican physicians in training\u00a0\"}]},{\"@type\":\"Person\",\"@id\":\"https:\/\/lafuente.mx\/#\/schema\/person\/603f3aa8e2f6f7879021ab722d39d6b0\",\"name\":\"Claudia Gallardo\",\"image\":{\"@type\":\"ImageObject\",\"inLanguage\":\"es-MX\",\"@id\":\"https:\/\/lafuente.mx\/#\/schema\/person\/image\/\",\"url\":\"https:\/\/secure.gravatar.com\/avatar\/bfe9c966af1ccfb9d17bcdb9d04e8815?s=96&d=mm&r=g\",\"contentUrl\":\"https:\/\/secure.gravatar.com\/avatar\/bfe9c966af1ccfb9d17bcdb9d04e8815?s=96&d=mm&r=g\",\"caption\":\"Claudia Gallardo\"},\"url\":\"https:\/\/lafuente.mx\/?author=3\"}]}<\/script>\n<!-- \/ Yoast SEO plugin. -->","yoast_head_json":{"title":"What lies behind suicide ideation during medical residency? A comparison between medical specialties in Mexican physicians in training\u00a0 -","description":"We aimed to compare demographics, medical residency features and adversities, and perceived health variables among residents of medical specialties with the highest and lowest report of suicide ideation during their residency and to identify the main features associated with suicide ideation.","robots":{"index":"index","follow":"follow","max-snippet":"max-snippet:-1","max-image-preview":"max-image-preview:large","max-video-preview":"max-video-preview:-1"},"canonical":"https:\/\/lafuente.mx\/?p=2734","og_locale":"es_MX","og_type":"article","og_title":"What lies behind suicide ideation during medical residency? A comparison between medical specialties in Mexican physicians in training","og_description":"We aimed to compare demographics, medical residency features and adversities, and perceived health variables among residents of medical specialties with the highest and lowest report of suicide ideation during their residency and to identify the main features associated with suicide ideation.","og_url":"https:\/\/lafuente.mx\/?p=2734","article_published_time":"2025-01-22T19:39:14+00:00","article_modified_time":"2025-01-27T15:56:22+00:00","og_image":[{"width":1034,"height":1378,"url":"http:\/\/lafuente.mx\/wp-content\/uploads\/2025\/01\/Captura-de-pantalla-2025-01-22-a-las-13.29.05.png","type":"image\/png"}],"author":"Claudia Gallardo","twitter_card":"summary_large_image","twitter_title":"What lies behind suicide ideation during medical residency? A comparison between medical specialties in Mexican physicians in training","twitter_description":"We aimed to compare demographics, medical residency features and adversities, and perceived health variables among residents of medical specialties with the highest and lowest report of suicide ideation during their residency and to identify the main features associated with suicide ideation.","twitter_image":"https:\/\/i0.wp.com\/lafuente.mx\/wp-content\/uploads\/2025\/01\/Captura-de-pantalla-2025-01-22-a-las-13.29.05.png?fit=1034%2C1378&ssl=1","twitter_misc":{"Escrito por":"Claudia Gallardo","Tiempo de lectura":"1 minuto"},"schema":{"@context":"https:\/\/schema.org","@graph":[{"@type":"WebSite","@id":"https:\/\/lafuente.mx\/#website","url":"https:\/\/lafuente.mx\/","name":"","description":"Informaci\u00f3n confiable sobre salud mental","potentialAction":[{"@type":"SearchAction","target":{"@type":"EntryPoint","urlTemplate":"https:\/\/lafuente.mx\/?s={search_term_string}"},"query-input":"required name=search_term_string"}],"inLanguage":"es-MX"},{"@type":"WebPage","@id":"https:\/\/lafuente.mx\/?p=2734","url":"https:\/\/lafuente.mx\/?p=2734","name":"What lies behind suicide ideation during medical residency? A comparison between medical specialties in Mexican physicians in training\u00a0 -","isPartOf":{"@id":"https:\/\/lafuente.mx\/#website"},"datePublished":"2025-01-22T19:39:14+00:00","dateModified":"2025-01-27T15:56:22+00:00","author":{"@id":"https:\/\/lafuente.mx\/#\/schema\/person\/603f3aa8e2f6f7879021ab722d39d6b0"},"description":"We aimed to compare demographics, medical residency features and adversities, and perceived health variables among residents of medical specialties with the highest and lowest report of suicide ideation during their residency and to identify the main features associated with suicide ideation.","breadcrumb":{"@id":"https:\/\/lafuente.mx\/?p=2734#breadcrumb"},"inLanguage":"es-MX","potentialAction":[{"@type":"ReadAction","target":["https:\/\/lafuente.mx\/?p=2734"]}]},{"@type":"BreadcrumbList","@id":"https:\/\/lafuente.mx\/?p=2734#breadcrumb","itemListElement":[{"@type":"ListItem","position":1,"name":"Inicio","item":"https:\/\/lafuente.mx\/"},{"@type":"ListItem","position":2,"name":"What lies behind suicide ideation during medical residency? A comparison between medical specialties in Mexican physicians in training\u00a0"}]},{"@type":"Person","@id":"https:\/\/lafuente.mx\/#\/schema\/person\/603f3aa8e2f6f7879021ab722d39d6b0","name":"Claudia Gallardo","image":{"@type":"ImageObject","inLanguage":"es-MX","@id":"https:\/\/lafuente.mx\/#\/schema\/person\/image\/","url":"https:\/\/secure.gravatar.com\/avatar\/bfe9c966af1ccfb9d17bcdb9d04e8815?s=96&d=mm&r=g","contentUrl":"https:\/\/secure.gravatar.com\/avatar\/bfe9c966af1ccfb9d17bcdb9d04e8815?s=96&d=mm&r=g","caption":"Claudia Gallardo"},"url":"https:\/\/lafuente.mx\/?author=3"}]}},"jetpack_featured_media_url":"https:\/\/i0.wp.com\/lafuente.mx\/wp-content\/uploads\/2025\/01\/Captura-de-pantalla-2025-01-22-a-las-13.29.05.png?fit=1034%2C1378&ssl=1","jetpack-related-posts":[{"id":2523,"url":"https:\/\/lafuente.mx\/?p=2523","url_meta":{"origin":2734,"position":0},"title":"D\u00eda Mundial para la Prevenci\u00f3n del Suicidio 2024\u00a0","date":"septiembre 10, 2024","format":false,"excerpt":"El D\u00eda Mundial para la Prevenci\u00f3n del Suicidio,\u00a0que se conmemora anualmente el 10 de septiembre, est\u00e1 organizado por la Asociaci\u00f3n Internacional para la Prevenci\u00f3n del Suicidio (IASP) y avalado por la Organizaci\u00f3n Mundial de la Salud (OMS). La conmemoraci\u00f3n centra la atenci\u00f3n en el tema, reduce el estigma y crea\u2026","rel":"","context":"En &quot;Efem\u00e9rides de Salud Mental&quot;","img":{"alt_text":"stop adult suicide, candle in child hands, left alone-3801118.jpg","src":"https:\/\/i0.wp.com\/lafuente.mx\/wp-content\/uploads\/2024\/09\/stop-adult-suicide-candle-in-child-hands-left-alone-3801118.jpg?fit=1200%2C857&ssl=1&resize=350%2C200","width":350,"height":200},"classes":[]},{"id":3234,"url":"https:\/\/lafuente.mx\/?p=3234","url_meta":{"origin":2734,"position":1},"title":"D\u00eda Mundial para la Prevenci\u00f3n del Suicidio","date":"septiembre 10, 2025","format":false,"excerpt":"10 de septiembre El D\u00eda Mundial para la Prevenci\u00f3n del Suicidio, que se celebra cada 10 de septiembre, es una iniciativa global liderada por la Asociaci\u00f3n Internacional para la Prevenci\u00f3n del Suicidio (IASP) con el apoyo de la Organizaci\u00f3n Mundial de la Salud (OMS). Su objetivo es concienciar, reducir el\u2026","rel":"","context":"En &quot;Efem\u00e9rides de Salud Mental&quot;","img":{"alt_text":"red rose near rail, remembering all victims, of suicide on rail, condolence, humble, loving memory, you are not forgotten, outdoor, humble, humble, humble, humble, humble-3663515.jpg","src":"https:\/\/i0.wp.com\/lafuente.mx\/wp-content\/uploads\/2025\/09\/red-rose-near-rail-remembering-all-victims-of-suicide-on-rail-condolence-humble-loving-memory-you-are-not-forgotten-outdoor-humble-humble-humble-humble-humble-3663515.jpg?fit=1200%2C800&ssl=1&resize=350%2C200","width":350,"height":200},"classes":[]},{"id":2478,"url":"https:\/\/lafuente.mx\/?p=2478","url_meta":{"origin":2734,"position":2},"title":"Mental Health and Human Rights\u00a0","date":"agosto 2, 2024","format":false,"excerpt":"The Challenges of the United Nations Convention on the Rights of Persons with Disabilities to Mental Health Care\u00a0 This book discusses the challenges arising in the application of the United Nations Convention on the Rights of Persons with Disabilities (CRPD) in the provision of mental health care by presenting the\u2026","rel":"","context":"En &quot;Publicaciones&quot;","img":{"alt_text":"","src":"https:\/\/i0.wp.com\/lafuente.mx\/wp-content\/uploads\/2024\/08\/Captura-de-pantalla-2024-08-01-a-las-14.59.30.png?fit=846%2C1200&ssl=1&resize=350%2C200","width":350,"height":200},"classes":[]},{"id":1140,"url":"https:\/\/lafuente.mx\/?p=1140","url_meta":{"origin":2734,"position":3},"title":"Sleep, Cognition and Emotion: From Molecules to Social Ecology\u00a0","date":"abril 18, 2023","format":false,"excerpt":"Ignacio Ram\u00edrez Salado, PhD, Ana Paula Rivera Garc\u00eda, PhD and Manuel Alejandro Cruz Aguilar, PhD (Editors)\u00a0 Laboratorio de Cronobiolog\u00eda y Sue\u00f1o. Direcci\u00f3n de Investigaciones en Neurociencias. Instituto Nacional de Psiquiatr\u00eda Ram\u00f3n de la Fuente Mu\u00f1iz. Ciudad de M\u00e9xico, M\u00e9xico.\u00a0 Sleep can be viewed as a brain state, as a process\u2026","rel":"","context":"En &quot;Publicaciones&quot;","img":{"alt_text":"","src":"https:\/\/i0.wp.com\/lafuente.mx\/wp-content\/uploads\/2023\/04\/bfebf558-8c3f-437a-9a7a-798a7acfafbc.png?fit=771%2C1200&ssl=1&resize=350%2C200","width":350,"height":200},"classes":[]},{"id":976,"url":"https:\/\/lafuente.mx\/?p=976","url_meta":{"origin":2734,"position":4},"title":"Asociaci\u00f3n de soledad, aislamiento social y funci\u00f3n cognitiva cotidiana en adultos mayores mexicanos que viven en comunidad durante la primera ola de la pandemia de COVID-19\u00a0","date":"marzo 23, 2023","format":false,"excerpt":"Dafne Estefania Dur\u00f3n-Reyes,1 Alberto Jos\u00e9Mimenza-Alvarado,1,2 Lidia Guti\u00e9rrez-Guti\u00e9rrez, 3 Mar\u00eda Jos\u00e9 Suing-Ortega,1Yakeel T.Quiroz,4 Sara Gloria Aguilar-Navarro,1,2\u00a0 1 Departamento de Geriatr\u00eda, Geriatr\u00eda Neurol\u00f3gica, Instituto Nacional de Ciencias M\u00e9dicas y Nutrici\u00f3n Salvador Zubir\u00e1n, Ciudad de M\u00e9xico, M\u00e9xico.\u00a0 2 Departamento de Geriatr\u00eda, Instituto de Ciencias M\u00e9dicas y Nutrici\u00f3n Salvador Zubir\u00e1n, Ciudad de M\u00e9xico, M\u00e9xico.\u00a0\u2026","rel":"","context":"En &quot;Revista Salud Mental&quot;","img":{"alt_text":"","src":"https:\/\/i0.wp.com\/lafuente.mx\/wp-content\/uploads\/2023\/03\/Viejita-scaled.jpeg?fit=1200%2C690&ssl=1&resize=350%2C200","width":350,"height":200},"classes":[]},{"id":1604,"url":"https:\/\/lafuente.mx\/?p=1604","url_meta":{"origin":2734,"position":5},"title":"Terapia asistida por MDMA para el tratamiento potencial de TEPT","date":"agosto 11, 2023","format":false,"excerpt":"El Instituto Nacional de Psiquiatr\u00eda Ram\u00f3n de la Fuente Mu\u00f1iz Invita a \u00e9sta CONFERENCIA Martes 22 de agosto, 2023 De 9:30 a 11:00 am Auditorio del Instituto Ponente Dr. Michael Alpert TEPT: Trastorno por Estr\u00e9s Postraum\u00e1tico MDMA: metilendioximetanfetamina El Dr. Alpert es un psiquiatra certificado en Massachusetts (EE. UU.) y\u2026","rel":"","context":"En &quot;Eventos Acad\u00e9micos del INPRFM&quot;","img":{"alt_text":"","src":"https:\/\/i0.wp.com\/lafuente.mx\/wp-content\/uploads\/2023\/08\/michael-alpert-.jpeg?fit=800%2C800&ssl=1&resize=350%2C200","width":350,"height":200},"classes":[]}],"jetpack_sharing_enabled":true,"jetpack_shortlink":"https:\/\/wp.me\/pe9WUx-I6","_links":{"self":[{"href":"https:\/\/lafuente.mx\/index.php?rest_route=\/wp\/v2\/posts\/2734"}],"collection":[{"href":"https:\/\/lafuente.mx\/index.php?rest_route=\/wp\/v2\/posts"}],"about":[{"href":"https:\/\/lafuente.mx\/index.php?rest_route=\/wp\/v2\/types\/post"}],"author":[{"embeddable":true,"href":"https:\/\/lafuente.mx\/index.php?rest_route=\/wp\/v2\/users\/3"}],"replies":[{"embeddable":true,"href":"https:\/\/lafuente.mx\/index.php?rest_route=%2Fwp%2Fv2%2Fcomments&post=2734"}],"version-history":[{"count":2,"href":"https:\/\/lafuente.mx\/index.php?rest_route=\/wp\/v2\/posts\/2734\/revisions"}],"predecessor-version":[{"id":2737,"href":"https:\/\/lafuente.mx\/index.php?rest_route=\/wp\/v2\/posts\/2734\/revisions\/2737"}],"wp:featuredmedia":[{"embeddable":true,"href":"https:\/\/lafuente.mx\/index.php?rest_route=\/wp\/v2\/media\/2735"}],"wp:attachment":[{"href":"https:\/\/lafuente.mx\/index.php?rest_route=%2Fwp%2Fv2%2Fmedia&parent=2734"}],"wp:term":[{"taxonomy":"category","embeddable":true,"href":"https:\/\/lafuente.mx\/index.php?rest_route=%2Fwp%2Fv2%2Fcategories&post=2734"},{"taxonomy":"post_tag","embeddable":true,"href":"https:\/\/lafuente.mx\/index.php?rest_route=%2Fwp%2Fv2%2Ftags&post=2734"}],"curies":[{"name":"wp","href":"https:\/\/api.w.org\/{rel}","templated":true}]}}