{"id":2715,"date":"2024-12-16T17:21:05","date_gmt":"2024-12-16T17:21:05","guid":{"rendered":"https:\/\/lafuente.mx\/?p=2715"},"modified":"2024-12-16T17:21:07","modified_gmt":"2024-12-16T17:21:07","slug":"borrador-automatico-diplomado-en-linea-enfermeria-en-psiquiatria-y-salud-mental","status":"publish","type":"post","link":"https:\/\/lafuente.mx\/?p=2715","title":{"rendered":"ENFERMER\u00cdA en Psiquiatr\u00eda y Salud Mental\u00a0"},"content":{"rendered":"\n<hr class=\"wp-block-separator has-text-color has-vivid-red-color has-alpha-channel-opacity has-vivid-red-background-color has-background\"\/>\n\n\n\n<p class=\"has-text-align-center has-luminous-vivid-orange-color has-text-color has-large-font-size\"><strong>DIPLOMADO EN L\u00cdNEA<\/strong><\/p>\n\n\n\n<hr class=\"wp-block-separator has-text-color has-vivid-red-color has-alpha-channel-opacity has-vivid-red-background-color has-background is-style-wide\"\/>\n\n\n\n<p><strong>COORDINADORA ACAD\u00c9MICA\u00a0<\/strong><\/p>\n\n\n\n<p>Dra. Susana Gallegos S\u00e1nchez &nbsp;<\/p>\n\n\n\n<p><strong>Dirigido a:<\/strong> personal de enfermer\u00eda a nivel t\u00e9cnico y de licenciatura (con c\u00e9dula profesional)\u00a0<\/p>\n\n\n\n<p><strong>Objetivo general:<\/strong> Emplear estrategias para el desarrollo profesional y \u00e9tico en favor de la promoci\u00f3n, prevenci\u00f3n, atenci\u00f3n y rehabilitaci\u00f3n de la persona que vive con enfermedad mental y de grupos sociales vulnerables.\u00a0<\/p>\n\n\n\n<figure class=\"wp-block-image size-large\"><img decoding=\"async\" loading=\"lazy\" width=\"640\" height=\"454\" src=\"https:\/\/i0.wp.com\/lafuente.mx\/wp-content\/uploads\/2024\/12\/Captura-de-pantalla-2024-12-16-a-las-10.54.16-1-1024x726.png?resize=640%2C454&#038;ssl=1\" alt=\"\" class=\"wp-image-2716\" srcset=\"https:\/\/i0.wp.com\/lafuente.mx\/wp-content\/uploads\/2024\/12\/Captura-de-pantalla-2024-12-16-a-las-10.54.16-1.png?resize=1024%2C726&amp;ssl=1 1024w, https:\/\/i0.wp.com\/lafuente.mx\/wp-content\/uploads\/2024\/12\/Captura-de-pantalla-2024-12-16-a-las-10.54.16-1.png?resize=300%2C213&amp;ssl=1 300w, https:\/\/i0.wp.com\/lafuente.mx\/wp-content\/uploads\/2024\/12\/Captura-de-pantalla-2024-12-16-a-las-10.54.16-1.png?resize=768%2C544&amp;ssl=1 768w, https:\/\/i0.wp.com\/lafuente.mx\/wp-content\/uploads\/2024\/12\/Captura-de-pantalla-2024-12-16-a-las-10.54.16-1.png?w=1098&amp;ssl=1 1098w\" sizes=\"(max-width: 640px) 100vw, 640px\" data-recalc-dims=\"1\" \/><\/figure>\n\n\n\n<p class=\"has-large-font-size\"><strong>Horario abierto \u00a0<\/strong><\/p>\n\n\n\n<p>La plataforma se encuentra disponible 24\/7&nbsp;<\/p>\n\n\n\n<p class=\"has-large-font-size\"><strong>Duraci\u00f3n<\/strong>:<\/p>\n\n\n\n<p>\u2022 Curso proped\u00e9utico opcional &nbsp;<\/p>\n\n\n\n<p>Del 24 de febrero al 7 de marzo, 2025 &nbsp;<\/p>\n\n\n\n<p>Duraci\u00f3n: Dos semanas &nbsp;<\/p>\n\n\n\n<p>\u2022 Diplomado &nbsp;<\/p>\n\n\n\n<p>Del 10 de marzo al 2 de noviembre, 2025 &nbsp;<\/p>\n\n\n\n<p>Duraci\u00f3n: 320 horas. Ocho meses&nbsp;<\/p>\n\n\n\n<div class=\"wp-block-buttons is-layout-flex wp-block-buttons-is-layout-flex\">\n<div class=\"wp-block-button\"><a class=\"wp-block-button__link has-luminous-vivid-orange-background-color has-background wp-element-button\" href=\"https:\/\/bit.ly\/3ZDnpLA\">M\u00e1s informaci\u00f3n<\/a><\/div>\n<\/div>\n","protected":false},"excerpt":{"rendered":"<p>DIPLOMADO EN L\u00cdNEA COORDINADORA ACAD\u00c9MICA\u00a0 Dra. Susana Gallegos S\u00e1nchez &nbsp; Dirigido a: personal de enfermer\u00eda a nivel t\u00e9cnico y de licenciatura (con c\u00e9dula profesional)\u00a0 Objetivo<\/p>\n","protected":false},"author":3,"featured_media":2716,"comment_status":"closed","ping_status":"closed","sticky":false,"template":"","format":"standard","meta":{"footnotes":"","jetpack_publicize_message":"","jetpack_is_tweetstorm":false,"jetpack_publicize_feature_enabled":true},"categories":[6],"tags":[276,844,843,842,21,63,845],"jetpack_publicize_connections":[],"yoast_head":"<!-- This site is optimized with the Yoast SEO plugin v19.4 - https:\/\/yoast.com\/wordpress\/plugins\/seo\/ -->\n<title>ENFERMER\u00cdA en Psiquiatr\u00eda y Salud Mental\u00a0 -<\/title>\n<meta name=\"description\" content=\"Diplomado en l\u00ednea para emplear estrategias para el desarrollo profesional y \u00e9tico en favor de la promoci\u00f3n, prevenci\u00f3n, atenci\u00f3n y rehabilitaci\u00f3n de la persona que vive con enfermedad mental y de grupos sociales vulnerables.\u00a0\" \/>\n<meta name=\"robots\" content=\"index, follow, max-snippet:-1, max-image-preview:large, max-video-preview:-1\" \/>\n<link rel=\"canonical\" href=\"https:\/\/lafuente.mx\/?p=2715\" \/>\n<meta property=\"og:locale\" content=\"es_MX\" \/>\n<meta property=\"og:type\" content=\"article\" \/>\n<meta property=\"og:title\" content=\"Diplomado en l\u00ednea: ENFERMER\u00cdA en Psiquiatr\u00eda y Salud Mental\u00a0\" \/>\n<meta property=\"og:description\" content=\"Diplomado en l\u00ednea para emplear estrategias para el desarrollo profesional y \u00e9tico en favor de la promoci\u00f3n, prevenci\u00f3n, atenci\u00f3n y rehabilitaci\u00f3n de la persona que vive con enfermedad mental y de grupos sociales vulnerables.\u00a0\" \/>\n<meta property=\"og:url\" content=\"https:\/\/lafuente.mx\/?p=2715\" \/>\n<meta property=\"article:published_time\" content=\"2024-12-16T17:21:05+00:00\" \/>\n<meta property=\"article:modified_time\" content=\"2024-12-16T17:21:07+00:00\" \/>\n<meta property=\"og:image\" content=\"http:\/\/lafuente.mx\/wp-content\/uploads\/2024\/12\/Captura-de-pantalla-2024-12-16-a-las-10.54.16-1.png\" \/>\n\t<meta property=\"og:image:width\" content=\"1098\" \/>\n\t<meta property=\"og:image:height\" content=\"778\" \/>\n\t<meta property=\"og:image:type\" content=\"image\/png\" \/>\n<meta name=\"author\" content=\"Claudia Gallardo\" \/>\n<meta name=\"twitter:card\" content=\"summary_large_image\" \/>\n<meta name=\"twitter:title\" content=\"Diplomado en l\u00ednea: ENFERMER\u00cdA en Psiquiatr\u00eda y Salud Mental\u00a0\" \/>\n<meta name=\"twitter:description\" content=\"Diplomado en l\u00ednea para emplear estrategias para el desarrollo profesional y \u00e9tico en favor de la promoci\u00f3n, prevenci\u00f3n, atenci\u00f3n y rehabilitaci\u00f3n de la persona que vive con enfermedad mental y de grupos sociales vulnerables.\u00a0\" \/>\n<meta name=\"twitter:image\" content=\"https:\/\/i0.wp.com\/lafuente.mx\/wp-content\/uploads\/2024\/12\/Captura-de-pantalla-2024-12-16-a-las-10.54.16-1.png?fit=1098%2C778&ssl=1\" \/>\n<meta name=\"twitter:label1\" content=\"Escrito por\" \/>\n\t<meta name=\"twitter:data1\" content=\"Claudia Gallardo\" \/>\n\t<meta name=\"twitter:label2\" content=\"Tiempo de lectura\" \/>\n\t<meta name=\"twitter:data2\" content=\"1 minuto\" \/>\n<script type=\"application\/ld+json\" class=\"yoast-schema-graph\">{\"@context\":\"https:\/\/schema.org\",\"@graph\":[{\"@type\":\"WebSite\",\"@id\":\"https:\/\/lafuente.mx\/#website\",\"url\":\"https:\/\/lafuente.mx\/\",\"name\":\"\",\"description\":\"Informaci\u00f3n confiable sobre salud mental\",\"potentialAction\":[{\"@type\":\"SearchAction\",\"target\":{\"@type\":\"EntryPoint\",\"urlTemplate\":\"https:\/\/lafuente.mx\/?s={search_term_string}\"},\"query-input\":\"required name=search_term_string\"}],\"inLanguage\":\"es-MX\"},{\"@type\":\"WebPage\",\"@id\":\"https:\/\/lafuente.mx\/?p=2715\",\"url\":\"https:\/\/lafuente.mx\/?p=2715\",\"name\":\"ENFERMER\u00cdA en Psiquiatr\u00eda y Salud Mental\u00a0 -\",\"isPartOf\":{\"@id\":\"https:\/\/lafuente.mx\/#website\"},\"datePublished\":\"2024-12-16T17:21:05+00:00\",\"dateModified\":\"2024-12-16T17:21:07+00:00\",\"author\":{\"@id\":\"https:\/\/lafuente.mx\/#\/schema\/person\/603f3aa8e2f6f7879021ab722d39d6b0\"},\"description\":\"Diplomado en l\u00ednea para emplear estrategias para el desarrollo profesional y \u00e9tico en favor de la promoci\u00f3n, prevenci\u00f3n, atenci\u00f3n y rehabilitaci\u00f3n de la persona que vive con enfermedad mental y de grupos sociales vulnerables.\u00a0\",\"breadcrumb\":{\"@id\":\"https:\/\/lafuente.mx\/?p=2715#breadcrumb\"},\"inLanguage\":\"es-MX\",\"potentialAction\":[{\"@type\":\"ReadAction\",\"target\":[\"https:\/\/lafuente.mx\/?p=2715\"]}]},{\"@type\":\"BreadcrumbList\",\"@id\":\"https:\/\/lafuente.mx\/?p=2715#breadcrumb\",\"itemListElement\":[{\"@type\":\"ListItem\",\"position\":1,\"name\":\"Inicio\",\"item\":\"https:\/\/lafuente.mx\/\"},{\"@type\":\"ListItem\",\"position\":2,\"name\":\"ENFERMER\u00cdA en Psiquiatr\u00eda y Salud Mental\u00a0\"}]},{\"@type\":\"Person\",\"@id\":\"https:\/\/lafuente.mx\/#\/schema\/person\/603f3aa8e2f6f7879021ab722d39d6b0\",\"name\":\"Claudia Gallardo\",\"image\":{\"@type\":\"ImageObject\",\"inLanguage\":\"es-MX\",\"@id\":\"https:\/\/lafuente.mx\/#\/schema\/person\/image\/\",\"url\":\"https:\/\/secure.gravatar.com\/avatar\/bfe9c966af1ccfb9d17bcdb9d04e8815?s=96&d=mm&r=g\",\"contentUrl\":\"https:\/\/secure.gravatar.com\/avatar\/bfe9c966af1ccfb9d17bcdb9d04e8815?s=96&d=mm&r=g\",\"caption\":\"Claudia Gallardo\"},\"url\":\"https:\/\/lafuente.mx\/?author=3\"}]}<\/script>\n<!-- \/ Yoast SEO plugin. -->","yoast_head_json":{"title":"ENFERMER\u00cdA en Psiquiatr\u00eda y Salud Mental\u00a0 -","description":"Diplomado en l\u00ednea para emplear estrategias para el desarrollo profesional y \u00e9tico en favor de la promoci\u00f3n, prevenci\u00f3n, atenci\u00f3n y rehabilitaci\u00f3n de la persona que vive con enfermedad mental y de grupos sociales vulnerables.\u00a0","robots":{"index":"index","follow":"follow","max-snippet":"max-snippet:-1","max-image-preview":"max-image-preview:large","max-video-preview":"max-video-preview:-1"},"canonical":"https:\/\/lafuente.mx\/?p=2715","og_locale":"es_MX","og_type":"article","og_title":"Diplomado en l\u00ednea: ENFERMER\u00cdA en Psiquiatr\u00eda y Salud Mental\u00a0","og_description":"Diplomado en l\u00ednea para emplear estrategias para el desarrollo profesional y \u00e9tico en favor de la promoci\u00f3n, prevenci\u00f3n, atenci\u00f3n y rehabilitaci\u00f3n de la persona que vive con enfermedad mental y de grupos sociales vulnerables.\u00a0","og_url":"https:\/\/lafuente.mx\/?p=2715","article_published_time":"2024-12-16T17:21:05+00:00","article_modified_time":"2024-12-16T17:21:07+00:00","og_image":[{"width":1098,"height":778,"url":"http:\/\/lafuente.mx\/wp-content\/uploads\/2024\/12\/Captura-de-pantalla-2024-12-16-a-las-10.54.16-1.png","type":"image\/png"}],"author":"Claudia Gallardo","twitter_card":"summary_large_image","twitter_title":"Diplomado en l\u00ednea: ENFERMER\u00cdA en Psiquiatr\u00eda y Salud Mental\u00a0","twitter_description":"Diplomado en l\u00ednea para emplear estrategias para el desarrollo profesional y \u00e9tico en favor de la promoci\u00f3n, prevenci\u00f3n, atenci\u00f3n y rehabilitaci\u00f3n de la persona que vive con enfermedad mental y de grupos sociales vulnerables.\u00a0","twitter_image":"https:\/\/i0.wp.com\/lafuente.mx\/wp-content\/uploads\/2024\/12\/Captura-de-pantalla-2024-12-16-a-las-10.54.16-1.png?fit=1098%2C778&ssl=1","twitter_misc":{"Escrito por":"Claudia Gallardo","Tiempo de lectura":"1 minuto"},"schema":{"@context":"https:\/\/schema.org","@graph":[{"@type":"WebSite","@id":"https:\/\/lafuente.mx\/#website","url":"https:\/\/lafuente.mx\/","name":"","description":"Informaci\u00f3n confiable sobre salud mental","potentialAction":[{"@type":"SearchAction","target":{"@type":"EntryPoint","urlTemplate":"https:\/\/lafuente.mx\/?s={search_term_string}"},"query-input":"required name=search_term_string"}],"inLanguage":"es-MX"},{"@type":"WebPage","@id":"https:\/\/lafuente.mx\/?p=2715","url":"https:\/\/lafuente.mx\/?p=2715","name":"ENFERMER\u00cdA en Psiquiatr\u00eda y Salud Mental\u00a0 -","isPartOf":{"@id":"https:\/\/lafuente.mx\/#website"},"datePublished":"2024-12-16T17:21:05+00:00","dateModified":"2024-12-16T17:21:07+00:00","author":{"@id":"https:\/\/lafuente.mx\/#\/schema\/person\/603f3aa8e2f6f7879021ab722d39d6b0"},"description":"Diplomado en l\u00ednea para emplear estrategias para el desarrollo profesional y \u00e9tico en favor de la promoci\u00f3n, prevenci\u00f3n, atenci\u00f3n y rehabilitaci\u00f3n de la persona que vive con enfermedad mental y de grupos sociales vulnerables.\u00a0","breadcrumb":{"@id":"https:\/\/lafuente.mx\/?p=2715#breadcrumb"},"inLanguage":"es-MX","potentialAction":[{"@type":"ReadAction","target":["https:\/\/lafuente.mx\/?p=2715"]}]},{"@type":"BreadcrumbList","@id":"https:\/\/lafuente.mx\/?p=2715#breadcrumb","itemListElement":[{"@type":"ListItem","position":1,"name":"Inicio","item":"https:\/\/lafuente.mx\/"},{"@type":"ListItem","position":2,"name":"ENFERMER\u00cdA en Psiquiatr\u00eda y Salud Mental\u00a0"}]},{"@type":"Person","@id":"https:\/\/lafuente.mx\/#\/schema\/person\/603f3aa8e2f6f7879021ab722d39d6b0","name":"Claudia Gallardo","image":{"@type":"ImageObject","inLanguage":"es-MX","@id":"https:\/\/lafuente.mx\/#\/schema\/person\/image\/","url":"https:\/\/secure.gravatar.com\/avatar\/bfe9c966af1ccfb9d17bcdb9d04e8815?s=96&d=mm&r=g","contentUrl":"https:\/\/secure.gravatar.com\/avatar\/bfe9c966af1ccfb9d17bcdb9d04e8815?s=96&d=mm&r=g","caption":"Claudia Gallardo"},"url":"https:\/\/lafuente.mx\/?author=3"}]}},"jetpack_featured_media_url":"https:\/\/i0.wp.com\/lafuente.mx\/wp-content\/uploads\/2024\/12\/Captura-de-pantalla-2024-12-16-a-las-10.54.16-1.png?fit=1098%2C778&ssl=1","jetpack-related-posts":[{"id":671,"url":"https:\/\/lafuente.mx\/?p=671","url_meta":{"origin":2715,"position":0},"title":"Enfermer\u00eda en Psiquiatr\u00eda y Salud Mental\u00a0","date":"enero 20, 2023","format":false,"excerpt":"Diplomados en l\u00ednea 9\u00aa Generaci\u00f3n, 2023 COORDINADORA ACAD\u00c9MICA: Dra. Susana Gallegos S\u00e1nchez\u00a0 Dirigido a personal de enfermer\u00eda (nivel t\u00e9cnico y licenciatura con c\u00e9dula profesional) Objetivo general y tem\u00e1tica Emplear estrategias para el desarrollo profesional y \u00e9tico en favor de la promoci\u00f3n, prevenci\u00f3n, atenci\u00f3n y rehabilitaci\u00f3n de la persona que vive\u2026","rel":"","context":"En &quot;Cursos&quot;","img":{"alt_text":"","src":"https:\/\/i0.wp.com\/lafuente.mx\/wp-content\/uploads\/2023\/01\/imagenEnfermeria.jpg?fit=1074%2C605&ssl=1&resize=350%2C200","width":350,"height":200},"classes":[]},{"id":3425,"url":"https:\/\/lafuente.mx\/?p=3425","url_meta":{"origin":2715,"position":1},"title":"La enfermer\u00eda en salud mental: pilar en el desarrollo de la sociedad","date":"octubre 21, 2025","format":false,"excerpt":"Jornadas de Enfermer\u00eda 22 y 23 de octubre 2025 De 8:00 a 14:00 h \u2022 Videoconferencias \u2022 Conferencias Magistrales \u2022 Mesas redondas \u2022 Talleres Transmisi\u00f3n en vivo por FB LIVE Auditorio del Instituto Nacional de Psiquiatr\u00eda Ram\u00f3n de la Fuente Entrada libre, cupo limitado Registro Programa","rel":"","context":"En &quot;Eventos Acad\u00e9micos del INPRFM&quot;","img":{"alt_text":"","src":"https:\/\/i0.wp.com\/lafuente.mx\/wp-content\/uploads\/2025\/10\/Captura-de-pantalla-2025-10-21-a-las-9.52.56.png?fit=1200%2C1103&ssl=1&resize=350%2C200","width":350,"height":200},"classes":[]},{"id":1824,"url":"https:\/\/lafuente.mx\/?p=1824","url_meta":{"origin":2715,"position":2},"title":"Curso en l\u00ednea. Fentanilo y otros opioides: Desde el receptor hasta el abordaje cl\u00ednico \u00a0","date":"octubre 27, 2023","format":false,"excerpt":"Del 6 al 17 de noviembre de 2023\u00a0 Coordinan:\u00a0 Dra. Sara Infante Murillo\u00a0 Dra. Natalia Morales Carrasco\u00a0 Acceso ilimitado 24 horas en Google Classroom + sesiones interactivas en tiempo real Inscripci\u00f3n\u00a0 Dirigido a:\u00a0 Personal de salud del \u00e1rea m\u00e9dica, psicolog\u00eda, psiquiatr\u00eda y enfermer\u00eda\u00a0 Objetivo general:\u00a0 Reconocer el contexto social del\u2026","rel":"","context":"En &quot;Cursos&quot;","img":{"alt_text":"","src":"https:\/\/i0.wp.com\/lafuente.mx\/wp-content\/uploads\/2023\/10\/examen-medico-scaled.jpg?fit=1200%2C801&ssl=1&resize=350%2C200","width":350,"height":200},"classes":[]},{"id":1229,"url":"https:\/\/lafuente.mx\/?p=1229","url_meta":{"origin":2715,"position":3},"title":"La formaci\u00f3n en enfermer\u00eda y su asociaci\u00f3n con el s\u00edndrome de burnout en estudiantes mexicanos de pregrado\u00a0","date":"mayo 18, 2023","format":false,"excerpt":"Karla Selene Consuelos-S\u00e1nchez , 1 Araceli Cano-Estrada , 1 Ana Cristina Casta\u00f1eda-M\u00e1rquez , 1 Jos\u00e9 \u00c1ngelHern\u00e1ndez-Mariano2\u00a0 1\u00a0Programa de enfermer\u00eda, Escuela Superior de Tlahuelilpan, Universidad Aut\u00f3noma del Estado de Hidalgo, Tlahuelilpan, Hidalgo, M\u00e9xico.\u00a0 2 Centro de Investigaci\u00f3n en Salud\u00a0 Poblacional, Instituto Nacional de Salud P\u00fablica, Cuernavaca, Morelos, M\u00e9xico.\u00a0 Imagen INPRFM Abstracto\u00a0\u2026","rel":"","context":"En &quot;Revista Salud Mental&quot;","img":{"alt_text":"","src":"https:\/\/i0.wp.com\/lafuente.mx\/wp-content\/uploads\/2023\/05\/DSC_0750.jpg?fit=1181%2C784&ssl=1&resize=350%2C200","width":350,"height":200},"classes":[]},{"id":1697,"url":"https:\/\/lafuente.mx\/?p=1697","url_meta":{"origin":2715,"position":4},"title":"Salud mental forense: actualizaci\u00f3n para una correcta pr\u00e1ctica pericial\u00a0","date":"septiembre 11, 2023","format":false,"excerpt":"Coordina: Dr. J. Nicol\u00e1s Iv\u00e1n Mart\u00ednez L\u00f3pez\u00a0 Sesiones en tiempo real los d\u00edas 20, 21 y 22 de septiembre del 2023, de 9 a 13:30 horas, la asistencia es obligatoria\u00a0 Curso gratuito\u00a0 INPRFM ( 20 horas cr\u00e9dito )\u00a0 Cupo limitado\u00a0 Acceso ilimitado 24 horas en Google Classroom para realizar actividades\u2026","rel":"","context":"En &quot;Cursos en l\u00ednea&quot;","img":{"alt_text":"","src":"https:\/\/i0.wp.com\/lafuente.mx\/wp-content\/uploads\/2023\/09\/Imagen-P.FB_.-Salud-Mental-Forense_1-edited-1.jpg?fit=450%2C450&ssl=1&resize=350%2C200","width":350,"height":200},"classes":[]},{"id":1876,"url":"https:\/\/lafuente.mx\/?p=1876","url_meta":{"origin":2715,"position":5},"title":"Temas selectos en los trastornos de la conducta alimentaria: su afrontamiento cl\u00ednico en el entorno actual\u00a0","date":"noviembre 21, 2023","format":false,"excerpt":"Del 27 de noviembre al 8 de diciembre de 2023\u00a0 Coordinador:\u00a0 Dr. Alejandro de J. Caballero Romo\u00a0 Dirigido a:\u00a0 Profesionales de la salud: medicina, psicolog\u00eda, nutrici\u00f3n, trabajo social, enfermer\u00eda y profesiones afines\u00a0 Objetivo general: Reflexionar acerca de la naturaleza cl\u00ednica de los trastornos de la conducta alimentaria y su presentaci\u00f3n\u2026","rel":"","context":"En &quot;Cursos en l\u00ednea&quot;","img":{"alt_text":"","src":"https:\/\/i0.wp.com\/lafuente.mx\/wp-content\/uploads\/2023\/11\/tca-pyrt2wocimkeydzeapckas8bvswdfu96y3gichtpb2.jpg?fit=1200%2C675&ssl=1&resize=350%2C200","width":350,"height":200},"classes":[]}],"jetpack_sharing_enabled":true,"jetpack_shortlink":"https:\/\/wp.me\/pe9WUx-HN","_links":{"self":[{"href":"https:\/\/lafuente.mx\/index.php?rest_route=\/wp\/v2\/posts\/2715"}],"collection":[{"href":"https:\/\/lafuente.mx\/index.php?rest_route=\/wp\/v2\/posts"}],"about":[{"href":"https:\/\/lafuente.mx\/index.php?rest_route=\/wp\/v2\/types\/post"}],"author":[{"embeddable":true,"href":"https:\/\/lafuente.mx\/index.php?rest_route=\/wp\/v2\/users\/3"}],"replies":[{"embeddable":true,"href":"https:\/\/lafuente.mx\/index.php?rest_route=%2Fwp%2Fv2%2Fcomments&post=2715"}],"version-history":[{"count":1,"href":"https:\/\/lafuente.mx\/index.php?rest_route=\/wp\/v2\/posts\/2715\/revisions"}],"predecessor-version":[{"id":2717,"href":"https:\/\/lafuente.mx\/index.php?rest_route=\/wp\/v2\/posts\/2715\/revisions\/2717"}],"wp:featuredmedia":[{"embeddable":true,"href":"https:\/\/lafuente.mx\/index.php?rest_route=\/wp\/v2\/media\/2716"}],"wp:attachment":[{"href":"https:\/\/lafuente.mx\/index.php?rest_route=%2Fwp%2Fv2%2Fmedia&parent=2715"}],"wp:term":[{"taxonomy":"category","embeddable":true,"href":"https:\/\/lafuente.mx\/index.php?rest_route=%2Fwp%2Fv2%2Fcategories&post=2715"},{"taxonomy":"post_tag","embeddable":true,"href":"https:\/\/lafuente.mx\/index.php?rest_route=%2Fwp%2Fv2%2Ftags&post=2715"}],"curies":[{"name":"wp","href":"https:\/\/api.w.org\/{rel}","templated":true}]}}