{"id":2711,"date":"2024-12-16T17:11:39","date_gmt":"2024-12-16T17:11:39","guid":{"rendered":"https:\/\/lafuente.mx\/?p=2711"},"modified":"2024-12-17T15:12:43","modified_gmt":"2024-12-17T15:12:43","slug":"borrador-automatico-salud-mental-de-las-ninas-ninos-y-adolescentes-en-el-contexto-familiar","status":"publish","type":"post","link":"https:\/\/lafuente.mx\/?p=2711","title":{"rendered":"Salud Mental de las Ni\u00f1as, Ni\u00f1os y Adolescentes en el contexto familiar\u00a0"},"content":{"rendered":"\n<hr class=\"wp-block-separator has-text-color has-alpha-channel-opacity has-background\" style=\"background-color:#0745e3;color:#0745e3\"\/>\n\n\n\n<p class=\"has-text-align-center has-text-color has-large-font-size\" style=\"color:#073ee3\"><strong>DIPLOMADO EN L\u00cdNEA<\/strong><\/p>\n\n\n\n<hr class=\"wp-block-separator has-text-color has-alpha-channel-opacity has-background is-style-wide\" style=\"background-color:#0745e3;color:#0745e3\"\/>\n\n\n\n<p class=\"has-text-color has-medium-font-size\" style=\"color:#3d596e\"><strong>COORDINADORA ACAD\u00c9MICA&nbsp;<\/strong><\/p>\n\n\n\n<p class=\"has-text-color has-medium-font-size\" style=\"color:#3d596e\">Dra. Diana Patricia Gu\u00edzar S\u00e1nchez &nbsp;<\/p>\n\n\n\n<p class=\"has-text-color has-medium-font-size\" style=\"color:#3d596e\"><strong>Dirigido a:<\/strong> personal de medicina general, medicina especializada, psicolog\u00eda y terapia del \u00e1rea de la salud mental&nbsp;<\/p>\n\n\n\n<p class=\"has-text-color has-medium-font-size\" style=\"color:#3d596e\"><strong>Objetivo general:<\/strong> Evaluar las \u00e1reas de oportunidad en las ni\u00f1as, ni\u00f1os y adolescentes dentro del contexto familiar e implementar modelos de intervenci\u00f3n aplicables en presencia o ausencia de enfermedad mental.&nbsp;<\/p>\n\n\n\n<figure class=\"wp-block-image size-large\"><img decoding=\"async\" loading=\"lazy\" width=\"640\" height=\"339\" src=\"https:\/\/i0.wp.com\/lafuente.mx\/wp-content\/uploads\/2024\/12\/Captura-de-pantalla-2024-12-16-a-las-10.53.16-1-1024x542.png?resize=640%2C339&#038;ssl=1\" alt=\"\" class=\"wp-image-2720\" srcset=\"https:\/\/i0.wp.com\/lafuente.mx\/wp-content\/uploads\/2024\/12\/Captura-de-pantalla-2024-12-16-a-las-10.53.16-1.png?resize=1024%2C542&amp;ssl=1 1024w, https:\/\/i0.wp.com\/lafuente.mx\/wp-content\/uploads\/2024\/12\/Captura-de-pantalla-2024-12-16-a-las-10.53.16-1.png?resize=300%2C159&amp;ssl=1 300w, https:\/\/i0.wp.com\/lafuente.mx\/wp-content\/uploads\/2024\/12\/Captura-de-pantalla-2024-12-16-a-las-10.53.16-1.png?resize=768%2C407&amp;ssl=1 768w, https:\/\/i0.wp.com\/lafuente.mx\/wp-content\/uploads\/2024\/12\/Captura-de-pantalla-2024-12-16-a-las-10.53.16-1.png?resize=1536%2C814&amp;ssl=1 1536w, https:\/\/i0.wp.com\/lafuente.mx\/wp-content\/uploads\/2024\/12\/Captura-de-pantalla-2024-12-16-a-las-10.53.16-1.png?w=1612&amp;ssl=1 1612w, https:\/\/i0.wp.com\/lafuente.mx\/wp-content\/uploads\/2024\/12\/Captura-de-pantalla-2024-12-16-a-las-10.53.16-1.png?w=1280 1280w\" sizes=\"(max-width: 640px) 100vw, 640px\" data-recalc-dims=\"1\" \/><\/figure>\n\n\n\n<p class=\"has-text-color has-large-font-size\" style=\"color:#3d596e\"><strong>Horario abierto&nbsp;<\/strong><\/p>\n\n\n\n<p class=\"has-text-color has-medium-font-size\" style=\"color:#3d596e\">&nbsp;La plataforma se encuentra disponible 24\/7 &nbsp;<\/p>\n\n\n\n<p class=\"has-text-color has-large-font-size\" style=\"color:#3d596e\"><strong>Duraci\u00f3n<\/strong>:<\/p>\n\n\n\n<p class=\"has-text-color has-medium-font-size\" style=\"color:#3d596e\"><strong>\u2022 Curso proped\u00e9utico opcional: &nbsp;<\/strong><\/p>\n\n\n\n<p class=\"has-text-color has-medium-font-size\" style=\"color:#3d596e\">Del 17 al 28 de marzo &nbsp;<\/p>\n\n\n\n<p class=\"has-text-color has-medium-font-size\" style=\"color:#3d596e\">Duraci\u00f3n: Dos semanas &nbsp;<\/p>\n\n\n\n<p class=\"has-text-color has-medium-font-size\" style=\"color:#3d596e\"><strong>\u2022 Diplomado: del 1 de abril al 7 de octubre &nbsp;<\/strong><\/p>\n\n\n\n<p class=\"has-text-color has-medium-font-size\" style=\"color:#3d596e\">Duraci\u00f3n: 264 horas. Siete meses&nbsp;<\/p>\n\n\n\n<div class=\"wp-block-buttons is-layout-flex wp-block-buttons-is-layout-flex\">\n<div class=\"wp-block-button\"><a class=\"wp-block-button__link has-background wp-element-button\" href=\"https:\/\/bit.ly\/41pMwEd\" style=\"background-color:#072fe3\">M\u00e1s informaci\u00f3n<\/a><\/div>\n<\/div>\n","protected":false},"excerpt":{"rendered":"<p>DIPLOMADO EN L\u00cdNEA COORDINADORA ACAD\u00c9MICA&nbsp; Dra. Diana Patricia Gu\u00edzar S\u00e1nchez &nbsp; Dirigido a: personal de medicina general, medicina especializada, psicolog\u00eda y terapia del \u00e1rea de<\/p>\n","protected":false},"author":3,"featured_media":2713,"comment_status":"closed","ping_status":"closed","sticky":false,"template":"","format":"standard","meta":{"footnotes":"","jetpack_publicize_message":"","jetpack_is_tweetstorm":false,"jetpack_publicize_feature_enabled":true},"categories":[6],"tags":[66,160,21,154,846,32,847],"jetpack_publicize_connections":[],"yoast_head":"<!-- This site is optimized with the Yoast SEO plugin v19.4 - https:\/\/yoast.com\/wordpress\/plugins\/seo\/ -->\n<title>Salud Mental de las Ni\u00f1as, Ni\u00f1os y Adolescentes en el contexto familiar\u00a0 -<\/title>\n<meta name=\"description\" content=\"Diplomado en l\u00ednea donde se evaluan las \u00e1reas de oportunidad en las ni\u00f1as, ni\u00f1os y adolescentes dentro del contexto familiar e implementar modelos de intervenci\u00f3n aplicables en presencia o ausencia de enfermedad mental.\u00a0\" \/>\n<meta name=\"robots\" content=\"index, follow, max-snippet:-1, max-image-preview:large, max-video-preview:-1\" \/>\n<link rel=\"canonical\" href=\"https:\/\/lafuente.mx\/?p=2711\" \/>\n<meta property=\"og:locale\" content=\"es_MX\" \/>\n<meta property=\"og:type\" content=\"article\" \/>\n<meta property=\"og:title\" content=\"Salud Mental de las Ni\u00f1as, Ni\u00f1os y Adolescentes en el contexto familiar\u00a0\" \/>\n<meta property=\"og:description\" content=\"Diplomado en l\u00ednea donde se evaluan las \u00e1reas de oportunidad en las ni\u00f1as, ni\u00f1os y adolescentes dentro del contexto familiar e implementar modelos de intervenci\u00f3n aplicables en presencia o ausencia de enfermedad mental.\u00a0\" \/>\n<meta property=\"og:url\" content=\"https:\/\/lafuente.mx\/?p=2711\" \/>\n<meta property=\"article:published_time\" content=\"2024-12-16T17:11:39+00:00\" \/>\n<meta property=\"article:modified_time\" content=\"2024-12-17T15:12:43+00:00\" \/>\n<meta property=\"og:image\" content=\"http:\/\/lafuente.mx\/wp-content\/uploads\/2024\/12\/Captura-de-pantalla-2024-12-16-a-las-10.53.16.png\" \/>\n\t<meta property=\"og:image:width\" content=\"1612\" \/>\n\t<meta property=\"og:image:height\" content=\"854\" \/>\n\t<meta property=\"og:image:type\" content=\"image\/png\" \/>\n<meta name=\"author\" content=\"Claudia Gallardo\" \/>\n<meta name=\"twitter:card\" content=\"summary_large_image\" \/>\n<meta name=\"twitter:title\" content=\"Salud Mental de las Ni\u00f1as, Ni\u00f1os y Adolescentes en el contexto familiar\u00a0\" \/>\n<meta name=\"twitter:description\" content=\"Diplomado en l\u00ednea donde se evaluan las \u00e1reas de oportunidad en las ni\u00f1as, ni\u00f1os y adolescentes dentro del contexto familiar e implementar modelos de intervenci\u00f3n aplicables en presencia o ausencia de enfermedad mental.\u00a0\" \/>\n<meta name=\"twitter:image\" content=\"https:\/\/i0.wp.com\/lafuente.mx\/wp-content\/uploads\/2024\/12\/Captura-de-pantalla-2024-12-16-a-las-10.53.16.png?fit=1612%2C854&ssl=1\" \/>\n<meta name=\"twitter:label1\" content=\"Escrito por\" \/>\n\t<meta name=\"twitter:data1\" content=\"Claudia Gallardo\" \/>\n\t<meta name=\"twitter:label2\" content=\"Tiempo de lectura\" \/>\n\t<meta name=\"twitter:data2\" content=\"1 minuto\" \/>\n<script type=\"application\/ld+json\" class=\"yoast-schema-graph\">{\"@context\":\"https:\/\/schema.org\",\"@graph\":[{\"@type\":\"WebSite\",\"@id\":\"https:\/\/lafuente.mx\/#website\",\"url\":\"https:\/\/lafuente.mx\/\",\"name\":\"\",\"description\":\"Informaci\u00f3n confiable sobre salud mental\",\"potentialAction\":[{\"@type\":\"SearchAction\",\"target\":{\"@type\":\"EntryPoint\",\"urlTemplate\":\"https:\/\/lafuente.mx\/?s={search_term_string}\"},\"query-input\":\"required name=search_term_string\"}],\"inLanguage\":\"es-MX\"},{\"@type\":\"WebPage\",\"@id\":\"https:\/\/lafuente.mx\/?p=2711\",\"url\":\"https:\/\/lafuente.mx\/?p=2711\",\"name\":\"Salud Mental de las Ni\u00f1as, Ni\u00f1os y Adolescentes en el contexto familiar\u00a0 -\",\"isPartOf\":{\"@id\":\"https:\/\/lafuente.mx\/#website\"},\"datePublished\":\"2024-12-16T17:11:39+00:00\",\"dateModified\":\"2024-12-17T15:12:43+00:00\",\"author\":{\"@id\":\"https:\/\/lafuente.mx\/#\/schema\/person\/603f3aa8e2f6f7879021ab722d39d6b0\"},\"description\":\"Diplomado en l\u00ednea donde se evaluan las \u00e1reas de oportunidad en las ni\u00f1as, ni\u00f1os y adolescentes dentro del contexto familiar e implementar modelos de intervenci\u00f3n aplicables en presencia o ausencia de enfermedad mental.\u00a0\",\"breadcrumb\":{\"@id\":\"https:\/\/lafuente.mx\/?p=2711#breadcrumb\"},\"inLanguage\":\"es-MX\",\"potentialAction\":[{\"@type\":\"ReadAction\",\"target\":[\"https:\/\/lafuente.mx\/?p=2711\"]}]},{\"@type\":\"BreadcrumbList\",\"@id\":\"https:\/\/lafuente.mx\/?p=2711#breadcrumb\",\"itemListElement\":[{\"@type\":\"ListItem\",\"position\":1,\"name\":\"Inicio\",\"item\":\"https:\/\/lafuente.mx\/\"},{\"@type\":\"ListItem\",\"position\":2,\"name\":\"Salud Mental de las Ni\u00f1as, Ni\u00f1os y Adolescentes en el contexto familiar\u00a0\"}]},{\"@type\":\"Person\",\"@id\":\"https:\/\/lafuente.mx\/#\/schema\/person\/603f3aa8e2f6f7879021ab722d39d6b0\",\"name\":\"Claudia Gallardo\",\"image\":{\"@type\":\"ImageObject\",\"inLanguage\":\"es-MX\",\"@id\":\"https:\/\/lafuente.mx\/#\/schema\/person\/image\/\",\"url\":\"https:\/\/secure.gravatar.com\/avatar\/bfe9c966af1ccfb9d17bcdb9d04e8815?s=96&d=mm&r=g\",\"contentUrl\":\"https:\/\/secure.gravatar.com\/avatar\/bfe9c966af1ccfb9d17bcdb9d04e8815?s=96&d=mm&r=g\",\"caption\":\"Claudia Gallardo\"},\"url\":\"https:\/\/lafuente.mx\/?author=3\"}]}<\/script>\n<!-- \/ Yoast SEO plugin. -->","yoast_head_json":{"title":"Salud Mental de las Ni\u00f1as, Ni\u00f1os y Adolescentes en el contexto familiar\u00a0 -","description":"Diplomado en l\u00ednea donde se evaluan las \u00e1reas de oportunidad en las ni\u00f1as, ni\u00f1os y adolescentes dentro del contexto familiar e implementar modelos de intervenci\u00f3n aplicables en presencia o ausencia de enfermedad mental.\u00a0","robots":{"index":"index","follow":"follow","max-snippet":"max-snippet:-1","max-image-preview":"max-image-preview:large","max-video-preview":"max-video-preview:-1"},"canonical":"https:\/\/lafuente.mx\/?p=2711","og_locale":"es_MX","og_type":"article","og_title":"Salud Mental de las Ni\u00f1as, Ni\u00f1os y Adolescentes en el contexto familiar\u00a0","og_description":"Diplomado en l\u00ednea donde se evaluan las \u00e1reas de oportunidad en las ni\u00f1as, ni\u00f1os y adolescentes dentro del contexto familiar e implementar modelos de intervenci\u00f3n aplicables en presencia o ausencia de enfermedad mental.\u00a0","og_url":"https:\/\/lafuente.mx\/?p=2711","article_published_time":"2024-12-16T17:11:39+00:00","article_modified_time":"2024-12-17T15:12:43+00:00","og_image":[{"width":1612,"height":854,"url":"http:\/\/lafuente.mx\/wp-content\/uploads\/2024\/12\/Captura-de-pantalla-2024-12-16-a-las-10.53.16.png","type":"image\/png"}],"author":"Claudia Gallardo","twitter_card":"summary_large_image","twitter_title":"Salud Mental de las Ni\u00f1as, Ni\u00f1os y Adolescentes en el contexto familiar\u00a0","twitter_description":"Diplomado en l\u00ednea donde se evaluan las \u00e1reas de oportunidad en las ni\u00f1as, ni\u00f1os y adolescentes dentro del contexto familiar e implementar modelos de intervenci\u00f3n aplicables en presencia o ausencia de enfermedad mental.\u00a0","twitter_image":"https:\/\/i0.wp.com\/lafuente.mx\/wp-content\/uploads\/2024\/12\/Captura-de-pantalla-2024-12-16-a-las-10.53.16.png?fit=1612%2C854&ssl=1","twitter_misc":{"Escrito por":"Claudia Gallardo","Tiempo de lectura":"1 minuto"},"schema":{"@context":"https:\/\/schema.org","@graph":[{"@type":"WebSite","@id":"https:\/\/lafuente.mx\/#website","url":"https:\/\/lafuente.mx\/","name":"","description":"Informaci\u00f3n confiable sobre salud mental","potentialAction":[{"@type":"SearchAction","target":{"@type":"EntryPoint","urlTemplate":"https:\/\/lafuente.mx\/?s={search_term_string}"},"query-input":"required name=search_term_string"}],"inLanguage":"es-MX"},{"@type":"WebPage","@id":"https:\/\/lafuente.mx\/?p=2711","url":"https:\/\/lafuente.mx\/?p=2711","name":"Salud Mental de las Ni\u00f1as, Ni\u00f1os y Adolescentes en el contexto familiar\u00a0 -","isPartOf":{"@id":"https:\/\/lafuente.mx\/#website"},"datePublished":"2024-12-16T17:11:39+00:00","dateModified":"2024-12-17T15:12:43+00:00","author":{"@id":"https:\/\/lafuente.mx\/#\/schema\/person\/603f3aa8e2f6f7879021ab722d39d6b0"},"description":"Diplomado en l\u00ednea donde se evaluan las \u00e1reas de oportunidad en las ni\u00f1as, ni\u00f1os y adolescentes dentro del contexto familiar e implementar modelos de intervenci\u00f3n aplicables en presencia o ausencia de enfermedad mental.\u00a0","breadcrumb":{"@id":"https:\/\/lafuente.mx\/?p=2711#breadcrumb"},"inLanguage":"es-MX","potentialAction":[{"@type":"ReadAction","target":["https:\/\/lafuente.mx\/?p=2711"]}]},{"@type":"BreadcrumbList","@id":"https:\/\/lafuente.mx\/?p=2711#breadcrumb","itemListElement":[{"@type":"ListItem","position":1,"name":"Inicio","item":"https:\/\/lafuente.mx\/"},{"@type":"ListItem","position":2,"name":"Salud Mental de las Ni\u00f1as, Ni\u00f1os y Adolescentes en el contexto familiar\u00a0"}]},{"@type":"Person","@id":"https:\/\/lafuente.mx\/#\/schema\/person\/603f3aa8e2f6f7879021ab722d39d6b0","name":"Claudia Gallardo","image":{"@type":"ImageObject","inLanguage":"es-MX","@id":"https:\/\/lafuente.mx\/#\/schema\/person\/image\/","url":"https:\/\/secure.gravatar.com\/avatar\/bfe9c966af1ccfb9d17bcdb9d04e8815?s=96&d=mm&r=g","contentUrl":"https:\/\/secure.gravatar.com\/avatar\/bfe9c966af1ccfb9d17bcdb9d04e8815?s=96&d=mm&r=g","caption":"Claudia Gallardo"},"url":"https:\/\/lafuente.mx\/?author=3"}]}},"jetpack_featured_media_url":"https:\/\/i0.wp.com\/lafuente.mx\/wp-content\/uploads\/2024\/12\/Captura-de-pantalla-2024-12-16-a-las-10.53.16.png?fit=1612%2C854&ssl=1","jetpack-related-posts":[{"id":680,"url":"https:\/\/lafuente.mx\/?p=680","url_meta":{"origin":2711,"position":0},"title":"Salud mental de las ni\u00f1as, ni\u00f1os y adolescentes en el contexto familiar\u00a0\u00a0","date":"enero 25, 2023","format":false,"excerpt":"Diplomados en l\u00ednea Generaci\u00f3n 2023 COORDINADORA ACAD\u00c9MICA: Dra. Diana Patricia Gu\u00edzar S\u00e1nchez\u00a0 Diplomado dirigido a personal de medicina general, medicina especializada, psicolog\u00eda y terapia del \u00e1rea de la salud mental.\u00a0 Objetivo general y contenido tem\u00e1tico Evaluar las \u00e1reas de oportunidad en las ni\u00f1as, ni\u00f1os y adolescentes dentro del contexto familiar\u2026","rel":"","context":"En &quot;Cursos&quot;","img":{"alt_text":"","src":"https:\/\/i0.wp.com\/lafuente.mx\/wp-content\/uploads\/2023\/01\/imagenSMNA.jpg?fit=1200%2C526&ssl=1&resize=350%2C200","width":350,"height":200},"classes":[]},{"id":1343,"url":"https:\/\/lafuente.mx\/?p=1343","url_meta":{"origin":2711,"position":1},"title":"Explora H: Una intervenci\u00f3n de bajo costo para la prevenci\u00f3n en salud mental\u00a0","date":"junio 27, 2023","format":false,"excerpt":"Imagen Explora H Autores*: Jorge A. Villatoro Vel\u00e1zquez, Itzia Sayuri Soto Hern\u00e1ndez, Marycarmen Bustos Gami\u00f1o, Raquel Mondrag\u00f3n G\u00f3mez.\u00a0 Las prevalencias del consumo de alcohol, tabaco y otras drogas en poblaci\u00f3n adolescente de nuestro pa\u00eds\u00a0y, en general, del continente americano,\u00a0han mostrado un incremento importante. As\u00ed mismo, se observ\u00f3 un incremento en\u2026","rel":"","context":"En &quot;Informaci\u00f3n de inter\u00e9s&quot;","img":{"alt_text":"","src":"https:\/\/i0.wp.com\/lafuente.mx\/wp-content\/uploads\/2023\/06\/Captura-de-Pantalla-2023-06-27-a-las-10.32.09.png?fit=1200%2C690&ssl=1&resize=350%2C200","width":350,"height":200},"classes":[]},{"id":2823,"url":"https:\/\/lafuente.mx\/?p=2823","url_meta":{"origin":2711,"position":2},"title":"Mentalizarte","date":"abril 1, 2025","format":false,"excerpt":"Durante Abril Mentalizarte en colaboraci\u00f3n con AMPI Hablaremos sobre Salud mental en adolescentes MENTALIZARTE es el proyecto de difusi\u00f3n en temas de salud mental del Instituto Nacional de Psiquiatr\u00eda Ram\u00f3n de la Fuente Mu\u00f1iz (INPRFM). Tiene el objetivo de informar sobre los s\u00edntomas de los diferentes trastornos mentales, difundir que\u2026","rel":"","context":"En &quot;Informaci\u00f3n de inter\u00e9s&quot;","img":{"alt_text":"","src":"https:\/\/i0.wp.com\/lafuente.mx\/wp-content\/uploads\/2025\/04\/WhatsApp-Image-2025-03-26-at-1.28.12-PM.jpeg?fit=1200%2C692&ssl=1&resize=350%2C200","width":350,"height":200},"classes":[]},{"id":3531,"url":"https:\/\/lafuente.mx\/?p=3531","url_meta":{"origin":2711,"position":3},"title":"Uno de cada siete j\u00f3venes entre 10 y 19 a\u00f1os sufre un trastorno mental: OMS\u00a0","date":"enero 13, 2026","format":false,"excerpt":"Laura Poy Solano\u00a0 Peri\u00f3dico La Jornada\u00a0Domingo 23 de noviembre de 2025, p. 6\u00a0 La Organizaci\u00f3n Mundial de la Salud (OMS) estima que uno de cada siete j\u00f3venes de entre 10 y 19 a\u00f1os en el mundo padece alg\u00fan tipo de trastorno mental, lo que representa 15 por ciento de la\u2026","rel":"","context":"En &quot;Noticias&quot;","img":{"alt_text":"kids, boys, children, poverty, happiness, smiling, mexico, portrait-6610964.jpg","src":"https:\/\/i0.wp.com\/lafuente.mx\/wp-content\/uploads\/2026\/01\/kids-boys-children-poverty-happiness-smiling-mexico-portrait-6610964.jpg?fit=1200%2C800&ssl=1&resize=350%2C200","width":350,"height":200},"classes":[]},{"id":1467,"url":"https:\/\/lafuente.mx\/?p=1467","url_meta":{"origin":2711,"position":4},"title":"El deporte colectivo como factor protector frente a problemas de salud mental e ideaci\u00f3n suicida en adolescentes","date":"julio 17, 2023","format":false,"excerpt":"Luciano Machado-Oliveira, Alison Oliveira da Silva, Breno Quintella Farah, Iber\u00ea Caldas Souza Le\u00e3o, Fabiano Tadeu Costa Souza, F\u00e1tima Larissa Santiago, Leonardo Machado, Paula Rejane Beserra Diniz Introducci\u00f3n.\u00a0Los adolescentes que practican deportes tienen mejores indicadores de salud mental.\u00a0\u00a0Objetivo.\u00a0Analizar la asociaci\u00f3n entre diferentes tipos de actividad f\u00edsica (ejercicio sistematizado, deportes individuales y\u2026","rel":"","context":"En &quot;Revista Salud Mental&quot;","img":{"alt_text":"","src":"https:\/\/i0.wp.com\/lafuente.mx\/wp-content\/uploads\/2023\/07\/grupo-atletas-diversos-sentados-juntos-scaled.jpg?fit=1200%2C529&ssl=1&resize=350%2C200","width":350,"height":200},"classes":[]},{"id":3558,"url":"https:\/\/lafuente.mx\/?p=3558","url_meta":{"origin":2711,"position":5},"title":"ENCODAT 2025:","date":"enero 29, 2026","format":false,"excerpt":"consumo de sustancias, violencia y salud mental en M\u00e9xico Parte 1 La Encuesta Nacional de Consumo de Drogas, Alcohol y Tabaco 2025 (ENCODAT 2025) ofrece informaci\u00f3n clave para comprender los patrones actuales de consumo de sustancias y su relaci\u00f3n con la salud mental en la poblaci\u00f3n mexicana. Sus resultados permiten\u2026","rel":"","context":"En &quot;Informaci\u00f3n de inter\u00e9s&quot;","img":{"alt_text":"opinion poll, opinion polling, survey, voting, to complete, vote, hand, write, ballpoint pen, paper, reports, ink pen, pen, survey, survey, survey, survey, survey-1594962.jpg","src":"https:\/\/i0.wp.com\/lafuente.mx\/wp-content\/uploads\/2026\/01\/opinion-poll-opinion-polling-survey-voting-to-complete-vote-hand-write-ballpoint-pen-paper-reports-ink-pen-pen-survey-survey-survey-survey-survey-1594962.jpg?fit=1200%2C800&ssl=1&resize=350%2C200","width":350,"height":200},"classes":[]}],"jetpack_sharing_enabled":true,"jetpack_shortlink":"https:\/\/wp.me\/pe9WUx-HJ","_links":{"self":[{"href":"https:\/\/lafuente.mx\/index.php?rest_route=\/wp\/v2\/posts\/2711"}],"collection":[{"href":"https:\/\/lafuente.mx\/index.php?rest_route=\/wp\/v2\/posts"}],"about":[{"href":"https:\/\/lafuente.mx\/index.php?rest_route=\/wp\/v2\/types\/post"}],"author":[{"embeddable":true,"href":"https:\/\/lafuente.mx\/index.php?rest_route=\/wp\/v2\/users\/3"}],"replies":[{"embeddable":true,"href":"https:\/\/lafuente.mx\/index.php?rest_route=%2Fwp%2Fv2%2Fcomments&post=2711"}],"version-history":[{"count":4,"href":"https:\/\/lafuente.mx\/index.php?rest_route=\/wp\/v2\/posts\/2711\/revisions"}],"predecessor-version":[{"id":2722,"href":"https:\/\/lafuente.mx\/index.php?rest_route=\/wp\/v2\/posts\/2711\/revisions\/2722"}],"wp:featuredmedia":[{"embeddable":true,"href":"https:\/\/lafuente.mx\/index.php?rest_route=\/wp\/v2\/media\/2713"}],"wp:attachment":[{"href":"https:\/\/lafuente.mx\/index.php?rest_route=%2Fwp%2Fv2%2Fmedia&parent=2711"}],"wp:term":[{"taxonomy":"category","embeddable":true,"href":"https:\/\/lafuente.mx\/index.php?rest_route=%2Fwp%2Fv2%2Fcategories&post=2711"},{"taxonomy":"post_tag","embeddable":true,"href":"https:\/\/lafuente.mx\/index.php?rest_route=%2Fwp%2Fv2%2Ftags&post=2711"}],"curies":[{"name":"wp","href":"https:\/\/api.w.org\/{rel}","templated":true}]}}