{"id":2693,"date":"2024-12-05T00:55:00","date_gmt":"2024-12-05T00:55:00","guid":{"rendered":"https:\/\/lafuente.mx\/?p=2693"},"modified":"2024-12-05T18:51:26","modified_gmt":"2024-12-05T18:51:26","slug":"suicidologia-clinica","status":"publish","type":"post","link":"https:\/\/lafuente.mx\/?p=2693","title":{"rendered":"Suicidolog\u00eda Cl\u00ednica"},"content":{"rendered":"\n<p class=\"has-large-font-size\"><strong>(Con vi\u00f1etas cl\u00ednicas)&nbsp;<\/strong><\/p>\n\n\n\n<hr class=\"wp-block-separator has-text-color has-vivid-cyan-blue-color has-alpha-channel-opacity has-vivid-cyan-blue-background-color has-background is-style-wide\"\/>\n\n\n\n<p class=\"has-text-align-center has-text-color has-large-font-size\" style=\"color:#04295c\"><strong>Autor: Alejandro Molina L\u00f3pez<\/strong><\/p>\n\n\n\n<p class=\"has-text-color has-small-font-size\" style=\"color:#3b4d5d\"><strong>ISBN<\/strong>&nbsp;978-607-8827-70-1&nbsp;<br><strong>Editorial:<\/strong>  Typotaller Ediciones&nbsp;<br><strong>Materia:<\/strong><a href=\"https:\/\/isbnmexico.indautor.cerlalc.org\/catalogo.php?mode=busqueda_menu&amp;id_materia=001.4\" target=\"_blank\" rel=\"noreferrer noopener\"> <\/a>Investigaci\u00f3n&nbsp;<br><strong>P\u00fablico objetivo:<\/strong> Profesional \/ acad\u00e9mico&nbsp;<br><strong>Publicado:<\/strong> 2024-11-11&nbsp;<br><strong>N\u00famero de edici\u00f3n:<\/strong> 1&nbsp;<br><strong>N\u00famero de p\u00e1ginas:<\/strong> 272&nbsp;<\/p>\n\n\n\n<hr class=\"wp-block-separator has-text-color has-alpha-channel-opacity has-background\" style=\"background-color:#114767;color:#114767\"\/>\n\n\n\n<p class=\"has-medium-font-size\">El primer libro Mexicano que describe el proceso suicida, no s\u00f3lo desde la perspectiva fenomenol\u00f3gica basada en evidecia, sino desde la percepci\u00f3n interpersonal del profesional de la salud al atender pacientes con riesgo suicida, invitando a la reflexi\u00f3n y a realizar intervenciones con menos defensividad y m\u00e1s centradas en la persona, incluyendo valiosas vi\u00f1etas cl\u00ednicas que integran los aspectos m\u00e1s relevantes del fen\u00f3meno durante la valoraci\u00f3n profesional.&nbsp;<\/p>\n\n\n\n<div class=\"wp-block-columns is-layout-flex wp-container-3 wp-block-columns-is-layout-flex\">\n<div class=\"wp-block-column is-layout-flow wp-block-column-is-layout-flow\"><div class=\"wp-block-image\">\n<figure class=\"aligncenter size-full\"><img decoding=\"async\" loading=\"lazy\" width=\"640\" height=\"699\" src=\"https:\/\/i0.wp.com\/lafuente.mx\/wp-content\/uploads\/2024\/12\/Ale-molina.jpg?resize=640%2C699&#038;ssl=1\" alt=\"\" class=\"wp-image-2696\" srcset=\"https:\/\/i0.wp.com\/lafuente.mx\/wp-content\/uploads\/2024\/12\/Ale-molina.jpg?w=937&amp;ssl=1 937w, https:\/\/i0.wp.com\/lafuente.mx\/wp-content\/uploads\/2024\/12\/Ale-molina.jpg?resize=275%2C300&amp;ssl=1 275w, https:\/\/i0.wp.com\/lafuente.mx\/wp-content\/uploads\/2024\/12\/Ale-molina.jpg?resize=768%2C838&amp;ssl=1 768w\" sizes=\"(max-width: 640px) 100vw, 640px\" data-recalc-dims=\"1\" \/><\/figure><\/div><\/div>\n\n\n\n<div class=\"wp-block-column is-layout-flow wp-block-column-is-layout-flow\">\n<figure class=\"wp-block-image size-large\"><img decoding=\"async\" loading=\"lazy\" width=\"640\" height=\"883\" src=\"https:\/\/i0.wp.com\/lafuente.mx\/wp-content\/uploads\/2024\/12\/Captura-de-pantalla-2024-12-04-a-las-9.59.12-1-742x1024.png?resize=640%2C883&#038;ssl=1\" alt=\"\" class=\"wp-image-2697\" srcset=\"https:\/\/i0.wp.com\/lafuente.mx\/wp-content\/uploads\/2024\/12\/Captura-de-pantalla-2024-12-04-a-las-9.59.12-1.png?resize=742%2C1024&amp;ssl=1 742w, https:\/\/i0.wp.com\/lafuente.mx\/wp-content\/uploads\/2024\/12\/Captura-de-pantalla-2024-12-04-a-las-9.59.12-1.png?resize=217%2C300&amp;ssl=1 217w, https:\/\/i0.wp.com\/lafuente.mx\/wp-content\/uploads\/2024\/12\/Captura-de-pantalla-2024-12-04-a-las-9.59.12-1.png?resize=768%2C1060&amp;ssl=1 768w, https:\/\/i0.wp.com\/lafuente.mx\/wp-content\/uploads\/2024\/12\/Captura-de-pantalla-2024-12-04-a-las-9.59.12-1.png?w=1100&amp;ssl=1 1100w\" sizes=\"(max-width: 640px) 100vw, 640px\" data-recalc-dims=\"1\" \/><\/figure>\n<\/div>\n<\/div>\n\n\n\n<hr class=\"wp-block-separator has-text-color has-vivid-cyan-blue-color has-alpha-channel-opacity has-vivid-cyan-blue-background-color has-background is-style-wide\"\/>\n\n\n\n<div class=\"wp-block-buttons is-layout-flex wp-block-buttons-is-layout-flex\">\n<div class=\"wp-block-button\"><a class=\"wp-block-button__link has-vivid-cyan-blue-background-color has-background wp-element-button\" href=\"https:\/\/psiquiatrasapm.org.mx\/product\/suicidologia-clinica\/\">M\u00e1s informaci\u00f3n<\/a><\/div>\n<\/div>\n","protected":false},"excerpt":{"rendered":"<p>(Con vi\u00f1etas cl\u00ednicas)&nbsp; Autor: Alejandro Molina L\u00f3pez ISBN&nbsp;978-607-8827-70-1&nbsp;Editorial: Typotaller Ediciones&nbsp;Materia: Investigaci\u00f3n&nbsp;P\u00fablico objetivo: Profesional \/ acad\u00e9mico&nbsp;Publicado: 2024-11-11&nbsp;N\u00famero de edici\u00f3n: 1&nbsp;N\u00famero de p\u00e1ginas: 272&nbsp; El primer libro<\/p>\n","protected":false},"author":3,"featured_media":2701,"comment_status":"closed","ping_status":"closed","sticky":false,"template":"","format":"standard","meta":{"footnotes":"","jetpack_publicize_message":"","jetpack_is_tweetstorm":false,"jetpack_publicize_feature_enabled":true},"categories":[10],"tags":[543,21,45,255,837,839,838,32,353,834,835],"jetpack_publicize_connections":[],"yoast_head":"<!-- This site is optimized with the Yoast SEO plugin v19.4 - https:\/\/yoast.com\/wordpress\/plugins\/seo\/ -->\n<title>Suicidolog\u00eda Cl\u00ednica -<\/title>\n<meta name=\"description\" content=\"Su compilador ha buscado la participaci\u00f3n de diferentes expertosde todo el pa\u00eds que han decidido compartir con el lector su propiaexperiencia, la informaci\u00f3n cient\u00ed\u2000ca m\u00e1s actualizada y los avancesgenerados en otras latitudes, para brindar al gremio psiqui\u00e1tricouna obra que habr\u00e1 de convertirse en un libro de referencia paratodos aquellos que comprometen su vida para salvar la de otros.\" \/>\n<meta name=\"robots\" content=\"index, follow, max-snippet:-1, max-image-preview:large, max-video-preview:-1\" \/>\n<link rel=\"canonical\" href=\"https:\/\/lafuente.mx\/?p=2693\" \/>\n<meta property=\"og:locale\" content=\"es_MX\" \/>\n<meta property=\"og:type\" content=\"article\" \/>\n<meta property=\"og:title\" content=\"Suicidolog\u00eda Cl\u00ednica\" \/>\n<meta property=\"og:description\" content=\"Su compilador ha buscado la participaci\u00f3n de diferentes expertosde todo el pa\u00eds que han decidido compartir con el lector su propiaexperiencia, la informaci\u00f3n cient\u00ed\u2000ca m\u00e1s actualizada y los avancesgenerados en otras latitudes, para brindar al gremio psiqui\u00e1tricouna obra que habr\u00e1 de convertirse en un libro de referencia paratodos aquellos que comprometen su vida para salvar la de otros.\" \/>\n<meta property=\"og:url\" content=\"https:\/\/lafuente.mx\/?p=2693\" \/>\n<meta property=\"article:published_time\" content=\"2024-12-05T00:55:00+00:00\" \/>\n<meta property=\"article:modified_time\" content=\"2024-12-05T18:51:26+00:00\" \/>\n<meta property=\"og:image\" content=\"http:\/\/lafuente.mx\/wp-content\/uploads\/2024\/12\/Captura-de-pantalla-2024-12-04-a-las-9.59.12-1-742x1024.png\" \/>\n\t<meta property=\"og:image:width\" content=\"742\" \/>\n\t<meta property=\"og:image:height\" content=\"1024\" \/>\n\t<meta property=\"og:image:type\" content=\"image\/png\" \/>\n<meta name=\"author\" content=\"Claudia Gallardo\" \/>\n<meta name=\"twitter:card\" content=\"summary_large_image\" \/>\n<meta name=\"twitter:title\" content=\"Suicidolog\u00eda Cl\u00ednica\" \/>\n<meta name=\"twitter:description\" content=\"Su compilador ha buscado la participaci\u00f3n de diferentes expertosde todo el pa\u00eds que han decidido compartir con el lector su propiaexperiencia, la informaci\u00f3n cient\u00ed\u2000ca m\u00e1s actualizada y los avancesgenerados en otras latitudes, para brindar al gremio psiqui\u00e1tricouna obra que habr\u00e1 de convertirse en un libro de referencia paratodos aquellos que comprometen su vida para salvar la de otros.\" \/>\n<meta name=\"twitter:image\" content=\"https:\/\/i0.wp.com\/lafuente.mx\/wp-content\/uploads\/2024\/12\/Captura-de-pantalla-2024-12-04-a-las-9.59.12-1.png?fit=1100%2C1518&ssl=1\" \/>\n<meta name=\"twitter:label1\" content=\"Escrito por\" \/>\n\t<meta name=\"twitter:data1\" content=\"Claudia Gallardo\" \/>\n\t<meta name=\"twitter:label2\" content=\"Tiempo de lectura\" \/>\n\t<meta name=\"twitter:data2\" content=\"1 minuto\" \/>\n<script type=\"application\/ld+json\" class=\"yoast-schema-graph\">{\"@context\":\"https:\/\/schema.org\",\"@graph\":[{\"@type\":\"WebSite\",\"@id\":\"https:\/\/lafuente.mx\/#website\",\"url\":\"https:\/\/lafuente.mx\/\",\"name\":\"\",\"description\":\"Informaci\u00f3n confiable sobre salud mental\",\"potentialAction\":[{\"@type\":\"SearchAction\",\"target\":{\"@type\":\"EntryPoint\",\"urlTemplate\":\"https:\/\/lafuente.mx\/?s={search_term_string}\"},\"query-input\":\"required name=search_term_string\"}],\"inLanguage\":\"es-MX\"},{\"@type\":\"WebPage\",\"@id\":\"https:\/\/lafuente.mx\/?p=2693\",\"url\":\"https:\/\/lafuente.mx\/?p=2693\",\"name\":\"Suicidolog\u00eda Cl\u00ednica -\",\"isPartOf\":{\"@id\":\"https:\/\/lafuente.mx\/#website\"},\"datePublished\":\"2024-12-05T00:55:00+00:00\",\"dateModified\":\"2024-12-05T18:51:26+00:00\",\"author\":{\"@id\":\"https:\/\/lafuente.mx\/#\/schema\/person\/603f3aa8e2f6f7879021ab722d39d6b0\"},\"description\":\"Su compilador ha buscado la participaci\u00f3n de diferentes expertosde todo el pa\u00eds que han decidido compartir con el lector su propiaexperiencia, la informaci\u00f3n cient\u00ed\u2000ca m\u00e1s actualizada y los avancesgenerados en otras latitudes, para brindar al gremio psiqui\u00e1tricouna obra que habr\u00e1 de convertirse en un libro de referencia paratodos aquellos que comprometen su vida para salvar la de otros.\",\"breadcrumb\":{\"@id\":\"https:\/\/lafuente.mx\/?p=2693#breadcrumb\"},\"inLanguage\":\"es-MX\",\"potentialAction\":[{\"@type\":\"ReadAction\",\"target\":[\"https:\/\/lafuente.mx\/?p=2693\"]}]},{\"@type\":\"BreadcrumbList\",\"@id\":\"https:\/\/lafuente.mx\/?p=2693#breadcrumb\",\"itemListElement\":[{\"@type\":\"ListItem\",\"position\":1,\"name\":\"Inicio\",\"item\":\"https:\/\/lafuente.mx\/\"},{\"@type\":\"ListItem\",\"position\":2,\"name\":\"Suicidolog\u00eda Cl\u00ednica\"}]},{\"@type\":\"Person\",\"@id\":\"https:\/\/lafuente.mx\/#\/schema\/person\/603f3aa8e2f6f7879021ab722d39d6b0\",\"name\":\"Claudia Gallardo\",\"image\":{\"@type\":\"ImageObject\",\"inLanguage\":\"es-MX\",\"@id\":\"https:\/\/lafuente.mx\/#\/schema\/person\/image\/\",\"url\":\"https:\/\/secure.gravatar.com\/avatar\/bfe9c966af1ccfb9d17bcdb9d04e8815?s=96&d=mm&r=g\",\"contentUrl\":\"https:\/\/secure.gravatar.com\/avatar\/bfe9c966af1ccfb9d17bcdb9d04e8815?s=96&d=mm&r=g\",\"caption\":\"Claudia Gallardo\"},\"url\":\"https:\/\/lafuente.mx\/?author=3\"}]}<\/script>\n<!-- \/ Yoast SEO plugin. -->","yoast_head_json":{"title":"Suicidolog\u00eda Cl\u00ednica -","description":"Su compilador ha buscado la participaci\u00f3n de diferentes expertosde todo el pa\u00eds que han decidido compartir con el lector su propiaexperiencia, la informaci\u00f3n cient\u00ed\u2000ca m\u00e1s actualizada y los avancesgenerados en otras latitudes, para brindar al gremio psiqui\u00e1tricouna obra que habr\u00e1 de convertirse en un libro de referencia paratodos aquellos que comprometen su vida para salvar la de otros.","robots":{"index":"index","follow":"follow","max-snippet":"max-snippet:-1","max-image-preview":"max-image-preview:large","max-video-preview":"max-video-preview:-1"},"canonical":"https:\/\/lafuente.mx\/?p=2693","og_locale":"es_MX","og_type":"article","og_title":"Suicidolog\u00eda Cl\u00ednica","og_description":"Su compilador ha buscado la participaci\u00f3n de diferentes expertosde todo el pa\u00eds que han decidido compartir con el lector su propiaexperiencia, la informaci\u00f3n cient\u00ed\u2000ca m\u00e1s actualizada y los avancesgenerados en otras latitudes, para brindar al gremio psiqui\u00e1tricouna obra que habr\u00e1 de convertirse en un libro de referencia paratodos aquellos que comprometen su vida para salvar la de otros.","og_url":"https:\/\/lafuente.mx\/?p=2693","article_published_time":"2024-12-05T00:55:00+00:00","article_modified_time":"2024-12-05T18:51:26+00:00","og_image":[{"width":742,"height":1024,"url":"http:\/\/lafuente.mx\/wp-content\/uploads\/2024\/12\/Captura-de-pantalla-2024-12-04-a-las-9.59.12-1-742x1024.png","type":"image\/png"}],"author":"Claudia Gallardo","twitter_card":"summary_large_image","twitter_title":"Suicidolog\u00eda Cl\u00ednica","twitter_description":"Su compilador ha buscado la participaci\u00f3n de diferentes expertosde todo el pa\u00eds que han decidido compartir con el lector su propiaexperiencia, la informaci\u00f3n cient\u00ed\u2000ca m\u00e1s actualizada y los avancesgenerados en otras latitudes, para brindar al gremio psiqui\u00e1tricouna obra que habr\u00e1 de convertirse en un libro de referencia paratodos aquellos que comprometen su vida para salvar la de otros.","twitter_image":"https:\/\/i0.wp.com\/lafuente.mx\/wp-content\/uploads\/2024\/12\/Captura-de-pantalla-2024-12-04-a-las-9.59.12-1.png?fit=1100%2C1518&ssl=1","twitter_misc":{"Escrito por":"Claudia Gallardo","Tiempo de lectura":"1 minuto"},"schema":{"@context":"https:\/\/schema.org","@graph":[{"@type":"WebSite","@id":"https:\/\/lafuente.mx\/#website","url":"https:\/\/lafuente.mx\/","name":"","description":"Informaci\u00f3n confiable sobre salud mental","potentialAction":[{"@type":"SearchAction","target":{"@type":"EntryPoint","urlTemplate":"https:\/\/lafuente.mx\/?s={search_term_string}"},"query-input":"required name=search_term_string"}],"inLanguage":"es-MX"},{"@type":"WebPage","@id":"https:\/\/lafuente.mx\/?p=2693","url":"https:\/\/lafuente.mx\/?p=2693","name":"Suicidolog\u00eda Cl\u00ednica -","isPartOf":{"@id":"https:\/\/lafuente.mx\/#website"},"datePublished":"2024-12-05T00:55:00+00:00","dateModified":"2024-12-05T18:51:26+00:00","author":{"@id":"https:\/\/lafuente.mx\/#\/schema\/person\/603f3aa8e2f6f7879021ab722d39d6b0"},"description":"Su compilador ha buscado la participaci\u00f3n de diferentes expertosde todo el pa\u00eds que han decidido compartir con el lector su propiaexperiencia, la informaci\u00f3n cient\u00ed\u2000ca m\u00e1s actualizada y los avancesgenerados en otras latitudes, para brindar al gremio psiqui\u00e1tricouna obra que habr\u00e1 de convertirse en un libro de referencia paratodos aquellos que comprometen su vida para salvar la de otros.","breadcrumb":{"@id":"https:\/\/lafuente.mx\/?p=2693#breadcrumb"},"inLanguage":"es-MX","potentialAction":[{"@type":"ReadAction","target":["https:\/\/lafuente.mx\/?p=2693"]}]},{"@type":"BreadcrumbList","@id":"https:\/\/lafuente.mx\/?p=2693#breadcrumb","itemListElement":[{"@type":"ListItem","position":1,"name":"Inicio","item":"https:\/\/lafuente.mx\/"},{"@type":"ListItem","position":2,"name":"Suicidolog\u00eda Cl\u00ednica"}]},{"@type":"Person","@id":"https:\/\/lafuente.mx\/#\/schema\/person\/603f3aa8e2f6f7879021ab722d39d6b0","name":"Claudia Gallardo","image":{"@type":"ImageObject","inLanguage":"es-MX","@id":"https:\/\/lafuente.mx\/#\/schema\/person\/image\/","url":"https:\/\/secure.gravatar.com\/avatar\/bfe9c966af1ccfb9d17bcdb9d04e8815?s=96&d=mm&r=g","contentUrl":"https:\/\/secure.gravatar.com\/avatar\/bfe9c966af1ccfb9d17bcdb9d04e8815?s=96&d=mm&r=g","caption":"Claudia Gallardo"},"url":"https:\/\/lafuente.mx\/?author=3"}]}},"jetpack_featured_media_url":"https:\/\/i0.wp.com\/lafuente.mx\/wp-content\/uploads\/2024\/12\/Captura-de-pantalla-2024-12-05-a-las-12.38.54.png?fit=890%2C896&ssl=1","jetpack-related-posts":[{"id":2892,"url":"https:\/\/lafuente.mx\/?p=2892","url_meta":{"origin":2693,"position":0},"title":"Adaptaci\u00f3n y validaci\u00f3n de un instrumento para la medici\u00f3n del estigma hacia problemas de salud mental en ni\u00f1os entre profesionales de la salud\u00a0","date":"mayo 12, 2025","format":false,"excerpt":"Jorge Javier Caraveo-AnduagaDirecci\u00f3n de Investigaciones Epidemiol\u00f3gicas y Psicosociales, Instituto Nacional de Psiquiatr\u00eda Ram\u00f3n de la Fuente Mu\u00f1iz, Ciudad de M\u00e9xico, M\u00e9xico.\u00a0 Mart\u00ednez-V\u00e9lez NA.\u00a0Direcci\u00f3n de Investigaciones Epidemiol\u00f3gicas y Psicosociales, Instituto Nacional de Psiquiatr\u00eda Ram\u00f3n de la Fuente Mu\u00f1iz, Ciudad de M\u00e9xico, M\u00e9xico.\u00a0 Miriam Arroyo-BelmonteDirecci\u00f3n de Investigaciones Epidemiol\u00f3gicas y Psicosociales, Instituto Nacional\u2026","rel":"","context":"En &quot;Revista Salud Mental&quot;","img":{"alt_text":"","src":"https:\/\/i0.wp.com\/lafuente.mx\/wp-content\/uploads\/2025\/05\/Adaptacion-y-validacion-de-un-instrumento_Mesa-de-trabajo-1.jpg?fit=1200%2C613&ssl=1&resize=350%2C200","width":350,"height":200},"classes":[]},{"id":1814,"url":"https:\/\/lafuente.mx\/?p=1814","url_meta":{"origin":2693,"position":1},"title":"Programa Nacional de Prevenci\u00f3n del Suicidio: C\u00f3digo 100\u00a0","date":"octubre 27, 2023","format":false,"excerpt":"Presentaci\u00f3n acerca de las diferentes acciones que implica codificar el comportamiento suicida.\u00a0 El C\u00f3digo 100 es una un sistema de apoyo a la toma de decisiones cl\u00ednicas en\u00a0el comportamiento suicida en hospitales generales o centros de atenci\u00f3n\u00a0dentro de las redes integradas del sistema de salud (RISS).\u00a0 Permite equiparar la atenci\u00f3n\u2026","rel":"","context":"En &quot;Informaci\u00f3n de inter\u00e9s&quot;","img":{"alt_text":"","src":"https:\/\/i0.wp.com\/lafuente.mx\/wp-content\/uploads\/2023\/10\/cita-psicologo2-scaled.jpg?fit=1200%2C747&ssl=1&resize=350%2C200","width":350,"height":200},"classes":[]},{"id":1691,"url":"https:\/\/lafuente.mx\/?p=1691","url_meta":{"origin":2693,"position":2},"title":"Cuadernillo b\u00e1sico para la prevenci\u00f3n del suicidio\u00a0","date":"septiembre 10, 2023","format":false,"excerpt":"El presente cuadernillo tiene como prop\u00f3sito ofrecer conocimientos y habilidades b\u00e1sicos para la prevenci\u00f3n del suicidio en la poblaci\u00f3n general. Si bien es fundamental reconocer que el suicidio, como problema de salud p\u00fablica, requiere la intervenci\u00f3n de profesionales de la salud mental a trav\u00e9s de un enfoque cl\u00ednico-terap\u00e9utico, la participaci\u00f3n\u2026","rel":"","context":"En &quot;Publicaciones&quot;","img":{"alt_text":"","src":"https:\/\/i0.wp.com\/lafuente.mx\/wp-content\/uploads\/2023\/09\/Captura-de-Pantalla-2023-09-08-a-las-14.33.59.png?fit=936%2C1200&ssl=1&resize=350%2C200","width":350,"height":200},"classes":[]},{"id":1985,"url":"https:\/\/lafuente.mx\/?p=1985","url_meta":{"origin":2693,"position":3},"title":"Estresores de la pr\u00e1ctica cl\u00ednica y ansiedad en estudiantes de enfermer\u00eda durante la COVID-19\u00a0","date":"enero 10, 2024","format":false,"excerpt":"Nancy Griselda P\u00e9rez Briones,1Karla Rosales V\u00e1zquez,1 Braulio Josu\u00e9 Lara Reyes,1 Dafne Astrid G\u00f3mez Melasio,1Anah\u00ed Ruiz Lara,2 Pedro Enrique Trujillo Hern\u00e1ndez 1\u00a0 1 Facultad de Enfermer\u00eda \u201cDr. Santiago Vald\u00e9s Galindo\u201d, Universidad Aut\u00f3noma de Coahuila, Saltillo, M\u00e9xico.\u00a0 2 Escuela de Ciencias de la Salud, Unidad Norte, Universidad Aut\u00f3noma de Coahuila, Piedras Negras,\u2026","rel":"","context":"En &quot;Revista Salud Mental&quot;","img":{"alt_text":"","src":"https:\/\/i0.wp.com\/lafuente.mx\/wp-content\/uploads\/2024\/01\/DSC_0479-1-scaled.jpg?fit=1200%2C797&ssl=1&resize=350%2C200","width":350,"height":200},"classes":[]},{"id":2734,"url":"https:\/\/lafuente.mx\/?p=2734","url_meta":{"origin":2693,"position":4},"title":"What lies behind suicide ideation during medical residency? A comparison between medical specialties in Mexican physicians in training\u00a0","date":"enero 22, 2025","format":false,"excerpt":"We aimed to compare demographics, medical residency features and adversities, and perceived health variables among residents of medical specialties with the highest and lowest report of suicide ideation during their residency and to identify the main features associated with suicide ideation. A cross-sectional, retrospective, comparative study was conducted on residents\u2026","rel":"","context":"En &quot;Publicaciones&quot;","img":{"alt_text":"","src":"https:\/\/i0.wp.com\/lafuente.mx\/wp-content\/uploads\/2025\/01\/Captura-de-pantalla-2025-01-22-a-las-13.29.05.png?fit=900%2C1200&ssl=1&resize=350%2C200","width":350,"height":200},"classes":[]},{"id":2371,"url":"https:\/\/lafuente.mx\/?p=2371","url_meta":{"origin":2693,"position":5},"title":"Trastornos alimentarios ponen en riesgo la vida\u00a0","date":"junio 20, 2024","format":false,"excerpt":"Los m\u00e1s comunes son el atrac\u00f3n, la anorexia nervosa y la bulimia nervosa Secretar\u00eda de Salud | 14 de junio de 2024\u00a0| Nacional\u00a0 Est\u00e1n asociados con trastornos mentales como depresi\u00f3n, ansiedad, trastorno l\u00edmite de personalidad y obsesivo-compulsivo; atenci\u00f3n oportuna permite el control total.\u00a0 El atrac\u00f3n, la anorexia y la bulimia\u2026","rel":"","context":"En &quot;Noticias&quot;","img":{"alt_text":"vegetable skewer, paprika, tomato-3317060.jpg","src":"https:\/\/i0.wp.com\/lafuente.mx\/wp-content\/uploads\/2024\/06\/vegetable-skewer-paprika-tomato-3317060.jpg?fit=1200%2C768&ssl=1&resize=350%2C200","width":350,"height":200},"classes":[]}],"jetpack_sharing_enabled":true,"jetpack_shortlink":"https:\/\/wp.me\/pe9WUx-Hr","_links":{"self":[{"href":"https:\/\/lafuente.mx\/index.php?rest_route=\/wp\/v2\/posts\/2693"}],"collection":[{"href":"https:\/\/lafuente.mx\/index.php?rest_route=\/wp\/v2\/posts"}],"about":[{"href":"https:\/\/lafuente.mx\/index.php?rest_route=\/wp\/v2\/types\/post"}],"author":[{"embeddable":true,"href":"https:\/\/lafuente.mx\/index.php?rest_route=\/wp\/v2\/users\/3"}],"replies":[{"embeddable":true,"href":"https:\/\/lafuente.mx\/index.php?rest_route=%2Fwp%2Fv2%2Fcomments&post=2693"}],"version-history":[{"count":4,"href":"https:\/\/lafuente.mx\/index.php?rest_route=\/wp\/v2\/posts\/2693\/revisions"}],"predecessor-version":[{"id":2703,"href":"https:\/\/lafuente.mx\/index.php?rest_route=\/wp\/v2\/posts\/2693\/revisions\/2703"}],"wp:featuredmedia":[{"embeddable":true,"href":"https:\/\/lafuente.mx\/index.php?rest_route=\/wp\/v2\/media\/2701"}],"wp:attachment":[{"href":"https:\/\/lafuente.mx\/index.php?rest_route=%2Fwp%2Fv2%2Fmedia&parent=2693"}],"wp:term":[{"taxonomy":"category","embeddable":true,"href":"https:\/\/lafuente.mx\/index.php?rest_route=%2Fwp%2Fv2%2Fcategories&post=2693"},{"taxonomy":"post_tag","embeddable":true,"href":"https:\/\/lafuente.mx\/index.php?rest_route=%2Fwp%2Fv2%2Ftags&post=2693"}],"curies":[{"name":"wp","href":"https:\/\/api.w.org\/{rel}","templated":true}]}}