{"id":2687,"date":"2024-12-04T15:53:26","date_gmt":"2024-12-04T15:53:26","guid":{"rendered":"https:\/\/lafuente.mx\/?p=2687"},"modified":"2024-12-16T17:12:21","modified_gmt":"2024-12-16T17:12:21","slug":"estrategias-para-manejar-el-estres-tips-de-autocuidado","status":"publish","type":"post","link":"https:\/\/lafuente.mx\/?p=2687","title":{"rendered":"Estrategias para manejar el estr\u00e9s: tips de autocuidado"},"content":{"rendered":"\n<p class=\"has-text-align-center has-text-color has-larger-font-size\" style=\"color:#5b466f\"><strong>CONFERENCIA<\/strong><\/p>\n\n\n\n<hr class=\"wp-block-separator has-text-color has-alpha-channel-opacity has-background\" style=\"background-color:#6f4895;color:#6f4895\"\/>\n\n\n\n<p class=\"has-text-align-center has-text-color has-large-font-size\" style=\"color:#4e1c7d\"><strong>10 de cada mes<\/strong><\/p>\n\n\n\n<p class=\"has-text-align-center has-text-color has-larger-font-size\" style=\"color:#4e1c7d\"><strong>10 de diciembre<\/strong><\/p>\n\n\n\n<p class=\"has-text-align-center has-text-color has-large-font-size\" style=\"color:#4e1c7d\">12:00 horas<\/p>\n\n\n\n<hr class=\"wp-block-separator has-text-color has-alpha-channel-opacity has-background\" style=\"background-color:#662a9d;color:#662a9d\"\/>\n\n\n<div class=\"wp-block-image\">\n<figure class=\"aligncenter size-large\"><img decoding=\"async\" loading=\"lazy\" width=\"640\" height=\"480\" src=\"https:\/\/i0.wp.com\/lafuente.mx\/wp-content\/uploads\/2024\/12\/WhatsApp-Image-2024-12-04-at-9.08.52-AM-1024x768.jpeg?resize=640%2C480&#038;ssl=1\" alt=\"\" class=\"wp-image-2690\" srcset=\"https:\/\/i0.wp.com\/lafuente.mx\/wp-content\/uploads\/2024\/12\/WhatsApp-Image-2024-12-04-at-9.08.52-AM.jpeg?resize=1024%2C768&amp;ssl=1 1024w, https:\/\/i0.wp.com\/lafuente.mx\/wp-content\/uploads\/2024\/12\/WhatsApp-Image-2024-12-04-at-9.08.52-AM.jpeg?resize=300%2C225&amp;ssl=1 300w, https:\/\/i0.wp.com\/lafuente.mx\/wp-content\/uploads\/2024\/12\/WhatsApp-Image-2024-12-04-at-9.08.52-AM.jpeg?resize=768%2C576&amp;ssl=1 768w, https:\/\/i0.wp.com\/lafuente.mx\/wp-content\/uploads\/2024\/12\/WhatsApp-Image-2024-12-04-at-9.08.52-AM.jpeg?resize=1536%2C1152&amp;ssl=1 1536w, https:\/\/i0.wp.com\/lafuente.mx\/wp-content\/uploads\/2024\/12\/WhatsApp-Image-2024-12-04-at-9.08.52-AM.jpeg?resize=800%2C600&amp;ssl=1 800w, https:\/\/i0.wp.com\/lafuente.mx\/wp-content\/uploads\/2024\/12\/WhatsApp-Image-2024-12-04-at-9.08.52-AM.jpeg?w=1600&amp;ssl=1 1600w, https:\/\/i0.wp.com\/lafuente.mx\/wp-content\/uploads\/2024\/12\/WhatsApp-Image-2024-12-04-at-9.08.52-AM.jpeg?w=1280 1280w\" sizes=\"(max-width: 640px) 100vw, 640px\" data-recalc-dims=\"1\" \/><\/figure><\/div>\n\n\n<hr class=\"wp-block-separator has-text-color has-alpha-channel-opacity has-background\" style=\"background-color:#5e189f;color:#5e189f\"\/>\n\n\n\n<p class=\"has-text-align-center has-text-color has-large-font-size\" style=\"color:#4e1c7d\">Coordina:<br><strong>Gabriela Cort\u00e9s Meda<\/strong><\/p>\n\n\n\n<p class=\"has-text-align-center has-text-color has-large-font-size\" style=\"color:#4e1c7d\">Ponente:<strong><br>Mar\u00eda Isabel Barrera Villalpando<\/strong><\/p>\n\n\n\n<div class=\"wp-block-buttons is-layout-flex wp-block-buttons-is-layout-flex\">\n<div class=\"wp-block-button\"><a class=\"wp-block-button__link has-background wp-element-button\" href=\"https:\/\/www.facebook.com\/INPRFM\" style=\"background-color:#4e2a6e\">@INPRFM<\/a><\/div>\n<\/div>\n","protected":false},"excerpt":{"rendered":"<p>CONFERENCIA 10 de cada mes 10 de diciembre 12:00 horas Coordina:Gabriela Cort\u00e9s Meda Ponente:Mar\u00eda Isabel Barrera Villalpando<\/p>\n","protected":false},"author":3,"featured_media":2690,"comment_status":"closed","ping_status":"closed","sticky":false,"template":"","format":"standard","meta":{"footnotes":"","jetpack_publicize_message":"","jetpack_is_tweetstorm":false,"jetpack_publicize_feature_enabled":true},"categories":[8],"tags":[460,832,833,422,21,32],"jetpack_publicize_connections":[],"yoast_head":"<!-- This site is optimized with the Yoast SEO plugin v19.4 - https:\/\/yoast.com\/wordpress\/plugins\/seo\/ -->\n<title>Estrategias para manejar el estr\u00e9s: tips de autocuidado -<\/title>\n<meta name=\"description\" content=\"10 de cada mes, Hablemos de salud mental. Conferencia con temas actuales para hablar de salud mental\" \/>\n<meta name=\"robots\" content=\"index, follow, max-snippet:-1, max-image-preview:large, max-video-preview:-1\" \/>\n<link rel=\"canonical\" href=\"https:\/\/lafuente.mx\/?p=2687\" \/>\n<meta property=\"og:locale\" content=\"es_MX\" \/>\n<meta property=\"og:type\" content=\"article\" \/>\n<meta property=\"og:title\" content=\"Estrategias para manejar el estr\u00e9s: tips de autocuidado\" \/>\n<meta property=\"og:description\" content=\"10 de cada mes, Hablemos de salud mental. Conferencia con temas actuales para hablar de salud mental\" \/>\n<meta property=\"og:url\" content=\"https:\/\/lafuente.mx\/?p=2687\" \/>\n<meta property=\"article:published_time\" content=\"2024-12-04T15:53:26+00:00\" \/>\n<meta property=\"article:modified_time\" content=\"2024-12-16T17:12:21+00:00\" \/>\n<meta property=\"og:image\" content=\"http:\/\/lafuente.mx\/wp-content\/uploads\/2024\/12\/WhatsApp-Image-2024-12-04-at-9.08.52-AM.jpeg\" \/>\n\t<meta property=\"og:image:width\" content=\"1600\" \/>\n\t<meta property=\"og:image:height\" content=\"1200\" \/>\n\t<meta property=\"og:image:type\" content=\"image\/jpeg\" \/>\n<meta name=\"author\" content=\"Claudia Gallardo\" \/>\n<meta name=\"twitter:card\" content=\"summary_large_image\" \/>\n<meta name=\"twitter:title\" content=\"Estrategias para manejar el estr\u00e9s: tips de autocuidado\" \/>\n<meta name=\"twitter:description\" content=\"10 de cada mes, Hablemos de salud mental. Conferencia con temas actuales para hablar de salud mental\" \/>\n<meta name=\"twitter:image\" content=\"https:\/\/i0.wp.com\/lafuente.mx\/wp-content\/uploads\/2024\/12\/WhatsApp-Image-2024-12-04-at-9.08.52-AM.jpeg?fit=1600%2C1200&ssl=1\" \/>\n<meta name=\"twitter:label1\" content=\"Escrito por\" \/>\n\t<meta name=\"twitter:data1\" content=\"Claudia Gallardo\" \/>\n<script type=\"application\/ld+json\" class=\"yoast-schema-graph\">{\"@context\":\"https:\/\/schema.org\",\"@graph\":[{\"@type\":\"WebSite\",\"@id\":\"https:\/\/lafuente.mx\/#website\",\"url\":\"https:\/\/lafuente.mx\/\",\"name\":\"\",\"description\":\"Informaci\u00f3n confiable sobre salud mental\",\"potentialAction\":[{\"@type\":\"SearchAction\",\"target\":{\"@type\":\"EntryPoint\",\"urlTemplate\":\"https:\/\/lafuente.mx\/?s={search_term_string}\"},\"query-input\":\"required name=search_term_string\"}],\"inLanguage\":\"es-MX\"},{\"@type\":\"WebPage\",\"@id\":\"https:\/\/lafuente.mx\/?p=2687\",\"url\":\"https:\/\/lafuente.mx\/?p=2687\",\"name\":\"Estrategias para manejar el estr\u00e9s: tips de autocuidado -\",\"isPartOf\":{\"@id\":\"https:\/\/lafuente.mx\/#website\"},\"datePublished\":\"2024-12-04T15:53:26+00:00\",\"dateModified\":\"2024-12-16T17:12:21+00:00\",\"author\":{\"@id\":\"https:\/\/lafuente.mx\/#\/schema\/person\/603f3aa8e2f6f7879021ab722d39d6b0\"},\"description\":\"10 de cada mes, Hablemos de salud mental. Conferencia con temas actuales para hablar de salud mental\",\"breadcrumb\":{\"@id\":\"https:\/\/lafuente.mx\/?p=2687#breadcrumb\"},\"inLanguage\":\"es-MX\",\"potentialAction\":[{\"@type\":\"ReadAction\",\"target\":[\"https:\/\/lafuente.mx\/?p=2687\"]}]},{\"@type\":\"BreadcrumbList\",\"@id\":\"https:\/\/lafuente.mx\/?p=2687#breadcrumb\",\"itemListElement\":[{\"@type\":\"ListItem\",\"position\":1,\"name\":\"Inicio\",\"item\":\"https:\/\/lafuente.mx\/\"},{\"@type\":\"ListItem\",\"position\":2,\"name\":\"Estrategias para manejar el estr\u00e9s: tips de autocuidado\"}]},{\"@type\":\"Person\",\"@id\":\"https:\/\/lafuente.mx\/#\/schema\/person\/603f3aa8e2f6f7879021ab722d39d6b0\",\"name\":\"Claudia Gallardo\",\"image\":{\"@type\":\"ImageObject\",\"inLanguage\":\"es-MX\",\"@id\":\"https:\/\/lafuente.mx\/#\/schema\/person\/image\/\",\"url\":\"https:\/\/secure.gravatar.com\/avatar\/bfe9c966af1ccfb9d17bcdb9d04e8815?s=96&d=mm&r=g\",\"contentUrl\":\"https:\/\/secure.gravatar.com\/avatar\/bfe9c966af1ccfb9d17bcdb9d04e8815?s=96&d=mm&r=g\",\"caption\":\"Claudia Gallardo\"},\"url\":\"https:\/\/lafuente.mx\/?author=3\"}]}<\/script>\n<!-- \/ Yoast SEO plugin. -->","yoast_head_json":{"title":"Estrategias para manejar el estr\u00e9s: tips de autocuidado -","description":"10 de cada mes, Hablemos de salud mental. Conferencia con temas actuales para hablar de salud mental","robots":{"index":"index","follow":"follow","max-snippet":"max-snippet:-1","max-image-preview":"max-image-preview:large","max-video-preview":"max-video-preview:-1"},"canonical":"https:\/\/lafuente.mx\/?p=2687","og_locale":"es_MX","og_type":"article","og_title":"Estrategias para manejar el estr\u00e9s: tips de autocuidado","og_description":"10 de cada mes, Hablemos de salud mental. Conferencia con temas actuales para hablar de salud mental","og_url":"https:\/\/lafuente.mx\/?p=2687","article_published_time":"2024-12-04T15:53:26+00:00","article_modified_time":"2024-12-16T17:12:21+00:00","og_image":[{"width":1600,"height":1200,"url":"http:\/\/lafuente.mx\/wp-content\/uploads\/2024\/12\/WhatsApp-Image-2024-12-04-at-9.08.52-AM.jpeg","type":"image\/jpeg"}],"author":"Claudia Gallardo","twitter_card":"summary_large_image","twitter_title":"Estrategias para manejar el estr\u00e9s: tips de autocuidado","twitter_description":"10 de cada mes, Hablemos de salud mental. Conferencia con temas actuales para hablar de salud mental","twitter_image":"https:\/\/i0.wp.com\/lafuente.mx\/wp-content\/uploads\/2024\/12\/WhatsApp-Image-2024-12-04-at-9.08.52-AM.jpeg?fit=1600%2C1200&ssl=1","twitter_misc":{"Escrito por":"Claudia Gallardo"},"schema":{"@context":"https:\/\/schema.org","@graph":[{"@type":"WebSite","@id":"https:\/\/lafuente.mx\/#website","url":"https:\/\/lafuente.mx\/","name":"","description":"Informaci\u00f3n confiable sobre salud mental","potentialAction":[{"@type":"SearchAction","target":{"@type":"EntryPoint","urlTemplate":"https:\/\/lafuente.mx\/?s={search_term_string}"},"query-input":"required name=search_term_string"}],"inLanguage":"es-MX"},{"@type":"WebPage","@id":"https:\/\/lafuente.mx\/?p=2687","url":"https:\/\/lafuente.mx\/?p=2687","name":"Estrategias para manejar el estr\u00e9s: tips de autocuidado -","isPartOf":{"@id":"https:\/\/lafuente.mx\/#website"},"datePublished":"2024-12-04T15:53:26+00:00","dateModified":"2024-12-16T17:12:21+00:00","author":{"@id":"https:\/\/lafuente.mx\/#\/schema\/person\/603f3aa8e2f6f7879021ab722d39d6b0"},"description":"10 de cada mes, Hablemos de salud mental. Conferencia con temas actuales para hablar de salud mental","breadcrumb":{"@id":"https:\/\/lafuente.mx\/?p=2687#breadcrumb"},"inLanguage":"es-MX","potentialAction":[{"@type":"ReadAction","target":["https:\/\/lafuente.mx\/?p=2687"]}]},{"@type":"BreadcrumbList","@id":"https:\/\/lafuente.mx\/?p=2687#breadcrumb","itemListElement":[{"@type":"ListItem","position":1,"name":"Inicio","item":"https:\/\/lafuente.mx\/"},{"@type":"ListItem","position":2,"name":"Estrategias para manejar el estr\u00e9s: tips de autocuidado"}]},{"@type":"Person","@id":"https:\/\/lafuente.mx\/#\/schema\/person\/603f3aa8e2f6f7879021ab722d39d6b0","name":"Claudia Gallardo","image":{"@type":"ImageObject","inLanguage":"es-MX","@id":"https:\/\/lafuente.mx\/#\/schema\/person\/image\/","url":"https:\/\/secure.gravatar.com\/avatar\/bfe9c966af1ccfb9d17bcdb9d04e8815?s=96&d=mm&r=g","contentUrl":"https:\/\/secure.gravatar.com\/avatar\/bfe9c966af1ccfb9d17bcdb9d04e8815?s=96&d=mm&r=g","caption":"Claudia Gallardo"},"url":"https:\/\/lafuente.mx\/?author=3"}]}},"jetpack_featured_media_url":"https:\/\/i0.wp.com\/lafuente.mx\/wp-content\/uploads\/2024\/12\/WhatsApp-Image-2024-12-04-at-9.08.52-AM.jpeg?fit=1600%2C1200&ssl=1","jetpack-related-posts":[{"id":3526,"url":"https:\/\/lafuente.mx\/?p=3526","url_meta":{"origin":2687,"position":0},"title":"Salud mental: La deuda pendiente con los residentes de especialidades m\u00e9dicas","date":"enero 8, 2026","format":false,"excerpt":"CONVERSATORIO Hablemos de salud mental 9 de enero a las 12:00 horas, M\u00e9xico 10 de cada mes Dra. Gabriela Cort\u00e9s MedaDra. Ana Fres\u00e1n Orellana La salud mental de los residentes en psiquiatr\u00eda\u00a0es un desaf\u00edo cr\u00edtico debido al\u00a0estr\u00e9s,\u00a0largas jornadas, y la\u00a0exposici\u00f3n a patolog\u00edas graves M\u00e1s informaci\u00f3n","rel":"","context":"En &quot;Eventos Acad\u00e9micos del INPRFM&quot;","img":{"alt_text":"","src":"https:\/\/i0.wp.com\/lafuente.mx\/wp-content\/uploads\/2026\/01\/WhatsApp-Image-2026-01-08-at-2.37.34-PM.jpeg?fit=1200%2C900&ssl=1&resize=350%2C200","width":350,"height":200},"classes":[]},{"id":708,"url":"https:\/\/lafuente.mx\/?p=708","url_meta":{"origin":2687,"position":1},"title":"La relaci\u00f3n del Neurodesarrollo con la Salud Mental","date":"febrero 1, 2023","format":false,"excerpt":"Imagen INPRFM CONFERENCIA 10 de enero12:00 horas Hablemos de salud mental10 DE CADA MES Ponentes: Dra. Mar\u00eda Josefa Cavazos OlivoDr. V\u00edctor Manuel \u00c1vila Rodr\u00edguez @inprfm @ampi_ac FB live Mentalizarte","rel":"","context":"En &quot;Eventos Acad\u00e9micos del INPRFM&quot;","img":{"alt_text":"","src":"https:\/\/i0.wp.com\/lafuente.mx\/wp-content\/uploads\/2023\/02\/WhatsApp-Image-2023-01-27-at-9.07.30-AM.jpeg?fit=1108%2C940&ssl=1&resize=350%2C200","width":350,"height":200},"classes":[]},{"id":2772,"url":"https:\/\/lafuente.mx\/?p=2772","url_meta":{"origin":2687,"position":2},"title":"Hablemos de trastorno bipolar: la estabilidad es una meta alcanzable","date":"febrero 24, 2025","format":false,"excerpt":"CONVERSATORIO HABLEMOS DE SALUD MENTAL 10 DE CADA MES 10 de marzo 2025 12:00 h. Ponentes: Dra. Constanza PerettoLic. Maureen Ter\u00e1n Salgado MENTALIZARTE es el proyecto de difusi\u00f3n en temas de salud mental del Instituto Nacional de Psiquiatr\u00eda Ram\u00f3n de la Fuente Mu\u00f1iz (INPRFM). M\u00e1s informaci\u00f3n","rel":"","context":"En &quot;Eventos Acad\u00e9micos del INPRFM&quot;","img":{"alt_text":"","src":"https:\/\/i0.wp.com\/lafuente.mx\/wp-content\/uploads\/2025\/02\/WhatsApp-Image-2025-02-24-at-10.11.46-AM.jpeg?fit=1200%2C900&ssl=1&resize=350%2C200","width":350,"height":200},"classes":[]},{"id":3017,"url":"https:\/\/lafuente.mx\/?p=3017","url_meta":{"origin":2687,"position":3},"title":"\u00bfY si no es TDAH?: otras causas de inatenci\u00f3n","date":"julio 4, 2025","format":false,"excerpt":"\u2060CONVERSATORIO 10 de cada mes 10 de Julio 12:00 horas, M\u00e9xico Ponentes: Dra. Gabriela Cort\u00e9s MedaDra. Alexa Baz\u00faa Gerez La inatenci\u00f3n, aunque a menudo asociada con el TDAH,\u00a0puede tener diversas causas.\u00a0Es crucial considerar otras posibilidades antes de llegar a un diagn\u00f3stico de TDAH.\u00a0 Escucha este conversatorio donde expertas en el\u2026","rel":"","context":"En &quot;Eventos Acad\u00e9micos del INPRFM&quot;","img":{"alt_text":"","src":"https:\/\/i0.wp.com\/lafuente.mx\/wp-content\/uploads\/2025\/07\/WhatsApp-Image-2025-07-02-at-11.39.43-AM.jpeg?fit=1200%2C900&ssl=1&resize=350%2C200","width":350,"height":200},"classes":[]},{"id":3171,"url":"https:\/\/lafuente.mx\/?p=3171","url_meta":{"origin":2687,"position":4},"title":"No es s\u00f3lo estr\u00e9s: entendiendo la ansiedad","date":"agosto 4, 2025","format":false,"excerpt":"\u2060CONVERSATORIO Hablemos de salud mental 11 de agosto a las 12:00 horas, M\u00e9xico PONENTES: Dra. Sol Durand AriasDr. C\u00e9sar Amaury S\u00e1nchez Aguilar La ansiedad\u00a0es una emoci\u00f3n normal que experimentamos ante situaciones de peligro o estr\u00e9s, pero se convierte en un problema cuando es intensa, persistente y afecta la vida diaria.\u00a0\u2026","rel":"","context":"En &quot;Eventos Acad\u00e9micos del INPRFM&quot;","img":{"alt_text":"","src":"https:\/\/i0.wp.com\/lafuente.mx\/wp-content\/uploads\/2025\/08\/WhatsApp-Image-2025-07-29-at-1.22.10-PM.jpeg?fit=1200%2C900&ssl=1&resize=350%2C200","width":350,"height":200},"classes":[]},{"id":2870,"url":"https:\/\/lafuente.mx\/?p=2870","url_meta":{"origin":2687,"position":5},"title":"Ra\u00edces que Sostienen: El Rol de la Familia en la Salud Mental","date":"mayo 6, 2025","format":false,"excerpt":"Conversatorio 9 de mayo 12:00 h 10 de cada mes Hablemos de salud mental Ponentes:Dra. Mar\u00eda Luisa Rasc\u00f3n GascaLic. Lorena Ruiz Una familia saludable psicol\u00f3gica y emocionalmente es capaz de establecer fuertes lazos de interacci\u00f3n, que les permite una clara comunicaci\u00f3n entre todos los miembros","rel":"","context":"En &quot;Eventos Acad\u00e9micos del INPRFM&quot;","img":{"alt_text":"","src":"https:\/\/i0.wp.com\/lafuente.mx\/wp-content\/uploads\/2025\/05\/WhatsApp-Image-2025-04-25-at-9.24.48-AM.jpeg?fit=1200%2C900&ssl=1&resize=350%2C200","width":350,"height":200},"classes":[]}],"jetpack_sharing_enabled":true,"jetpack_shortlink":"https:\/\/wp.me\/pe9WUx-Hl","_links":{"self":[{"href":"https:\/\/lafuente.mx\/index.php?rest_route=\/wp\/v2\/posts\/2687"}],"collection":[{"href":"https:\/\/lafuente.mx\/index.php?rest_route=\/wp\/v2\/posts"}],"about":[{"href":"https:\/\/lafuente.mx\/index.php?rest_route=\/wp\/v2\/types\/post"}],"author":[{"embeddable":true,"href":"https:\/\/lafuente.mx\/index.php?rest_route=\/wp\/v2\/users\/3"}],"replies":[{"embeddable":true,"href":"https:\/\/lafuente.mx\/index.php?rest_route=%2Fwp%2Fv2%2Fcomments&post=2687"}],"version-history":[{"count":4,"href":"https:\/\/lafuente.mx\/index.php?rest_route=\/wp\/v2\/posts\/2687\/revisions"}],"predecessor-version":[{"id":2700,"href":"https:\/\/lafuente.mx\/index.php?rest_route=\/wp\/v2\/posts\/2687\/revisions\/2700"}],"wp:featuredmedia":[{"embeddable":true,"href":"https:\/\/lafuente.mx\/index.php?rest_route=\/wp\/v2\/media\/2690"}],"wp:attachment":[{"href":"https:\/\/lafuente.mx\/index.php?rest_route=%2Fwp%2Fv2%2Fmedia&parent=2687"}],"wp:term":[{"taxonomy":"category","embeddable":true,"href":"https:\/\/lafuente.mx\/index.php?rest_route=%2Fwp%2Fv2%2Fcategories&post=2687"},{"taxonomy":"post_tag","embeddable":true,"href":"https:\/\/lafuente.mx\/index.php?rest_route=%2Fwp%2Fv2%2Ftags&post=2687"}],"curies":[{"name":"wp","href":"https:\/\/api.w.org\/{rel}","templated":true}]}}