{"id":2683,"date":"2024-12-03T16:06:38","date_gmt":"2024-12-03T16:06:38","guid":{"rendered":"https:\/\/lafuente.mx\/?p=2683"},"modified":"2024-12-10T15:32:00","modified_gmt":"2024-12-10T15:32:00","slug":"borrador-automatico-por-la-eliminacion-de-la-violencia-contra-las-mujeres-y-las-ninas-en-la-formacion-y-la-practica-medica","status":"publish","type":"post","link":"https:\/\/lafuente.mx\/?p=2683","title":{"rendered":"Por la eliminaci\u00f3n de la violencia contra las mujeres y las ni\u00f1as en la formaci\u00f3n y la pr\u00e1ctica m\u00e9dica\u00a0"},"content":{"rendered":"\n<hr class=\"wp-block-separator has-text-color has-vivid-purple-color has-alpha-channel-opacity has-vivid-purple-background-color has-background is-style-wide\"\/>\n\n\n\n<p class=\"has-vivid-purple-color has-text-color has-small-font-size\">Nov 28, 2024&nbsp;|&nbsp;<a href=\"https:\/\/gaceta.facmed.unam.mx\/index.php\/category\/academia\/\" target=\"_blank\" rel=\"noreferrer noopener\">Academia<\/a>&nbsp;<\/p>\n\n\n\n<p class=\"has-medium-font-size\">Como parte de las actividades que realiza la Facultad de Medicina de la UNAM en el marco de la conmemoraci\u00f3n del D\u00eda Internacional de la Eliminaci\u00f3n de la Violencia contra las Mujeres y las Ni\u00f1as,&nbsp;se realiz\u00f3 el conversatorio \u201cPor la Eliminaci\u00f3n de la Violencia contra las Mujeres y las Ni\u00f1as en la Formaci\u00f3n la Pr\u00e1ctica M\u00e9dica\u201d, el cual tuvo el objetivo &nbsp;de visibilizar algunas de las situaciones de violencia que enfrentan las mujeres en la formaci\u00f3n y la pr\u00e1ctica m\u00e9dica y plantear propuestas de acci\u00f3n.&nbsp;<\/p>\n\n\n\n<figure class=\"wp-block-image size-large\"><img decoding=\"async\" loading=\"lazy\" width=\"640\" height=\"436\" src=\"https:\/\/i0.wp.com\/lafuente.mx\/wp-content\/uploads\/2024\/12\/Captura-de-pantalla-2024-12-03-a-las-9.34.47-1024x697.png?resize=640%2C436&#038;ssl=1\" alt=\"\" class=\"wp-image-2684\" srcset=\"https:\/\/i0.wp.com\/lafuente.mx\/wp-content\/uploads\/2024\/12\/Captura-de-pantalla-2024-12-03-a-las-9.34.47.png?resize=1024%2C697&amp;ssl=1 1024w, https:\/\/i0.wp.com\/lafuente.mx\/wp-content\/uploads\/2024\/12\/Captura-de-pantalla-2024-12-03-a-las-9.34.47.png?resize=300%2C204&amp;ssl=1 300w, https:\/\/i0.wp.com\/lafuente.mx\/wp-content\/uploads\/2024\/12\/Captura-de-pantalla-2024-12-03-a-las-9.34.47.png?resize=768%2C523&amp;ssl=1 768w, https:\/\/i0.wp.com\/lafuente.mx\/wp-content\/uploads\/2024\/12\/Captura-de-pantalla-2024-12-03-a-las-9.34.47.png?w=1214&amp;ssl=1 1214w\" sizes=\"(max-width: 640px) 100vw, 640px\" data-recalc-dims=\"1\" \/><figcaption class=\"wp-element-caption\">Imagen GACETA UNAM<\/figcaption><\/figure>\n\n\n\n<p class=\"has-medium-font-size\">La doctora Yuriria A. Rodr\u00edguez Mart\u00ednez, responsable del Programa de Estudios de G\u00e9nero en Salud de la Facultad, moder\u00f3 este di\u00e1logo, donde la doctora Lourdes Garc\u00eda Fonseca, fundadora y Coordinadora de la Cl\u00ednica de G\u00e9nero y Sexualidad del Instituto Nacional de Psiquiatr\u00eda Ram\u00f3n de la Fuente Mu\u00f1iz, comparti\u00f3 c\u00f3mo, en los a\u00f1os 70, cuando ingres\u00f3 a la Facultad, apenas eran 3 mujeres en la carrera y los comentarios machistas eran frecuentes.&nbsp;<\/p>\n\n\n\n<p class=\"has-medium-font-size\">Por su parte, la doctora Diana Patricia Gu\u00edzar S\u00e1nchez, acad\u00e9mica del Departamento de Fisiolog\u00eda de la Facultad, subray\u00f3 que existe una gran normalizaci\u00f3n de la violencia en la formaci\u00f3n de las y los estudiantes de Medicina, especialmente a trav\u00e9s de comentarios sexistas.&nbsp;<\/p>\n\n\n\n<hr class=\"wp-block-separator has-text-color has-vivid-purple-color has-alpha-channel-opacity has-vivid-purple-background-color has-background is-style-wide\"\/>\n\n\n\n<div class=\"wp-block-buttons is-layout-flex wp-block-buttons-is-layout-flex\">\n<div class=\"wp-block-button\"><a class=\"wp-block-button__link has-vivid-purple-background-color has-background wp-element-button\" href=\"https:\/\/gaceta.facmed.unam.mx\/index.php\/2024\/11\/28\/por-la-eliminacion-de-la-violencia-contra-las-mujeres-y-las-ninas-en-la-formacion-y-la-practica-medica\/\">M\u00e1s informaci\u00f3n<\/a><\/div>\n<\/div>\n","protected":false},"excerpt":{"rendered":"<p>Nov 28, 2024&nbsp;|&nbsp;Academia&nbsp; Como parte de las actividades que realiza la Facultad de Medicina de la UNAM en el marco de la conmemoraci\u00f3n del D\u00eda<\/p>\n","protected":false},"author":3,"featured_media":2684,"comment_status":"closed","ping_status":"closed","sticky":false,"template":"","format":"standard","meta":{"footnotes":"","jetpack_publicize_message":"","jetpack_is_tweetstorm":false,"jetpack_publicize_feature_enabled":true},"categories":[3],"tags":[830,828,829,816,831,21,204,511,63,32],"jetpack_publicize_connections":[],"yoast_head":"<!-- This site is optimized with the Yoast SEO plugin v19.4 - https:\/\/yoast.com\/wordpress\/plugins\/seo\/ -->\n<title>Por la eliminaci\u00f3n de la violencia contra las mujeres y las ni\u00f1as en la formaci\u00f3n y la pr\u00e1ctica m\u00e9dica\u00a0 -<\/title>\n<meta name=\"description\" content=\"Como parte de las actividades que realiza la Facultad de Medicina de la UNAM en el marco de la conmemoraci\u00f3n del D\u00eda Internacional de la Eliminaci\u00f3n de la Violencia contra las Mujeres y las Ni\u00f1as,\u00a0se realiz\u00f3 el conversatorio \u201cPor la Eliminaci\u00f3n de la Violencia contra las Mujeres y las Ni\u00f1as en la Formaci\u00f3n la Pr\u00e1ctica M\u00e9dica\u201d\" \/>\n<meta name=\"robots\" content=\"index, follow, max-snippet:-1, max-image-preview:large, max-video-preview:-1\" \/>\n<link rel=\"canonical\" href=\"https:\/\/lafuente.mx\/?p=2683\" \/>\n<meta property=\"og:locale\" content=\"es_MX\" \/>\n<meta property=\"og:type\" content=\"article\" \/>\n<meta property=\"og:title\" content=\"Por la eliminaci\u00f3n de la violencia contra las mujeres y las ni\u00f1as en la formaci\u00f3n y la pr\u00e1ctica m\u00e9dica\" \/>\n<meta property=\"og:description\" content=\"Como parte de las actividades que realiza la Facultad de Medicina de la UNAM en el marco de la conmemoraci\u00f3n del D\u00eda Internacional de la Eliminaci\u00f3n de la Violencia contra las Mujeres y las Ni\u00f1as,\u00a0se realiz\u00f3 el conversatorio \u201cPor la Eliminaci\u00f3n de la Violencia contra las Mujeres y las Ni\u00f1as en la Formaci\u00f3n la Pr\u00e1ctica M\u00e9dica\u201d\" \/>\n<meta property=\"og:url\" content=\"https:\/\/lafuente.mx\/?p=2683\" \/>\n<meta property=\"article:published_time\" content=\"2024-12-03T16:06:38+00:00\" \/>\n<meta property=\"article:modified_time\" content=\"2024-12-10T15:32:00+00:00\" \/>\n<meta property=\"og:image\" content=\"http:\/\/lafuente.mx\/wp-content\/uploads\/2024\/12\/Captura-de-pantalla-2024-12-03-a-las-9.34.47.png\" \/>\n\t<meta property=\"og:image:width\" content=\"1214\" \/>\n\t<meta property=\"og:image:height\" content=\"826\" \/>\n\t<meta property=\"og:image:type\" content=\"image\/png\" \/>\n<meta name=\"author\" content=\"Claudia Gallardo\" \/>\n<meta name=\"twitter:card\" content=\"summary_large_image\" \/>\n<meta name=\"twitter:title\" content=\"Por la eliminaci\u00f3n de la violencia contra las mujeres y las ni\u00f1as en la formaci\u00f3n y la pr\u00e1ctica m\u00e9dica\" \/>\n<meta name=\"twitter:description\" content=\"Como parte de las actividades que realiza la Facultad de Medicina de la UNAM en el marco de la conmemoraci\u00f3n del D\u00eda Internacional de la Eliminaci\u00f3n de la Violencia contra las Mujeres y las Ni\u00f1as,\u00a0se realiz\u00f3 el conversatorio \u201cPor la Eliminaci\u00f3n de la Violencia contra las Mujeres y las Ni\u00f1as en la Formaci\u00f3n la Pr\u00e1ctica M\u00e9dica\u201d\" \/>\n<meta name=\"twitter:image\" content=\"https:\/\/i0.wp.com\/lafuente.mx\/wp-content\/uploads\/2024\/12\/Captura-de-pantalla-2024-12-03-a-las-9.34.47.png?fit=1214%2C826&ssl=1\" \/>\n<meta name=\"twitter:label1\" content=\"Escrito por\" \/>\n\t<meta name=\"twitter:data1\" content=\"Claudia Gallardo\" \/>\n\t<meta name=\"twitter:label2\" content=\"Tiempo de lectura\" \/>\n\t<meta name=\"twitter:data2\" content=\"1 minuto\" \/>\n<script type=\"application\/ld+json\" class=\"yoast-schema-graph\">{\"@context\":\"https:\/\/schema.org\",\"@graph\":[{\"@type\":\"WebSite\",\"@id\":\"https:\/\/lafuente.mx\/#website\",\"url\":\"https:\/\/lafuente.mx\/\",\"name\":\"\",\"description\":\"Informaci\u00f3n confiable sobre salud mental\",\"potentialAction\":[{\"@type\":\"SearchAction\",\"target\":{\"@type\":\"EntryPoint\",\"urlTemplate\":\"https:\/\/lafuente.mx\/?s={search_term_string}\"},\"query-input\":\"required name=search_term_string\"}],\"inLanguage\":\"es-MX\"},{\"@type\":\"WebPage\",\"@id\":\"https:\/\/lafuente.mx\/?p=2683\",\"url\":\"https:\/\/lafuente.mx\/?p=2683\",\"name\":\"Por la eliminaci\u00f3n de la violencia contra las mujeres y las ni\u00f1as en la formaci\u00f3n y la pr\u00e1ctica m\u00e9dica\u00a0 -\",\"isPartOf\":{\"@id\":\"https:\/\/lafuente.mx\/#website\"},\"datePublished\":\"2024-12-03T16:06:38+00:00\",\"dateModified\":\"2024-12-10T15:32:00+00:00\",\"author\":{\"@id\":\"https:\/\/lafuente.mx\/#\/schema\/person\/603f3aa8e2f6f7879021ab722d39d6b0\"},\"description\":\"Como parte de las actividades que realiza la Facultad de Medicina de la UNAM en el marco de la conmemoraci\u00f3n del D\u00eda Internacional de la Eliminaci\u00f3n de la Violencia contra las Mujeres y las Ni\u00f1as,\u00a0se realiz\u00f3 el conversatorio \u201cPor la Eliminaci\u00f3n de la Violencia contra las Mujeres y las Ni\u00f1as en la Formaci\u00f3n la Pr\u00e1ctica M\u00e9dica\u201d\",\"breadcrumb\":{\"@id\":\"https:\/\/lafuente.mx\/?p=2683#breadcrumb\"},\"inLanguage\":\"es-MX\",\"potentialAction\":[{\"@type\":\"ReadAction\",\"target\":[\"https:\/\/lafuente.mx\/?p=2683\"]}]},{\"@type\":\"BreadcrumbList\",\"@id\":\"https:\/\/lafuente.mx\/?p=2683#breadcrumb\",\"itemListElement\":[{\"@type\":\"ListItem\",\"position\":1,\"name\":\"Inicio\",\"item\":\"https:\/\/lafuente.mx\/\"},{\"@type\":\"ListItem\",\"position\":2,\"name\":\"Por la eliminaci\u00f3n de la violencia contra las mujeres y las ni\u00f1as en la formaci\u00f3n y la pr\u00e1ctica m\u00e9dica\u00a0\"}]},{\"@type\":\"Person\",\"@id\":\"https:\/\/lafuente.mx\/#\/schema\/person\/603f3aa8e2f6f7879021ab722d39d6b0\",\"name\":\"Claudia Gallardo\",\"image\":{\"@type\":\"ImageObject\",\"inLanguage\":\"es-MX\",\"@id\":\"https:\/\/lafuente.mx\/#\/schema\/person\/image\/\",\"url\":\"https:\/\/secure.gravatar.com\/avatar\/bfe9c966af1ccfb9d17bcdb9d04e8815?s=96&d=mm&r=g\",\"contentUrl\":\"https:\/\/secure.gravatar.com\/avatar\/bfe9c966af1ccfb9d17bcdb9d04e8815?s=96&d=mm&r=g\",\"caption\":\"Claudia Gallardo\"},\"url\":\"https:\/\/lafuente.mx\/?author=3\"}]}<\/script>\n<!-- \/ Yoast SEO plugin. -->","yoast_head_json":{"title":"Por la eliminaci\u00f3n de la violencia contra las mujeres y las ni\u00f1as en la formaci\u00f3n y la pr\u00e1ctica m\u00e9dica\u00a0 -","description":"Como parte de las actividades que realiza la Facultad de Medicina de la UNAM en el marco de la conmemoraci\u00f3n del D\u00eda Internacional de la Eliminaci\u00f3n de la Violencia contra las Mujeres y las Ni\u00f1as,\u00a0se realiz\u00f3 el conversatorio \u201cPor la Eliminaci\u00f3n de la Violencia contra las Mujeres y las Ni\u00f1as en la Formaci\u00f3n la Pr\u00e1ctica M\u00e9dica\u201d","robots":{"index":"index","follow":"follow","max-snippet":"max-snippet:-1","max-image-preview":"max-image-preview:large","max-video-preview":"max-video-preview:-1"},"canonical":"https:\/\/lafuente.mx\/?p=2683","og_locale":"es_MX","og_type":"article","og_title":"Por la eliminaci\u00f3n de la violencia contra las mujeres y las ni\u00f1as en la formaci\u00f3n y la pr\u00e1ctica m\u00e9dica","og_description":"Como parte de las actividades que realiza la Facultad de Medicina de la UNAM en el marco de la conmemoraci\u00f3n del D\u00eda Internacional de la Eliminaci\u00f3n de la Violencia contra las Mujeres y las Ni\u00f1as,\u00a0se realiz\u00f3 el conversatorio \u201cPor la Eliminaci\u00f3n de la Violencia contra las Mujeres y las Ni\u00f1as en la Formaci\u00f3n la Pr\u00e1ctica M\u00e9dica\u201d","og_url":"https:\/\/lafuente.mx\/?p=2683","article_published_time":"2024-12-03T16:06:38+00:00","article_modified_time":"2024-12-10T15:32:00+00:00","og_image":[{"width":1214,"height":826,"url":"http:\/\/lafuente.mx\/wp-content\/uploads\/2024\/12\/Captura-de-pantalla-2024-12-03-a-las-9.34.47.png","type":"image\/png"}],"author":"Claudia Gallardo","twitter_card":"summary_large_image","twitter_title":"Por la eliminaci\u00f3n de la violencia contra las mujeres y las ni\u00f1as en la formaci\u00f3n y la pr\u00e1ctica m\u00e9dica","twitter_description":"Como parte de las actividades que realiza la Facultad de Medicina de la UNAM en el marco de la conmemoraci\u00f3n del D\u00eda Internacional de la Eliminaci\u00f3n de la Violencia contra las Mujeres y las Ni\u00f1as,\u00a0se realiz\u00f3 el conversatorio \u201cPor la Eliminaci\u00f3n de la Violencia contra las Mujeres y las Ni\u00f1as en la Formaci\u00f3n la Pr\u00e1ctica M\u00e9dica\u201d","twitter_image":"https:\/\/i0.wp.com\/lafuente.mx\/wp-content\/uploads\/2024\/12\/Captura-de-pantalla-2024-12-03-a-las-9.34.47.png?fit=1214%2C826&ssl=1","twitter_misc":{"Escrito por":"Claudia Gallardo","Tiempo de lectura":"1 minuto"},"schema":{"@context":"https:\/\/schema.org","@graph":[{"@type":"WebSite","@id":"https:\/\/lafuente.mx\/#website","url":"https:\/\/lafuente.mx\/","name":"","description":"Informaci\u00f3n confiable sobre salud mental","potentialAction":[{"@type":"SearchAction","target":{"@type":"EntryPoint","urlTemplate":"https:\/\/lafuente.mx\/?s={search_term_string}"},"query-input":"required name=search_term_string"}],"inLanguage":"es-MX"},{"@type":"WebPage","@id":"https:\/\/lafuente.mx\/?p=2683","url":"https:\/\/lafuente.mx\/?p=2683","name":"Por la eliminaci\u00f3n de la violencia contra las mujeres y las ni\u00f1as en la formaci\u00f3n y la pr\u00e1ctica m\u00e9dica\u00a0 -","isPartOf":{"@id":"https:\/\/lafuente.mx\/#website"},"datePublished":"2024-12-03T16:06:38+00:00","dateModified":"2024-12-10T15:32:00+00:00","author":{"@id":"https:\/\/lafuente.mx\/#\/schema\/person\/603f3aa8e2f6f7879021ab722d39d6b0"},"description":"Como parte de las actividades que realiza la Facultad de Medicina de la UNAM en el marco de la conmemoraci\u00f3n del D\u00eda Internacional de la Eliminaci\u00f3n de la Violencia contra las Mujeres y las Ni\u00f1as,\u00a0se realiz\u00f3 el conversatorio \u201cPor la Eliminaci\u00f3n de la Violencia contra las Mujeres y las Ni\u00f1as en la Formaci\u00f3n la Pr\u00e1ctica M\u00e9dica\u201d","breadcrumb":{"@id":"https:\/\/lafuente.mx\/?p=2683#breadcrumb"},"inLanguage":"es-MX","potentialAction":[{"@type":"ReadAction","target":["https:\/\/lafuente.mx\/?p=2683"]}]},{"@type":"BreadcrumbList","@id":"https:\/\/lafuente.mx\/?p=2683#breadcrumb","itemListElement":[{"@type":"ListItem","position":1,"name":"Inicio","item":"https:\/\/lafuente.mx\/"},{"@type":"ListItem","position":2,"name":"Por la eliminaci\u00f3n de la violencia contra las mujeres y las ni\u00f1as en la formaci\u00f3n y la pr\u00e1ctica m\u00e9dica\u00a0"}]},{"@type":"Person","@id":"https:\/\/lafuente.mx\/#\/schema\/person\/603f3aa8e2f6f7879021ab722d39d6b0","name":"Claudia Gallardo","image":{"@type":"ImageObject","inLanguage":"es-MX","@id":"https:\/\/lafuente.mx\/#\/schema\/person\/image\/","url":"https:\/\/secure.gravatar.com\/avatar\/bfe9c966af1ccfb9d17bcdb9d04e8815?s=96&d=mm&r=g","contentUrl":"https:\/\/secure.gravatar.com\/avatar\/bfe9c966af1ccfb9d17bcdb9d04e8815?s=96&d=mm&r=g","caption":"Claudia Gallardo"},"url":"https:\/\/lafuente.mx\/?author=3"}]}},"jetpack_featured_media_url":"https:\/\/i0.wp.com\/lafuente.mx\/wp-content\/uploads\/2024\/12\/Captura-de-pantalla-2024-12-03-a-las-9.34.47.png?fit=1214%2C826&ssl=1","jetpack-related-posts":[{"id":1890,"url":"https:\/\/lafuente.mx\/?p=1890","url_meta":{"origin":2683,"position":0},"title":"D\u00eda Internacional de la Eliminaci\u00f3n de la Violencia contra la Mujer\u00a0","date":"noviembre 23, 2023","format":false,"excerpt":"25 de noviembre\u00a0 #NoHayExcusa La violencia contra las mujeres y las ni\u00f1as sigue siendo una de las violaciones de los derechos humanos m\u00e1s extendidas y generalizadas del mundo. Se calcula que, a nivel global, 736 millones de mujeres -casi una de cada tres- han sido v\u00edctimas de violencia f\u00edsica y\/o\u2026","rel":"","context":"En &quot;Efem\u00e9rides de Salud Mental&quot;","img":{"alt_text":"","src":"https:\/\/i0.wp.com\/lafuente.mx\/wp-content\/uploads\/2023\/11\/Captura-de-Pantalla-2023-11-23-a-las-8.20.06.png?fit=1200%2C611&ssl=1&resize=350%2C200","width":350,"height":200},"classes":[]},{"id":565,"url":"https:\/\/lafuente.mx\/?p=565","url_meta":{"origin":2683,"position":1},"title":"D\u00eda Internacional de la Eliminaci\u00f3n de la Violencia contra la Mujer\u00a0","date":"noviembre 23, 2022","format":false,"excerpt":"25 de noviembre\u00a0 Portada del LibroFeminismo Para Principiantes\u00a0-\u00a0Nuria Varela Forma parte de nuestros 16 d\u00edas de activismo\u00a0\u00a0 Como cada a\u00f1o, el D\u00eda Internacional para Eliminar la Violencia contra la Mujer marca el comienzo de la Campa\u00f1a \u00danete de la ONU, 16 d\u00edas de activismo (del 25 de noviembre al 10\u2026","rel":"","context":"En &quot;Efem\u00e9rides de Salud Mental&quot;","img":{"alt_text":"","src":"https:\/\/i0.wp.com\/lafuente.mx\/wp-content\/uploads\/2022\/11\/mujeres.png?fit=600%2C500&ssl=1&resize=350%2C200","width":350,"height":200},"classes":[]},{"id":2662,"url":"https:\/\/lafuente.mx\/?p=2662","url_meta":{"origin":2683,"position":2},"title":"D\u00eda Internacional de la Eliminaci\u00f3n de la Violencia contra la Mujer\u00a0 \u00a0","date":"noviembre 25, 2024","format":false,"excerpt":"25 de noviembre Como cada a\u00f1o, el\u00a0D\u00eda Internacional para Eliminar la\u00a0Violencia contra la Mujer marca el comienzo de la\u00a0Campa\u00f1a \u00danete\u00a0de la ONU,\u00a016 d\u00edas de activismo\u00a0(25 nov-10 dic) que concluyen coincidiendo con el\u00a0D\u00eda Internacional de los Derechos Humanos.\u00a0 Este a\u00f1o, el tema 2024 es\u00a0\"Cada 10 minutos se asesina a una mujer.\u2026","rel":"","context":"En &quot;Efem\u00e9rides de Salud Mental&quot;","img":{"alt_text":"woman, domestic violence, oppression-7662937.jpg","src":"https:\/\/i0.wp.com\/lafuente.mx\/wp-content\/uploads\/2024\/11\/woman-domestic-violence-oppression-7662937.png?fit=1200%2C1200&ssl=1&resize=350%2C200","width":350,"height":200},"classes":[]},{"id":3441,"url":"https:\/\/lafuente.mx\/?p=3441","url_meta":{"origin":2683,"position":3},"title":"Eficacia de la terapia cognitivo conductual centrada en el trauma en mujeres v\u00edctimas de violencia sexual: una revisi\u00f3n sistem\u00e1tica\u00a0","date":"octubre 30, 2025","format":false,"excerpt":"Volume 48, Issue 4, July-August 2025\u00a0 Dulce D\u00edaz\u00a0 Laboratorio de Psicolog\u00eda e Innovaci\u00f3n tecnol\u00f3gica, Facultad de Estudios Superiores Iztacala, Universidad Nacional Aut\u00f3noma de M\u00e9xico, Tlalnepantla, Edomex, M\u00e9xico; Divisi\u00f3n de Ciencias Biol\u00f3gicas y Salud, Universidad Aut\u00f3noma Metropolita, Unidad Lerma, Lerma, Edomex, M\u00e9xico.\u00a0 Anabel De la Rosa G\u00f3mez\u00a0 Laboratorio de Psicolog\u00eda e\u2026","rel":"","context":"En &quot;Revista Salud Mental&quot;","img":{"alt_text":"","src":"https:\/\/i0.wp.com\/lafuente.mx\/wp-content\/uploads\/2025\/10\/mujeres.jpg?fit=1046%2C921&ssl=1&resize=350%2C200","width":350,"height":200},"classes":[]},{"id":1206,"url":"https:\/\/lafuente.mx\/?p=1206","url_meta":{"origin":2683,"position":4},"title":"En M\u00e9xico, dos de cada diez mujeres presentan depresi\u00f3n durante el embarazo o despu\u00e9s del parto\u00a0","date":"mayo 12, 2023","format":false,"excerpt":"En M\u00e9xico, dos de cada 10 mujeres\u00a0desarrollan\u00a0depresi\u00f3n\u00a0durante el embarazo y\u00a0durante\u00a0el primer a\u00f1o tras el parto,\u00a0y 75 por ciento\u00a0de ellas\u00a0no son diagnosticadas, no\u00a0reciben el tratamiento ni la atenci\u00f3n adecuada,\u00a0inform\u00f3\u00a0la investigadora en Ciencias M\u00e9dicas\u00a0del\u00a0Instituto Nacional de Psiquiatr\u00eda\u00a0Ram\u00f3n de la Fuente Mu\u00f1iz (INPRFM), Laura Elena Navarrete Reyes.\u00a0 Dijo que la falta de atenci\u00f3n\u2026","rel":"","context":"En &quot;Noticias&quot;","img":{"alt_text":"","src":"https:\/\/i0.wp.com\/lafuente.mx\/wp-content\/uploads\/2023\/05\/depresion_postparto.png?fit=1200%2C675&ssl=1&resize=350%2C200","width":350,"height":200},"classes":[]},{"id":957,"url":"https:\/\/lafuente.mx\/?p=957","url_meta":{"origin":2683,"position":5},"title":"Pronunciamiento en contra del Acoso y Hostigamiento Sexual en los Institutos Nacionales de Salud, Hospitales Regionales de Alta Especialidad\u00a0","date":"marzo 23, 2023","format":false,"excerpt":"Instituto Nacional de las Mujeres | 07 de marzo de 2023\u00a0| Nacional\u00a0 De forma enunciativa, m\u00e1s no limitativa, en los Institutos Nacionales de Salud y Hospitales de Alta Especialidad, est\u00e1n prohibidas las siguientes conductas:\u00a0 PRONUNCIAMIENTO\u00a0 DIRECTORAS Y DIRECTORES GENERALES DE LOS INSTITUTOS NACIONALES DE SALUD Y HOSPITALES DE ALTA ESPECIALIDAD\u2026","rel":"","context":"En &quot;Noticias&quot;","img":{"alt_text":"","src":"https:\/\/i0.wp.com\/lafuente.mx\/wp-content\/uploads\/2023\/03\/Sexual-harassment-1.jpeg?fit=1200%2C798&ssl=1&resize=350%2C200","width":350,"height":200},"classes":[]}],"jetpack_sharing_enabled":true,"jetpack_shortlink":"https:\/\/wp.me\/pe9WUx-Hh","_links":{"self":[{"href":"https:\/\/lafuente.mx\/index.php?rest_route=\/wp\/v2\/posts\/2683"}],"collection":[{"href":"https:\/\/lafuente.mx\/index.php?rest_route=\/wp\/v2\/posts"}],"about":[{"href":"https:\/\/lafuente.mx\/index.php?rest_route=\/wp\/v2\/types\/post"}],"author":[{"embeddable":true,"href":"https:\/\/lafuente.mx\/index.php?rest_route=\/wp\/v2\/users\/3"}],"replies":[{"embeddable":true,"href":"https:\/\/lafuente.mx\/index.php?rest_route=%2Fwp%2Fv2%2Fcomments&post=2683"}],"version-history":[{"count":2,"href":"https:\/\/lafuente.mx\/index.php?rest_route=\/wp\/v2\/posts\/2683\/revisions"}],"predecessor-version":[{"id":2686,"href":"https:\/\/lafuente.mx\/index.php?rest_route=\/wp\/v2\/posts\/2683\/revisions\/2686"}],"wp:featuredmedia":[{"embeddable":true,"href":"https:\/\/lafuente.mx\/index.php?rest_route=\/wp\/v2\/media\/2684"}],"wp:attachment":[{"href":"https:\/\/lafuente.mx\/index.php?rest_route=%2Fwp%2Fv2%2Fmedia&parent=2683"}],"wp:term":[{"taxonomy":"category","embeddable":true,"href":"https:\/\/lafuente.mx\/index.php?rest_route=%2Fwp%2Fv2%2Fcategories&post=2683"},{"taxonomy":"post_tag","embeddable":true,"href":"https:\/\/lafuente.mx\/index.php?rest_route=%2Fwp%2Fv2%2Ftags&post=2683"}],"curies":[{"name":"wp","href":"https:\/\/api.w.org\/{rel}","templated":true}]}}