{"id":2676,"date":"2024-12-02T14:31:39","date_gmt":"2024-12-02T14:31:39","guid":{"rendered":"https:\/\/lafuente.mx\/?p=2676"},"modified":"2024-12-04T15:24:09","modified_gmt":"2024-12-04T15:24:09","slug":"borrador-automatico-dia-del-quimico-en-mexico","status":"publish","type":"post","link":"https:\/\/lafuente.mx\/?p=2676","title":{"rendered":"El 1\u00b0 de diciembre se celebra el\u00a0d\u00eda del qu\u00edmico y qu\u00edmica\u00a0en M\u00e9xico y Latinoam\u00e9rica"},"content":{"rendered":"\n<hr class=\"wp-block-separator has-text-color has-vivid-cyan-blue-color has-alpha-channel-opacity has-vivid-cyan-blue-background-color has-background\"\/>\n\n\n\n<p class=\"has-vivid-cyan-blue-color has-text-color has-large-font-size\"><strong>La fecha fue propuesta por la qu\u00edmica Mar\u00eda de los \u00c1ngeles Zaldo en el Congreso Panamericano de Qu\u00edmica de 1948, con sede en Cuba.&nbsp;<\/strong><\/p>\n\n\n\n<hr class=\"wp-block-separator has-text-color has-vivid-cyan-blue-color has-alpha-channel-opacity has-vivid-cyan-blue-background-color has-background\"\/>\n\n\n\n<p>Es una ciencia que estudia la composici\u00f3n y estructura de la materia, as\u00ed como los cambios que experimenta. Lo hace mediante procesos y metodolog\u00edas, se poya de la f\u00edsica y las matem\u00e1ticas, llevando a cabo una investigaci\u00f3n te\u00f3rica y experimental que ayudan a explicar y dar soluci\u00f3n a problemas cotidianos, siendo una herramienta para diversas \u00e1reas.&nbsp;<\/p>\n\n\n\n<p>Son analistas e investigadores, proponiendo y desarrollando metodolog\u00edas para la optimizaci\u00f3n de procesos y determinaci\u00f3n en muestras, sin ellas y ellos no habr\u00eda medicamentos, an\u00e1lisis cl\u00ednicos, s\u00edntesis de minerales y productos naturales, producci\u00f3n industrial de alimentos o tratamiento de residuos y contaminaci\u00f3n.&nbsp;<\/p>\n\n\n\n<hr class=\"wp-block-separator has-text-color has-vivid-cyan-blue-color has-alpha-channel-opacity has-vivid-cyan-blue-background-color has-background\"\/>\n\n\n\n<div class=\"wp-block-buttons is-layout-flex wp-block-buttons-is-layout-flex\">\n<div class=\"wp-block-button\"><a class=\"wp-block-button__link has-vivid-cyan-blue-background-color has-background wp-element-button\" href=\"https:\/\/www.anafarmex.com.mx\/feliz-dia-del-quimico\/\">M\u00e1s informaci\u00f3n<\/a><\/div>\n<\/div>\n","protected":false},"excerpt":{"rendered":"<p>La fecha fue propuesta por la qu\u00edmica Mar\u00eda de los \u00c1ngeles Zaldo en el Congreso Panamericano de Qu\u00edmica de 1948, con sede en Cuba.&nbsp; Es<\/p>\n","protected":false},"author":3,"featured_media":2677,"comment_status":"closed","ping_status":"closed","sticky":false,"template":"","format":"standard","meta":{"footnotes":"","jetpack_publicize_message":"","jetpack_is_tweetstorm":false,"jetpack_publicize_feature_enabled":true},"categories":[13],"tags":[21,827,32],"jetpack_publicize_connections":[],"yoast_head":"<!-- This site is optimized with the Yoast SEO plugin v19.4 - https:\/\/yoast.com\/wordpress\/plugins\/seo\/ -->\n<title>El 1\u00b0 de diciembre se celebra el\u00a0d\u00eda del qu\u00edmico y qu\u00edmica\u00a0en M\u00e9xico y Latinoam\u00e9rica -<\/title>\n<meta name=\"description\" content=\"Es una ciencia que estudia la composici\u00f3n y estructura de la materia, as\u00ed como los cambios que experimenta.\" \/>\n<meta name=\"robots\" content=\"index, follow, max-snippet:-1, max-image-preview:large, max-video-preview:-1\" \/>\n<link rel=\"canonical\" href=\"https:\/\/lafuente.mx\/?p=2676\" \/>\n<meta property=\"og:locale\" content=\"es_MX\" \/>\n<meta property=\"og:type\" content=\"article\" \/>\n<meta property=\"og:title\" content=\"d\u00eda del qu\u00edmico\u00a0en M\u00e9xico\" \/>\n<meta property=\"og:description\" content=\"Es una ciencia que estudia la composici\u00f3n y estructura de la materia, as\u00ed como los cambios que experimenta.\" \/>\n<meta property=\"og:url\" content=\"https:\/\/lafuente.mx\/?p=2676\" \/>\n<meta property=\"article:published_time\" content=\"2024-12-02T14:31:39+00:00\" \/>\n<meta property=\"article:modified_time\" content=\"2024-12-04T15:24:09+00:00\" \/>\n<meta property=\"og:image\" content=\"http:\/\/lafuente.mx\/wp-content\/uploads\/2024\/12\/DSC_0053-scaled.jpg\" \/>\n\t<meta property=\"og:image:width\" content=\"2560\" \/>\n\t<meta property=\"og:image:height\" content=\"1700\" \/>\n\t<meta property=\"og:image:type\" content=\"image\/jpeg\" \/>\n<meta name=\"author\" content=\"Claudia Gallardo\" \/>\n<meta name=\"twitter:card\" content=\"summary_large_image\" \/>\n<meta name=\"twitter:title\" content=\"d\u00eda del qu\u00edmico\u00a0en M\u00e9xico\" \/>\n<meta name=\"twitter:description\" content=\"Es una ciencia que estudia la composici\u00f3n y estructura de la materia, as\u00ed como los cambios que experimenta.\" \/>\n<meta name=\"twitter:image\" content=\"https:\/\/i0.wp.com\/lafuente.mx\/wp-content\/uploads\/2024\/12\/DSC_0053-scaled.jpg?fit=2560%2C1700&ssl=1\" \/>\n<meta name=\"twitter:label1\" content=\"Escrito por\" \/>\n\t<meta name=\"twitter:data1\" content=\"Claudia Gallardo\" \/>\n\t<meta name=\"twitter:label2\" content=\"Tiempo de lectura\" \/>\n\t<meta name=\"twitter:data2\" content=\"1 minuto\" \/>\n<script type=\"application\/ld+json\" class=\"yoast-schema-graph\">{\"@context\":\"https:\/\/schema.org\",\"@graph\":[{\"@type\":\"WebSite\",\"@id\":\"https:\/\/lafuente.mx\/#website\",\"url\":\"https:\/\/lafuente.mx\/\",\"name\":\"\",\"description\":\"Informaci\u00f3n confiable sobre salud mental\",\"potentialAction\":[{\"@type\":\"SearchAction\",\"target\":{\"@type\":\"EntryPoint\",\"urlTemplate\":\"https:\/\/lafuente.mx\/?s={search_term_string}\"},\"query-input\":\"required name=search_term_string\"}],\"inLanguage\":\"es-MX\"},{\"@type\":\"WebPage\",\"@id\":\"https:\/\/lafuente.mx\/?p=2676\",\"url\":\"https:\/\/lafuente.mx\/?p=2676\",\"name\":\"El 1\u00b0 de diciembre se celebra el\u00a0d\u00eda del qu\u00edmico y qu\u00edmica\u00a0en M\u00e9xico y Latinoam\u00e9rica -\",\"isPartOf\":{\"@id\":\"https:\/\/lafuente.mx\/#website\"},\"datePublished\":\"2024-12-02T14:31:39+00:00\",\"dateModified\":\"2024-12-04T15:24:09+00:00\",\"author\":{\"@id\":\"https:\/\/lafuente.mx\/#\/schema\/person\/603f3aa8e2f6f7879021ab722d39d6b0\"},\"description\":\"Es una ciencia que estudia la composici\u00f3n y estructura de la materia, as\u00ed como los cambios que experimenta.\",\"breadcrumb\":{\"@id\":\"https:\/\/lafuente.mx\/?p=2676#breadcrumb\"},\"inLanguage\":\"es-MX\",\"potentialAction\":[{\"@type\":\"ReadAction\",\"target\":[\"https:\/\/lafuente.mx\/?p=2676\"]}]},{\"@type\":\"BreadcrumbList\",\"@id\":\"https:\/\/lafuente.mx\/?p=2676#breadcrumb\",\"itemListElement\":[{\"@type\":\"ListItem\",\"position\":1,\"name\":\"Inicio\",\"item\":\"https:\/\/lafuente.mx\/\"},{\"@type\":\"ListItem\",\"position\":2,\"name\":\"El 1\u00b0 de diciembre se celebra el\u00a0d\u00eda del qu\u00edmico y qu\u00edmica\u00a0en M\u00e9xico y Latinoam\u00e9rica\"}]},{\"@type\":\"Person\",\"@id\":\"https:\/\/lafuente.mx\/#\/schema\/person\/603f3aa8e2f6f7879021ab722d39d6b0\",\"name\":\"Claudia Gallardo\",\"image\":{\"@type\":\"ImageObject\",\"inLanguage\":\"es-MX\",\"@id\":\"https:\/\/lafuente.mx\/#\/schema\/person\/image\/\",\"url\":\"https:\/\/secure.gravatar.com\/avatar\/bfe9c966af1ccfb9d17bcdb9d04e8815?s=96&d=mm&r=g\",\"contentUrl\":\"https:\/\/secure.gravatar.com\/avatar\/bfe9c966af1ccfb9d17bcdb9d04e8815?s=96&d=mm&r=g\",\"caption\":\"Claudia Gallardo\"},\"url\":\"https:\/\/lafuente.mx\/?author=3\"}]}<\/script>\n<!-- \/ Yoast SEO plugin. -->","yoast_head_json":{"title":"El 1\u00b0 de diciembre se celebra el\u00a0d\u00eda del qu\u00edmico y qu\u00edmica\u00a0en M\u00e9xico y Latinoam\u00e9rica -","description":"Es una ciencia que estudia la composici\u00f3n y estructura de la materia, as\u00ed como los cambios que experimenta.","robots":{"index":"index","follow":"follow","max-snippet":"max-snippet:-1","max-image-preview":"max-image-preview:large","max-video-preview":"max-video-preview:-1"},"canonical":"https:\/\/lafuente.mx\/?p=2676","og_locale":"es_MX","og_type":"article","og_title":"d\u00eda del qu\u00edmico\u00a0en M\u00e9xico","og_description":"Es una ciencia que estudia la composici\u00f3n y estructura de la materia, as\u00ed como los cambios que experimenta.","og_url":"https:\/\/lafuente.mx\/?p=2676","article_published_time":"2024-12-02T14:31:39+00:00","article_modified_time":"2024-12-04T15:24:09+00:00","og_image":[{"width":2560,"height":1700,"url":"http:\/\/lafuente.mx\/wp-content\/uploads\/2024\/12\/DSC_0053-scaled.jpg","type":"image\/jpeg"}],"author":"Claudia Gallardo","twitter_card":"summary_large_image","twitter_title":"d\u00eda del qu\u00edmico\u00a0en M\u00e9xico","twitter_description":"Es una ciencia que estudia la composici\u00f3n y estructura de la materia, as\u00ed como los cambios que experimenta.","twitter_image":"https:\/\/i0.wp.com\/lafuente.mx\/wp-content\/uploads\/2024\/12\/DSC_0053-scaled.jpg?fit=2560%2C1700&ssl=1","twitter_misc":{"Escrito por":"Claudia Gallardo","Tiempo de lectura":"1 minuto"},"schema":{"@context":"https:\/\/schema.org","@graph":[{"@type":"WebSite","@id":"https:\/\/lafuente.mx\/#website","url":"https:\/\/lafuente.mx\/","name":"","description":"Informaci\u00f3n confiable sobre salud mental","potentialAction":[{"@type":"SearchAction","target":{"@type":"EntryPoint","urlTemplate":"https:\/\/lafuente.mx\/?s={search_term_string}"},"query-input":"required name=search_term_string"}],"inLanguage":"es-MX"},{"@type":"WebPage","@id":"https:\/\/lafuente.mx\/?p=2676","url":"https:\/\/lafuente.mx\/?p=2676","name":"El 1\u00b0 de diciembre se celebra el\u00a0d\u00eda del qu\u00edmico y qu\u00edmica\u00a0en M\u00e9xico y Latinoam\u00e9rica -","isPartOf":{"@id":"https:\/\/lafuente.mx\/#website"},"datePublished":"2024-12-02T14:31:39+00:00","dateModified":"2024-12-04T15:24:09+00:00","author":{"@id":"https:\/\/lafuente.mx\/#\/schema\/person\/603f3aa8e2f6f7879021ab722d39d6b0"},"description":"Es una ciencia que estudia la composici\u00f3n y estructura de la materia, as\u00ed como los cambios que experimenta.","breadcrumb":{"@id":"https:\/\/lafuente.mx\/?p=2676#breadcrumb"},"inLanguage":"es-MX","potentialAction":[{"@type":"ReadAction","target":["https:\/\/lafuente.mx\/?p=2676"]}]},{"@type":"BreadcrumbList","@id":"https:\/\/lafuente.mx\/?p=2676#breadcrumb","itemListElement":[{"@type":"ListItem","position":1,"name":"Inicio","item":"https:\/\/lafuente.mx\/"},{"@type":"ListItem","position":2,"name":"El 1\u00b0 de diciembre se celebra el\u00a0d\u00eda del qu\u00edmico y qu\u00edmica\u00a0en M\u00e9xico y Latinoam\u00e9rica"}]},{"@type":"Person","@id":"https:\/\/lafuente.mx\/#\/schema\/person\/603f3aa8e2f6f7879021ab722d39d6b0","name":"Claudia Gallardo","image":{"@type":"ImageObject","inLanguage":"es-MX","@id":"https:\/\/lafuente.mx\/#\/schema\/person\/image\/","url":"https:\/\/secure.gravatar.com\/avatar\/bfe9c966af1ccfb9d17bcdb9d04e8815?s=96&d=mm&r=g","contentUrl":"https:\/\/secure.gravatar.com\/avatar\/bfe9c966af1ccfb9d17bcdb9d04e8815?s=96&d=mm&r=g","caption":"Claudia Gallardo"},"url":"https:\/\/lafuente.mx\/?author=3"}]}},"jetpack_featured_media_url":"https:\/\/i0.wp.com\/lafuente.mx\/wp-content\/uploads\/2024\/12\/DSC_0053-scaled.jpg?fit=2560%2C1700&ssl=1","jetpack-related-posts":[{"id":2039,"url":"https:\/\/lafuente.mx\/?p=2039","url_meta":{"origin":2676,"position":0},"title":"Consumo de productos ultraprocesados se asocia con cuadros de depresi\u00f3n y ansiedad\u00a0","date":"enero 24, 2024","format":false,"excerpt":"Activan un neurotransmisor llamado dopamina, que proporciona sensaci\u00f3n de placer; esto genera la necesidad de seguirlos consumiendo\u00a0 Secretar\u00eda de Salud | 16 de enero de 2024 | Nacional\u00a0 Es recomendable tomar como base de la alimentaci\u00f3n diaria el Plato del Bien Comer o las gu\u00edas alimentarias https:\/\/bit.ly\/3RYEHz2\u00a0 Ana Rosa Garc\u00eda,\u2026","rel":"","context":"En &quot;Noticias&quot;","img":{"alt_text":"","src":"https:\/\/i0.wp.com\/lafuente.mx\/wp-content\/uploads\/2024\/01\/platoBuen-comer.webp?fit=800%2C600&ssl=1&resize=350%2C200","width":350,"height":200},"classes":[]},{"id":2641,"url":"https:\/\/lafuente.mx\/?p=2641","url_meta":{"origin":2676,"position":1},"title":"D\u00eda Mundial de la Radiolog\u00eda","date":"noviembre 8, 2024","format":false,"excerpt":"8 de noviembre\u00a0 La radiolog\u00eda es una rama de la medicina que se ocupa de generar im\u00e1genes del interior del cuerpo para el diagn\u00f3stico y tratamiento de lesiones y enfermedades, por lo que es de gran importancia para la salud.\u00a0\u00a0 Cada a\u00f1o, el 8 de noviembre se conmemora el D\u00eda\u2026","rel":"","context":"En &quot;Efem\u00e9rides de Salud Mental&quot;","img":{"alt_text":"","src":"https:\/\/i0.wp.com\/lafuente.mx\/wp-content\/uploads\/2024\/11\/ImagenesCereb-1-rotated.jpg?fit=500%2C800&ssl=1&resize=350%2C200","width":350,"height":200},"classes":[]},{"id":1998,"url":"https:\/\/lafuente.mx\/?p=1998","url_meta":{"origin":2676,"position":2},"title":"D\u00eda Mundial de la Lucha contra la Depresi\u00f3n\u00a0","date":"enero 12, 2024","format":false,"excerpt":"13 de enero La conmemoraci\u00f3n de esta fecha fue establecida por la\u00a0Federaci\u00f3n Mundial de Psiquiatr\u00eda\u00a0(WPA, por sus siglas en ingl\u00e9s) en el a\u00f1o 1992, con el objetivo de concientizar sobre esta enfermedad y promover la comprensi\u00f3n y el apoyo para las personas que la padecen.\u00a0 A pesar de que no\u2026","rel":"","context":"En &quot;Efem\u00e9rides de Salud Mental&quot;","img":{"alt_text":"","src":"https:\/\/i0.wp.com\/lafuente.mx\/wp-content\/uploads\/2024\/01\/descarga.jpeg?fit=1000%2C717&ssl=1&resize=350%2C200","width":350,"height":200},"classes":[]},{"id":2650,"url":"https:\/\/lafuente.mx\/?p=2650","url_meta":{"origin":2676,"position":3},"title":"Psiquiatr\u00eda Forense: Enfoques Cl\u00ednicos y \u00c9ticos\u00a0","date":"noviembre 11, 2024","format":false,"excerpt":"Forensic Psychiatry: Clinical and Ethical Approaches\u00a0\u00a0 Edited by Elias Abdalla-Filho\u00a0\u00a0 This book first published 2024\u00a0\u00a0 Cambridge Scholars Publishing Lady Stephenson Library, Newcastle upon Tyne, NE6 2PA, UK British Library Cataloguing in Publication Data A catalogue record for this book is available from the British Library Copyright \u00a9 2024 by Elias\u2026","rel":"","context":"En &quot;Todo&quot;","img":{"alt_text":"","src":"https:\/\/i0.wp.com\/lafuente.mx\/wp-content\/uploads\/2024\/11\/Dr-Nicolas.jpg?fit=1172%2C1200&ssl=1&resize=350%2C200","width":350,"height":200},"classes":[]},{"id":1744,"url":"https:\/\/lafuente.mx\/?p=1744","url_meta":{"origin":2676,"position":4},"title":"Tema del D\u00eda Mundial de la Salud Mental","date":"octubre 10, 2023","format":false,"excerpt":"'LA SALUD MENTAL ES UN DERECHO HUMANO UNIVERSAL'\u00a0 El 10 de octubre de 2023 celebraremos el D\u00eda Mundial de la Salud Mental con el tema 'La salud mental es un derecho humano universal' elegido mediante una votaci\u00f3n global abierta al p\u00fablico, incluidos los miembros, las partes interesadas y los partidarios\u2026","rel":"","context":"En &quot;Efem\u00e9rides de Salud Mental&quot;","img":{"alt_text":"","src":"https:\/\/i0.wp.com\/lafuente.mx\/wp-content\/uploads\/2023\/09\/salud-mental2.jpeg?fit=1200%2C541&ssl=1&resize=350%2C200","width":350,"height":200},"classes":[]},{"id":1283,"url":"https:\/\/lafuente.mx\/?p=1283","url_meta":{"origin":2676,"position":5},"title":"Se crea Comisi\u00f3n Nacional de Salud Mental y Adicciones por decreto publicado en el DOF\u00a0","date":"junio 9, 2023","format":false,"excerpt":"Fusiona atribuciones de las tres instancias rectoras en la materia\u00a0 Secretar\u00eda de Salud | 29 de mayo de 2023 | Nacional\u00a0 Con el objetivo de promover la salud mental y el bienestar integral de la poblaci\u00f3n, se public\u00f3 en el Diario Oficial de la Federaci\u00f3n (DOF) el decreto por el\u2026","rel":"","context":"En &quot;Noticias&quot;","img":{"alt_text":"","src":"https:\/\/i0.wp.com\/lafuente.mx\/wp-content\/uploads\/2023\/06\/secratrio-Salud.jpeg?fit=1200%2C800&ssl=1&resize=350%2C200","width":350,"height":200},"classes":[]}],"jetpack_sharing_enabled":true,"jetpack_shortlink":"https:\/\/wp.me\/pe9WUx-Ha","_links":{"self":[{"href":"https:\/\/lafuente.mx\/index.php?rest_route=\/wp\/v2\/posts\/2676"}],"collection":[{"href":"https:\/\/lafuente.mx\/index.php?rest_route=\/wp\/v2\/posts"}],"about":[{"href":"https:\/\/lafuente.mx\/index.php?rest_route=\/wp\/v2\/types\/post"}],"author":[{"embeddable":true,"href":"https:\/\/lafuente.mx\/index.php?rest_route=\/wp\/v2\/users\/3"}],"replies":[{"embeddable":true,"href":"https:\/\/lafuente.mx\/index.php?rest_route=%2Fwp%2Fv2%2Fcomments&post=2676"}],"version-history":[{"count":5,"href":"https:\/\/lafuente.mx\/index.php?rest_route=\/wp\/v2\/posts\/2676\/revisions"}],"predecessor-version":[{"id":2689,"href":"https:\/\/lafuente.mx\/index.php?rest_route=\/wp\/v2\/posts\/2676\/revisions\/2689"}],"wp:featuredmedia":[{"embeddable":true,"href":"https:\/\/lafuente.mx\/index.php?rest_route=\/wp\/v2\/media\/2677"}],"wp:attachment":[{"href":"https:\/\/lafuente.mx\/index.php?rest_route=%2Fwp%2Fv2%2Fmedia&parent=2676"}],"wp:term":[{"taxonomy":"category","embeddable":true,"href":"https:\/\/lafuente.mx\/index.php?rest_route=%2Fwp%2Fv2%2Fcategories&post=2676"},{"taxonomy":"post_tag","embeddable":true,"href":"https:\/\/lafuente.mx\/index.php?rest_route=%2Fwp%2Fv2%2Ftags&post=2676"}],"curies":[{"name":"wp","href":"https:\/\/api.w.org\/{rel}","templated":true}]}}