{"id":2650,"date":"2024-11-11T09:03:00","date_gmt":"2024-11-11T09:03:00","guid":{"rendered":"https:\/\/lafuente.mx\/?p=2650"},"modified":"2024-11-11T14:22:29","modified_gmt":"2024-11-11T14:22:29","slug":"borrador-automatico-psiquiatria-forense-enfoques-clinicos-y-eticos","status":"publish","type":"post","link":"https:\/\/lafuente.mx\/?p=2650","title":{"rendered":"Psiquiatr\u00eda Forense: Enfoques Cl\u00ednicos y \u00c9ticos\u00a0"},"content":{"rendered":"\n<hr class=\"wp-block-separator has-text-color has-vivid-cyan-blue-color has-alpha-channel-opacity has-vivid-cyan-blue-background-color has-background is-style-wide\"\/>\n\n\n\n<p><strong>Forensic Psychiatry: Clinical and Ethical Approaches&nbsp;&nbsp;<\/strong><\/p>\n\n\n\n<p><strong>Edited by Elias Abdalla-Filho&nbsp;&nbsp;<\/strong><\/p>\n\n\n\n<p><strong>This book first published 2024&nbsp;&nbsp;<\/strong><\/p>\n\n\n\n<hr class=\"wp-block-separator has-text-color has-vivid-cyan-blue-color has-alpha-channel-opacity has-vivid-cyan-blue-background-color has-background is-style-wide\"\/>\n\n\n\n<p>Cambridge Scholars Publishing Lady Stephenson Library, Newcastle upon Tyne, NE6 2PA, UK British Library Cataloguing in Publication Data A catalogue record for this book is available from the British Library Copyright \u00a9 2024 by Elias Abdalla-Filho and contributors All rights for this book reserved. No part of this book may be reproduced, stored in a retrieval system, or transmitted, in any form or by any means, electronic, mechanical, photocopying, recording or otherwise, without the prior permission of the copyright owner. ISBN: 978-1-0364-0988-3 ISBN (Ebook): 978-1-0364-0989-0&nbsp;<\/p>\n\n\n\n<p><strong>P\u00e1ginas: 173&nbsp;<\/strong><\/p>\n\n\n\n<p><strong>Chapter 3 &#8230;&#8230;&#8230;. 36&nbsp;&nbsp;<\/strong><\/p>\n\n\n\n<p><strong>Forensic Psychiatry and ICD-11&nbsp;&nbsp;<\/strong><\/p>\n\n\n\n<p><strong>J. Nicol\u00e1s Ivan Mart\u00ednez-L\u00f3pez and Marlen Abigain G\u00f3mez-Mendiola&nbsp;<\/strong><\/p>\n\n\n\n<figure class=\"wp-block-image size-large\"><img decoding=\"async\" loading=\"lazy\" width=\"640\" height=\"892\" src=\"https:\/\/i0.wp.com\/lafuente.mx\/wp-content\/uploads\/2024\/11\/Captura-de-pantalla-2024-11-08-a-las-11.23.35-735x1024.png?resize=640%2C892&#038;ssl=1\" alt=\"\" class=\"wp-image-2651\" srcset=\"https:\/\/i0.wp.com\/lafuente.mx\/wp-content\/uploads\/2024\/11\/Captura-de-pantalla-2024-11-08-a-las-11.23.35.png?resize=735%2C1024&amp;ssl=1 735w, https:\/\/i0.wp.com\/lafuente.mx\/wp-content\/uploads\/2024\/11\/Captura-de-pantalla-2024-11-08-a-las-11.23.35.png?resize=215%2C300&amp;ssl=1 215w, https:\/\/i0.wp.com\/lafuente.mx\/wp-content\/uploads\/2024\/11\/Captura-de-pantalla-2024-11-08-a-las-11.23.35.png?resize=768%2C1070&amp;ssl=1 768w, https:\/\/i0.wp.com\/lafuente.mx\/wp-content\/uploads\/2024\/11\/Captura-de-pantalla-2024-11-08-a-las-11.23.35.png?w=1062&amp;ssl=1 1062w\" sizes=\"(max-width: 640px) 100vw, 640px\" data-recalc-dims=\"1\" \/><\/figure>\n\n\n\n<hr class=\"wp-block-separator has-text-color has-vivid-cyan-blue-color has-alpha-channel-opacity has-vivid-cyan-blue-background-color has-background\"\/>\n\n\n\n<p class=\"has-text-color has-medium-font-size\" style=\"color:#383b3f\">Este libro proporciona una actualizaci\u00f3n sobre el escenario actual de la pr\u00e1ctica, la ense\u00f1anza y la investigaci\u00f3n en psiquiatr\u00eda forense, aportando cambios importantes con el advenimiento de la und\u00e9cima edici\u00f3n de la Clasificaci\u00f3n Internacional de Enfermedades. Abarca temas penales y civiles, abordando tambi\u00e9n cuestiones delicadas y controvertidas, como el tema de la castraci\u00f3n qu\u00edmica. Est\u00e1 dirigido no s\u00f3lo a psiquiatras forenses, sino tambi\u00e9n a psiquiatras cl\u00ednicos, residentes de psiquiatr\u00eda, psic\u00f3logos y profesionales del derecho.&nbsp;<\/p>\n\n\n\n<p><a href=\"https:\/\/www.cambridgescholars.com\/product\/978-1-0364-0988-3\/?fbclid=IwY2xjawGN8ctleHRuA2FlbQIxMAABHf0wDcxLarnA43gguU7RkvKIr70Yys4mhHIv7-dBcmQGsSTZf1ZpFWpnTQ_aem_C1r8WTLqwzgHPGocXko27g\" target=\"_blank\" rel=\"noreferrer noopener\">Psiquiatr\u00eda Forense: Enfoques Cl\u00ednicos y \u00c9ticos &#8211; Cambridge Scholars Publishing<\/a>&nbsp;<\/p>\n","protected":false},"excerpt":{"rendered":"<p>Forensic Psychiatry: Clinical and Ethical Approaches&nbsp;&nbsp; Edited by Elias Abdalla-Filho&nbsp;&nbsp; This book first published 2024&nbsp;&nbsp; Cambridge Scholars Publishing Lady Stephenson Library, Newcastle upon Tyne, NE6<\/p>\n","protected":false},"author":3,"featured_media":2653,"comment_status":"closed","ping_status":"closed","sticky":false,"template":"","format":"standard","meta":{"footnotes":"","jetpack_publicize_message":"","jetpack_is_tweetstorm":false,"jetpack_publicize_feature_enabled":true},"categories":[1],"tags":[441,21,45,811,32],"jetpack_publicize_connections":[],"yoast_head":"<!-- This site is optimized with the Yoast SEO plugin v19.4 - https:\/\/yoast.com\/wordpress\/plugins\/seo\/ -->\n<title>Psiquiatr\u00eda Forense: Enfoques Cl\u00ednicos y \u00c9ticos\u00a0 -<\/title>\n<meta name=\"description\" content=\"Este libro proporciona una actualizaci\u00f3n sobre el escenario actual de la pr\u00e1ctica, la ense\u00f1anza y la investigaci\u00f3n en psiquiatr\u00eda forense, aportando cambios importantes con el advenimiento de la und\u00e9cima edici\u00f3n de la Clasificaci\u00f3n Internacional de Enfermedades.\" \/>\n<meta name=\"robots\" content=\"index, follow, max-snippet:-1, max-image-preview:large, max-video-preview:-1\" \/>\n<link rel=\"canonical\" href=\"https:\/\/lafuente.mx\/?p=2650\" \/>\n<meta property=\"og:locale\" content=\"es_MX\" \/>\n<meta property=\"og:type\" content=\"article\" \/>\n<meta property=\"og:title\" content=\"Psiquiatr\u00eda Forense: Enfoques Cl\u00ednicos y \u00c9ticos\u00a0\" \/>\n<meta property=\"og:description\" content=\"Este libro proporciona una actualizaci\u00f3n sobre el escenario actual de la pr\u00e1ctica, la ense\u00f1anza y la investigaci\u00f3n en psiquiatr\u00eda forense, aportando cambios importantes con el advenimiento de la und\u00e9cima edici\u00f3n de la Clasificaci\u00f3n Internacional de Enfermedades.\" \/>\n<meta property=\"og:url\" content=\"https:\/\/lafuente.mx\/?p=2650\" \/>\n<meta property=\"article:published_time\" content=\"2024-11-11T09:03:00+00:00\" \/>\n<meta property=\"article:modified_time\" content=\"2024-11-11T14:22:29+00:00\" \/>\n<meta property=\"og:image\" content=\"http:\/\/lafuente.mx\/wp-content\/uploads\/2024\/11\/Dr-Nicolas.jpg\" \/>\n\t<meta property=\"og:image:width\" content=\"1504\" \/>\n\t<meta property=\"og:image:height\" content=\"1540\" \/>\n\t<meta property=\"og:image:type\" content=\"image\/jpeg\" \/>\n<meta name=\"author\" content=\"Claudia Gallardo\" \/>\n<meta name=\"twitter:card\" content=\"summary_large_image\" \/>\n<meta name=\"twitter:title\" content=\"Psiquiatr\u00eda Forense: Enfoques Cl\u00ednicos y \u00c9ticos\u00a0\" \/>\n<meta name=\"twitter:description\" content=\"Este libro proporciona una actualizaci\u00f3n sobre el escenario actual de la pr\u00e1ctica, la ense\u00f1anza y la investigaci\u00f3n en psiquiatr\u00eda forense, aportando cambios importantes con el advenimiento de la und\u00e9cima edici\u00f3n de la Clasificaci\u00f3n Internacional de Enfermedades.\" \/>\n<meta name=\"twitter:image\" content=\"https:\/\/i0.wp.com\/lafuente.mx\/wp-content\/uploads\/2024\/11\/Dr-Nicolas.jpg?fit=1504%2C1540&ssl=1\" \/>\n<meta name=\"twitter:label1\" content=\"Escrito por\" \/>\n\t<meta name=\"twitter:data1\" content=\"Claudia Gallardo\" \/>\n\t<meta name=\"twitter:label2\" content=\"Tiempo de lectura\" \/>\n\t<meta name=\"twitter:data2\" content=\"1 minuto\" \/>\n<script type=\"application\/ld+json\" class=\"yoast-schema-graph\">{\"@context\":\"https:\/\/schema.org\",\"@graph\":[{\"@type\":\"WebSite\",\"@id\":\"https:\/\/lafuente.mx\/#website\",\"url\":\"https:\/\/lafuente.mx\/\",\"name\":\"\",\"description\":\"Informaci\u00f3n confiable sobre salud mental\",\"potentialAction\":[{\"@type\":\"SearchAction\",\"target\":{\"@type\":\"EntryPoint\",\"urlTemplate\":\"https:\/\/lafuente.mx\/?s={search_term_string}\"},\"query-input\":\"required name=search_term_string\"}],\"inLanguage\":\"es-MX\"},{\"@type\":\"WebPage\",\"@id\":\"https:\/\/lafuente.mx\/?p=2650\",\"url\":\"https:\/\/lafuente.mx\/?p=2650\",\"name\":\"Psiquiatr\u00eda Forense: Enfoques Cl\u00ednicos y \u00c9ticos\u00a0 -\",\"isPartOf\":{\"@id\":\"https:\/\/lafuente.mx\/#website\"},\"datePublished\":\"2024-11-11T09:03:00+00:00\",\"dateModified\":\"2024-11-11T14:22:29+00:00\",\"author\":{\"@id\":\"https:\/\/lafuente.mx\/#\/schema\/person\/603f3aa8e2f6f7879021ab722d39d6b0\"},\"description\":\"Este libro proporciona una actualizaci\u00f3n sobre el escenario actual de la pr\u00e1ctica, la ense\u00f1anza y la investigaci\u00f3n en psiquiatr\u00eda forense, aportando cambios importantes con el advenimiento de la und\u00e9cima edici\u00f3n de la Clasificaci\u00f3n Internacional de Enfermedades.\",\"breadcrumb\":{\"@id\":\"https:\/\/lafuente.mx\/?p=2650#breadcrumb\"},\"inLanguage\":\"es-MX\",\"potentialAction\":[{\"@type\":\"ReadAction\",\"target\":[\"https:\/\/lafuente.mx\/?p=2650\"]}]},{\"@type\":\"BreadcrumbList\",\"@id\":\"https:\/\/lafuente.mx\/?p=2650#breadcrumb\",\"itemListElement\":[{\"@type\":\"ListItem\",\"position\":1,\"name\":\"Inicio\",\"item\":\"https:\/\/lafuente.mx\/\"},{\"@type\":\"ListItem\",\"position\":2,\"name\":\"Psiquiatr\u00eda Forense: Enfoques Cl\u00ednicos y \u00c9ticos\u00a0\"}]},{\"@type\":\"Person\",\"@id\":\"https:\/\/lafuente.mx\/#\/schema\/person\/603f3aa8e2f6f7879021ab722d39d6b0\",\"name\":\"Claudia Gallardo\",\"image\":{\"@type\":\"ImageObject\",\"inLanguage\":\"es-MX\",\"@id\":\"https:\/\/lafuente.mx\/#\/schema\/person\/image\/\",\"url\":\"https:\/\/secure.gravatar.com\/avatar\/bfe9c966af1ccfb9d17bcdb9d04e8815?s=96&d=mm&r=g\",\"contentUrl\":\"https:\/\/secure.gravatar.com\/avatar\/bfe9c966af1ccfb9d17bcdb9d04e8815?s=96&d=mm&r=g\",\"caption\":\"Claudia Gallardo\"},\"url\":\"https:\/\/lafuente.mx\/?author=3\"}]}<\/script>\n<!-- \/ Yoast SEO plugin. -->","yoast_head_json":{"title":"Psiquiatr\u00eda Forense: Enfoques Cl\u00ednicos y \u00c9ticos\u00a0 -","description":"Este libro proporciona una actualizaci\u00f3n sobre el escenario actual de la pr\u00e1ctica, la ense\u00f1anza y la investigaci\u00f3n en psiquiatr\u00eda forense, aportando cambios importantes con el advenimiento de la und\u00e9cima edici\u00f3n de la Clasificaci\u00f3n Internacional de Enfermedades.","robots":{"index":"index","follow":"follow","max-snippet":"max-snippet:-1","max-image-preview":"max-image-preview:large","max-video-preview":"max-video-preview:-1"},"canonical":"https:\/\/lafuente.mx\/?p=2650","og_locale":"es_MX","og_type":"article","og_title":"Psiquiatr\u00eda Forense: Enfoques Cl\u00ednicos y \u00c9ticos\u00a0","og_description":"Este libro proporciona una actualizaci\u00f3n sobre el escenario actual de la pr\u00e1ctica, la ense\u00f1anza y la investigaci\u00f3n en psiquiatr\u00eda forense, aportando cambios importantes con el advenimiento de la und\u00e9cima edici\u00f3n de la Clasificaci\u00f3n Internacional de Enfermedades.","og_url":"https:\/\/lafuente.mx\/?p=2650","article_published_time":"2024-11-11T09:03:00+00:00","article_modified_time":"2024-11-11T14:22:29+00:00","og_image":[{"width":1504,"height":1540,"url":"http:\/\/lafuente.mx\/wp-content\/uploads\/2024\/11\/Dr-Nicolas.jpg","type":"image\/jpeg"}],"author":"Claudia Gallardo","twitter_card":"summary_large_image","twitter_title":"Psiquiatr\u00eda Forense: Enfoques Cl\u00ednicos y \u00c9ticos\u00a0","twitter_description":"Este libro proporciona una actualizaci\u00f3n sobre el escenario actual de la pr\u00e1ctica, la ense\u00f1anza y la investigaci\u00f3n en psiquiatr\u00eda forense, aportando cambios importantes con el advenimiento de la und\u00e9cima edici\u00f3n de la Clasificaci\u00f3n Internacional de Enfermedades.","twitter_image":"https:\/\/i0.wp.com\/lafuente.mx\/wp-content\/uploads\/2024\/11\/Dr-Nicolas.jpg?fit=1504%2C1540&ssl=1","twitter_misc":{"Escrito por":"Claudia Gallardo","Tiempo de lectura":"1 minuto"},"schema":{"@context":"https:\/\/schema.org","@graph":[{"@type":"WebSite","@id":"https:\/\/lafuente.mx\/#website","url":"https:\/\/lafuente.mx\/","name":"","description":"Informaci\u00f3n confiable sobre salud mental","potentialAction":[{"@type":"SearchAction","target":{"@type":"EntryPoint","urlTemplate":"https:\/\/lafuente.mx\/?s={search_term_string}"},"query-input":"required name=search_term_string"}],"inLanguage":"es-MX"},{"@type":"WebPage","@id":"https:\/\/lafuente.mx\/?p=2650","url":"https:\/\/lafuente.mx\/?p=2650","name":"Psiquiatr\u00eda Forense: Enfoques Cl\u00ednicos y \u00c9ticos\u00a0 -","isPartOf":{"@id":"https:\/\/lafuente.mx\/#website"},"datePublished":"2024-11-11T09:03:00+00:00","dateModified":"2024-11-11T14:22:29+00:00","author":{"@id":"https:\/\/lafuente.mx\/#\/schema\/person\/603f3aa8e2f6f7879021ab722d39d6b0"},"description":"Este libro proporciona una actualizaci\u00f3n sobre el escenario actual de la pr\u00e1ctica, la ense\u00f1anza y la investigaci\u00f3n en psiquiatr\u00eda forense, aportando cambios importantes con el advenimiento de la und\u00e9cima edici\u00f3n de la Clasificaci\u00f3n Internacional de Enfermedades.","breadcrumb":{"@id":"https:\/\/lafuente.mx\/?p=2650#breadcrumb"},"inLanguage":"es-MX","potentialAction":[{"@type":"ReadAction","target":["https:\/\/lafuente.mx\/?p=2650"]}]},{"@type":"BreadcrumbList","@id":"https:\/\/lafuente.mx\/?p=2650#breadcrumb","itemListElement":[{"@type":"ListItem","position":1,"name":"Inicio","item":"https:\/\/lafuente.mx\/"},{"@type":"ListItem","position":2,"name":"Psiquiatr\u00eda Forense: Enfoques Cl\u00ednicos y \u00c9ticos\u00a0"}]},{"@type":"Person","@id":"https:\/\/lafuente.mx\/#\/schema\/person\/603f3aa8e2f6f7879021ab722d39d6b0","name":"Claudia Gallardo","image":{"@type":"ImageObject","inLanguage":"es-MX","@id":"https:\/\/lafuente.mx\/#\/schema\/person\/image\/","url":"https:\/\/secure.gravatar.com\/avatar\/bfe9c966af1ccfb9d17bcdb9d04e8815?s=96&d=mm&r=g","contentUrl":"https:\/\/secure.gravatar.com\/avatar\/bfe9c966af1ccfb9d17bcdb9d04e8815?s=96&d=mm&r=g","caption":"Claudia Gallardo"},"url":"https:\/\/lafuente.mx\/?author=3"}]}},"jetpack_featured_media_url":"https:\/\/i0.wp.com\/lafuente.mx\/wp-content\/uploads\/2024\/11\/Dr-Nicolas.jpg?fit=1504%2C1540&ssl=1","jetpack-related-posts":[{"id":1697,"url":"https:\/\/lafuente.mx\/?p=1697","url_meta":{"origin":2650,"position":0},"title":"Salud mental forense: actualizaci\u00f3n para una correcta pr\u00e1ctica pericial\u00a0","date":"septiembre 11, 2023","format":false,"excerpt":"Coordina: Dr. J. Nicol\u00e1s Iv\u00e1n Mart\u00ednez L\u00f3pez\u00a0 Sesiones en tiempo real los d\u00edas 20, 21 y 22 de septiembre del 2023, de 9 a 13:30 horas, la asistencia es obligatoria\u00a0 Curso gratuito\u00a0 INPRFM ( 20 horas cr\u00e9dito )\u00a0 Cupo limitado\u00a0 Acceso ilimitado 24 horas en Google Classroom para realizar actividades\u2026","rel":"","context":"En &quot;Cursos en l\u00ednea&quot;","img":{"alt_text":"","src":"https:\/\/i0.wp.com\/lafuente.mx\/wp-content\/uploads\/2023\/09\/Imagen-P.FB_.-Salud-Mental-Forense_1-edited-1.jpg?fit=450%2C450&ssl=1&resize=350%2C200","width":350,"height":200},"classes":[]},{"id":2291,"url":"https:\/\/lafuente.mx\/?p=2291","url_meta":{"origin":2650,"position":1},"title":"Libro. COVID-19: Medidas, adaptaci\u00f3n y aprendizaje\u00a0Una visi\u00f3n desde el Seminario sobre Medicina y Salud (2020-2022)\u00a0","date":"mayo 17, 2024","format":false,"excerpt":"Coordinadora: Mar\u00eda del Rosario Guti\u00e9rrez Razo\u00a0\u00a0 Compilador: Luis Armando Mart\u00ednez Gil\u00a0\u00a0 Primera edici\u00f3n. M\u00e9xico: Universidad Nacional Aut\u00f3noma de M\u00e9xico, Secretar\u00eda de Desarrollo Institucional, 2023.\u00a0 Serie: Seminario sobre medicina y salud.\u00a0\u00a0 Identificadores: LIBRUNAM 2223973 (libro electr\u00f3nico) | ISBN 9786073083959 (libro electr\u00f3nico)\u00a0\u00a0 Cap\u00edtulo: Salud mental y COVID-19: Un enfoque basado en Derechos\u2026","rel":"","context":"En &quot;Publicaciones&quot;","img":{"alt_text":"","src":"https:\/\/i0.wp.com\/lafuente.mx\/wp-content\/uploads\/2024\/05\/DSC_0221-scaled.jpg?fit=1200%2C797&ssl=1&resize=350%2C200","width":350,"height":200},"classes":[]},{"id":2827,"url":"https:\/\/lafuente.mx\/?p=2827","url_meta":{"origin":2650,"position":2},"title":"Un debate entre psiquiatras y penalistas mexicanos, 1934-1938\u00a0","date":"abril 3, 2025","format":false,"excerpt":"El loco como peligro Mente Y Cultura, 5 (2), 93\u201398\u00a0 Cristina Sacrist\u00e1n\u00a0 Instituto Mora, Centro P\u00fablico de Investigaci\u00f3n Conahcyt, M\u00e9xico\u00a0 Resumen\u00a0 En 1939, el destacado psiquiatra argentino Nerio Rojas publicaba en las p\u00e1ginas de la revista mexicana Criminalia un extenso art\u00edculo sobre los criterios a seguir en los peritajes de\u2026","rel":"","context":"En &quot;Publicaciones&quot;","img":{"alt_text":"","src":"https:\/\/i0.wp.com\/lafuente.mx\/wp-content\/uploads\/2025\/04\/Captura-de-pantalla-2025-04-01-a-las-13.35.21.png?fit=920%2C556&ssl=1&resize=350%2C200","width":350,"height":200},"classes":[]},{"id":552,"url":"https:\/\/lafuente.mx\/?p=552","url_meta":{"origin":2650,"position":3},"title":"Salud mental forense\u00a0","date":"noviembre 11, 2022","format":false,"excerpt":"J. Nicol\u00e1s Ivan Mart\u00ednez L\u00f3pez\u00a0 Editorial:\u00a0 Tirant lo Blanch\u00a0 Colecci\u00f3n:\u00a0 Derecho y Salud\u00a0 1\u00aa Edici\u00f3n \/ 718 p\u00e1gs. \/ R\u00fastica \/ Castellano \/ Libro\u00a0 ISBN Papel:\u00a0 9788413368696\u00a0 ISBN Ebook:\u00a0 9788413368702\u00a0 Con este libro se inaugura una colecci\u00f3n que pretende reconciliar y evidenciar la interrelaci\u00f3n que existe entre el Derecho y\u2026","rel":"","context":"En &quot;Publicaciones&quot;","img":{"alt_text":"","src":"https:\/\/i0.wp.com\/lafuente.mx\/wp-content\/uploads\/2022\/11\/libro-sM-forense.webp?fit=768%2C1024&ssl=1&resize=350%2C200","width":350,"height":200},"classes":[]},{"id":671,"url":"https:\/\/lafuente.mx\/?p=671","url_meta":{"origin":2650,"position":4},"title":"Enfermer\u00eda en Psiquiatr\u00eda y Salud Mental\u00a0","date":"enero 20, 2023","format":false,"excerpt":"Diplomados en l\u00ednea 9\u00aa Generaci\u00f3n, 2023 COORDINADORA ACAD\u00c9MICA: Dra. Susana Gallegos S\u00e1nchez\u00a0 Dirigido a personal de enfermer\u00eda (nivel t\u00e9cnico y licenciatura con c\u00e9dula profesional) Objetivo general y tem\u00e1tica Emplear estrategias para el desarrollo profesional y \u00e9tico en favor de la promoci\u00f3n, prevenci\u00f3n, atenci\u00f3n y rehabilitaci\u00f3n de la persona que vive\u2026","rel":"","context":"En &quot;Cursos&quot;","img":{"alt_text":"","src":"https:\/\/i0.wp.com\/lafuente.mx\/wp-content\/uploads\/2023\/01\/imagenEnfermeria.jpg?fit=1074%2C605&ssl=1&resize=350%2C200","width":350,"height":200},"classes":[]},{"id":3641,"url":"https:\/\/lafuente.mx\/?p=3641","url_meta":{"origin":2650,"position":5},"title":"Retos cl\u00ednicos y jur\u00eddicos de la psiquiatr\u00eda contempor\u00e1nea\u00a0","date":"abril 7, 2026","format":false,"excerpt":"Mar 4, 2026 |\u00a0Academia\u00a0 La salud mental a trav\u00e9s de la pr\u00e1ctica de la psiquiatr\u00eda enfrenta retos crecientes derivados de la complejidad biol\u00f3gica de los trastornos mentales y de las implicaciones cl\u00ednicas, jur\u00eddicas e institucionales que acompa\u00f1an su atenci\u00f3n. En este escenario, los avances en inmunolog\u00eda, neurolog\u00eda y gen\u00e9tica han\u2026","rel":"","context":"En &quot;Noticias&quot;","img":{"alt_text":"","src":"https:\/\/i0.wp.com\/lafuente.mx\/wp-content\/uploads\/2026\/04\/DR-Nicolas-M.jpg?fit=1200%2C857&ssl=1&resize=350%2C200","width":350,"height":200},"classes":[]}],"jetpack_sharing_enabled":true,"jetpack_shortlink":"https:\/\/wp.me\/pe9WUx-GK","_links":{"self":[{"href":"https:\/\/lafuente.mx\/index.php?rest_route=\/wp\/v2\/posts\/2650"}],"collection":[{"href":"https:\/\/lafuente.mx\/index.php?rest_route=\/wp\/v2\/posts"}],"about":[{"href":"https:\/\/lafuente.mx\/index.php?rest_route=\/wp\/v2\/types\/post"}],"author":[{"embeddable":true,"href":"https:\/\/lafuente.mx\/index.php?rest_route=\/wp\/v2\/users\/3"}],"replies":[{"embeddable":true,"href":"https:\/\/lafuente.mx\/index.php?rest_route=%2Fwp%2Fv2%2Fcomments&post=2650"}],"version-history":[{"count":2,"href":"https:\/\/lafuente.mx\/index.php?rest_route=\/wp\/v2\/posts\/2650\/revisions"}],"predecessor-version":[{"id":2654,"href":"https:\/\/lafuente.mx\/index.php?rest_route=\/wp\/v2\/posts\/2650\/revisions\/2654"}],"wp:featuredmedia":[{"embeddable":true,"href":"https:\/\/lafuente.mx\/index.php?rest_route=\/wp\/v2\/media\/2653"}],"wp:attachment":[{"href":"https:\/\/lafuente.mx\/index.php?rest_route=%2Fwp%2Fv2%2Fmedia&parent=2650"}],"wp:term":[{"taxonomy":"category","embeddable":true,"href":"https:\/\/lafuente.mx\/index.php?rest_route=%2Fwp%2Fv2%2Fcategories&post=2650"},{"taxonomy":"post_tag","embeddable":true,"href":"https:\/\/lafuente.mx\/index.php?rest_route=%2Fwp%2Fv2%2Ftags&post=2650"}],"curies":[{"name":"wp","href":"https:\/\/api.w.org\/{rel}","templated":true}]}}