{"id":2641,"date":"2024-11-08T09:17:00","date_gmt":"2024-11-08T09:17:00","guid":{"rendered":"https:\/\/lafuente.mx\/?p=2641"},"modified":"2024-11-22T15:43:12","modified_gmt":"2024-11-22T15:43:12","slug":"dia-mundial-de-la-radiologia","status":"publish","type":"post","link":"https:\/\/lafuente.mx\/?p=2641","title":{"rendered":"D\u00eda Mundial de la Radiolog\u00eda"},"content":{"rendered":"\n<hr class=\"wp-block-separator has-text-color has-luminous-vivid-orange-color has-alpha-channel-opacity has-luminous-vivid-orange-background-color has-background is-style-wide\"\/>\n\n\n\n<p class=\"has-text-align-center has-large-font-size\"><strong>8 de noviembre&nbsp;<\/strong><\/p>\n\n\n\n<hr class=\"wp-block-separator has-text-color has-luminous-vivid-orange-color has-alpha-channel-opacity has-luminous-vivid-orange-background-color has-background\"\/>\n\n\n\n<p class=\"has-medium-font-size\">La radiolog\u00eda es una rama de la medicina que se ocupa de generar im\u00e1genes del interior del cuerpo para el diagn\u00f3stico y tratamiento de lesiones y enfermedades, por lo que es de gran importancia para la salud.&nbsp;&nbsp;<\/p>\n\n\n\n<p class=\"has-medium-font-size\">Cada a\u00f1o, el 8 de noviembre se conmemora el D\u00eda Mundial de la Radiolog\u00eda en honor al aniversario del descubrimiento de los rayos X por Wilhelm Conrad Roentgen, en 1895.&nbsp;<\/p>\n\n\n\n<p class=\"has-medium-font-size\">Este d\u00eda busca atraer la atenci\u00f3n del p\u00fablico y crear conciencia de los beneficios de la imagenolog\u00eda m\u00e9dica y de su evoluci\u00f3n a trav\u00e9s de una constante innovaci\u00f3n tecnol\u00f3gica.&nbsp;<\/p>\n\n\n\n<p class=\"has-medium-font-size\">Tambi\u00e9n destacar el papel esencial del radi\u00f3logo como parte del equipo de salud y los altos est\u00e1ndares educativos y profesionales que requiere el personal que trabaja en este campo.&nbsp;<\/p>\n\n\n\n<p class=\"has-medium-font-size\">La radiolog\u00eda tiene su origen a finales del siglo XIX, cuando el f\u00edsico alem\u00e1n Wilhelm Conrad Roentgen descubri\u00f3 por casualidad los rayos X mientras realizaba experimentos con tubos de vac\u00edo y un generador el\u00e9ctrico, acci\u00f3n que lo llev\u00f3 a recibir el Primer Premio Nobel en f\u00edsica, en 1901.&nbsp;<\/p>\n\n\n<div class=\"wp-block-image\">\n<figure class=\"aligncenter size-full\"><img decoding=\"async\" loading=\"lazy\" width=\"500\" height=\"800\" src=\"https:\/\/i0.wp.com\/lafuente.mx\/wp-content\/uploads\/2024\/11\/ImagenesCereb-1-rotated.jpg?resize=500%2C800&#038;ssl=1\" alt=\"\" class=\"wp-image-2646\" srcset=\"https:\/\/i0.wp.com\/lafuente.mx\/wp-content\/uploads\/2024\/11\/ImagenesCereb-1-rotated.jpg?w=500&amp;ssl=1 500w, https:\/\/i0.wp.com\/lafuente.mx\/wp-content\/uploads\/2024\/11\/ImagenesCereb-1-rotated.jpg?resize=188%2C300&amp;ssl=1 188w\" sizes=\"(max-width: 500px) 100vw, 500px\" data-recalc-dims=\"1\" \/><\/figure><\/div>\n\n\n<p class=\"has-medium-font-size\">Luego de este inesperado hallazgo, Conrad Roentgen se dedic\u00f3 a investigar estos singulares rayos que denomin\u00f3 \u201cRayos X\u201d por no saber su exacta naturaleza.&nbsp;<\/p>\n\n\n\n<p class=\"has-medium-font-size\">Posteriormente descubri\u00f3 que estos rayos ennegrec\u00edan las placas fotogr\u00e1ficas y que pod\u00eda hacer impresiones de las cosas densas, incluso de los huesos, dando origen a las radiograf\u00edas. La primera radiograf\u00eda fue realizada el 22 de diciembre de 1895, era la imagen de la mano de la esposa de Roentgen, Anna Bertha Ludwing.&nbsp;<\/p>\n\n\n\n<p class=\"has-medium-font-size\">M\u00e1s adelante, la f\u00edsica francesa de origen polaco, Mar\u00eda Sklodowska de Curie realiz\u00f3 varios experimentos qu\u00edmicos en los que descubri\u00f3 el elemento radioactivo denominado radio, a finales de 1898.&nbsp;<\/p>\n\n\n\n<p class=\"has-medium-font-size\">Al comenzar el siglo XX, Marie Curie y su esposo Pierre Curie realizaron experimentos industriales para producir radio con fines m\u00e9dicos y al mismo tiempo experiencias m\u00e9dicas con la radiaci\u00f3n. En 1903, tras obtener el doctorado en ciencias f\u00edsicas, Pierre y Marie Curie recibieron juntamente el Premio Nobel de F\u00edsica.&nbsp;<\/p>\n\n\n\n<p class=\"has-medium-font-size\">En 1911, la Academia de Ciencias concedi\u00f3 a Marie Curie su segundo Premio Nobel, esta vez en Qu\u00edmica, por su descubrimiento del polonio y del radio. Fue as\u00ed la primera persona \u2013no s\u00f3lo la primera mujer\u2013 que recibi\u00f3 dos Premios Nobel. El descubrimiento del radio y el polonio permiti\u00f3 definir las propiedades de la radiactividad, t\u00e9rmino acu\u00f1ado por la investigadora.&nbsp;&nbsp;<\/p>\n\n\n\n<p class=\"has-medium-font-size\">Al llegar la Primera Guerra Mundial, de 1914 a 1918, las m\u00e1quinas de rayos X eran caras y aparatosas, por lo que solo se encontraban en los grandes hospitales y los heridos mor\u00edan durante su traslado.&nbsp;<\/p>\n\n\n\n<p class=\"has-medium-font-size\">Marie Curie colabor\u00f3 con el gobierno de Francia para crear equipos port\u00e1tiles de Rayos X que fueron utilizados para localizar fragmentos de bala en los soldados heridos. Estas m\u00e1quinas consist\u00edan en un equipo de rayos X montado en un auto, con una sala oscura para revelado y un dinamo para generar toda la electricidad necesaria. Todo funcionaba con base en el motor de gasolina del coche. Este invento salv\u00f3 muchas vidas&nbsp;<\/p>\n\n\n\n<hr class=\"wp-block-separator has-text-color has-luminous-vivid-orange-color has-alpha-channel-opacity has-luminous-vivid-orange-background-color has-background\"\/>\n\n\n\n<div class=\"wp-block-buttons is-layout-flex wp-block-buttons-is-layout-flex\">\n<div class=\"wp-block-button\"><a class=\"wp-block-button__link has-luminous-vivid-orange-background-color has-background wp-element-button\" href=\"https:\/\/www.gob.mx\/insabi\/prensa\/dia-mundial-de-la-radiologia-8-de-noviembre\">M\u00e1s informaci\u00f3n<\/a><\/div>\n<\/div>\n","protected":false},"excerpt":{"rendered":"<p>8 de noviembre&nbsp; La radiolog\u00eda es una rama de la medicina que se ocupa de generar im\u00e1genes del interior del cuerpo para el diagn\u00f3stico y<\/p>\n","protected":false},"author":3,"featured_media":2646,"comment_status":"closed","ping_status":"closed","sticky":false,"template":"","format":"standard","meta":{"footnotes":"","jetpack_publicize_message":"","jetpack_is_tweetstorm":false,"jetpack_publicize_feature_enabled":true},"categories":[13],"tags":[810,286,98,21,809,807,32],"jetpack_publicize_connections":[],"yoast_head":"<!-- This site is optimized with the Yoast SEO plugin v19.4 - https:\/\/yoast.com\/wordpress\/plugins\/seo\/ -->\n<title>D\u00eda Mundial de la Radiolog\u00eda -<\/title>\n<meta name=\"robots\" content=\"index, follow, max-snippet:-1, max-image-preview:large, max-video-preview:-1\" \/>\n<link rel=\"canonical\" href=\"https:\/\/lafuente.mx\/?p=2641\" \/>\n<meta property=\"og:locale\" content=\"es_MX\" \/>\n<meta property=\"og:type\" content=\"article\" \/>\n<meta property=\"og:title\" content=\"D\u00eda Mundial de la Radiolog\u00eda -\" \/>\n<meta property=\"og:description\" content=\"8 de noviembre&nbsp; La radiolog\u00eda es una rama de la medicina que se ocupa de generar im\u00e1genes del interior del cuerpo para el diagn\u00f3stico y\" \/>\n<meta property=\"og:url\" content=\"https:\/\/lafuente.mx\/?p=2641\" \/>\n<meta property=\"article:published_time\" content=\"2024-11-08T09:17:00+00:00\" \/>\n<meta property=\"article:modified_time\" content=\"2024-11-22T15:43:12+00:00\" \/>\n<meta property=\"og:image\" content=\"http:\/\/lafuente.mx\/wp-content\/uploads\/2024\/11\/ImagenesCereb-1-rotated.jpg\" \/>\n\t<meta property=\"og:image:width\" content=\"500\" \/>\n\t<meta property=\"og:image:height\" content=\"800\" \/>\n\t<meta property=\"og:image:type\" content=\"image\/jpeg\" \/>\n<meta name=\"author\" content=\"Claudia Gallardo\" \/>\n<meta name=\"twitter:card\" content=\"summary_large_image\" \/>\n<meta name=\"twitter:label1\" content=\"Escrito por\" \/>\n\t<meta name=\"twitter:data1\" content=\"Claudia Gallardo\" \/>\n\t<meta name=\"twitter:label2\" content=\"Tiempo de lectura\" \/>\n\t<meta name=\"twitter:data2\" content=\"3 minutos\" \/>\n<script type=\"application\/ld+json\" class=\"yoast-schema-graph\">{\"@context\":\"https:\/\/schema.org\",\"@graph\":[{\"@type\":\"WebSite\",\"@id\":\"https:\/\/lafuente.mx\/#website\",\"url\":\"https:\/\/lafuente.mx\/\",\"name\":\"\",\"description\":\"Informaci\u00f3n confiable sobre salud mental\",\"potentialAction\":[{\"@type\":\"SearchAction\",\"target\":{\"@type\":\"EntryPoint\",\"urlTemplate\":\"https:\/\/lafuente.mx\/?s={search_term_string}\"},\"query-input\":\"required name=search_term_string\"}],\"inLanguage\":\"es-MX\"},{\"@type\":\"WebPage\",\"@id\":\"https:\/\/lafuente.mx\/?p=2641\",\"url\":\"https:\/\/lafuente.mx\/?p=2641\",\"name\":\"D\u00eda Mundial de la Radiolog\u00eda -\",\"isPartOf\":{\"@id\":\"https:\/\/lafuente.mx\/#website\"},\"datePublished\":\"2024-11-08T09:17:00+00:00\",\"dateModified\":\"2024-11-22T15:43:12+00:00\",\"author\":{\"@id\":\"https:\/\/lafuente.mx\/#\/schema\/person\/603f3aa8e2f6f7879021ab722d39d6b0\"},\"breadcrumb\":{\"@id\":\"https:\/\/lafuente.mx\/?p=2641#breadcrumb\"},\"inLanguage\":\"es-MX\",\"potentialAction\":[{\"@type\":\"ReadAction\",\"target\":[\"https:\/\/lafuente.mx\/?p=2641\"]}]},{\"@type\":\"BreadcrumbList\",\"@id\":\"https:\/\/lafuente.mx\/?p=2641#breadcrumb\",\"itemListElement\":[{\"@type\":\"ListItem\",\"position\":1,\"name\":\"Inicio\",\"item\":\"https:\/\/lafuente.mx\/\"},{\"@type\":\"ListItem\",\"position\":2,\"name\":\"D\u00eda Mundial de la Radiolog\u00eda\"}]},{\"@type\":\"Person\",\"@id\":\"https:\/\/lafuente.mx\/#\/schema\/person\/603f3aa8e2f6f7879021ab722d39d6b0\",\"name\":\"Claudia Gallardo\",\"image\":{\"@type\":\"ImageObject\",\"inLanguage\":\"es-MX\",\"@id\":\"https:\/\/lafuente.mx\/#\/schema\/person\/image\/\",\"url\":\"https:\/\/secure.gravatar.com\/avatar\/bfe9c966af1ccfb9d17bcdb9d04e8815?s=96&d=mm&r=g\",\"contentUrl\":\"https:\/\/secure.gravatar.com\/avatar\/bfe9c966af1ccfb9d17bcdb9d04e8815?s=96&d=mm&r=g\",\"caption\":\"Claudia Gallardo\"},\"url\":\"https:\/\/lafuente.mx\/?author=3\"}]}<\/script>\n<!-- \/ Yoast SEO plugin. -->","yoast_head_json":{"title":"D\u00eda Mundial de la Radiolog\u00eda -","robots":{"index":"index","follow":"follow","max-snippet":"max-snippet:-1","max-image-preview":"max-image-preview:large","max-video-preview":"max-video-preview:-1"},"canonical":"https:\/\/lafuente.mx\/?p=2641","og_locale":"es_MX","og_type":"article","og_title":"D\u00eda Mundial de la Radiolog\u00eda -","og_description":"8 de noviembre&nbsp; La radiolog\u00eda es una rama de la medicina que se ocupa de generar im\u00e1genes del interior del cuerpo para el diagn\u00f3stico y","og_url":"https:\/\/lafuente.mx\/?p=2641","article_published_time":"2024-11-08T09:17:00+00:00","article_modified_time":"2024-11-22T15:43:12+00:00","og_image":[{"width":500,"height":800,"url":"http:\/\/lafuente.mx\/wp-content\/uploads\/2024\/11\/ImagenesCereb-1-rotated.jpg","type":"image\/jpeg"}],"author":"Claudia Gallardo","twitter_card":"summary_large_image","twitter_misc":{"Escrito por":"Claudia Gallardo","Tiempo de lectura":"3 minutos"},"schema":{"@context":"https:\/\/schema.org","@graph":[{"@type":"WebSite","@id":"https:\/\/lafuente.mx\/#website","url":"https:\/\/lafuente.mx\/","name":"","description":"Informaci\u00f3n confiable sobre salud mental","potentialAction":[{"@type":"SearchAction","target":{"@type":"EntryPoint","urlTemplate":"https:\/\/lafuente.mx\/?s={search_term_string}"},"query-input":"required name=search_term_string"}],"inLanguage":"es-MX"},{"@type":"WebPage","@id":"https:\/\/lafuente.mx\/?p=2641","url":"https:\/\/lafuente.mx\/?p=2641","name":"D\u00eda Mundial de la Radiolog\u00eda -","isPartOf":{"@id":"https:\/\/lafuente.mx\/#website"},"datePublished":"2024-11-08T09:17:00+00:00","dateModified":"2024-11-22T15:43:12+00:00","author":{"@id":"https:\/\/lafuente.mx\/#\/schema\/person\/603f3aa8e2f6f7879021ab722d39d6b0"},"breadcrumb":{"@id":"https:\/\/lafuente.mx\/?p=2641#breadcrumb"},"inLanguage":"es-MX","potentialAction":[{"@type":"ReadAction","target":["https:\/\/lafuente.mx\/?p=2641"]}]},{"@type":"BreadcrumbList","@id":"https:\/\/lafuente.mx\/?p=2641#breadcrumb","itemListElement":[{"@type":"ListItem","position":1,"name":"Inicio","item":"https:\/\/lafuente.mx\/"},{"@type":"ListItem","position":2,"name":"D\u00eda Mundial de la Radiolog\u00eda"}]},{"@type":"Person","@id":"https:\/\/lafuente.mx\/#\/schema\/person\/603f3aa8e2f6f7879021ab722d39d6b0","name":"Claudia Gallardo","image":{"@type":"ImageObject","inLanguage":"es-MX","@id":"https:\/\/lafuente.mx\/#\/schema\/person\/image\/","url":"https:\/\/secure.gravatar.com\/avatar\/bfe9c966af1ccfb9d17bcdb9d04e8815?s=96&d=mm&r=g","contentUrl":"https:\/\/secure.gravatar.com\/avatar\/bfe9c966af1ccfb9d17bcdb9d04e8815?s=96&d=mm&r=g","caption":"Claudia Gallardo"},"url":"https:\/\/lafuente.mx\/?author=3"}]}},"jetpack_featured_media_url":"https:\/\/i0.wp.com\/lafuente.mx\/wp-content\/uploads\/2024\/11\/ImagenesCereb-1-rotated.jpg?fit=500%2C800&ssl=1","jetpack-related-posts":[{"id":3437,"url":"https:\/\/lafuente.mx\/?p=3437","url_meta":{"origin":2641,"position":0},"title":"D\u00eda Internacional del Hombre\u00a0","date":"noviembre 18, 2025","format":false,"excerpt":"19 de noviembre\u00a0 Foto INPRFM Esta fecha se conmemora desde 1992 con el prop\u00f3sito de reconocer el papel positivo de los hombres en la sociedad y promover su salud f\u00edsica y emocional.\u00a0El D\u00eda Internacional del Hombre busca tambi\u00e9n fomentar la igualdad de g\u00e9nero, la paz, la no violencia, la equidad,\u2026","rel":"","context":"En &quot;Efem\u00e9rides de Salud Mental&quot;","img":{"alt_text":"","src":"https:\/\/i0.wp.com\/lafuente.mx\/wp-content\/uploads\/2025\/10\/Fco-enriquez-scaled.jpg?fit=1200%2C1143&ssl=1&resize=350%2C200","width":350,"height":200},"classes":[]},{"id":1867,"url":"https:\/\/lafuente.mx\/?p=1867","url_meta":{"origin":2641,"position":1},"title":"D\u00eda Internacional del Hombre","date":"noviembre 15, 2023","format":false,"excerpt":"El 19 de noviembre, D\u00eda Internacional del Hombre, celebra en todo el mundo el valor positivo que los hombres aportan al mundo, a sus familias y comunidades.\u00a0Destacamos modelos positivos y creamos conciencia sobre el bienestar de los hombres.\u00a0 Nuestro tema para 2023 es \u201cCero suicidio masculino\u201d.\u00a0 Juntos podemos detener el\u2026","rel":"","context":"En &quot;Efem\u00e9rides de Salud Mental&quot;","img":{"alt_text":"","src":"https:\/\/i0.wp.com\/lafuente.mx\/wp-content\/uploads\/2023\/11\/hombres.jpeg?fit=1000%2C667&ssl=1&resize=350%2C200","width":350,"height":200},"classes":[]},{"id":3610,"url":"https:\/\/lafuente.mx\/?p=3610","url_meta":{"origin":2641,"position":2},"title":"D\u00eda Mundial del Sue\u00f1o\u00a0","date":"marzo 13, 2026","format":false,"excerpt":"13 de marzo El objetivo principal del D\u00eda Mundial del Sue\u00f1o es concienciar a la sociedad sobre la importancia del sue\u00f1o saludable y su papel esencial en el mantenimiento de una salud y bienestar de alta calidad.\u00a0 Datos relevantes del sue\u00f1o y salud mental\u00a0\u00a0 Se estima que cerca del 40%\u2026","rel":"","context":"En &quot;Efem\u00e9rides de Salud Mental&quot;","img":{"alt_text":"","src":"https:\/\/i0.wp.com\/lafuente.mx\/wp-content\/uploads\/2026\/03\/Gemini_Generated_Image_5xuwfz5xuwfz5xuw.png?fit=1200%2C670&ssl=1&resize=350%2C200","width":350,"height":200},"classes":[]},{"id":1744,"url":"https:\/\/lafuente.mx\/?p=1744","url_meta":{"origin":2641,"position":3},"title":"Tema del D\u00eda Mundial de la Salud Mental","date":"octubre 10, 2023","format":false,"excerpt":"'LA SALUD MENTAL ES UN DERECHO HUMANO UNIVERSAL'\u00a0 El 10 de octubre de 2023 celebraremos el D\u00eda Mundial de la Salud Mental con el tema 'La salud mental es un derecho humano universal' elegido mediante una votaci\u00f3n global abierta al p\u00fablico, incluidos los miembros, las partes interesadas y los partidarios\u2026","rel":"","context":"En &quot;Efem\u00e9rides de Salud Mental&quot;","img":{"alt_text":"","src":"https:\/\/i0.wp.com\/lafuente.mx\/wp-content\/uploads\/2023\/09\/salud-mental2.jpeg?fit=1200%2C541&ssl=1&resize=350%2C200","width":350,"height":200},"classes":[]},{"id":3343,"url":"https:\/\/lafuente.mx\/?p=3343","url_meta":{"origin":2641,"position":4},"title":"D\u00eda mundial de la salud mental","date":"octubre 10, 2025","format":false,"excerpt":"En este 10 de octubre, conmemoramos el D\u00eda Mundial de la Salud Mental y queremos que este d\u00eda no pase desapercibido. \ud83d\udd38 Escucha las voces de nuestros especialistas\ud83d\udd38 Reflexiona con nosotros sobre lo que significa el bienestar emocional\ud83d\udd38 Comparte este mensaje: que cada comienzo sea un paso hacia un futuro\u2026","rel":"","context":"En &quot;Efem\u00e9rides de Salud Mental&quot;","img":{"alt_text":"","src":"https:\/\/i0.wp.com\/lafuente.mx\/wp-content\/uploads\/2025\/10\/Mesa-de-trabajo-1-100.jpg?fit=1200%2C675&ssl=1&resize=350%2C200","width":350,"height":200},"classes":[]},{"id":3025,"url":"https:\/\/lafuente.mx\/?p=3025","url_meta":{"origin":2641,"position":5},"title":"Tema del mes: Salud cerebral","date":"julio 25, 2025","format":false,"excerpt":"JULIO En el INPRFM trabajamos cada d\u00eda para generar conocimiento, brindar atenci\u00f3n especializada y promover el bienestar mental y cerebral de la poblaci\u00f3n. Cuidar el cerebro es una tarea de todos, en todas las edades.","rel":"","context":"En &quot;T\u00f3picos de salud mental&quot;","img":{"alt_text":"","src":"https:\/\/i0.wp.com\/lafuente.mx\/wp-content\/uploads\/2025\/07\/Captura-de-pantalla-2025-07-08-a-las-12.35.47.png?fit=1200%2C702&ssl=1&resize=350%2C200","width":350,"height":200},"classes":[]}],"jetpack_sharing_enabled":true,"jetpack_shortlink":"https:\/\/wp.me\/pe9WUx-GB","_links":{"self":[{"href":"https:\/\/lafuente.mx\/index.php?rest_route=\/wp\/v2\/posts\/2641"}],"collection":[{"href":"https:\/\/lafuente.mx\/index.php?rest_route=\/wp\/v2\/posts"}],"about":[{"href":"https:\/\/lafuente.mx\/index.php?rest_route=\/wp\/v2\/types\/post"}],"author":[{"embeddable":true,"href":"https:\/\/lafuente.mx\/index.php?rest_route=\/wp\/v2\/users\/3"}],"replies":[{"embeddable":true,"href":"https:\/\/lafuente.mx\/index.php?rest_route=%2Fwp%2Fv2%2Fcomments&post=2641"}],"version-history":[{"count":3,"href":"https:\/\/lafuente.mx\/index.php?rest_route=\/wp\/v2\/posts\/2641\/revisions"}],"predecessor-version":[{"id":2649,"href":"https:\/\/lafuente.mx\/index.php?rest_route=\/wp\/v2\/posts\/2641\/revisions\/2649"}],"wp:featuredmedia":[{"embeddable":true,"href":"https:\/\/lafuente.mx\/index.php?rest_route=\/wp\/v2\/media\/2646"}],"wp:attachment":[{"href":"https:\/\/lafuente.mx\/index.php?rest_route=%2Fwp%2Fv2%2Fmedia&parent=2641"}],"wp:term":[{"taxonomy":"category","embeddable":true,"href":"https:\/\/lafuente.mx\/index.php?rest_route=%2Fwp%2Fv2%2Fcategories&post=2641"},{"taxonomy":"post_tag","embeddable":true,"href":"https:\/\/lafuente.mx\/index.php?rest_route=%2Fwp%2Fv2%2Ftags&post=2641"}],"curies":[{"name":"wp","href":"https:\/\/api.w.org\/{rel}","templated":true}]}}