{"id":2637,"date":"2024-11-06T07:24:00","date_gmt":"2024-11-06T07:24:00","guid":{"rendered":"https:\/\/lafuente.mx\/?p=2637"},"modified":"2024-11-13T13:31:59","modified_gmt":"2024-11-13T13:31:59","slug":"borrador-automatico-opciones-terapeuticas-para-el-manejo-integral-de-los-trastornos-del-sueno","status":"publish","type":"post","link":"https:\/\/lafuente.mx\/?p=2637","title":{"rendered":"Opciones terap\u00e9uticas para el manejo integral de los trastornos del sue\u00f1o\u00a0"},"content":{"rendered":"\n<hr class=\"wp-block-separator has-text-color has-cyan-bluish-gray-color has-alpha-channel-opacity has-cyan-bluish-gray-background-color has-background\"\/>\n\n\n\n<p class=\"has-text-align-center\">29 octubre, 2024&nbsp;<\/p>\n\n\n\n<hr class=\"wp-block-separator has-text-color has-cyan-bluish-gray-color has-alpha-channel-opacity has-cyan-bluish-gray-background-color has-background\"\/>\n\n\n\n<p class=\"has-medium-font-size\">En la actividad transmitida por&nbsp;<a href=\"https:\/\/www.youtube.com\/watch?v=QesXCuhUHPE\" target=\"_blank\" rel=\"noreferrer noopener\"><em>YouTube<\/em><\/a><em>,&nbsp;<\/em>el doctor <strong>Alejandro Jim\u00e9nez-Genchi, Coordinador de la Cl\u00ednica del Sue\u00f1o del Instituto Nacional de Psiquiatr\u00eda Ram\u00f3n de la Fuente <\/strong>Mu\u00f1iz,&nbsp;explic\u00f3 la importancia de identificar correctamente los trastornos del sue\u00f1o, que pueden ir desde el insomnio hasta la apnea del sue\u00f1o, el s\u00edndrome de las piernas inquietas y los trastornos del ritmo circadiano. Enfatiz\u00f3 que el sue\u00f1o no es un proceso pasivo, sino que se trata de una funci\u00f3n esencial para la salud f\u00edsica y mental, afectando la capacidad cognitiva, el estado de \u00e1nimo y el bienestar general.&nbsp;<\/p>\n\n\n\n<p class=\"has-medium-font-size\">El insomnio, uno de los trastornos m\u00e1s prevalentes en la poblaci\u00f3n, fue un tema central de la charla. El doctor Jim\u00e9nez-Genchi agreg\u00f3 que, en su forma cr\u00f3nica,&nbsp;<strong>este trastorno puede desencadenar otros problemas de salud, como la depresi\u00f3n y la ansiedad. <\/strong>Adem\u00e1s, subray\u00f3 que las causas del insomnio pueden ser variadas, desde factores psicol\u00f3gicos hasta condiciones m\u00e9dicas subyacentes, y que el tratamiento debe ser individualizado.&nbsp;<\/p>\n\n\n\n<figure class=\"wp-block-image size-large\"><img decoding=\"async\" loading=\"lazy\" width=\"640\" height=\"425\" src=\"https:\/\/i0.wp.com\/lafuente.mx\/wp-content\/uploads\/2024\/11\/hours-of-sleep-healthy-sleep-sleep-pattern-857957.jpg?resize=640%2C425\" alt=\"hours of sleep, healthy sleep, sleep pattern-857957.jpg\" class=\"wp-image-2638\" srcset=\"https:\/\/i0.wp.com\/lafuente.mx\/wp-content\/uploads\/2024\/11\/hours-of-sleep-healthy-sleep-sleep-pattern-857957.jpg?resize=1024%2C680&amp;ssl=1 1024w, https:\/\/i0.wp.com\/lafuente.mx\/wp-content\/uploads\/2024\/11\/hours-of-sleep-healthy-sleep-sleep-pattern-857957.jpg?resize=300%2C199&amp;ssl=1 300w, https:\/\/i0.wp.com\/lafuente.mx\/wp-content\/uploads\/2024\/11\/hours-of-sleep-healthy-sleep-sleep-pattern-857957.jpg?resize=768%2C510&amp;ssl=1 768w, https:\/\/i0.wp.com\/lafuente.mx\/wp-content\/uploads\/2024\/11\/hours-of-sleep-healthy-sleep-sleep-pattern-857957.jpg?w=1280&amp;ssl=1 1280w\" sizes=\"(max-width: 640px) 100vw, 640px\" data-recalc-dims=\"1\" \/><\/figure>\n\n\n\n<hr class=\"wp-block-separator has-text-color has-cyan-bluish-gray-color has-alpha-channel-opacity has-cyan-bluish-gray-background-color has-background\"\/>\n\n\n\n<p class=\"has-medium-font-size\"><strong>\u201cNo hay una soluci\u00f3n \u00fanica para el insomnio. Cada paciente necesita un tratamiento que tome en cuenta sus caracter\u00edsticas espec\u00edficas, esto debido a que la mayor\u00eda de pacientes que acuden por este trastorno cuentan con una comorbilidad como obesidad, diabetes, insuficiencia cardiaca e hipertensi\u00f3n arterial, entre otras\u201d<\/strong>, mencion\u00f3.&nbsp;<\/p>\n\n\n\n<p class=\"has-medium-font-size\">La ponencia tambi\u00e9n abord\u00f3 las diferentes opciones terap\u00e9uticas disponibles para tratar estos trastornos. Asimismo, destac\u00f3 la importancia de realizar una evaluaci\u00f3n completa antes de iniciar cualquier tratamiento, para poder ofrecer la opci\u00f3n m\u00e1s adecuada a cada paciente.&nbsp;Entre las alternativas mencionadas, resalt\u00f3 la Terapia Cognitivo-Conductual para el Insomnio (TCC-I), que se ha demostrado eficaz en la mayor\u00eda de los casos, as\u00ed como el uso de medicamentos, que deben ser recetados con cautela debido a los posibles efectos secundarios y al riesgo de dependencia.&nbsp;<\/p>\n\n\n\n<p class=\"has-medium-font-size\">\u201cLa mitad de los pacientes que la realizan apropiadamente mejoran en alg\u00fan grado. El uso de medicamentos debe quedarse en segundo plano, ya que a\u00fan no existe una secuencia de tratamiento bien fundamentada\u201d, agreg\u00f3.&nbsp;<\/p>\n\n\n\n<hr class=\"wp-block-separator has-text-color has-cyan-bluish-gray-color has-alpha-channel-opacity has-cyan-bluish-gray-background-color has-background\"\/>\n\n\n\n<div class=\"wp-block-buttons is-layout-flex wp-block-buttons-is-layout-flex\">\n<div class=\"wp-block-button\"><a class=\"wp-block-button__link has-vivid-cyan-blue-color has-text-color has-background wp-element-button\" href=\"https:\/\/gaceta.facmed.unam.mx\/index.php\/2024\/10\/29\/opciones-terapeuticas-para-el-manejo-integral-de-los-trastornos-del-sueno\/\" style=\"background-color:#dedede\"><strong>M\u00e1s informaci\u00f3n<\/strong><\/a><\/div>\n<\/div>\n","protected":false},"excerpt":{"rendered":"<p>29 octubre, 2024&nbsp; En la actividad transmitida por&nbsp;YouTube,&nbsp;el doctor Alejandro Jim\u00e9nez-Genchi, Coordinador de la Cl\u00ednica del Sue\u00f1o del Instituto Nacional de Psiquiatr\u00eda Ram\u00f3n de la<\/p>\n","protected":false},"author":3,"featured_media":2638,"comment_status":"closed","ping_status":"closed","sticky":false,"template":"","format":"standard","meta":{"footnotes":"","jetpack_publicize_message":"","jetpack_is_tweetstorm":false,"jetpack_publicize_feature_enabled":true},"categories":[3],"tags":[34,87,21,313,806,805,32,599],"jetpack_publicize_connections":[],"yoast_head":"<!-- This site is optimized with the Yoast SEO plugin v19.4 - https:\/\/yoast.com\/wordpress\/plugins\/seo\/ -->\n<title>Opciones terap\u00e9uticas para el manejo integral de los trastornos del sue\u00f1o\u00a0 -<\/title>\n<meta name=\"description\" content=\"El insomnio, uno de los trastornos m\u00e1s prevalentes en la poblaci\u00f3n, fue un tema central de la charla. El doctor Jim\u00e9nez-Genchi agreg\u00f3 que, en su forma cr\u00f3nica,\u00a0este trastorno puede desencadenar otros problemas de salud, como la depresi\u00f3n y la ansiedad.\" \/>\n<meta name=\"robots\" content=\"index, follow, max-snippet:-1, max-image-preview:large, max-video-preview:-1\" \/>\n<link rel=\"canonical\" href=\"https:\/\/lafuente.mx\/?p=2637\" \/>\n<meta property=\"og:locale\" content=\"es_MX\" \/>\n<meta property=\"og:type\" content=\"article\" \/>\n<meta property=\"og:title\" content=\"Opciones terap\u00e9uticas para el manejo integral de los trastornos del sue\u00f1o\" \/>\n<meta property=\"og:description\" content=\"El insomnio, uno de los trastornos m\u00e1s prevalentes en la poblaci\u00f3n, fue un tema central de la charla. El doctor Jim\u00e9nez-Genchi agreg\u00f3 que, en su forma cr\u00f3nica,\u00a0este trastorno puede desencadenar otros problemas de salud, como la depresi\u00f3n y la ansiedad.\" \/>\n<meta property=\"og:url\" content=\"https:\/\/lafuente.mx\/?p=2637\" \/>\n<meta property=\"article:published_time\" content=\"2024-11-06T07:24:00+00:00\" \/>\n<meta property=\"article:modified_time\" content=\"2024-11-13T13:31:59+00:00\" \/>\n<meta property=\"og:image\" content=\"http:\/\/lafuente.mx\/wp-content\/uploads\/2024\/11\/hours-of-sleep-healthy-sleep-sleep-pattern-857957.jpg\" \/>\n\t<meta property=\"og:image:width\" content=\"1280\" \/>\n\t<meta property=\"og:image:height\" content=\"850\" \/>\n\t<meta property=\"og:image:type\" content=\"image\/jpeg\" \/>\n<meta name=\"author\" content=\"Claudia Gallardo\" \/>\n<meta name=\"twitter:card\" content=\"summary_large_image\" \/>\n<meta name=\"twitter:title\" content=\"Opciones terap\u00e9uticas para el manejo integral de los trastornos del sue\u00f1o\" \/>\n<meta name=\"twitter:description\" content=\"El insomnio, uno de los trastornos m\u00e1s prevalentes en la poblaci\u00f3n, fue un tema central de la charla. El doctor Jim\u00e9nez-Genchi agreg\u00f3 que, en su forma cr\u00f3nica,\u00a0este trastorno puede desencadenar otros problemas de salud, como la depresi\u00f3n y la ansiedad.\" \/>\n<meta name=\"twitter:image\" content=\"https:\/\/i0.wp.com\/lafuente.mx\/wp-content\/uploads\/2024\/11\/hours-of-sleep-healthy-sleep-sleep-pattern-857957.jpg?fit=1280%2C850&ssl=1\" \/>\n<meta name=\"twitter:label1\" content=\"Escrito por\" \/>\n\t<meta name=\"twitter:data1\" content=\"Claudia Gallardo\" \/>\n\t<meta name=\"twitter:label2\" content=\"Tiempo de lectura\" \/>\n\t<meta name=\"twitter:data2\" content=\"2 minutos\" \/>\n<script type=\"application\/ld+json\" class=\"yoast-schema-graph\">{\"@context\":\"https:\/\/schema.org\",\"@graph\":[{\"@type\":\"WebSite\",\"@id\":\"https:\/\/lafuente.mx\/#website\",\"url\":\"https:\/\/lafuente.mx\/\",\"name\":\"\",\"description\":\"Informaci\u00f3n confiable sobre salud mental\",\"potentialAction\":[{\"@type\":\"SearchAction\",\"target\":{\"@type\":\"EntryPoint\",\"urlTemplate\":\"https:\/\/lafuente.mx\/?s={search_term_string}\"},\"query-input\":\"required name=search_term_string\"}],\"inLanguage\":\"es-MX\"},{\"@type\":\"WebPage\",\"@id\":\"https:\/\/lafuente.mx\/?p=2637\",\"url\":\"https:\/\/lafuente.mx\/?p=2637\",\"name\":\"Opciones terap\u00e9uticas para el manejo integral de los trastornos del sue\u00f1o\u00a0 -\",\"isPartOf\":{\"@id\":\"https:\/\/lafuente.mx\/#website\"},\"datePublished\":\"2024-11-06T07:24:00+00:00\",\"dateModified\":\"2024-11-13T13:31:59+00:00\",\"author\":{\"@id\":\"https:\/\/lafuente.mx\/#\/schema\/person\/603f3aa8e2f6f7879021ab722d39d6b0\"},\"description\":\"El insomnio, uno de los trastornos m\u00e1s prevalentes en la poblaci\u00f3n, fue un tema central de la charla. El doctor Jim\u00e9nez-Genchi agreg\u00f3 que, en su forma cr\u00f3nica,\u00a0este trastorno puede desencadenar otros problemas de salud, como la depresi\u00f3n y la ansiedad.\",\"breadcrumb\":{\"@id\":\"https:\/\/lafuente.mx\/?p=2637#breadcrumb\"},\"inLanguage\":\"es-MX\",\"potentialAction\":[{\"@type\":\"ReadAction\",\"target\":[\"https:\/\/lafuente.mx\/?p=2637\"]}]},{\"@type\":\"BreadcrumbList\",\"@id\":\"https:\/\/lafuente.mx\/?p=2637#breadcrumb\",\"itemListElement\":[{\"@type\":\"ListItem\",\"position\":1,\"name\":\"Inicio\",\"item\":\"https:\/\/lafuente.mx\/\"},{\"@type\":\"ListItem\",\"position\":2,\"name\":\"Opciones terap\u00e9uticas para el manejo integral de los trastornos del sue\u00f1o\u00a0\"}]},{\"@type\":\"Person\",\"@id\":\"https:\/\/lafuente.mx\/#\/schema\/person\/603f3aa8e2f6f7879021ab722d39d6b0\",\"name\":\"Claudia Gallardo\",\"image\":{\"@type\":\"ImageObject\",\"inLanguage\":\"es-MX\",\"@id\":\"https:\/\/lafuente.mx\/#\/schema\/person\/image\/\",\"url\":\"https:\/\/secure.gravatar.com\/avatar\/bfe9c966af1ccfb9d17bcdb9d04e8815?s=96&d=mm&r=g\",\"contentUrl\":\"https:\/\/secure.gravatar.com\/avatar\/bfe9c966af1ccfb9d17bcdb9d04e8815?s=96&d=mm&r=g\",\"caption\":\"Claudia Gallardo\"},\"url\":\"https:\/\/lafuente.mx\/?author=3\"}]}<\/script>\n<!-- \/ Yoast SEO plugin. -->","yoast_head_json":{"title":"Opciones terap\u00e9uticas para el manejo integral de los trastornos del sue\u00f1o\u00a0 -","description":"El insomnio, uno de los trastornos m\u00e1s prevalentes en la poblaci\u00f3n, fue un tema central de la charla. El doctor Jim\u00e9nez-Genchi agreg\u00f3 que, en su forma cr\u00f3nica,\u00a0este trastorno puede desencadenar otros problemas de salud, como la depresi\u00f3n y la ansiedad.","robots":{"index":"index","follow":"follow","max-snippet":"max-snippet:-1","max-image-preview":"max-image-preview:large","max-video-preview":"max-video-preview:-1"},"canonical":"https:\/\/lafuente.mx\/?p=2637","og_locale":"es_MX","og_type":"article","og_title":"Opciones terap\u00e9uticas para el manejo integral de los trastornos del sue\u00f1o","og_description":"El insomnio, uno de los trastornos m\u00e1s prevalentes en la poblaci\u00f3n, fue un tema central de la charla. El doctor Jim\u00e9nez-Genchi agreg\u00f3 que, en su forma cr\u00f3nica,\u00a0este trastorno puede desencadenar otros problemas de salud, como la depresi\u00f3n y la ansiedad.","og_url":"https:\/\/lafuente.mx\/?p=2637","article_published_time":"2024-11-06T07:24:00+00:00","article_modified_time":"2024-11-13T13:31:59+00:00","og_image":[{"width":1280,"height":850,"url":"http:\/\/lafuente.mx\/wp-content\/uploads\/2024\/11\/hours-of-sleep-healthy-sleep-sleep-pattern-857957.jpg","type":"image\/jpeg"}],"author":"Claudia Gallardo","twitter_card":"summary_large_image","twitter_title":"Opciones terap\u00e9uticas para el manejo integral de los trastornos del sue\u00f1o","twitter_description":"El insomnio, uno de los trastornos m\u00e1s prevalentes en la poblaci\u00f3n, fue un tema central de la charla. El doctor Jim\u00e9nez-Genchi agreg\u00f3 que, en su forma cr\u00f3nica,\u00a0este trastorno puede desencadenar otros problemas de salud, como la depresi\u00f3n y la ansiedad.","twitter_image":"https:\/\/i0.wp.com\/lafuente.mx\/wp-content\/uploads\/2024\/11\/hours-of-sleep-healthy-sleep-sleep-pattern-857957.jpg?fit=1280%2C850&ssl=1","twitter_misc":{"Escrito por":"Claudia Gallardo","Tiempo de lectura":"2 minutos"},"schema":{"@context":"https:\/\/schema.org","@graph":[{"@type":"WebSite","@id":"https:\/\/lafuente.mx\/#website","url":"https:\/\/lafuente.mx\/","name":"","description":"Informaci\u00f3n confiable sobre salud mental","potentialAction":[{"@type":"SearchAction","target":{"@type":"EntryPoint","urlTemplate":"https:\/\/lafuente.mx\/?s={search_term_string}"},"query-input":"required name=search_term_string"}],"inLanguage":"es-MX"},{"@type":"WebPage","@id":"https:\/\/lafuente.mx\/?p=2637","url":"https:\/\/lafuente.mx\/?p=2637","name":"Opciones terap\u00e9uticas para el manejo integral de los trastornos del sue\u00f1o\u00a0 -","isPartOf":{"@id":"https:\/\/lafuente.mx\/#website"},"datePublished":"2024-11-06T07:24:00+00:00","dateModified":"2024-11-13T13:31:59+00:00","author":{"@id":"https:\/\/lafuente.mx\/#\/schema\/person\/603f3aa8e2f6f7879021ab722d39d6b0"},"description":"El insomnio, uno de los trastornos m\u00e1s prevalentes en la poblaci\u00f3n, fue un tema central de la charla. El doctor Jim\u00e9nez-Genchi agreg\u00f3 que, en su forma cr\u00f3nica,\u00a0este trastorno puede desencadenar otros problemas de salud, como la depresi\u00f3n y la ansiedad.","breadcrumb":{"@id":"https:\/\/lafuente.mx\/?p=2637#breadcrumb"},"inLanguage":"es-MX","potentialAction":[{"@type":"ReadAction","target":["https:\/\/lafuente.mx\/?p=2637"]}]},{"@type":"BreadcrumbList","@id":"https:\/\/lafuente.mx\/?p=2637#breadcrumb","itemListElement":[{"@type":"ListItem","position":1,"name":"Inicio","item":"https:\/\/lafuente.mx\/"},{"@type":"ListItem","position":2,"name":"Opciones terap\u00e9uticas para el manejo integral de los trastornos del sue\u00f1o\u00a0"}]},{"@type":"Person","@id":"https:\/\/lafuente.mx\/#\/schema\/person\/603f3aa8e2f6f7879021ab722d39d6b0","name":"Claudia Gallardo","image":{"@type":"ImageObject","inLanguage":"es-MX","@id":"https:\/\/lafuente.mx\/#\/schema\/person\/image\/","url":"https:\/\/secure.gravatar.com\/avatar\/bfe9c966af1ccfb9d17bcdb9d04e8815?s=96&d=mm&r=g","contentUrl":"https:\/\/secure.gravatar.com\/avatar\/bfe9c966af1ccfb9d17bcdb9d04e8815?s=96&d=mm&r=g","caption":"Claudia Gallardo"},"url":"https:\/\/lafuente.mx\/?author=3"}]}},"jetpack_featured_media_url":"https:\/\/i0.wp.com\/lafuente.mx\/wp-content\/uploads\/2024\/11\/hours-of-sleep-healthy-sleep-sleep-pattern-857957.jpg?fit=1280%2C850&ssl=1","jetpack-related-posts":[{"id":131,"url":"https:\/\/lafuente.mx\/?p=131","url_meta":{"origin":2637,"position":0},"title":"XXXII Congreso Latinoamericano de Psiquiatr\u00eda-APAL","date":"agosto 4, 2022","format":false,"excerpt":"Desaf\u00edos de la salud mental de Am\u00e9rica Latina en la era digital\u00a0 Dedicado a la Dra. Fior Sol\u00eds\u00a0 Sede: Barcel\u00f3 B\u00e1varo Convention Center Punta Cana, Rep\u00fablica Dominicana\u00a0 Un nuevo ciclo de enfermedades mentales: depresi\u00f3n, ansiedad, psicosis, trastornos del \u00e1nimo. Nuevos enfoques terap\u00e9uticos de los trastornos mentales.\u00a0 Futuro de las neurociencias.\u2026","rel":"","context":"En &quot;Eventos externos&quot;","img":{"alt_text":"","src":"https:\/\/i0.wp.com\/lafuente.mx\/wp-content\/uploads\/2022\/08\/Captura-de-Pantalla-2022-08-04-a-las-11.29.53.png?fit=902%2C432&ssl=1&resize=350%2C200","width":350,"height":200},"classes":[]},{"id":2130,"url":"https:\/\/lafuente.mx\/?p=2130","url_meta":{"origin":2637,"position":1},"title":"Mentalizarte","date":"marzo 4, 2024","format":false,"excerpt":"En marzo hablaremos sobre: Trastornos del sue\u00f1o Visita Mentalizarte","rel":"","context":"En &quot;Informaci\u00f3n de inter\u00e9s&quot;","img":{"alt_text":"","src":"https:\/\/i0.wp.com\/lafuente.mx\/wp-content\/uploads\/2024\/03\/1709567606203.jpg?fit=1200%2C692&ssl=1&resize=350%2C200","width":350,"height":200},"classes":[]},{"id":2365,"url":"https:\/\/lafuente.mx\/?p=2365","url_meta":{"origin":2637,"position":2},"title":"Trastorno Bipolar en Ni\u00f1os y\u00a0 Adolescentes\u00a0","date":"junio 19, 2024","format":false,"excerpt":"GU\u00cdAS CL\u00cdNICAS\u00a0 INTRODUCCI\u00d3N\u00a0 El Trastorno Bipolar, antiguamente conocido como enfermedad maniaco depresiva, es un trastorno del estado del \u00e1nimo, en el que se presentan fases de depresi\u00f3n con otras de euforia. Es una de las psicopatolog\u00edas menos frecuentes en la Infancia, debido en parte a que durante muchos a\u00f1os se\u2026","rel":"","context":"En &quot;Publicaciones&quot;","img":{"alt_text":"","src":"https:\/\/i0.wp.com\/lafuente.mx\/wp-content\/uploads\/2024\/06\/Captura-de-pantalla-2024-06-19-a-las-12.27.32.png?fit=868%2C864&ssl=1&resize=350%2C200","width":350,"height":200},"classes":[]},{"id":2405,"url":"https:\/\/lafuente.mx\/?p=2405","url_meta":{"origin":2637,"position":3},"title":"Insomnio: intervenciones terap\u00e9uticas para su manejo","date":"junio 28, 2024","format":false,"excerpt":"CURSO EN L\u00cdNEA Inicio: 8 de julio \u00a0 Cierre: 19 de julio \u00a0 Dirigido a: Profesionales de la salud interesados en el abordaje terap\u00e9utico del insomnio \u00a0 Objetivo: Dirigir intervenciones terap\u00e9uticas, sea psicol\u00f3gicas o farmacol\u00f3gicas; mediante la detecci\u00f3n y diagn\u00f3stico del insomnio; basadas en la planeaci\u00f3n, aplicaci\u00f3n y vigilancia correspondiente\u2026","rel":"","context":"En &quot;Cursos en l\u00ednea&quot;","img":{"alt_text":"","src":"https:\/\/i0.wp.com\/lafuente.mx\/wp-content\/uploads\/2024\/06\/f800x450-714498_765944_4833.jpg?fit=800%2C450&ssl=1&resize=350%2C200","width":350,"height":200},"classes":[]},{"id":1604,"url":"https:\/\/lafuente.mx\/?p=1604","url_meta":{"origin":2637,"position":4},"title":"Terapia asistida por MDMA para el tratamiento potencial de TEPT","date":"agosto 11, 2023","format":false,"excerpt":"El Instituto Nacional de Psiquiatr\u00eda Ram\u00f3n de la Fuente Mu\u00f1iz Invita a \u00e9sta CONFERENCIA Martes 22 de agosto, 2023 De 9:30 a 11:00 am Auditorio del Instituto Ponente Dr. Michael Alpert TEPT: Trastorno por Estr\u00e9s Postraum\u00e1tico MDMA: metilendioximetanfetamina El Dr. Alpert es un psiquiatra certificado en Massachusetts (EE. UU.) y\u2026","rel":"","context":"En &quot;Eventos Acad\u00e9micos del INPRFM&quot;","img":{"alt_text":"","src":"https:\/\/i0.wp.com\/lafuente.mx\/wp-content\/uploads\/2023\/08\/michael-alpert-.jpeg?fit=800%2C800&ssl=1&resize=350%2C200","width":350,"height":200},"classes":[]},{"id":2599,"url":"https:\/\/lafuente.mx\/?p=2599","url_meta":{"origin":2637,"position":5},"title":"Primer Encuentro de Psicodelia en M\u00e9xico a favor de la Salud Mental\u00a0","date":"octubre 22, 2024","format":false,"excerpt":"29 y 30 de noviembre, 2024 En un contexto donde la crisis de salud mental afecta a millones de personas a nivel global, M\u00e9xico se posiciona como un referente para la investigaci\u00f3n y el desarrollo de terapias alternativas con bases cient\u00edficas.\u00a0 15 de octubre Una soluci\u00f3n ancestral a una crisis\u2026","rel":"","context":"En &quot;Noticias&quot;","img":{"alt_text":"","src":"https:\/\/i0.wp.com\/lafuente.mx\/wp-content\/uploads\/2024\/10\/Captura-de-pantalla-2024-10-22-a-las-9.34.35.png?fit=1120%2C1200&ssl=1&resize=350%2C200","width":350,"height":200},"classes":[]}],"jetpack_sharing_enabled":true,"jetpack_shortlink":"https:\/\/wp.me\/pe9WUx-Gx","_links":{"self":[{"href":"https:\/\/lafuente.mx\/index.php?rest_route=\/wp\/v2\/posts\/2637"}],"collection":[{"href":"https:\/\/lafuente.mx\/index.php?rest_route=\/wp\/v2\/posts"}],"about":[{"href":"https:\/\/lafuente.mx\/index.php?rest_route=\/wp\/v2\/types\/post"}],"author":[{"embeddable":true,"href":"https:\/\/lafuente.mx\/index.php?rest_route=\/wp\/v2\/users\/3"}],"replies":[{"embeddable":true,"href":"https:\/\/lafuente.mx\/index.php?rest_route=%2Fwp%2Fv2%2Fcomments&post=2637"}],"version-history":[{"count":2,"href":"https:\/\/lafuente.mx\/index.php?rest_route=\/wp\/v2\/posts\/2637\/revisions"}],"predecessor-version":[{"id":2656,"href":"https:\/\/lafuente.mx\/index.php?rest_route=\/wp\/v2\/posts\/2637\/revisions\/2656"}],"wp:featuredmedia":[{"embeddable":true,"href":"https:\/\/lafuente.mx\/index.php?rest_route=\/wp\/v2\/media\/2638"}],"wp:attachment":[{"href":"https:\/\/lafuente.mx\/index.php?rest_route=%2Fwp%2Fv2%2Fmedia&parent=2637"}],"wp:term":[{"taxonomy":"category","embeddable":true,"href":"https:\/\/lafuente.mx\/index.php?rest_route=%2Fwp%2Fv2%2Fcategories&post=2637"},{"taxonomy":"post_tag","embeddable":true,"href":"https:\/\/lafuente.mx\/index.php?rest_route=%2Fwp%2Fv2%2Ftags&post=2637"}],"curies":[{"name":"wp","href":"https:\/\/api.w.org\/{rel}","templated":true}]}}