{"id":2625,"date":"2024-11-04T20:01:50","date_gmt":"2024-11-04T20:01:50","guid":{"rendered":"https:\/\/lafuente.mx\/?p=2625"},"modified":"2024-11-07T17:05:33","modified_gmt":"2024-11-07T17:05:33","slug":"borrador-automatico-te-gustaria-participar-en-un-estudio-en-linea-sobre-experiencias-de-violencia-y-salud-mental","status":"publish","type":"post","link":"https:\/\/lafuente.mx\/?p=2625","title":{"rendered":"\u00bfTe gustar\u00eda participar en un estudio en l\u00ednea, sobre experiencias de violencia y salud mental?\u00a0"},"content":{"rendered":"\n<hr class=\"wp-block-separator has-text-color has-vivid-purple-color has-alpha-channel-opacity has-vivid-purple-background-color has-background is-style-wide\"\/>\n\n\n\n<p class=\"has-text-color has-medium-font-size\" style=\"color:#491a75\"><strong>Objetivo: &nbsp;<\/strong><\/p>\n\n\n\n<p class=\"has-text-color has-medium-font-size\" style=\"color:#491a75\">Analizar el impacto de las experiencias de violencia a lo largo de la vida sobre la salud mental de las personas &nbsp;<\/p>\n\n\n\n<figure class=\"wp-block-image size-large is-resized\"><img decoding=\"async\" loading=\"lazy\" width=\"640\" height=\"655\" src=\"https:\/\/i0.wp.com\/lafuente.mx\/wp-content\/uploads\/2024\/11\/Captura-de-pantalla-2024-10-30-a-las-8.36.50-1001x1024.png?resize=640%2C655&#038;ssl=1\" alt=\"\" class=\"wp-image-2626\" style=\"aspect-ratio:0.9775390625;width:425px;height:auto\" srcset=\"https:\/\/i0.wp.com\/lafuente.mx\/wp-content\/uploads\/2024\/11\/Captura-de-pantalla-2024-10-30-a-las-8.36.50.png?resize=1001%2C1024&amp;ssl=1 1001w, https:\/\/i0.wp.com\/lafuente.mx\/wp-content\/uploads\/2024\/11\/Captura-de-pantalla-2024-10-30-a-las-8.36.50.png?resize=293%2C300&amp;ssl=1 293w, https:\/\/i0.wp.com\/lafuente.mx\/wp-content\/uploads\/2024\/11\/Captura-de-pantalla-2024-10-30-a-las-8.36.50.png?resize=768%2C786&amp;ssl=1 768w, https:\/\/i0.wp.com\/lafuente.mx\/wp-content\/uploads\/2024\/11\/Captura-de-pantalla-2024-10-30-a-las-8.36.50.png?w=1448&amp;ssl=1 1448w, https:\/\/i0.wp.com\/lafuente.mx\/wp-content\/uploads\/2024\/11\/Captura-de-pantalla-2024-10-30-a-las-8.36.50.png?w=1280 1280w\" sizes=\"(max-width: 640px) 100vw, 640px\" data-recalc-dims=\"1\" \/><\/figure>\n\n\n\n<p class=\"has-text-color has-medium-font-size\" style=\"color:#491a75\"><strong>Requisitos: &nbsp;<\/strong><\/p>\n\n\n\n<p class=\"has-text-color has-medium-font-size\" style=\"color:#491a75\">\u2022 Tener entre 18 y 40 a\u00f1os &nbsp;<\/p>\n\n\n\n<p class=\"has-text-color has-medium-font-size\" style=\"color:#491a75\">\u2022 Contar con un dispositivo electr\u00f3nico con acceso a Internet&nbsp;<\/p>\n\n\n\n<figure class=\"wp-block-image size-large is-resized\"><img decoding=\"async\" loading=\"lazy\" width=\"640\" height=\"642\" src=\"https:\/\/i0.wp.com\/lafuente.mx\/wp-content\/uploads\/2024\/11\/Captura-de-pantalla-2024-11-04-a-las-13.55.18-1021x1024.png?resize=640%2C642&#038;ssl=1\" alt=\"\" class=\"wp-image-2627\" style=\"aspect-ratio:0.9967689822294022;width:400px;height:auto\" srcset=\"https:\/\/i0.wp.com\/lafuente.mx\/wp-content\/uploads\/2024\/11\/Captura-de-pantalla-2024-11-04-a-las-13.55.18.png?resize=1021%2C1024&amp;ssl=1 1021w, https:\/\/i0.wp.com\/lafuente.mx\/wp-content\/uploads\/2024\/11\/Captura-de-pantalla-2024-11-04-a-las-13.55.18.png?resize=300%2C300&amp;ssl=1 300w, https:\/\/i0.wp.com\/lafuente.mx\/wp-content\/uploads\/2024\/11\/Captura-de-pantalla-2024-11-04-a-las-13.55.18.png?resize=150%2C150&amp;ssl=1 150w, https:\/\/i0.wp.com\/lafuente.mx\/wp-content\/uploads\/2024\/11\/Captura-de-pantalla-2024-11-04-a-las-13.55.18.png?resize=768%2C770&amp;ssl=1 768w, https:\/\/i0.wp.com\/lafuente.mx\/wp-content\/uploads\/2024\/11\/Captura-de-pantalla-2024-11-04-a-las-13.55.18.png?w=1234&amp;ssl=1 1234w\" sizes=\"(max-width: 640px) 100vw, 640px\" data-recalc-dims=\"1\" \/><\/figure>\n\n\n\n<p class=\"has-text-align-center has-white-color has-text-color has-background has-large-font-size\" style=\"background-color:#3c1f57\">Tu participaci\u00f3n consiste en responder de manera an\u00f3nima, una encuesta en l\u00ednea; no te solicitaremos ning\u00fan dato personal como nombre, tel\u00e9fono, correo, etc.&nbsp;<\/p>\n\n\n\n<hr class=\"wp-block-separator has-text-color has-vivid-purple-color has-alpha-channel-opacity has-vivid-purple-background-color has-background\"\/>\n\n\n\n<p><a href=\"https:\/\/www.inprf.gob.mx\/violencia.pdf\">https:\/\/www.inprf.gob.mx\/violencia.pdf<\/a><\/p>\n\n\n\n<div class=\"wp-block-buttons is-layout-flex wp-block-buttons-is-layout-flex\">\n<div class=\"wp-block-button\"><a class=\"wp-block-button__link has-background wp-element-button\" href=\"https:\/\/inprf.qualtrics.com\/jfe\/form\/SV_5mt2BWO3QCb1rLM?Q_CHL=qr\" style=\"background-color:#62338e\">Participa<\/a><\/div>\n<\/div>\n","protected":false},"excerpt":{"rendered":"<p>Objetivo: &nbsp; Analizar el impacto de las experiencias de violencia a lo largo de la vida sobre la salud mental de las personas &nbsp; Requisitos:<\/p>\n","protected":false},"author":3,"featured_media":2626,"comment_status":"closed","ping_status":"closed","sticky":false,"template":"","format":"standard","meta":{"footnotes":"","jetpack_publicize_message":"","jetpack_is_tweetstorm":false,"jetpack_publicize_feature_enabled":true},"categories":[14],"tags":[802,144,771,21,32,145],"jetpack_publicize_connections":[],"yoast_head":"<!-- This site is optimized with the Yoast SEO plugin v19.4 - https:\/\/yoast.com\/wordpress\/plugins\/seo\/ -->\n<title>\u00bfTe gustar\u00eda participar en un estudio en l\u00ednea, sobre experiencias de violencia y salud mental?\u00a0 -<\/title>\n<meta name=\"description\" content=\"Analizar el impacto de las experiencias de violencia a lo largo de la vida\" \/>\n<meta name=\"robots\" content=\"index, follow, max-snippet:-1, max-image-preview:large, max-video-preview:-1\" \/>\n<link rel=\"canonical\" href=\"https:\/\/lafuente.mx\/?p=2625\" \/>\n<meta property=\"og:locale\" content=\"es_MX\" \/>\n<meta property=\"og:type\" content=\"article\" \/>\n<meta property=\"og:title\" content=\"\u00bfTe gustar\u00eda participar en un estudio en l\u00ednea, sobre experiencias de violencia y salud mental?\u00a0\" \/>\n<meta property=\"og:description\" content=\"Analizar el impacto de las experiencias de violencia a lo largo de la vida\" \/>\n<meta property=\"og:url\" content=\"https:\/\/lafuente.mx\/?p=2625\" \/>\n<meta property=\"article:published_time\" content=\"2024-11-04T20:01:50+00:00\" \/>\n<meta property=\"article:modified_time\" content=\"2024-11-07T17:05:33+00:00\" \/>\n<meta property=\"og:image\" content=\"http:\/\/lafuente.mx\/wp-content\/uploads\/2024\/11\/Captura-de-pantalla-2024-10-30-a-las-8.36.50.png\" \/>\n\t<meta property=\"og:image:width\" content=\"1448\" \/>\n\t<meta property=\"og:image:height\" content=\"1482\" \/>\n\t<meta property=\"og:image:type\" content=\"image\/png\" \/>\n<meta name=\"author\" content=\"Claudia Gallardo\" \/>\n<meta name=\"twitter:card\" content=\"summary_large_image\" \/>\n<meta name=\"twitter:title\" content=\"\u00bfTe gustar\u00eda participar en un estudio en l\u00ednea, sobre experiencias de violencia y salud mental?\u00a0\" \/>\n<meta name=\"twitter:description\" content=\"Analizar el impacto de las experiencias de violencia a lo largo de la vida\" \/>\n<meta name=\"twitter:image\" content=\"https:\/\/i0.wp.com\/lafuente.mx\/wp-content\/uploads\/2024\/11\/Captura-de-pantalla-2024-11-04-a-las-13.55.18.png?fit=1234%2C1238&ssl=1\" \/>\n<meta name=\"twitter:label1\" content=\"Escrito por\" \/>\n\t<meta name=\"twitter:data1\" content=\"Claudia Gallardo\" \/>\n<script type=\"application\/ld+json\" class=\"yoast-schema-graph\">{\"@context\":\"https:\/\/schema.org\",\"@graph\":[{\"@type\":\"WebSite\",\"@id\":\"https:\/\/lafuente.mx\/#website\",\"url\":\"https:\/\/lafuente.mx\/\",\"name\":\"\",\"description\":\"Informaci\u00f3n confiable sobre salud mental\",\"potentialAction\":[{\"@type\":\"SearchAction\",\"target\":{\"@type\":\"EntryPoint\",\"urlTemplate\":\"https:\/\/lafuente.mx\/?s={search_term_string}\"},\"query-input\":\"required name=search_term_string\"}],\"inLanguage\":\"es-MX\"},{\"@type\":\"WebPage\",\"@id\":\"https:\/\/lafuente.mx\/?p=2625\",\"url\":\"https:\/\/lafuente.mx\/?p=2625\",\"name\":\"\u00bfTe gustar\u00eda participar en un estudio en l\u00ednea, sobre experiencias de violencia y salud mental?\u00a0 -\",\"isPartOf\":{\"@id\":\"https:\/\/lafuente.mx\/#website\"},\"datePublished\":\"2024-11-04T20:01:50+00:00\",\"dateModified\":\"2024-11-07T17:05:33+00:00\",\"author\":{\"@id\":\"https:\/\/lafuente.mx\/#\/schema\/person\/603f3aa8e2f6f7879021ab722d39d6b0\"},\"description\":\"Analizar el impacto de las experiencias de violencia a lo largo de la vida\",\"breadcrumb\":{\"@id\":\"https:\/\/lafuente.mx\/?p=2625#breadcrumb\"},\"inLanguage\":\"es-MX\",\"potentialAction\":[{\"@type\":\"ReadAction\",\"target\":[\"https:\/\/lafuente.mx\/?p=2625\"]}]},{\"@type\":\"BreadcrumbList\",\"@id\":\"https:\/\/lafuente.mx\/?p=2625#breadcrumb\",\"itemListElement\":[{\"@type\":\"ListItem\",\"position\":1,\"name\":\"Inicio\",\"item\":\"https:\/\/lafuente.mx\/\"},{\"@type\":\"ListItem\",\"position\":2,\"name\":\"\u00bfTe gustar\u00eda participar en un estudio en l\u00ednea, sobre experiencias de violencia y salud mental?\u00a0\"}]},{\"@type\":\"Person\",\"@id\":\"https:\/\/lafuente.mx\/#\/schema\/person\/603f3aa8e2f6f7879021ab722d39d6b0\",\"name\":\"Claudia Gallardo\",\"image\":{\"@type\":\"ImageObject\",\"inLanguage\":\"es-MX\",\"@id\":\"https:\/\/lafuente.mx\/#\/schema\/person\/image\/\",\"url\":\"https:\/\/secure.gravatar.com\/avatar\/bfe9c966af1ccfb9d17bcdb9d04e8815?s=96&d=mm&r=g\",\"contentUrl\":\"https:\/\/secure.gravatar.com\/avatar\/bfe9c966af1ccfb9d17bcdb9d04e8815?s=96&d=mm&r=g\",\"caption\":\"Claudia Gallardo\"},\"url\":\"https:\/\/lafuente.mx\/?author=3\"}]}<\/script>\n<!-- \/ Yoast SEO plugin. -->","yoast_head_json":{"title":"\u00bfTe gustar\u00eda participar en un estudio en l\u00ednea, sobre experiencias de violencia y salud mental?\u00a0 -","description":"Analizar el impacto de las experiencias de violencia a lo largo de la vida","robots":{"index":"index","follow":"follow","max-snippet":"max-snippet:-1","max-image-preview":"max-image-preview:large","max-video-preview":"max-video-preview:-1"},"canonical":"https:\/\/lafuente.mx\/?p=2625","og_locale":"es_MX","og_type":"article","og_title":"\u00bfTe gustar\u00eda participar en un estudio en l\u00ednea, sobre experiencias de violencia y salud mental?\u00a0","og_description":"Analizar el impacto de las experiencias de violencia a lo largo de la vida","og_url":"https:\/\/lafuente.mx\/?p=2625","article_published_time":"2024-11-04T20:01:50+00:00","article_modified_time":"2024-11-07T17:05:33+00:00","og_image":[{"width":1448,"height":1482,"url":"http:\/\/lafuente.mx\/wp-content\/uploads\/2024\/11\/Captura-de-pantalla-2024-10-30-a-las-8.36.50.png","type":"image\/png"}],"author":"Claudia Gallardo","twitter_card":"summary_large_image","twitter_title":"\u00bfTe gustar\u00eda participar en un estudio en l\u00ednea, sobre experiencias de violencia y salud mental?\u00a0","twitter_description":"Analizar el impacto de las experiencias de violencia a lo largo de la vida","twitter_image":"https:\/\/i0.wp.com\/lafuente.mx\/wp-content\/uploads\/2024\/11\/Captura-de-pantalla-2024-11-04-a-las-13.55.18.png?fit=1234%2C1238&ssl=1","twitter_misc":{"Escrito por":"Claudia Gallardo"},"schema":{"@context":"https:\/\/schema.org","@graph":[{"@type":"WebSite","@id":"https:\/\/lafuente.mx\/#website","url":"https:\/\/lafuente.mx\/","name":"","description":"Informaci\u00f3n confiable sobre salud mental","potentialAction":[{"@type":"SearchAction","target":{"@type":"EntryPoint","urlTemplate":"https:\/\/lafuente.mx\/?s={search_term_string}"},"query-input":"required name=search_term_string"}],"inLanguage":"es-MX"},{"@type":"WebPage","@id":"https:\/\/lafuente.mx\/?p=2625","url":"https:\/\/lafuente.mx\/?p=2625","name":"\u00bfTe gustar\u00eda participar en un estudio en l\u00ednea, sobre experiencias de violencia y salud mental?\u00a0 -","isPartOf":{"@id":"https:\/\/lafuente.mx\/#website"},"datePublished":"2024-11-04T20:01:50+00:00","dateModified":"2024-11-07T17:05:33+00:00","author":{"@id":"https:\/\/lafuente.mx\/#\/schema\/person\/603f3aa8e2f6f7879021ab722d39d6b0"},"description":"Analizar el impacto de las experiencias de violencia a lo largo de la vida","breadcrumb":{"@id":"https:\/\/lafuente.mx\/?p=2625#breadcrumb"},"inLanguage":"es-MX","potentialAction":[{"@type":"ReadAction","target":["https:\/\/lafuente.mx\/?p=2625"]}]},{"@type":"BreadcrumbList","@id":"https:\/\/lafuente.mx\/?p=2625#breadcrumb","itemListElement":[{"@type":"ListItem","position":1,"name":"Inicio","item":"https:\/\/lafuente.mx\/"},{"@type":"ListItem","position":2,"name":"\u00bfTe gustar\u00eda participar en un estudio en l\u00ednea, sobre experiencias de violencia y salud mental?\u00a0"}]},{"@type":"Person","@id":"https:\/\/lafuente.mx\/#\/schema\/person\/603f3aa8e2f6f7879021ab722d39d6b0","name":"Claudia Gallardo","image":{"@type":"ImageObject","inLanguage":"es-MX","@id":"https:\/\/lafuente.mx\/#\/schema\/person\/image\/","url":"https:\/\/secure.gravatar.com\/avatar\/bfe9c966af1ccfb9d17bcdb9d04e8815?s=96&d=mm&r=g","contentUrl":"https:\/\/secure.gravatar.com\/avatar\/bfe9c966af1ccfb9d17bcdb9d04e8815?s=96&d=mm&r=g","caption":"Claudia Gallardo"},"url":"https:\/\/lafuente.mx\/?author=3"}]}},"jetpack_featured_media_url":"https:\/\/i0.wp.com\/lafuente.mx\/wp-content\/uploads\/2024\/11\/Captura-de-pantalla-2024-10-30-a-las-8.36.50.png?fit=1448%2C1482&ssl=1","jetpack-related-posts":[{"id":3441,"url":"https:\/\/lafuente.mx\/?p=3441","url_meta":{"origin":2625,"position":0},"title":"Eficacia de la terapia cognitivo conductual centrada en el trauma en mujeres v\u00edctimas de violencia sexual: una revisi\u00f3n sistem\u00e1tica\u00a0","date":"octubre 30, 2025","format":false,"excerpt":"Volume 48, Issue 4, July-August 2025\u00a0 Dulce D\u00edaz\u00a0 Laboratorio de Psicolog\u00eda e Innovaci\u00f3n tecnol\u00f3gica, Facultad de Estudios Superiores Iztacala, Universidad Nacional Aut\u00f3noma de M\u00e9xico, Tlalnepantla, Edomex, M\u00e9xico; Divisi\u00f3n de Ciencias Biol\u00f3gicas y Salud, Universidad Aut\u00f3noma Metropolita, Unidad Lerma, Lerma, Edomex, M\u00e9xico.\u00a0 Anabel De la Rosa G\u00f3mez\u00a0 Laboratorio de Psicolog\u00eda e\u2026","rel":"","context":"En &quot;Revista Salud Mental&quot;","img":{"alt_text":"","src":"https:\/\/i0.wp.com\/lafuente.mx\/wp-content\/uploads\/2025\/10\/mujeres.jpg?fit=1046%2C921&ssl=1&resize=350%2C200","width":350,"height":200},"classes":[]},{"id":2704,"url":"https:\/\/lafuente.mx\/?p=2704","url_meta":{"origin":2625,"position":1},"title":"Desregulaci\u00f3n emocional y preocupaci\u00f3n como mediadores entre eventos vitales estresantes y s\u00edntomas de estr\u00e9s postraum\u00e1tico en mujeres mexicanas adultas: un estudio transversal\u00a0","date":"diciembre 6, 2024","format":false,"excerpt":"Revista Salud Mental\u00a0\u00a0 Anabel de la Rosa G\u00f3mez,1, Alejandrina Hern\u00e1ndez Posadas,1, Pablo D. Valencia,1,Lorena A. Flores Plata,1, Alicia Flores Elvira1, 1 Facultad de Estudios Superiores Iztacala, Universidad Nacional Aut\u00f3noma de M\u00e9xico, Estado de M\u00e9xico, M\u00e9xico.\u00a0 Introducci\u00f3n.\u00a0\u00a0 Las mujeres experimentan numerosos episodios de eventos adversos, a menudo vinculados con la violencia,\u2026","rel":"","context":"En &quot;Revista Salud Mental&quot;","img":{"alt_text":"","src":"https:\/\/i0.wp.com\/lafuente.mx\/wp-content\/uploads\/2024\/12\/Captura-de-pantalla-2024-12-05-a-las-13.09.35.png?fit=1200%2C805&ssl=1&resize=350%2C200","width":350,"height":200},"classes":[]},{"id":2504,"url":"https:\/\/lafuente.mx\/?p=2504","url_meta":{"origin":2625,"position":2},"title":"\u00bfC\u00f3mo proteger a los adolescentes de la violencia?\u00a0","date":"agosto 16, 2024","format":false,"excerpt":"LUCIANA RAMOS ,\u00a0PATRICIA FUENTES A.\u00a0 La violencia es uno de los principales factores de riesgo para la salud f\u00edsica y mental de los adolescentes. Las autoras de esta obra, investigadoras del Instituto Nacional de Psiquiatr\u00eda, se centran en la comprensi\u00f3n del problema para dar soluciones pr\u00e1cticas y plantear estrategias.\u00a0 A\u2026","rel":"","context":"En &quot;Publicaciones&quot;","img":{"alt_text":"","src":"https:\/\/i0.wp.com\/lafuente.mx\/wp-content\/uploads\/2024\/08\/Captura-de-pantalla-2024-08-16-a-las-14.19.17.png?fit=890%2C1200&ssl=1&resize=350%2C200","width":350,"height":200},"classes":[]},{"id":2683,"url":"https:\/\/lafuente.mx\/?p=2683","url_meta":{"origin":2625,"position":3},"title":"Por la eliminaci\u00f3n de la violencia contra las mujeres y las ni\u00f1as en la formaci\u00f3n y la pr\u00e1ctica m\u00e9dica\u00a0","date":"diciembre 3, 2024","format":false,"excerpt":"Nov 28, 2024\u00a0|\u00a0Academia\u00a0 Como parte de las actividades que realiza la Facultad de Medicina de la UNAM en el marco de la conmemoraci\u00f3n del D\u00eda Internacional de la Eliminaci\u00f3n de la Violencia contra las Mujeres y las Ni\u00f1as,\u00a0se realiz\u00f3 el conversatorio \u201cPor la Eliminaci\u00f3n de la Violencia contra las Mujeres\u2026","rel":"","context":"En &quot;Noticias&quot;","img":{"alt_text":"","src":"https:\/\/i0.wp.com\/lafuente.mx\/wp-content\/uploads\/2024\/12\/Captura-de-pantalla-2024-12-03-a-las-9.34.47.png?fit=1200%2C816&ssl=1&resize=350%2C200","width":350,"height":200},"classes":[]},{"id":1108,"url":"https:\/\/lafuente.mx\/?p=1108","url_meta":{"origin":2625,"position":4},"title":"El papel de la educaci\u00f3n de los padres sobre el abuso verbal y su impacto en la salud mental de los adultos j\u00f3venes\u00a0","date":"abril 13, 2023","format":false,"excerpt":"MalidaTsani Fairuzza, Thoyyibatus Sarirah, Drina Intyaswati Resumen:\u00a0 Introducci\u00f3n. El abuso verbal es una de las violencias dom\u00e9sticas que a\u00fan se subestima porque no tiene ning\u00fan efecto f\u00edsico directo; de hecho, tiene un impacto tremendo en la salud mental de los adultos j\u00f3venes.\u00a0\u00a0Objetivo. Este estudio quer\u00eda confirmar el efecto negativo del\u2026","rel":"","context":"En &quot;Revista Salud Mental&quot;","img":{"alt_text":"","src":"https:\/\/i0.wp.com\/lafuente.mx\/wp-content\/uploads\/2023\/04\/image-1-edited.png?fit=1200%2C676&ssl=1&resize=350%2C200","width":350,"height":200},"classes":[]},{"id":3558,"url":"https:\/\/lafuente.mx\/?p=3558","url_meta":{"origin":2625,"position":5},"title":"ENCODAT 2025:","date":"enero 29, 2026","format":false,"excerpt":"consumo de sustancias, violencia y salud mental en M\u00e9xico Parte 1 La Encuesta Nacional de Consumo de Drogas, Alcohol y Tabaco 2025 (ENCODAT 2025) ofrece informaci\u00f3n clave para comprender los patrones actuales de consumo de sustancias y su relaci\u00f3n con la salud mental en la poblaci\u00f3n mexicana. Sus resultados permiten\u2026","rel":"","context":"En &quot;Informaci\u00f3n de inter\u00e9s&quot;","img":{"alt_text":"opinion poll, opinion polling, survey, voting, to complete, vote, hand, write, ballpoint pen, paper, reports, ink pen, pen, survey, survey, survey, survey, survey-1594962.jpg","src":"https:\/\/i0.wp.com\/lafuente.mx\/wp-content\/uploads\/2026\/01\/opinion-poll-opinion-polling-survey-voting-to-complete-vote-hand-write-ballpoint-pen-paper-reports-ink-pen-pen-survey-survey-survey-survey-survey-1594962.jpg?fit=1200%2C800&ssl=1&resize=350%2C200","width":350,"height":200},"classes":[]}],"jetpack_sharing_enabled":true,"jetpack_shortlink":"https:\/\/wp.me\/pe9WUx-Gl","_links":{"self":[{"href":"https:\/\/lafuente.mx\/index.php?rest_route=\/wp\/v2\/posts\/2625"}],"collection":[{"href":"https:\/\/lafuente.mx\/index.php?rest_route=\/wp\/v2\/posts"}],"about":[{"href":"https:\/\/lafuente.mx\/index.php?rest_route=\/wp\/v2\/types\/post"}],"author":[{"embeddable":true,"href":"https:\/\/lafuente.mx\/index.php?rest_route=\/wp\/v2\/users\/3"}],"replies":[{"embeddable":true,"href":"https:\/\/lafuente.mx\/index.php?rest_route=%2Fwp%2Fv2%2Fcomments&post=2625"}],"version-history":[{"count":2,"href":"https:\/\/lafuente.mx\/index.php?rest_route=\/wp\/v2\/posts\/2625\/revisions"}],"predecessor-version":[{"id":2643,"href":"https:\/\/lafuente.mx\/index.php?rest_route=\/wp\/v2\/posts\/2625\/revisions\/2643"}],"wp:featuredmedia":[{"embeddable":true,"href":"https:\/\/lafuente.mx\/index.php?rest_route=\/wp\/v2\/media\/2626"}],"wp:attachment":[{"href":"https:\/\/lafuente.mx\/index.php?rest_route=%2Fwp%2Fv2%2Fmedia&parent=2625"}],"wp:term":[{"taxonomy":"category","embeddable":true,"href":"https:\/\/lafuente.mx\/index.php?rest_route=%2Fwp%2Fv2%2Fcategories&post=2625"},{"taxonomy":"post_tag","embeddable":true,"href":"https:\/\/lafuente.mx\/index.php?rest_route=%2Fwp%2Fv2%2Ftags&post=2625"}],"curies":[{"name":"wp","href":"https:\/\/api.w.org\/{rel}","templated":true}]}}