{"id":2615,"date":"2024-10-25T07:16:00","date_gmt":"2024-10-25T07:16:00","guid":{"rendered":"https:\/\/lafuente.mx\/?p=2615"},"modified":"2024-10-25T15:06:21","modified_gmt":"2024-10-25T15:06:21","slug":"borrador-automatico-opiniones-sobre-el-uso-medico-recreativo-y-legalizacion-de-la-marihuana-en-mexico-resultados-de-una-encuesta-nacional","status":"publish","type":"post","link":"https:\/\/lafuente.mx\/?p=2615","title":{"rendered":"Opiniones sobre el uso m\u00e9dico, recreativo y legalizaci\u00f3n de la marihuana en M\u00e9xico: resultados de una encuesta nacional\u00a0"},"content":{"rendered":"\n<hr class=\"wp-block-separator has-text-color has-alpha-channel-opacity has-background\" style=\"background-color:#7d1616;color:#7d1616\"\/>\n\n\n\n<p><strong>Shoshana Berenzon-Gorn,1, Nayelhi Saavedra-Solano,1, Marycarmen Bustos-Gami\u00f1o,1, Raquel Mondrag\u00f3n,5, Clara Fleiz-Bautista,1,2, Silvia Carre\u00f1o,1, Mar\u00eda Elena Medina-Mora,1-4, Jorge Villatoro-Vel\u00e1zquez1,2&nbsp;<\/strong><\/p>\n\n\n\n<ol start=\"1\" class=\"has-small-font-size\">\n<li>Direcci\u00f3n de Investigaciones Epidemiol\u00f3gicas y Psicosociales, Instituto Nacional de Psiquiatr\u00eda Ram\u00f3n de la Fuente Mu\u00f1iz (INPRFM), Ciudad de M\u00e9xico, M\u00e9xico.&nbsp;<\/li>\n<\/ol>\n\n\n\n<ol start=\"2\" class=\"has-small-font-size\">\n<li>&nbsp;Seminario de Estudios de la Globalidad. Facultad de Medicina, Universidad Nacional Aut\u00f3noma de M\u00e9xico (UNAM), Ciudad de M\u00e9xico, M\u00e9xico.&nbsp;<\/li>\n<\/ol>\n\n\n\n<ol start=\"3\" class=\"has-small-font-size\">\n<li>Centro de Investigaci\u00f3n en Salud Mental Global. INPRFM-UNAM, Ciudad de M\u00e9xico, M\u00e9xico.4 Directora de la Facultad de Psicolog\u00eda, UNAM, Ciudad de M\u00e9xico, M\u00e9xico.5 Facultad de Psicolog\u00eda, UNAM, Ciudad de M\u00e9xico, M\u00e9xico&nbsp;<\/li>\n<\/ol>\n\n\n\n<hr class=\"wp-block-separator has-text-color has-alpha-channel-opacity has-background\" style=\"background-color:#781212;color:#781212\"\/>\n\n\n\n<p class=\"has-medium-font-size\"><strong>Introducci\u00f3n<\/strong><\/p>\n\n\n\n<p class=\"has-medium-font-size\">El uso de marihuana medicinal fue legalizado en M\u00e9xico en 2017. En junio de 2021, la Suprema Corte autoriz\u00f3 el uso personal de marihuana, as\u00ed como su siembra, cultivo, cosecha, preparaci\u00f3n, posesi\u00f3n y transporte con fines recreativos por personas mayores de 18 a\u00f1os, despenalizando su uso.&nbsp;<br>&nbsp;<br><strong>Objetivos<\/strong><\/p>\n\n\n\n<p class=\"has-medium-font-size\">1) Determinar qu\u00e9 variables se asocian con opiniones favorables respecto al uso medicinal, el uso recreativo y la legalizaci\u00f3n del consumo de marihuana; <br>y 2) determinar si existen diferencias en las variables que mejor predicen el apoyo al uso medicinal, recreativo y la legalizaci\u00f3n de la marihuana entre usuarios y no usuarios de marihuana.&nbsp;<br>&nbsp;<br><strong>M\u00e9todo<\/strong><\/p>\n\n\n\n<p class=\"has-medium-font-size\">Los datos provienen de la Encuesta Nacional sobre Consumo de Drogas, Alcohol y Tabaco 2016, aplicada a una muestra representativa a nivel nacional de hogares mexicanos. Se utiliz\u00f3 un cuestionario validado con preguntas sobre caracter\u00edsticas demogr\u00e1ficas, consumo de marihuana (incluyendo el n\u00famero de veces que se ha consumido), opiniones de los encuestados respecto a la legalizaci\u00f3n de la marihuana y el uso recreativo, si se les ha ofrecido marihuana sin tener que pagar por ella, percepci\u00f3n de riesgo asociado al consumo de marihuana y consumo excesivo de alcohol.&nbsp;<\/p>\n\n\n\n<figure class=\"wp-block-image size-large\"><img decoding=\"async\" loading=\"lazy\" width=\"640\" height=\"426\" src=\"https:\/\/i0.wp.com\/lafuente.mx\/wp-content\/uploads\/2024\/10\/leaf-nature-flora-3065626.jpg?resize=640%2C426\" alt=\"leaf, nature, flora-3065626.jpg\" class=\"wp-image-2616\" srcset=\"https:\/\/i0.wp.com\/lafuente.mx\/wp-content\/uploads\/2024\/10\/leaf-nature-flora-3065626.jpg?resize=1024%2C682&amp;ssl=1 1024w, https:\/\/i0.wp.com\/lafuente.mx\/wp-content\/uploads\/2024\/10\/leaf-nature-flora-3065626.jpg?resize=300%2C200&amp;ssl=1 300w, https:\/\/i0.wp.com\/lafuente.mx\/wp-content\/uploads\/2024\/10\/leaf-nature-flora-3065626.jpg?resize=768%2C512&amp;ssl=1 768w, https:\/\/i0.wp.com\/lafuente.mx\/wp-content\/uploads\/2024\/10\/leaf-nature-flora-3065626.jpg?w=1280&amp;ssl=1 1280w\" sizes=\"(max-width: 640px) 100vw, 640px\" data-recalc-dims=\"1\" \/><\/figure>\n\n\n\n<p class=\"has-medium-font-size\"><br>&nbsp;<br><strong>Resultados<\/strong><\/p>\n\n\n\n<p class=\"has-medium-font-size\">Ser hombre y tener una baja percepci\u00f3n de los riesgos del consumo de marihuana son las variables que se asocian con mayor fuerza a la aprobaci\u00f3n del uso m\u00e9dico y recreativo y su legalizaci\u00f3n, independientemente de si los encuestados la consumieron o no. Otras variables asociadas a la aprobaci\u00f3n son la edad, el nivel educativo y el nivel de ingresos.&nbsp;<br>&nbsp;<br><strong>Discusi\u00f3n y conclusi\u00f3n<\/strong><\/p>\n\n\n\n<p class=\"has-medium-font-size\">Los legisladores y los responsables de las pol\u00edticas deber\u00edan considerar toda la gama de opiniones p\u00fablicas sobre el uso y la legalizaci\u00f3n de la marihuana e incorporarla en sus propuestas.&nbsp;<\/p>\n\n\n\n<hr class=\"wp-block-separator has-text-color has-alpha-channel-opacity has-background\" style=\"background-color:#732424;color:#732424\"\/>\n\n\n\n<p class=\"has-medium-font-size\"><strong>Vol. 47 No. 5 (2024): Salud mental&nbsp;<\/strong><\/p>\n\n\n\n<div class=\"wp-block-buttons is-layout-flex wp-block-buttons-is-layout-flex\">\n<div class=\"wp-block-button\"><a class=\"wp-block-button__link has-background wp-element-button\" href=\"https:\/\/revistasaludmental.gob.mx\/index.php\/salud_mental\/article\/view\/SM.0185-3325.2024.025\" style=\"background-color:#741f1f\">M\u00e1s informaci\u00f3n<\/a><\/div>\n<\/div>\n","protected":false},"excerpt":{"rendered":"<p>Shoshana Berenzon-Gorn,1, Nayelhi Saavedra-Solano,1, Marycarmen Bustos-Gami\u00f1o,1, Raquel Mondrag\u00f3n,5, Clara Fleiz-Bautista,1,2, Silvia Carre\u00f1o,1, Mar\u00eda Elena Medina-Mora,1-4, Jorge Villatoro-Vel\u00e1zquez1,2&nbsp; Introducci\u00f3n El uso de marihuana medicinal fue legalizado<\/p>\n","protected":false},"author":3,"featured_media":2616,"comment_status":"closed","ping_status":"closed","sticky":false,"template":"","format":"standard","meta":{"footnotes":"","jetpack_publicize_message":"","jetpack_is_tweetstorm":false,"jetpack_publicize_feature_enabled":true},"categories":[11],"tags":[135,21,797,255,801,32,798,799],"jetpack_publicize_connections":[],"yoast_head":"<!-- This site is optimized with the Yoast SEO plugin v19.4 - https:\/\/yoast.com\/wordpress\/plugins\/seo\/ -->\n<title>Opiniones sobre el uso m\u00e9dico, recreativo y legalizaci\u00f3n de la marihuana en M\u00e9xico: resultados de una encuesta nacional\u00a0 -<\/title>\n<meta name=\"description\" content=\"El uso de marihuana medicinal fue legalizado en M\u00e9xico en 2017\" \/>\n<meta name=\"robots\" content=\"index, follow, max-snippet:-1, max-image-preview:large, max-video-preview:-1\" \/>\n<link rel=\"canonical\" href=\"https:\/\/lafuente.mx\/?p=2615\" \/>\n<meta property=\"og:locale\" content=\"es_MX\" \/>\n<meta property=\"og:type\" content=\"article\" \/>\n<meta property=\"og:title\" content=\"Opiniones sobre el uso m\u00e9dico, recreativo y legalizaci\u00f3n de la marihuana en M\u00e9xico: resultados de una encuesta nacional\u00a0\" \/>\n<meta property=\"og:description\" content=\"El uso de marihuana medicinal fue legalizado en M\u00e9xico en 2017\" \/>\n<meta property=\"og:url\" content=\"https:\/\/lafuente.mx\/?p=2615\" \/>\n<meta property=\"article:published_time\" content=\"2024-10-25T07:16:00+00:00\" \/>\n<meta property=\"article:modified_time\" content=\"2024-10-25T15:06:21+00:00\" \/>\n<meta property=\"og:image\" content=\"http:\/\/lafuente.mx\/wp-content\/uploads\/2024\/10\/leaf-nature-flora-3065626.jpg\" \/>\n\t<meta property=\"og:image:width\" content=\"1280\" \/>\n\t<meta property=\"og:image:height\" content=\"853\" \/>\n\t<meta property=\"og:image:type\" content=\"image\/jpeg\" \/>\n<meta name=\"author\" content=\"Claudia Gallardo\" \/>\n<meta name=\"twitter:card\" content=\"summary_large_image\" \/>\n<meta name=\"twitter:title\" content=\"Opiniones sobre el uso m\u00e9dico, recreativo y legalizaci\u00f3n de la marihuana en M\u00e9xico: resultados de una encuesta nacional\u00a0\" \/>\n<meta name=\"twitter:description\" content=\"El uso de marihuana medicinal fue legalizado en M\u00e9xico en 2017\" \/>\n<meta name=\"twitter:image\" content=\"https:\/\/i0.wp.com\/lafuente.mx\/wp-content\/uploads\/2024\/10\/leaf-nature-flora-3065626.jpg?fit=1280%2C853&ssl=1\" \/>\n<meta name=\"twitter:label1\" content=\"Escrito por\" \/>\n\t<meta name=\"twitter:data1\" content=\"Claudia Gallardo\" \/>\n\t<meta name=\"twitter:label2\" content=\"Tiempo de lectura\" \/>\n\t<meta name=\"twitter:data2\" content=\"2 minutos\" \/>\n<script type=\"application\/ld+json\" class=\"yoast-schema-graph\">{\"@context\":\"https:\/\/schema.org\",\"@graph\":[{\"@type\":\"WebSite\",\"@id\":\"https:\/\/lafuente.mx\/#website\",\"url\":\"https:\/\/lafuente.mx\/\",\"name\":\"\",\"description\":\"Informaci\u00f3n confiable sobre salud mental\",\"potentialAction\":[{\"@type\":\"SearchAction\",\"target\":{\"@type\":\"EntryPoint\",\"urlTemplate\":\"https:\/\/lafuente.mx\/?s={search_term_string}\"},\"query-input\":\"required name=search_term_string\"}],\"inLanguage\":\"es-MX\"},{\"@type\":\"WebPage\",\"@id\":\"https:\/\/lafuente.mx\/?p=2615\",\"url\":\"https:\/\/lafuente.mx\/?p=2615\",\"name\":\"Opiniones sobre el uso m\u00e9dico, recreativo y legalizaci\u00f3n de la marihuana en M\u00e9xico: resultados de una encuesta nacional\u00a0 -\",\"isPartOf\":{\"@id\":\"https:\/\/lafuente.mx\/#website\"},\"datePublished\":\"2024-10-25T07:16:00+00:00\",\"dateModified\":\"2024-10-25T15:06:21+00:00\",\"author\":{\"@id\":\"https:\/\/lafuente.mx\/#\/schema\/person\/603f3aa8e2f6f7879021ab722d39d6b0\"},\"description\":\"El uso de marihuana medicinal fue legalizado en M\u00e9xico en 2017\",\"breadcrumb\":{\"@id\":\"https:\/\/lafuente.mx\/?p=2615#breadcrumb\"},\"inLanguage\":\"es-MX\",\"potentialAction\":[{\"@type\":\"ReadAction\",\"target\":[\"https:\/\/lafuente.mx\/?p=2615\"]}]},{\"@type\":\"BreadcrumbList\",\"@id\":\"https:\/\/lafuente.mx\/?p=2615#breadcrumb\",\"itemListElement\":[{\"@type\":\"ListItem\",\"position\":1,\"name\":\"Inicio\",\"item\":\"https:\/\/lafuente.mx\/\"},{\"@type\":\"ListItem\",\"position\":2,\"name\":\"Opiniones sobre el uso m\u00e9dico, recreativo y legalizaci\u00f3n de la marihuana en M\u00e9xico: resultados de una encuesta nacional\u00a0\"}]},{\"@type\":\"Person\",\"@id\":\"https:\/\/lafuente.mx\/#\/schema\/person\/603f3aa8e2f6f7879021ab722d39d6b0\",\"name\":\"Claudia Gallardo\",\"image\":{\"@type\":\"ImageObject\",\"inLanguage\":\"es-MX\",\"@id\":\"https:\/\/lafuente.mx\/#\/schema\/person\/image\/\",\"url\":\"https:\/\/secure.gravatar.com\/avatar\/bfe9c966af1ccfb9d17bcdb9d04e8815?s=96&d=mm&r=g\",\"contentUrl\":\"https:\/\/secure.gravatar.com\/avatar\/bfe9c966af1ccfb9d17bcdb9d04e8815?s=96&d=mm&r=g\",\"caption\":\"Claudia Gallardo\"},\"url\":\"https:\/\/lafuente.mx\/?author=3\"}]}<\/script>\n<!-- \/ Yoast SEO plugin. -->","yoast_head_json":{"title":"Opiniones sobre el uso m\u00e9dico, recreativo y legalizaci\u00f3n de la marihuana en M\u00e9xico: resultados de una encuesta nacional\u00a0 -","description":"El uso de marihuana medicinal fue legalizado en M\u00e9xico en 2017","robots":{"index":"index","follow":"follow","max-snippet":"max-snippet:-1","max-image-preview":"max-image-preview:large","max-video-preview":"max-video-preview:-1"},"canonical":"https:\/\/lafuente.mx\/?p=2615","og_locale":"es_MX","og_type":"article","og_title":"Opiniones sobre el uso m\u00e9dico, recreativo y legalizaci\u00f3n de la marihuana en M\u00e9xico: resultados de una encuesta nacional\u00a0","og_description":"El uso de marihuana medicinal fue legalizado en M\u00e9xico en 2017","og_url":"https:\/\/lafuente.mx\/?p=2615","article_published_time":"2024-10-25T07:16:00+00:00","article_modified_time":"2024-10-25T15:06:21+00:00","og_image":[{"width":1280,"height":853,"url":"http:\/\/lafuente.mx\/wp-content\/uploads\/2024\/10\/leaf-nature-flora-3065626.jpg","type":"image\/jpeg"}],"author":"Claudia Gallardo","twitter_card":"summary_large_image","twitter_title":"Opiniones sobre el uso m\u00e9dico, recreativo y legalizaci\u00f3n de la marihuana en M\u00e9xico: resultados de una encuesta nacional\u00a0","twitter_description":"El uso de marihuana medicinal fue legalizado en M\u00e9xico en 2017","twitter_image":"https:\/\/i0.wp.com\/lafuente.mx\/wp-content\/uploads\/2024\/10\/leaf-nature-flora-3065626.jpg?fit=1280%2C853&ssl=1","twitter_misc":{"Escrito por":"Claudia Gallardo","Tiempo de lectura":"2 minutos"},"schema":{"@context":"https:\/\/schema.org","@graph":[{"@type":"WebSite","@id":"https:\/\/lafuente.mx\/#website","url":"https:\/\/lafuente.mx\/","name":"","description":"Informaci\u00f3n confiable sobre salud mental","potentialAction":[{"@type":"SearchAction","target":{"@type":"EntryPoint","urlTemplate":"https:\/\/lafuente.mx\/?s={search_term_string}"},"query-input":"required name=search_term_string"}],"inLanguage":"es-MX"},{"@type":"WebPage","@id":"https:\/\/lafuente.mx\/?p=2615","url":"https:\/\/lafuente.mx\/?p=2615","name":"Opiniones sobre el uso m\u00e9dico, recreativo y legalizaci\u00f3n de la marihuana en M\u00e9xico: resultados de una encuesta nacional\u00a0 -","isPartOf":{"@id":"https:\/\/lafuente.mx\/#website"},"datePublished":"2024-10-25T07:16:00+00:00","dateModified":"2024-10-25T15:06:21+00:00","author":{"@id":"https:\/\/lafuente.mx\/#\/schema\/person\/603f3aa8e2f6f7879021ab722d39d6b0"},"description":"El uso de marihuana medicinal fue legalizado en M\u00e9xico en 2017","breadcrumb":{"@id":"https:\/\/lafuente.mx\/?p=2615#breadcrumb"},"inLanguage":"es-MX","potentialAction":[{"@type":"ReadAction","target":["https:\/\/lafuente.mx\/?p=2615"]}]},{"@type":"BreadcrumbList","@id":"https:\/\/lafuente.mx\/?p=2615#breadcrumb","itemListElement":[{"@type":"ListItem","position":1,"name":"Inicio","item":"https:\/\/lafuente.mx\/"},{"@type":"ListItem","position":2,"name":"Opiniones sobre el uso m\u00e9dico, recreativo y legalizaci\u00f3n de la marihuana en M\u00e9xico: resultados de una encuesta nacional\u00a0"}]},{"@type":"Person","@id":"https:\/\/lafuente.mx\/#\/schema\/person\/603f3aa8e2f6f7879021ab722d39d6b0","name":"Claudia Gallardo","image":{"@type":"ImageObject","inLanguage":"es-MX","@id":"https:\/\/lafuente.mx\/#\/schema\/person\/image\/","url":"https:\/\/secure.gravatar.com\/avatar\/bfe9c966af1ccfb9d17bcdb9d04e8815?s=96&d=mm&r=g","contentUrl":"https:\/\/secure.gravatar.com\/avatar\/bfe9c966af1ccfb9d17bcdb9d04e8815?s=96&d=mm&r=g","caption":"Claudia Gallardo"},"url":"https:\/\/lafuente.mx\/?author=3"}]}},"jetpack_featured_media_url":"https:\/\/i0.wp.com\/lafuente.mx\/wp-content\/uploads\/2024\/10\/leaf-nature-flora-3065626.jpg?fit=1280%2C853&ssl=1","jetpack-related-posts":[{"id":506,"url":"https:\/\/lafuente.mx\/?p=506","url_meta":{"origin":2615,"position":0},"title":"Cuidar y ser madre durante la pandemia del SARS-COV2: caracter\u00edsticas de las m\u00e9dicos-madres durante la COVID-19 y su impacto en la salud mental\u00a0","date":"octubre 28, 2022","format":false,"excerpt":"Ingrid Vargas-Huicochea,1 Shoshana Berenzon, 2 Silvia AracelyTafoya,1 Diana Patricia Gu\u00edzar-S\u00e1nchez,3 NoraKelsall, 4 Ana Carolina Rodr\u00edguez-Machain, 1 Atenea Lanz-Uribe 5\u00a0 1 Departamento de Psiquiatr\u00eda y Salud Mental, Facultad de Medicina, Universidad Nacional Aut\u00f3noma de M\u00e9xico, Ciudad de M\u00e9xico, M\u00e9xico.\u00a0 2 Direcci\u00f3n de Investigaciones Epidemiol\u00f3gicas y Psicosociales, Instituto Nacional de Psiquiatr\u00eda Ram\u00f3n\u2026","rel":"","context":"En &quot;Revista Salud Mental&quot;","img":{"alt_text":"","src":"https:\/\/i0.wp.com\/lafuente.mx\/wp-content\/uploads\/2022\/10\/DSC_0300-edited-scaled.jpg?fit=1200%2C797&ssl=1&resize=350%2C200","width":350,"height":200},"classes":[]},{"id":3461,"url":"https:\/\/lafuente.mx\/?p=3461","url_meta":{"origin":2615,"position":1},"title":"La interrelaci\u00f3n del consumo de alcohol de los padres, las pr\u00e1cticas de los padres y el consumo excesivo de alcohol entre estudiantes de secundaria y preparatoria: an\u00e1lisis de una encuesta nacional\u00a0","date":"noviembre 20, 2025","format":false,"excerpt":"Raquel Mondrag\u00f3n G\u00f3mez 1, Jorge A. Villatoro Vel\u00e1zquez 2,\u00a0 *Maria Elena Medina-Mora Icaza1, 3, 4 Emilia Lucio y G\u00f3mez Maqueo 1\u00a0 1 Facultad de Psicolog\u00eda, Universidad Nacional Aut\u00f3noma de M\u00e9xico (UNAM), Ciudad de M\u00e9xico, M\u00e9xico\u00a0 2 Instituto Nacional de Psiquiatr\u00eda Ram\u00f3n de la Fuente Mu\u00f1iz (INPRFM), Ciudad de M\u00e9xico, M\u00e9xico\u00a0\u2026","rel":"","context":"En &quot;Publicaciones&quot;","img":{"alt_text":"","src":"https:\/\/i0.wp.com\/lafuente.mx\/wp-content\/uploads\/2025\/11\/ChatGPT-Image-20-nov-2025-02_33_11-p.m.png?fit=1200%2C800&ssl=1&resize=350%2C200","width":350,"height":200},"classes":[]},{"id":1187,"url":"https:\/\/lafuente.mx\/?p=1187","url_meta":{"origin":2615,"position":2},"title":"Prevalencia de sintomatolog\u00eda y factores de riesgo en salud mental en M\u00e9xico: la cohorte ENCODAT 2016-17\u00a0","date":"mayo 2, 2023","format":false,"excerpt":"Por\u00a0Mar\u00eda Elena Medina Mora1,2,3\u00a0,Alma Delia Genis-Mendoza4,5,*,Jorge Ameth Villatoro Vel\u00e1zquez 1,6\u00a0, Marycarmen Bustos-Gami\u00f1o 6\u00a0, Clara Fleiz Bautista 1,6\u00a0, Beatriz Camarena 7\u00a0, Jos\u00e9 Jaime Mart\u00ednez-Maga\u00f1a 4\u00a0yHumberto Nicolini 4,*\u00a0 1\u00a0 Seminario de Estudios Globales, Facultad de Medicina, Universidad Nacional Aut\u00f3noma de M\u00e9xico (UNAM), Ciudad de M\u00e9xico 04510, M\u00e9xico\u00a0 2\u00a0 Director, Facultad de Psicolog\u00eda,\u2026","rel":"","context":"En &quot;Publicaciones&quot;","img":{"alt_text":"","src":"https:\/\/i0.wp.com\/lafuente.mx\/wp-content\/uploads\/2023\/05\/WhatsApp-Image-2023-05-15-at-10.36.19-AM.jpeg?fit=845%2C1200&ssl=1&resize=350%2C200","width":350,"height":200},"classes":[]},{"id":2548,"url":"https:\/\/lafuente.mx\/?p=2548","url_meta":{"origin":2615,"position":3},"title":"Salud mental de los pacientes y duraci\u00f3n de la estancia en servicios de urgencias en M\u00e9xico\u00a0","date":"septiembre 12, 2024","format":false,"excerpt":"Edgar Landa-Ram\u00edrez\u00a01\u00a0,\u00a02\u00a0, Lesly Pamela D\u00edaz-V\u00e1squez\u00a03\u00a0,\u00a01\u00a0, Myriam Eunice Hern\u00e1ndez-Nu\u00f1ez\u00a02\u00a0,\u00a01\u00a0, Juan Castillo-Cruz\u00a04\u00a0, Guadalupe Ximena Ortega-Ram\u00edrez\u00a02\u00a0,\u00a01\u00a0, Alma Haide Guerrero-Mart\u00ednez\u00a02\u00a0,\u00a01\u00a0, Nadia Alejandra Dom\u00ednguez-Vieyra\u00a02\u00a0,\u00a01\u00a0, Antonio L\u00f3pez-G\u00f3mez\u00a05\u00a0 1\u00a0Programa de Psicolog\u00eda Urgencias, Hospital General Dr. Manuel Gea Gonz\u00e1lez, Ciudad de M\u00e9xico, M\u00e9xico.\u00a0 2\u00a0Facultad de Psicolog\u00eda, Universidad Nacional Aut\u00f3noma de M\u00e9xico, Ciudad de M\u00e9xico, M\u00e9xico.\u00a0 3\u00a0Facultad de Psicolog\u00eda,\u2026","rel":"","context":"En &quot;Revista Salud Mental&quot;","img":{"alt_text":"","src":"https:\/\/i0.wp.com\/lafuente.mx\/wp-content\/uploads\/2024\/09\/DSC_0300-edited-scaled.jpg?fit=1200%2C797&ssl=1&resize=350%2C200","width":350,"height":200},"classes":[]},{"id":3412,"url":"https:\/\/lafuente.mx\/?p=3412","url_meta":{"origin":2615,"position":4},"title":"D\u00eda del m\u00e9dico","date":"octubre 23, 2025","format":false,"excerpt":"23 de octubre El D\u00eda del M\u00e9dico en M\u00e9xico se celebra cada\u00a023 de octubre\u00a0en conmemoraci\u00f3n de la creaci\u00f3n del Establecimiento de Ciencias M\u00e9dicas en 1833. Esta fecha fue elegida para honrar la labor m\u00e9dica y coincide con la inauguraci\u00f3n de esta instituci\u00f3n, que es un antecedente de la actual Facultad\u2026","rel":"","context":"En &quot;Efem\u00e9rides de Salud Mental&quot;","img":{"alt_text":"","src":"https:\/\/i0.wp.com\/lafuente.mx\/wp-content\/uploads\/2025\/10\/Captura-de-pantalla-2025-10-20-a-las-14.17.59.png?fit=1200%2C777&ssl=1&resize=350%2C200","width":350,"height":200},"classes":[]},{"id":952,"url":"https:\/\/lafuente.mx\/?p=952","url_meta":{"origin":2615,"position":5},"title":"D\u00eda Nacional de las y los Psiquiatras","date":"marzo 22, 2023","format":false,"excerpt":"31 de marzo\u00a0 Imagen INPRFM \u201cEn el grado en que la salud y las enfermedades de los hombres est\u00e1n influidas por sus motivos, sus esperanzas, sus temores y sus contradicciones, el humanismo, no es s\u00f3lo un complemento, sino una dimensi\u00f3n necesaria de la medicina\u201d.\u00a0 En M\u00e9xico se instaur\u00f3 el 31\u2026","rel":"","context":"En &quot;Efem\u00e9rides de Salud Mental&quot;","img":{"alt_text":"","src":"https:\/\/i0.wp.com\/lafuente.mx\/wp-content\/uploads\/2023\/03\/INPRFM06.jpg?fit=800%2C500&ssl=1&resize=350%2C200","width":350,"height":200},"classes":[]}],"jetpack_sharing_enabled":true,"jetpack_shortlink":"https:\/\/wp.me\/pe9WUx-Gb","_links":{"self":[{"href":"https:\/\/lafuente.mx\/index.php?rest_route=\/wp\/v2\/posts\/2615"}],"collection":[{"href":"https:\/\/lafuente.mx\/index.php?rest_route=\/wp\/v2\/posts"}],"about":[{"href":"https:\/\/lafuente.mx\/index.php?rest_route=\/wp\/v2\/types\/post"}],"author":[{"embeddable":true,"href":"https:\/\/lafuente.mx\/index.php?rest_route=\/wp\/v2\/users\/3"}],"replies":[{"embeddable":true,"href":"https:\/\/lafuente.mx\/index.php?rest_route=%2Fwp%2Fv2%2Fcomments&post=2615"}],"version-history":[{"count":2,"href":"https:\/\/lafuente.mx\/index.php?rest_route=\/wp\/v2\/posts\/2615\/revisions"}],"predecessor-version":[{"id":2618,"href":"https:\/\/lafuente.mx\/index.php?rest_route=\/wp\/v2\/posts\/2615\/revisions\/2618"}],"wp:featuredmedia":[{"embeddable":true,"href":"https:\/\/lafuente.mx\/index.php?rest_route=\/wp\/v2\/media\/2616"}],"wp:attachment":[{"href":"https:\/\/lafuente.mx\/index.php?rest_route=%2Fwp%2Fv2%2Fmedia&parent=2615"}],"wp:term":[{"taxonomy":"category","embeddable":true,"href":"https:\/\/lafuente.mx\/index.php?rest_route=%2Fwp%2Fv2%2Fcategories&post=2615"},{"taxonomy":"post_tag","embeddable":true,"href":"https:\/\/lafuente.mx\/index.php?rest_route=%2Fwp%2Fv2%2Ftags&post=2615"}],"curies":[{"name":"wp","href":"https:\/\/api.w.org\/{rel}","templated":true}]}}