{"id":2609,"date":"2024-10-23T13:42:24","date_gmt":"2024-10-23T13:42:24","guid":{"rendered":"https:\/\/lafuente.mx\/?p=2609"},"modified":"2024-10-28T14:56:00","modified_gmt":"2024-10-28T14:56:00","slug":"23-de-octubre-i-dia-de-las-medicas-y-los-medicos","status":"publish","type":"post","link":"https:\/\/lafuente.mx\/?p=2609","title":{"rendered":"D\u00eda de las M\u00e9dicas y los M\u00e9dicos"},"content":{"rendered":"\n<hr class=\"wp-block-separator has-alpha-channel-opacity\"\/>\n\n\n\n<p class=\"has-larger-font-size\"><strong>23 de octubre<\/strong><\/p>\n\n\n\n<figure class=\"wp-block-image size-large\"><img decoding=\"async\" loading=\"lazy\" width=\"640\" height=\"425\" src=\"https:\/\/i0.wp.com\/lafuente.mx\/wp-content\/uploads\/2024\/10\/64-1024x680.jpg?resize=640%2C425&#038;ssl=1\" alt=\"\" class=\"wp-image-2610\" srcset=\"https:\/\/i0.wp.com\/lafuente.mx\/wp-content\/uploads\/2024\/10\/64-scaled.jpg?resize=1024%2C680&amp;ssl=1 1024w, https:\/\/i0.wp.com\/lafuente.mx\/wp-content\/uploads\/2024\/10\/64-scaled.jpg?resize=300%2C199&amp;ssl=1 300w, https:\/\/i0.wp.com\/lafuente.mx\/wp-content\/uploads\/2024\/10\/64-scaled.jpg?resize=768%2C510&amp;ssl=1 768w, https:\/\/i0.wp.com\/lafuente.mx\/wp-content\/uploads\/2024\/10\/64-scaled.jpg?resize=1536%2C1020&amp;ssl=1 1536w, https:\/\/i0.wp.com\/lafuente.mx\/wp-content\/uploads\/2024\/10\/64-scaled.jpg?resize=2048%2C1360&amp;ssl=1 2048w, https:\/\/i0.wp.com\/lafuente.mx\/wp-content\/uploads\/2024\/10\/64-scaled.jpg?w=1280 1280w, https:\/\/i0.wp.com\/lafuente.mx\/wp-content\/uploads\/2024\/10\/64-scaled.jpg?w=1920 1920w\" sizes=\"(max-width: 640px) 100vw, 640px\" data-recalc-dims=\"1\" \/><\/figure>\n\n\n\n<p class=\"has-medium-font-size\">Desde 1937, cada 23 de octubre en M\u00e9xico se celebra el D\u00eda del M\u00e9dico. Esta fecha coincide con la creaci\u00f3n del Establecimiento de Ciencias M\u00e9dicas en 1833, actual Facultad de Medicina de la UNAM.<\/p>\n\n\n\n<p class=\"has-medium-font-size\">Dentro del Sistema Sanitario del pa\u00eds, las y los m\u00e9dicos tienen un papel destacado en la capacidad y respuesta de las instituciones p\u00fablicas de salud. Actualmente contamos con m\u00e1s de 225 mil m\u00e9dicos (hombres y mujeres) quienes, junto con las cerca de 312 mil enfermeras y dem\u00e1s profesionales de la salud, realizan m\u00e1s de un mill\u00f3n de atenciones m\u00e9dicas diarias: alrededor de 4 mil 300 nacimientos, cerca de un mill\u00f3n de consultas, casi 10 mil cirug\u00edas, m\u00e1s de 16 mil hospitalizaciones y cerca de 100 mil urgencias.<\/p>\n\n\n\n<p class=\"has-medium-font-size\">La importancia del trabajo de las y los m\u00e9dicos va m\u00e1s all\u00e1 del consultorio. Desde los albores de la Secretar\u00eda de Salud, all\u00e1 por 1943, su participaci\u00f3n en la salud comunitaria ha sido fundamental, como dan cuenta las exitosas campa\u00f1as contra el paludismo, la lepra o la oncocercosis; as\u00ed como los programas de Caravanas de la Salud y Cirug\u00edas Extramuros, por mencionar algunos aportes.<\/p>\n\n\n\n<p class=\"has-medium-font-size\">Aunado a esto, los m\u00e9dicos realizan estudios epidemiol\u00f3gicos para conocer los patrones de salud-enfermedad de la poblaci\u00f3n y dar cuenta de los padecimientos que m\u00e1s afectan a los mexicanos, poblaci\u00f3n, su frecuencia y distribuci\u00f3n. Tambi\u00e9n desarrollan investigaciones de diversa \u00edndole para encontrar nuevos m\u00e9todos diagn\u00f3sticos, tratamientos m\u00e1s efectivos y mejores formas de prevenci\u00f3n.<\/p>\n\n\n\n<hr class=\"wp-block-separator has-alpha-channel-opacity\"\/>\n\n\n\n<div class=\"wp-block-buttons is-layout-flex wp-block-buttons-is-layout-flex\">\n<div class=\"wp-block-button\"><a class=\"wp-block-button__link wp-element-button\" href=\"https:\/\/www.gob.mx\/salud\/articulos\/dia-del-medico-179438\">M\u00e1s informaci\u00f3n<\/a><\/div>\n<\/div>\n","protected":false},"excerpt":{"rendered":"<p>23 de octubre Desde 1937, cada 23 de octubre en M\u00e9xico se celebra el D\u00eda del M\u00e9dico. Esta fecha coincide con la creaci\u00f3n del Establecimiento<\/p>\n","protected":false},"author":3,"featured_media":2610,"comment_status":"closed","ping_status":"closed","sticky":false,"template":"","format":"standard","meta":{"footnotes":"","jetpack_publicize_message":"","jetpack_is_tweetstorm":false,"jetpack_publicize_feature_enabled":true},"categories":[13],"tags":[796,98,21,795,794,32,207],"jetpack_publicize_connections":[],"yoast_head":"<!-- This site is optimized with the Yoast SEO plugin v19.4 - https:\/\/yoast.com\/wordpress\/plugins\/seo\/ -->\n<title>D\u00eda de las M\u00e9dicas y los M\u00e9dicos -<\/title>\n<meta name=\"description\" content=\"Desde 1937, cada 23 de octubre en M\u00e9xico se celebra el D\u00eda del M\u00e9dico. Esta fecha coincide con la creaci\u00f3n del Establecimiento de Ciencias M\u00e9dicas en 1833, actual Facultad de Medicina de la UNAM\" \/>\n<meta name=\"robots\" content=\"index, follow, max-snippet:-1, max-image-preview:large, max-video-preview:-1\" \/>\n<link rel=\"canonical\" href=\"https:\/\/lafuente.mx\/?p=2609\" \/>\n<meta property=\"og:locale\" content=\"es_MX\" \/>\n<meta property=\"og:type\" content=\"article\" \/>\n<meta property=\"og:title\" content=\"D\u00eda de las M\u00e9dicas y los M\u00e9dicos\" \/>\n<meta property=\"og:description\" content=\"Desde 1937, cada 23 de octubre en M\u00e9xico se celebra el D\u00eda del M\u00e9dico. Esta fecha coincide con la creaci\u00f3n del Establecimiento de Ciencias M\u00e9dicas en 1833, actual Facultad de Medicina de la UNAM.\" \/>\n<meta property=\"og:url\" content=\"https:\/\/lafuente.mx\/?p=2609\" \/>\n<meta property=\"article:published_time\" content=\"2024-10-23T13:42:24+00:00\" \/>\n<meta property=\"article:modified_time\" content=\"2024-10-28T14:56:00+00:00\" \/>\n<meta property=\"og:image\" content=\"http:\/\/lafuente.mx\/wp-content\/uploads\/2024\/10\/64-scaled.jpg\" \/>\n\t<meta property=\"og:image:width\" content=\"2560\" \/>\n\t<meta property=\"og:image:height\" content=\"1699\" \/>\n\t<meta property=\"og:image:type\" content=\"image\/jpeg\" \/>\n<meta name=\"author\" content=\"Claudia Gallardo\" \/>\n<meta name=\"twitter:card\" content=\"summary_large_image\" \/>\n<meta name=\"twitter:title\" content=\"D\u00eda de las M\u00e9dicas y los M\u00e9dicos\" \/>\n<meta name=\"twitter:description\" content=\"Desde 1937, cada 23 de octubre en M\u00e9xico se celebra el D\u00eda del M\u00e9dico. Esta fecha coincide con la creaci\u00f3n del Establecimiento de Ciencias M\u00e9dicas en 1833, actual Facultad de Medicina de la UNAM.\" \/>\n<meta name=\"twitter:image\" content=\"https:\/\/i0.wp.com\/lafuente.mx\/wp-content\/uploads\/2024\/10\/64-scaled.jpg?fit=2560%2C1699&ssl=1\" \/>\n<meta name=\"twitter:label1\" content=\"Escrito por\" \/>\n\t<meta name=\"twitter:data1\" content=\"Claudia Gallardo\" \/>\n\t<meta name=\"twitter:label2\" content=\"Tiempo de lectura\" \/>\n\t<meta name=\"twitter:data2\" content=\"1 minuto\" \/>\n<script type=\"application\/ld+json\" class=\"yoast-schema-graph\">{\"@context\":\"https:\/\/schema.org\",\"@graph\":[{\"@type\":\"WebSite\",\"@id\":\"https:\/\/lafuente.mx\/#website\",\"url\":\"https:\/\/lafuente.mx\/\",\"name\":\"\",\"description\":\"Informaci\u00f3n confiable sobre salud mental\",\"potentialAction\":[{\"@type\":\"SearchAction\",\"target\":{\"@type\":\"EntryPoint\",\"urlTemplate\":\"https:\/\/lafuente.mx\/?s={search_term_string}\"},\"query-input\":\"required name=search_term_string\"}],\"inLanguage\":\"es-MX\"},{\"@type\":\"WebPage\",\"@id\":\"https:\/\/lafuente.mx\/?p=2609\",\"url\":\"https:\/\/lafuente.mx\/?p=2609\",\"name\":\"D\u00eda de las M\u00e9dicas y los M\u00e9dicos -\",\"isPartOf\":{\"@id\":\"https:\/\/lafuente.mx\/#website\"},\"datePublished\":\"2024-10-23T13:42:24+00:00\",\"dateModified\":\"2024-10-28T14:56:00+00:00\",\"author\":{\"@id\":\"https:\/\/lafuente.mx\/#\/schema\/person\/603f3aa8e2f6f7879021ab722d39d6b0\"},\"description\":\"Desde 1937, cada 23 de octubre en M\u00e9xico se celebra el D\u00eda del M\u00e9dico. Esta fecha coincide con la creaci\u00f3n del Establecimiento de Ciencias M\u00e9dicas en 1833, actual Facultad de Medicina de la UNAM\",\"breadcrumb\":{\"@id\":\"https:\/\/lafuente.mx\/?p=2609#breadcrumb\"},\"inLanguage\":\"es-MX\",\"potentialAction\":[{\"@type\":\"ReadAction\",\"target\":[\"https:\/\/lafuente.mx\/?p=2609\"]}]},{\"@type\":\"BreadcrumbList\",\"@id\":\"https:\/\/lafuente.mx\/?p=2609#breadcrumb\",\"itemListElement\":[{\"@type\":\"ListItem\",\"position\":1,\"name\":\"Inicio\",\"item\":\"https:\/\/lafuente.mx\/\"},{\"@type\":\"ListItem\",\"position\":2,\"name\":\"D\u00eda de las M\u00e9dicas y los M\u00e9dicos\"}]},{\"@type\":\"Person\",\"@id\":\"https:\/\/lafuente.mx\/#\/schema\/person\/603f3aa8e2f6f7879021ab722d39d6b0\",\"name\":\"Claudia Gallardo\",\"image\":{\"@type\":\"ImageObject\",\"inLanguage\":\"es-MX\",\"@id\":\"https:\/\/lafuente.mx\/#\/schema\/person\/image\/\",\"url\":\"https:\/\/secure.gravatar.com\/avatar\/bfe9c966af1ccfb9d17bcdb9d04e8815?s=96&d=mm&r=g\",\"contentUrl\":\"https:\/\/secure.gravatar.com\/avatar\/bfe9c966af1ccfb9d17bcdb9d04e8815?s=96&d=mm&r=g\",\"caption\":\"Claudia Gallardo\"},\"url\":\"https:\/\/lafuente.mx\/?author=3\"}]}<\/script>\n<!-- \/ Yoast SEO plugin. -->","yoast_head_json":{"title":"D\u00eda de las M\u00e9dicas y los M\u00e9dicos -","description":"Desde 1937, cada 23 de octubre en M\u00e9xico se celebra el D\u00eda del M\u00e9dico. Esta fecha coincide con la creaci\u00f3n del Establecimiento de Ciencias M\u00e9dicas en 1833, actual Facultad de Medicina de la UNAM","robots":{"index":"index","follow":"follow","max-snippet":"max-snippet:-1","max-image-preview":"max-image-preview:large","max-video-preview":"max-video-preview:-1"},"canonical":"https:\/\/lafuente.mx\/?p=2609","og_locale":"es_MX","og_type":"article","og_title":"D\u00eda de las M\u00e9dicas y los M\u00e9dicos","og_description":"Desde 1937, cada 23 de octubre en M\u00e9xico se celebra el D\u00eda del M\u00e9dico. Esta fecha coincide con la creaci\u00f3n del Establecimiento de Ciencias M\u00e9dicas en 1833, actual Facultad de Medicina de la UNAM.","og_url":"https:\/\/lafuente.mx\/?p=2609","article_published_time":"2024-10-23T13:42:24+00:00","article_modified_time":"2024-10-28T14:56:00+00:00","og_image":[{"width":2560,"height":1699,"url":"http:\/\/lafuente.mx\/wp-content\/uploads\/2024\/10\/64-scaled.jpg","type":"image\/jpeg"}],"author":"Claudia Gallardo","twitter_card":"summary_large_image","twitter_title":"D\u00eda de las M\u00e9dicas y los M\u00e9dicos","twitter_description":"Desde 1937, cada 23 de octubre en M\u00e9xico se celebra el D\u00eda del M\u00e9dico. Esta fecha coincide con la creaci\u00f3n del Establecimiento de Ciencias M\u00e9dicas en 1833, actual Facultad de Medicina de la UNAM.","twitter_image":"https:\/\/i0.wp.com\/lafuente.mx\/wp-content\/uploads\/2024\/10\/64-scaled.jpg?fit=2560%2C1699&ssl=1","twitter_misc":{"Escrito por":"Claudia Gallardo","Tiempo de lectura":"1 minuto"},"schema":{"@context":"https:\/\/schema.org","@graph":[{"@type":"WebSite","@id":"https:\/\/lafuente.mx\/#website","url":"https:\/\/lafuente.mx\/","name":"","description":"Informaci\u00f3n confiable sobre salud mental","potentialAction":[{"@type":"SearchAction","target":{"@type":"EntryPoint","urlTemplate":"https:\/\/lafuente.mx\/?s={search_term_string}"},"query-input":"required name=search_term_string"}],"inLanguage":"es-MX"},{"@type":"WebPage","@id":"https:\/\/lafuente.mx\/?p=2609","url":"https:\/\/lafuente.mx\/?p=2609","name":"D\u00eda de las M\u00e9dicas y los M\u00e9dicos -","isPartOf":{"@id":"https:\/\/lafuente.mx\/#website"},"datePublished":"2024-10-23T13:42:24+00:00","dateModified":"2024-10-28T14:56:00+00:00","author":{"@id":"https:\/\/lafuente.mx\/#\/schema\/person\/603f3aa8e2f6f7879021ab722d39d6b0"},"description":"Desde 1937, cada 23 de octubre en M\u00e9xico se celebra el D\u00eda del M\u00e9dico. Esta fecha coincide con la creaci\u00f3n del Establecimiento de Ciencias M\u00e9dicas en 1833, actual Facultad de Medicina de la UNAM","breadcrumb":{"@id":"https:\/\/lafuente.mx\/?p=2609#breadcrumb"},"inLanguage":"es-MX","potentialAction":[{"@type":"ReadAction","target":["https:\/\/lafuente.mx\/?p=2609"]}]},{"@type":"BreadcrumbList","@id":"https:\/\/lafuente.mx\/?p=2609#breadcrumb","itemListElement":[{"@type":"ListItem","position":1,"name":"Inicio","item":"https:\/\/lafuente.mx\/"},{"@type":"ListItem","position":2,"name":"D\u00eda de las M\u00e9dicas y los M\u00e9dicos"}]},{"@type":"Person","@id":"https:\/\/lafuente.mx\/#\/schema\/person\/603f3aa8e2f6f7879021ab722d39d6b0","name":"Claudia Gallardo","image":{"@type":"ImageObject","inLanguage":"es-MX","@id":"https:\/\/lafuente.mx\/#\/schema\/person\/image\/","url":"https:\/\/secure.gravatar.com\/avatar\/bfe9c966af1ccfb9d17bcdb9d04e8815?s=96&d=mm&r=g","contentUrl":"https:\/\/secure.gravatar.com\/avatar\/bfe9c966af1ccfb9d17bcdb9d04e8815?s=96&d=mm&r=g","caption":"Claudia Gallardo"},"url":"https:\/\/lafuente.mx\/?author=3"}]}},"jetpack_featured_media_url":"https:\/\/i0.wp.com\/lafuente.mx\/wp-content\/uploads\/2024\/10\/64-scaled.jpg?fit=2560%2C1699&ssl=1","jetpack-related-posts":[{"id":3412,"url":"https:\/\/lafuente.mx\/?p=3412","url_meta":{"origin":2609,"position":0},"title":"D\u00eda del m\u00e9dico","date":"octubre 23, 2025","format":false,"excerpt":"23 de octubre El D\u00eda del M\u00e9dico en M\u00e9xico se celebra cada\u00a023 de octubre\u00a0en conmemoraci\u00f3n de la creaci\u00f3n del Establecimiento de Ciencias M\u00e9dicas en 1833. Esta fecha fue elegida para honrar la labor m\u00e9dica y coincide con la inauguraci\u00f3n de esta instituci\u00f3n, que es un antecedente de la actual Facultad\u2026","rel":"","context":"En &quot;Efem\u00e9rides de Salud Mental&quot;","img":{"alt_text":"","src":"https:\/\/i0.wp.com\/lafuente.mx\/wp-content\/uploads\/2025\/10\/Captura-de-pantalla-2025-10-20-a-las-14.17.59.png?fit=1200%2C777&ssl=1&resize=350%2C200","width":350,"height":200},"classes":[]},{"id":1798,"url":"https:\/\/lafuente.mx\/?p=1798","url_meta":{"origin":2609,"position":1},"title":"23 de octubre, D\u00eda de la M\u00e9dica y el M\u00e9dico\u00a0","date":"octubre 19, 2023","format":false,"excerpt":"Desde 1937, cada 23 de octubre en M\u00e9xico se celebra el D\u00eda del M\u00e9dico. Esta fecha coincide con la creaci\u00f3n del Establecimiento de Ciencias M\u00e9dicas en 1833, actual Facultad de Medicina de la UNAM.\u00a0 Dentro del Sistema Sanitario del pa\u00eds, las y los m\u00e9dicos tienen un papel destacado en la\u2026","rel":"","context":"En &quot;Efem\u00e9rides de Salud Mental&quot;","img":{"alt_text":"","src":"https:\/\/i0.wp.com\/lafuente.mx\/wp-content\/uploads\/2023\/10\/5207289-scaled.jpg?fit=1200%2C800&ssl=1&resize=350%2C200","width":350,"height":200},"classes":[]},{"id":3464,"url":"https:\/\/lafuente.mx\/?p=3464","url_meta":{"origin":2609,"position":2},"title":"Batas blancas, cargas invisibles: hablemos de salud mental m\u00e9dica\u00a0","date":"noviembre 24, 2025","format":false,"excerpt":"Nov 3, 2025 | Academia\u00a0 El 28 de octubre se realiz\u00f3 una sesi\u00f3n m\u00e1s del foro Hablemos ClaraMENTE 2025, una iniciativa de la Coordinaci\u00f3n de Investigaci\u00f3n del Departamento de Psiquiatr\u00eda y Salud Mental (DPSM) de la Facultad de Medicina de la UNAM.\u00a0\u00a0 La doctora Ana Fres\u00e1n Orellana, investigadora en Ciencias\u2026","rel":"","context":"En &quot;Noticias&quot;","img":{"alt_text":"","src":"https:\/\/i0.wp.com\/lafuente.mx\/wp-content\/uploads\/2025\/11\/Captura-de-pantalla-2025-11-24-a-las-13.17.48.png?fit=1200%2C606&ssl=1&resize=350%2C200","width":350,"height":200},"classes":[]},{"id":952,"url":"https:\/\/lafuente.mx\/?p=952","url_meta":{"origin":2609,"position":3},"title":"D\u00eda Nacional de las y los Psiquiatras","date":"marzo 22, 2023","format":false,"excerpt":"31 de marzo\u00a0 Imagen INPRFM \u201cEn el grado en que la salud y las enfermedades de los hombres est\u00e1n influidas por sus motivos, sus esperanzas, sus temores y sus contradicciones, el humanismo, no es s\u00f3lo un complemento, sino una dimensi\u00f3n necesaria de la medicina\u201d.\u00a0 En M\u00e9xico se instaur\u00f3 el 31\u2026","rel":"","context":"En &quot;Efem\u00e9rides de Salud Mental&quot;","img":{"alt_text":"","src":"https:\/\/i0.wp.com\/lafuente.mx\/wp-content\/uploads\/2023\/03\/INPRFM06.jpg?fit=800%2C500&ssl=1&resize=350%2C200","width":350,"height":200},"classes":[]},{"id":2683,"url":"https:\/\/lafuente.mx\/?p=2683","url_meta":{"origin":2609,"position":4},"title":"Por la eliminaci\u00f3n de la violencia contra las mujeres y las ni\u00f1as en la formaci\u00f3n y la pr\u00e1ctica m\u00e9dica\u00a0","date":"diciembre 3, 2024","format":false,"excerpt":"Nov 28, 2024\u00a0|\u00a0Academia\u00a0 Como parte de las actividades que realiza la Facultad de Medicina de la UNAM en el marco de la conmemoraci\u00f3n del D\u00eda Internacional de la Eliminaci\u00f3n de la Violencia contra las Mujeres y las Ni\u00f1as,\u00a0se realiz\u00f3 el conversatorio \u201cPor la Eliminaci\u00f3n de la Violencia contra las Mujeres\u2026","rel":"","context":"En &quot;Noticias&quot;","img":{"alt_text":"","src":"https:\/\/i0.wp.com\/lafuente.mx\/wp-content\/uploads\/2024\/12\/Captura-de-pantalla-2024-12-03-a-las-9.34.47.png?fit=1200%2C816&ssl=1&resize=350%2C200","width":350,"height":200},"classes":[]},{"id":2641,"url":"https:\/\/lafuente.mx\/?p=2641","url_meta":{"origin":2609,"position":5},"title":"D\u00eda Mundial de la Radiolog\u00eda","date":"noviembre 8, 2024","format":false,"excerpt":"8 de noviembre\u00a0 La radiolog\u00eda es una rama de la medicina que se ocupa de generar im\u00e1genes del interior del cuerpo para el diagn\u00f3stico y tratamiento de lesiones y enfermedades, por lo que es de gran importancia para la salud.\u00a0\u00a0 Cada a\u00f1o, el 8 de noviembre se conmemora el D\u00eda\u2026","rel":"","context":"En &quot;Efem\u00e9rides de Salud Mental&quot;","img":{"alt_text":"","src":"https:\/\/i0.wp.com\/lafuente.mx\/wp-content\/uploads\/2024\/11\/ImagenesCereb-1-rotated.jpg?fit=500%2C800&ssl=1&resize=350%2C200","width":350,"height":200},"classes":[]}],"jetpack_sharing_enabled":true,"jetpack_shortlink":"https:\/\/wp.me\/pe9WUx-G5","_links":{"self":[{"href":"https:\/\/lafuente.mx\/index.php?rest_route=\/wp\/v2\/posts\/2609"}],"collection":[{"href":"https:\/\/lafuente.mx\/index.php?rest_route=\/wp\/v2\/posts"}],"about":[{"href":"https:\/\/lafuente.mx\/index.php?rest_route=\/wp\/v2\/types\/post"}],"author":[{"embeddable":true,"href":"https:\/\/lafuente.mx\/index.php?rest_route=\/wp\/v2\/users\/3"}],"replies":[{"embeddable":true,"href":"https:\/\/lafuente.mx\/index.php?rest_route=%2Fwp%2Fv2%2Fcomments&post=2609"}],"version-history":[{"count":2,"href":"https:\/\/lafuente.mx\/index.php?rest_route=\/wp\/v2\/posts\/2609\/revisions"}],"predecessor-version":[{"id":2614,"href":"https:\/\/lafuente.mx\/index.php?rest_route=\/wp\/v2\/posts\/2609\/revisions\/2614"}],"wp:featuredmedia":[{"embeddable":true,"href":"https:\/\/lafuente.mx\/index.php?rest_route=\/wp\/v2\/media\/2610"}],"wp:attachment":[{"href":"https:\/\/lafuente.mx\/index.php?rest_route=%2Fwp%2Fv2%2Fmedia&parent=2609"}],"wp:term":[{"taxonomy":"category","embeddable":true,"href":"https:\/\/lafuente.mx\/index.php?rest_route=%2Fwp%2Fv2%2Fcategories&post=2609"},{"taxonomy":"post_tag","embeddable":true,"href":"https:\/\/lafuente.mx\/index.php?rest_route=%2Fwp%2Fv2%2Ftags&post=2609"}],"curies":[{"name":"wp","href":"https:\/\/api.w.org\/{rel}","templated":true}]}}