{"id":2599,"date":"2024-10-22T15:49:16","date_gmt":"2024-10-22T15:49:16","guid":{"rendered":"https:\/\/lafuente.mx\/?p=2599"},"modified":"2024-11-06T16:03:23","modified_gmt":"2024-11-06T16:03:23","slug":"borrador-automatico-primer-encuentro-de-psicodelia-en-mexico-a-favor-de-la-salud-mental","status":"publish","type":"post","link":"https:\/\/lafuente.mx\/?p=2599","title":{"rendered":"Primer Encuentro de Psicodelia en M\u00e9xico a favor de la Salud Mental\u00a0"},"content":{"rendered":"\n<p class=\"has-large-font-size\"><strong>29 y 30 de noviembre, 2024<\/strong><\/p>\n\n\n\n<hr class=\"wp-block-separator has-text-color has-vivid-cyan-blue-color has-alpha-channel-opacity has-vivid-cyan-blue-background-color has-background is-style-wide\"\/>\n\n\n\n<p class=\"has-text-color has-medium-font-size\" style=\"color:#03304a\"><strong>En un contexto donde la crisis de salud mental afecta a millones de personas a nivel global, M\u00e9xico se posiciona como un referente para la investigaci\u00f3n y el desarrollo de terapias alternativas con bases cient\u00edficas.&nbsp;<\/strong><\/p>\n\n\n\n<p class=\"has-text-color has-small-font-size\" style=\"color:#858e96\"><strong>15 de octubre <\/strong><\/p>\n\n\n\n<p class=\"has-medium-font-size\"><strong>Una soluci\u00f3n ancestral a una crisis moderna&nbsp;<\/strong><\/p>\n\n\n\n<p class=\"has-medium-font-size\">La crisis de salud mental ha alcanzado niveles alarmantes. Seg\u00fan datos de la OMS, los trastornos como la depresi\u00f3n y la ansiedad han aumentado m\u00e1s del 25% desde el inicio de la pandemia, exacerbando un problema que afecta a 1,000 millones de personas en todo el mundo.&nbsp;<\/p>\n\n\n\n<p class=\"has-medium-font-size\">Adem\u00e1s, en M\u00e9xico, el 25% de las personas entre 18 y 65 a\u00f1os presentan alg\u00fan problema de salud mental, de acuerdo con especialistas del Instituto Nacional de Psiquiatr\u00eda Ram\u00f3n de la Fuente Mu\u00f1iz, solo el 3% busca atenci\u00f3n m\u00e9dica.&nbsp;<\/p>\n\n\n\n<figure class=\"wp-block-image size-large\"><img decoding=\"async\" loading=\"lazy\" width=\"640\" height=\"686\" src=\"https:\/\/i0.wp.com\/lafuente.mx\/wp-content\/uploads\/2024\/10\/Captura-de-pantalla-2024-10-22-a-las-9.34.35-956x1024.png?resize=640%2C686&#038;ssl=1\" alt=\"\" class=\"wp-image-2600\" srcset=\"https:\/\/i0.wp.com\/lafuente.mx\/wp-content\/uploads\/2024\/10\/Captura-de-pantalla-2024-10-22-a-las-9.34.35.png?resize=956%2C1024&amp;ssl=1 956w, https:\/\/i0.wp.com\/lafuente.mx\/wp-content\/uploads\/2024\/10\/Captura-de-pantalla-2024-10-22-a-las-9.34.35.png?resize=280%2C300&amp;ssl=1 280w, https:\/\/i0.wp.com\/lafuente.mx\/wp-content\/uploads\/2024\/10\/Captura-de-pantalla-2024-10-22-a-las-9.34.35.png?resize=768%2C823&amp;ssl=1 768w, https:\/\/i0.wp.com\/lafuente.mx\/wp-content\/uploads\/2024\/10\/Captura-de-pantalla-2024-10-22-a-las-9.34.35.png?w=1312&amp;ssl=1 1312w\" sizes=\"(max-width: 640px) 100vw, 640px\" data-recalc-dims=\"1\" \/><figcaption class=\"wp-element-caption\">Imagen CapitalM\u00e9xico<\/figcaption><\/figure>\n\n\n\n<p><\/p>\n\n\n\n<p class=\"has-medium-font-size\">Al respecto, Ra\u00fal Escamilla, subdirector m\u00e9dico del Instituto Nacional de Psiquiatr\u00eda Ram\u00f3n de la Fuente Mu\u00f1iz, se\u00f1al\u00f3: \u00abLos avances cient\u00edficos nos demuestran que las sustancias psicod\u00e9licas, bajo un marco supervisado, pueden ser una herramienta terap\u00e9utica muy valiosa. En M\u00e9xico, estamos viendo c\u00f3mo este tipo de tratamientos abren nuevas puertas para tratar trastornos. Es momento de dejar de estigmatizar estas sustancias y comenzar a generar un di\u00e1logo serio y basado en la evidencia para su aplicaci\u00f3n cl\u00ednica.\u00bb&nbsp;<\/p>\n\n\n\n<hr class=\"wp-block-separator has-text-color has-vivid-cyan-blue-color has-alpha-channel-opacity has-vivid-cyan-blue-background-color has-background\"\/>\n\n\n\n<div class=\"wp-block-buttons is-layout-flex wp-block-buttons-is-layout-flex\">\n<div class=\"wp-block-button\"><a class=\"wp-block-button__link has-vivid-cyan-blue-background-color has-background wp-element-button\" href=\"https:\/\/endirecto.mx\/primer-encuentro-de-psicodelia-en-mexico-a-favor-de-la-salud-mental\/\">M\u00e1s informaci\u00f3n<\/a><\/div>\n<\/div>\n","protected":false},"excerpt":{"rendered":"<p>29 y 30 de noviembre, 2024 En un contexto donde la crisis de salud mental afecta a millones de personas a nivel global, M\u00e9xico se<\/p>\n","protected":false},"author":3,"featured_media":2600,"comment_status":"closed","ping_status":"closed","sticky":false,"template":"","format":"standard","meta":{"footnotes":"","jetpack_publicize_message":"","jetpack_is_tweetstorm":false,"jetpack_publicize_feature_enabled":true},"categories":[3],"tags":[34,791,87,790,789,21,788,32,335],"jetpack_publicize_connections":[],"yoast_head":"<!-- This site is optimized with the Yoast SEO plugin v19.4 - https:\/\/yoast.com\/wordpress\/plugins\/seo\/ -->\n<title>Primer Encuentro de Psicodelia en M\u00e9xico a favor de la Salud Mental\u00a0 -<\/title>\n<meta name=\"description\" content=\"Este evento \u00fanico contar\u00e1 con la participaci\u00f3n de m\u00e1s de 30 especialistas de renombre mundial, l\u00edderes en el campo de la salud mental, la investigaci\u00f3n psicod\u00e9lica y las medicinas tradicionales.\" \/>\n<meta name=\"robots\" content=\"index, follow, max-snippet:-1, max-image-preview:large, max-video-preview:-1\" \/>\n<link rel=\"canonical\" href=\"https:\/\/lafuente.mx\/?p=2599\" \/>\n<meta property=\"og:locale\" content=\"es_MX\" \/>\n<meta property=\"og:type\" content=\"article\" \/>\n<meta property=\"og:title\" content=\"Primer Encuentro de Psicodelia en M\u00e9xico a favor de la Salud Mental\u00a0\" \/>\n<meta property=\"og:description\" content=\"Este evento \u00fanico contar\u00e1 con la participaci\u00f3n de m\u00e1s de 30 especialistas de renombre mundial, l\u00edderes en el campo de la salud mental, la investigaci\u00f3n psicod\u00e9lica y las medicinas tradicionales.\" \/>\n<meta property=\"og:url\" content=\"https:\/\/lafuente.mx\/?p=2599\" \/>\n<meta property=\"article:published_time\" content=\"2024-10-22T15:49:16+00:00\" \/>\n<meta property=\"article:modified_time\" content=\"2024-11-06T16:03:23+00:00\" \/>\n<meta property=\"og:image\" content=\"http:\/\/lafuente.mx\/wp-content\/uploads\/2024\/10\/Captura-de-pantalla-2024-10-22-a-las-9.34.35-956x1024.png\" \/>\n\t<meta property=\"og:image:width\" content=\"956\" \/>\n\t<meta property=\"og:image:height\" content=\"1024\" \/>\n\t<meta property=\"og:image:type\" content=\"image\/png\" \/>\n<meta name=\"author\" content=\"Claudia Gallardo\" \/>\n<meta name=\"twitter:card\" content=\"summary_large_image\" \/>\n<meta name=\"twitter:title\" content=\"Primer Encuentro de Psicodelia en M\u00e9xico a favor de la Salud Mental\u00a0\" \/>\n<meta name=\"twitter:description\" content=\"Este evento \u00fanico contar\u00e1 con la participaci\u00f3n de m\u00e1s de 30 especialistas de renombre mundial, l\u00edderes en el campo de la salud mental, la investigaci\u00f3n psicod\u00e9lica y las medicinas tradicionales.\" \/>\n<meta name=\"twitter:image\" content=\"https:\/\/i0.wp.com\/lafuente.mx\/wp-content\/uploads\/2024\/10\/Captura-de-pantalla-2024-10-22-a-las-9.34.35.png?fit=1312%2C1406&ssl=1\" \/>\n<meta name=\"twitter:label1\" content=\"Escrito por\" \/>\n\t<meta name=\"twitter:data1\" content=\"Claudia Gallardo\" \/>\n\t<meta name=\"twitter:label2\" content=\"Tiempo de lectura\" \/>\n\t<meta name=\"twitter:data2\" content=\"1 minuto\" \/>\n<script type=\"application\/ld+json\" class=\"yoast-schema-graph\">{\"@context\":\"https:\/\/schema.org\",\"@graph\":[{\"@type\":\"WebSite\",\"@id\":\"https:\/\/lafuente.mx\/#website\",\"url\":\"https:\/\/lafuente.mx\/\",\"name\":\"\",\"description\":\"Informaci\u00f3n confiable sobre salud mental\",\"potentialAction\":[{\"@type\":\"SearchAction\",\"target\":{\"@type\":\"EntryPoint\",\"urlTemplate\":\"https:\/\/lafuente.mx\/?s={search_term_string}\"},\"query-input\":\"required name=search_term_string\"}],\"inLanguage\":\"es-MX\"},{\"@type\":\"WebPage\",\"@id\":\"https:\/\/lafuente.mx\/?p=2599\",\"url\":\"https:\/\/lafuente.mx\/?p=2599\",\"name\":\"Primer Encuentro de Psicodelia en M\u00e9xico a favor de la Salud Mental\u00a0 -\",\"isPartOf\":{\"@id\":\"https:\/\/lafuente.mx\/#website\"},\"datePublished\":\"2024-10-22T15:49:16+00:00\",\"dateModified\":\"2024-11-06T16:03:23+00:00\",\"author\":{\"@id\":\"https:\/\/lafuente.mx\/#\/schema\/person\/603f3aa8e2f6f7879021ab722d39d6b0\"},\"description\":\"Este evento \u00fanico contar\u00e1 con la participaci\u00f3n de m\u00e1s de 30 especialistas de renombre mundial, l\u00edderes en el campo de la salud mental, la investigaci\u00f3n psicod\u00e9lica y las medicinas tradicionales.\",\"breadcrumb\":{\"@id\":\"https:\/\/lafuente.mx\/?p=2599#breadcrumb\"},\"inLanguage\":\"es-MX\",\"potentialAction\":[{\"@type\":\"ReadAction\",\"target\":[\"https:\/\/lafuente.mx\/?p=2599\"]}]},{\"@type\":\"BreadcrumbList\",\"@id\":\"https:\/\/lafuente.mx\/?p=2599#breadcrumb\",\"itemListElement\":[{\"@type\":\"ListItem\",\"position\":1,\"name\":\"Inicio\",\"item\":\"https:\/\/lafuente.mx\/\"},{\"@type\":\"ListItem\",\"position\":2,\"name\":\"Primer Encuentro de Psicodelia en M\u00e9xico a favor de la Salud Mental\u00a0\"}]},{\"@type\":\"Person\",\"@id\":\"https:\/\/lafuente.mx\/#\/schema\/person\/603f3aa8e2f6f7879021ab722d39d6b0\",\"name\":\"Claudia Gallardo\",\"image\":{\"@type\":\"ImageObject\",\"inLanguage\":\"es-MX\",\"@id\":\"https:\/\/lafuente.mx\/#\/schema\/person\/image\/\",\"url\":\"https:\/\/secure.gravatar.com\/avatar\/bfe9c966af1ccfb9d17bcdb9d04e8815?s=96&d=mm&r=g\",\"contentUrl\":\"https:\/\/secure.gravatar.com\/avatar\/bfe9c966af1ccfb9d17bcdb9d04e8815?s=96&d=mm&r=g\",\"caption\":\"Claudia Gallardo\"},\"url\":\"https:\/\/lafuente.mx\/?author=3\"}]}<\/script>\n<!-- \/ Yoast SEO plugin. -->","yoast_head_json":{"title":"Primer Encuentro de Psicodelia en M\u00e9xico a favor de la Salud Mental\u00a0 -","description":"Este evento \u00fanico contar\u00e1 con la participaci\u00f3n de m\u00e1s de 30 especialistas de renombre mundial, l\u00edderes en el campo de la salud mental, la investigaci\u00f3n psicod\u00e9lica y las medicinas tradicionales.","robots":{"index":"index","follow":"follow","max-snippet":"max-snippet:-1","max-image-preview":"max-image-preview:large","max-video-preview":"max-video-preview:-1"},"canonical":"https:\/\/lafuente.mx\/?p=2599","og_locale":"es_MX","og_type":"article","og_title":"Primer Encuentro de Psicodelia en M\u00e9xico a favor de la Salud Mental\u00a0","og_description":"Este evento \u00fanico contar\u00e1 con la participaci\u00f3n de m\u00e1s de 30 especialistas de renombre mundial, l\u00edderes en el campo de la salud mental, la investigaci\u00f3n psicod\u00e9lica y las medicinas tradicionales.","og_url":"https:\/\/lafuente.mx\/?p=2599","article_published_time":"2024-10-22T15:49:16+00:00","article_modified_time":"2024-11-06T16:03:23+00:00","og_image":[{"width":956,"height":1024,"url":"http:\/\/lafuente.mx\/wp-content\/uploads\/2024\/10\/Captura-de-pantalla-2024-10-22-a-las-9.34.35-956x1024.png","type":"image\/png"}],"author":"Claudia Gallardo","twitter_card":"summary_large_image","twitter_title":"Primer Encuentro de Psicodelia en M\u00e9xico a favor de la Salud Mental\u00a0","twitter_description":"Este evento \u00fanico contar\u00e1 con la participaci\u00f3n de m\u00e1s de 30 especialistas de renombre mundial, l\u00edderes en el campo de la salud mental, la investigaci\u00f3n psicod\u00e9lica y las medicinas tradicionales.","twitter_image":"https:\/\/i0.wp.com\/lafuente.mx\/wp-content\/uploads\/2024\/10\/Captura-de-pantalla-2024-10-22-a-las-9.34.35.png?fit=1312%2C1406&ssl=1","twitter_misc":{"Escrito por":"Claudia Gallardo","Tiempo de lectura":"1 minuto"},"schema":{"@context":"https:\/\/schema.org","@graph":[{"@type":"WebSite","@id":"https:\/\/lafuente.mx\/#website","url":"https:\/\/lafuente.mx\/","name":"","description":"Informaci\u00f3n confiable sobre salud mental","potentialAction":[{"@type":"SearchAction","target":{"@type":"EntryPoint","urlTemplate":"https:\/\/lafuente.mx\/?s={search_term_string}"},"query-input":"required name=search_term_string"}],"inLanguage":"es-MX"},{"@type":"WebPage","@id":"https:\/\/lafuente.mx\/?p=2599","url":"https:\/\/lafuente.mx\/?p=2599","name":"Primer Encuentro de Psicodelia en M\u00e9xico a favor de la Salud Mental\u00a0 -","isPartOf":{"@id":"https:\/\/lafuente.mx\/#website"},"datePublished":"2024-10-22T15:49:16+00:00","dateModified":"2024-11-06T16:03:23+00:00","author":{"@id":"https:\/\/lafuente.mx\/#\/schema\/person\/603f3aa8e2f6f7879021ab722d39d6b0"},"description":"Este evento \u00fanico contar\u00e1 con la participaci\u00f3n de m\u00e1s de 30 especialistas de renombre mundial, l\u00edderes en el campo de la salud mental, la investigaci\u00f3n psicod\u00e9lica y las medicinas tradicionales.","breadcrumb":{"@id":"https:\/\/lafuente.mx\/?p=2599#breadcrumb"},"inLanguage":"es-MX","potentialAction":[{"@type":"ReadAction","target":["https:\/\/lafuente.mx\/?p=2599"]}]},{"@type":"BreadcrumbList","@id":"https:\/\/lafuente.mx\/?p=2599#breadcrumb","itemListElement":[{"@type":"ListItem","position":1,"name":"Inicio","item":"https:\/\/lafuente.mx\/"},{"@type":"ListItem","position":2,"name":"Primer Encuentro de Psicodelia en M\u00e9xico a favor de la Salud Mental\u00a0"}]},{"@type":"Person","@id":"https:\/\/lafuente.mx\/#\/schema\/person\/603f3aa8e2f6f7879021ab722d39d6b0","name":"Claudia Gallardo","image":{"@type":"ImageObject","inLanguage":"es-MX","@id":"https:\/\/lafuente.mx\/#\/schema\/person\/image\/","url":"https:\/\/secure.gravatar.com\/avatar\/bfe9c966af1ccfb9d17bcdb9d04e8815?s=96&d=mm&r=g","contentUrl":"https:\/\/secure.gravatar.com\/avatar\/bfe9c966af1ccfb9d17bcdb9d04e8815?s=96&d=mm&r=g","caption":"Claudia Gallardo"},"url":"https:\/\/lafuente.mx\/?author=3"}]}},"jetpack_featured_media_url":"https:\/\/i0.wp.com\/lafuente.mx\/wp-content\/uploads\/2024\/10\/Captura-de-pantalla-2024-10-22-a-las-9.34.35.png?fit=1312%2C1406&ssl=1","jetpack-related-posts":[{"id":2435,"url":"https:\/\/lafuente.mx\/?p=2435","url_meta":{"origin":2599,"position":0},"title":"M\u00e9xico consolida red de servicios de atenci\u00f3n a la salud mental y adicciones\u00a0","date":"julio 11, 2024","format":false,"excerpt":"Est\u00e1 integrada por 341 centros comunitarios de salud y adicciones, 115 hospitales generales, 34 psiqui\u00e1tricos y 241 camas de hospitalizaci\u00f3n\u00a0 Secretar\u00eda de Salud | 01 de julio de 2024\u00a0| Nacional\u00a0 El Modelo Mexicano de Salud Mental y Adicciones ha permitido desarrollar una red de servicios de atenci\u00f3n integrada por 341\u2026","rel":"","context":"En &quot;Noticias&quot;","img":{"alt_text":"","src":"https:\/\/i0.wp.com\/lafuente.mx\/wp-content\/uploads\/2024\/07\/HallHospital.jpg?fit=1200%2C800&ssl=1&resize=350%2C200","width":350,"height":200},"classes":[]},{"id":1790,"url":"https:\/\/lafuente.mx\/?p=1790","url_meta":{"origin":2599,"position":1},"title":"En M\u00e9xico, nuevo modelo de salud mental y adicciones acerca servicios a la comunidad","date":"octubre 23, 2023","format":false,"excerpt":"Comisi\u00f3n Nacional de Salud Mental y Adicciones Ciudad de M\u00e9xico, 11 de octubre de 2023. El nuevo modelo de salud mental y adicciones permite acercar esos servicios a la comunidad, a trav\u00e9s de una red de 341 Centros Comunitarios de Salud Mental y Adicciones (Cecosama) que garantizan el acceso equitativo\u2026","rel":"","context":"En &quot;Noticias&quot;","img":{"alt_text":"","src":"https:\/\/i0.wp.com\/lafuente.mx\/wp-content\/uploads\/2023\/10\/image.png?fit=650%2C380&ssl=1&resize=350%2C200","width":350,"height":200},"classes":[]},{"id":3531,"url":"https:\/\/lafuente.mx\/?p=3531","url_meta":{"origin":2599,"position":2},"title":"Uno de cada siete j\u00f3venes entre 10 y 19 a\u00f1os sufre un trastorno mental: OMS\u00a0","date":"enero 13, 2026","format":false,"excerpt":"Laura Poy Solano\u00a0 Peri\u00f3dico La Jornada\u00a0Domingo 23 de noviembre de 2025, p. 6\u00a0 La Organizaci\u00f3n Mundial de la Salud (OMS) estima que uno de cada siete j\u00f3venes de entre 10 y 19 a\u00f1os en el mundo padece alg\u00fan tipo de trastorno mental, lo que representa 15 por ciento de la\u2026","rel":"","context":"En &quot;Noticias&quot;","img":{"alt_text":"kids, boys, children, poverty, happiness, smiling, mexico, portrait-6610964.jpg","src":"https:\/\/i0.wp.com\/lafuente.mx\/wp-content\/uploads\/2026\/01\/kids-boys-children-poverty-happiness-smiling-mexico-portrait-6610964.jpg?fit=1200%2C800&ssl=1&resize=350%2C200","width":350,"height":200},"classes":[]},{"id":1960,"url":"https:\/\/lafuente.mx\/?p=1960","url_meta":{"origin":2599,"position":3},"title":"M\u00e9xico en las Naciones Unidas: Un paso adelante para la salud mental\u00a0","date":"diciembre 18, 2023","format":false,"excerpt":"Eduardo A.Madrigal de Le\u00f3n,1\u00a0 ShoshanaBerenzon Gorn,2\u00a0 1 Direcci\u00f3n General, Instituto Nacional de Psiquiatr\u00eda Ram\u00f3n de la Fuente Mu\u00f1iz, Ciudad de M\u00e9xico, M\u00e9xico.\u00a0 2 Direcci\u00f3n de Investigaciones Epidemiol\u00f3gicas y Psicosociales, Instituto Nacional de Psiquiatr\u00eda Ram\u00f3n de la Fuente Mu\u00f1iz, Ciudad de M\u00e9xico, M\u00e9xico\u00a0 Salud Mental, Vol. 46, Issue 6, November-December 2023\u00a0\u2026","rel":"","context":"En &quot;Revista Salud Mental&quot;","img":{"alt_text":"","src":"https:\/\/i0.wp.com\/lafuente.mx\/wp-content\/uploads\/2023\/12\/consejo-seguridad-onu.jpg?fit=1067%2C557&ssl=1&resize=350%2C200","width":350,"height":200},"classes":[]},{"id":3626,"url":"https:\/\/lafuente.mx\/?p=3626","url_meta":{"origin":2599,"position":4},"title":"D\u00eda Nacional de la Psiquiatr\u00eda en M\u00e9xico","date":"marzo 31, 2026","format":false,"excerpt":"31 de marzo D\u00eda del Psiquiatra: comprender la mente, cuidar la vida Cada 31 de marzo, en M\u00e9xico, conmemoramos el D\u00eda del Psiquiatra, una fecha que nos invita a reconocer la labor de quienes han dedicado su vida al estudio, comprensi\u00f3n y atenci\u00f3n de la salud mental. La psiquiatr\u00eda no\u2026","rel":"","context":"En &quot;Efem\u00e9rides de Salud Mental&quot;","img":{"alt_text":"","src":"https:\/\/i0.wp.com\/lafuente.mx\/wp-content\/uploads\/2026\/03\/Escudo-hospital.jpg?fit=1200%2C797&ssl=1&resize=350%2C200","width":350,"height":200},"classes":[]},{"id":1480,"url":"https:\/\/lafuente.mx\/?p=1480","url_meta":{"origin":2599,"position":5},"title":"Autoridades presentan Plan Sectorial de Salud Mental y Adicciones 2023\u20132024","date":"julio 18, 2023","format":false,"excerpt":"Con enfoque comunitario permite a personas acceder a servicios de forma universal y gratuita: Jorge Alcocer Varela\u00a0 Secretar\u00eda de Salud | 04 de julio de 2023 | Nacional\u00a0 Por primera vez en la historia de M\u00e9xico, el cuidado de la salud mental es una prioridad para el gobierno:Juan Manuel Quijada\u2026","rel":"","context":"En &quot;Noticias&quot;","img":{"alt_text":"","src":"https:\/\/i0.wp.com\/lafuente.mx\/wp-content\/uploads\/2023\/07\/image.png?fit=650%2C380&ssl=1&resize=350%2C200","width":350,"height":200},"classes":[]}],"jetpack_sharing_enabled":true,"jetpack_shortlink":"https:\/\/wp.me\/pe9WUx-FV","_links":{"self":[{"href":"https:\/\/lafuente.mx\/index.php?rest_route=\/wp\/v2\/posts\/2599"}],"collection":[{"href":"https:\/\/lafuente.mx\/index.php?rest_route=\/wp\/v2\/posts"}],"about":[{"href":"https:\/\/lafuente.mx\/index.php?rest_route=\/wp\/v2\/types\/post"}],"author":[{"embeddable":true,"href":"https:\/\/lafuente.mx\/index.php?rest_route=\/wp\/v2\/users\/3"}],"replies":[{"embeddable":true,"href":"https:\/\/lafuente.mx\/index.php?rest_route=%2Fwp%2Fv2%2Fcomments&post=2599"}],"version-history":[{"count":5,"href":"https:\/\/lafuente.mx\/index.php?rest_route=\/wp\/v2\/posts\/2599\/revisions"}],"predecessor-version":[{"id":2640,"href":"https:\/\/lafuente.mx\/index.php?rest_route=\/wp\/v2\/posts\/2599\/revisions\/2640"}],"wp:featuredmedia":[{"embeddable":true,"href":"https:\/\/lafuente.mx\/index.php?rest_route=\/wp\/v2\/media\/2600"}],"wp:attachment":[{"href":"https:\/\/lafuente.mx\/index.php?rest_route=%2Fwp%2Fv2%2Fmedia&parent=2599"}],"wp:term":[{"taxonomy":"category","embeddable":true,"href":"https:\/\/lafuente.mx\/index.php?rest_route=%2Fwp%2Fv2%2Fcategories&post=2599"},{"taxonomy":"post_tag","embeddable":true,"href":"https:\/\/lafuente.mx\/index.php?rest_route=%2Fwp%2Fv2%2Ftags&post=2599"}],"curies":[{"name":"wp","href":"https:\/\/api.w.org\/{rel}","templated":true}]}}