{"id":2557,"date":"2024-09-20T17:49:52","date_gmt":"2024-09-20T17:49:52","guid":{"rendered":"https:\/\/lafuente.mx\/?p=2557"},"modified":"2024-09-20T17:49:53","modified_gmt":"2024-09-20T17:49:53","slug":"borrador-automatico-neurobiologia-del-apego-modelos-explicativos-de-interaccion-biologico-ambiental-en-la-psicopatologia","status":"publish","type":"post","link":"https:\/\/lafuente.mx\/?p=2557","title":{"rendered":"Neurobiolog\u00eda del apego: modelos explicativos de interacci\u00f3n biol\u00f3gico-ambiental en la psicopatolog\u00eda"},"content":{"rendered":"\n<hr class=\"wp-block-separator has-text-color has-alpha-channel-opacity has-background is-style-wide\" style=\"background-color:#812f29;color:#812f29\"\/>\n\n\n\n<p class=\"has-text-align-center has-text-color has-large-font-size wp-block-paragraph\" style=\"color:#6f210d\"><strong>Curso en l\u00ednea<\/strong><\/p>\n\n\n\n<p class=\"has-text-align-center has-large-font-size wp-block-paragraph\">Del 30 de septiembre al 11 de octubre de 2024\u00a0<\/p>\n\n\n\n<hr class=\"wp-block-separator has-text-color has-alpha-channel-opacity has-background is-style-wide\" style=\"background-color:#ab5641;color:#ab5641\"\/>\n\n\n\n<p class=\"has-medium-font-size wp-block-paragraph\"><strong>COORDINAN: <\/strong><\/p>\n\n\n\n<p class=\"has-medium-font-size wp-block-paragraph\">Dr. Manuel Alejandro Mu\u00f1oz Su\u00e1rez y Dr. Alan Jair D\u00edaz Vivanco\u00a0<\/p>\n\n\n\n<p class=\"has-medium-font-size wp-block-paragraph\"><strong>INSCRIPCIONES:<\/strong><\/p>\n\n\n\n<p class=\"has-medium-font-size wp-block-paragraph\"> 23 de septiembre, 9:00 h<\/p>\n\n\n\n<p class=\"has-medium-font-size wp-block-paragraph\">En el siguiente link: <a href=\"https:\/\/forms.gle\/BAADbN3KKNjgEuAJ7\" target=\"_blank\" rel=\"noreferrer noopener\">https:\/\/forms.gle\/BAADbN3KKNjgEuAJ7<\/a> \u00a0\u00a0<\/p>\n\n\n\n<p class=\"has-medium-font-size wp-block-paragraph\"><strong>DIRIGIDO A: <\/strong><\/p>\n\n\n\n<p class=\"has-medium-font-size wp-block-paragraph\">Profesionales de la salud y personal en formaci\u00f3n: medicina, enfermer\u00eda, psicolog\u00eda, trabajo social y especialistas en psiquiatr\u00eda \u00a0<\/p>\n\n\n\n<p class=\"has-medium-font-size wp-block-paragraph\"><strong>OBJETIVO GENERAL: <\/strong><\/p>\n\n\n\n<p class=\"has-medium-font-size wp-block-paragraph\">Integrar conocimientos de diferentes disciplinas que explican los modelos dimensionales en la psicopatolog\u00eda \u00a0<\/p>\n\n\n\n<p class=\"has-medium-font-size wp-block-paragraph\"><strong>TEM\u00c1TICA: <\/strong><\/p>\n\n\n\n<p class=\"has-medium-font-size wp-block-paragraph\">\u2022 Interacci\u00f3n gen ambiente en salud mental <\/p>\n\n\n\n<p class=\"has-medium-font-size wp-block-paragraph\">\u2022 Neurobiolog\u00eda del desarrollo <\/p>\n\n\n\n<p class=\"has-medium-font-size wp-block-paragraph\">\u2022 Estilos de apego <\/p>\n\n\n\n<p class=\"has-medium-font-size wp-block-paragraph\">\u2022 Modelos psicosociales basados en la teor\u00eda del apego\u00a0<\/p>\n\n\n\n<figure class=\"wp-block-image size-large\"><img data-recalc-dims=\"1\" fetchpriority=\"high\" decoding=\"async\" width=\"640\" height=\"427\" src=\"https:\/\/i0.wp.com\/lafuente.mx\/wp-content\/uploads\/2024\/09\/baby-mother-infant-821625.jpg?resize=640%2C427\" alt=\"baby, mother, infant-821625.jpg\" class=\"wp-image-2558\" srcset=\"https:\/\/i0.wp.com\/lafuente.mx\/wp-content\/uploads\/2024\/09\/baby-mother-infant-821625.jpg?resize=1024%2C683&amp;ssl=1 1024w, https:\/\/i0.wp.com\/lafuente.mx\/wp-content\/uploads\/2024\/09\/baby-mother-infant-821625.jpg?resize=300%2C200&amp;ssl=1 300w, https:\/\/i0.wp.com\/lafuente.mx\/wp-content\/uploads\/2024\/09\/baby-mother-infant-821625.jpg?resize=768%2C512&amp;ssl=1 768w, https:\/\/i0.wp.com\/lafuente.mx\/wp-content\/uploads\/2024\/09\/baby-mother-infant-821625.jpg?w=1280&amp;ssl=1 1280w\" sizes=\"(max-width: 640px) 100vw, 640px\" \/><\/figure>\n\n\n\n<p class=\"has-text-align-center has-white-color has-text-color has-background has-medium-font-size wp-block-paragraph\" style=\"background-color:#743316\">Acceso ilimitado 24 horas en Google Classroom + sesiones interactivas en tiempo real\u00a0<br><strong>Curso sin costo\u00a0<\/strong>\u00a0<\/p>\n\n\n\n<p class=\"has-medium-font-size wp-block-paragraph\"><strong>Nota importante: <\/strong>Los invitamos a estar atentos a la inscripci\u00f3n de nuestros cursos que se abrir\u00e1 una semana previa de su inicio a las 9:00 horas en nuestras redes sociales @INPRFM; es importante mencionarles que tiene cupo limitado, por lo que llega a cubrirse en cuesti\u00f3n de minutos despu\u00e9s de su publicaci\u00f3n, por lo que les recomendamos tener a la mano su t\u00edtulo y\/o c\u00e9dula porque se lo solicitar\u00e1n en el registro.\u00a0<\/p>\n\n\n\n<hr class=\"wp-block-separator has-text-color has-alpha-channel-opacity has-background\" style=\"background-color:#913a24;color:#913a24\"\/>\n","protected":false},"excerpt":{"rendered":"<p>Curso en l\u00ednea Del 30 de septiembre al 11 de octubre de 2024\u00a0 COORDINAN: Dr. Manuel Alejandro Mu\u00f1oz Su\u00e1rez y Dr. Alan Jair D\u00edaz Vivanco\u00a0<\/p>\n","protected":false},"author":3,"featured_media":2558,"comment_status":"closed","ping_status":"closed","sticky":false,"template":"","format":"standard","meta":{"_jetpack_memberships_contains_paid_content":false,"footnotes":"","jetpack_publicize_message":"","jetpack_publicize_feature_enabled":true,"jetpack_social_post_already_shared":true,"jetpack_social_options":{"image_generator_settings":{"template":"highway","default_image_id":0,"font":"","enabled":false},"version":2}},"categories":[6],"tags":[31,53,21,776,723,32],"class_list":["post-2557","post","type-post","status-publish","format-standard","has-post-thumbnail","hentry","category-cursos-en-linea","tag-apego","tag-curso","tag-inprfm","tag-neurobiologia-2","tag-psicopatologia","tag-salud-mental"],"yoast_head":"<!-- This site is optimized with the Yoast SEO plugin v19.4 - https:\/\/yoast.com\/wordpress\/plugins\/seo\/ -->\n<title>Neurobiolog\u00eda del apego: modelos explicativos de interacci\u00f3n biol\u00f3gico-ambiental en la psicopatolog\u00eda -<\/title>\n<meta name=\"description\" content=\"Integrar conocimientos de diferentes disciplinas que explican los modelos dimensionales en la psicopatolog\u00eda\" \/>\n<meta name=\"robots\" content=\"index, follow, max-snippet:-1, max-image-preview:large, max-video-preview:-1\" \/>\n<link rel=\"canonical\" href=\"https:\/\/lafuente.mx\/?p=2557\" \/>\n<meta property=\"og:locale\" content=\"es_MX\" \/>\n<meta property=\"og:type\" content=\"article\" \/>\n<meta property=\"og:title\" content=\"Neurobiolog\u00eda del apego: modelos explicativos de interacci\u00f3n biol\u00f3gico-ambiental en la psicopatolog\u00eda\" \/>\n<meta property=\"og:description\" content=\"Integrar conocimientos de diferentes disciplinas que explican los modelos dimensionales en la psicopatolog\u00eda\" \/>\n<meta property=\"og:url\" content=\"https:\/\/lafuente.mx\/?p=2557\" \/>\n<meta property=\"article:published_time\" content=\"2024-09-20T17:49:52+00:00\" \/>\n<meta property=\"article:modified_time\" content=\"2024-09-20T17:49:53+00:00\" \/>\n<meta property=\"og:image\" content=\"http:\/\/lafuente.mx\/wp-content\/uploads\/2024\/09\/baby-mother-infant-821625.jpg\" \/>\n\t<meta property=\"og:image:width\" content=\"1280\" \/>\n\t<meta property=\"og:image:height\" content=\"854\" \/>\n\t<meta property=\"og:image:type\" content=\"image\/jpeg\" \/>\n<meta name=\"author\" content=\"Claudia Gallardo\" \/>\n<meta name=\"twitter:card\" content=\"summary_large_image\" \/>\n<meta name=\"twitter:title\" content=\"Neurobiolog\u00eda del apego: modelos explicativos de interacci\u00f3n biol\u00f3gico-ambiental en la psicopatolog\u00eda\" \/>\n<meta name=\"twitter:description\" content=\"Integrar conocimientos de diferentes disciplinas que explican los modelos dimensionales en la psicopatolog\u00eda\" \/>\n<meta name=\"twitter:image\" content=\"https:\/\/i0.wp.com\/lafuente.mx\/wp-content\/uploads\/2024\/09\/baby-mother-infant-821625.jpg?fit=1280%2C854&ssl=1\" \/>\n<meta name=\"twitter:label1\" content=\"Escrito por\" \/>\n\t<meta name=\"twitter:data1\" content=\"Claudia Gallardo\" \/>\n\t<meta name=\"twitter:label2\" content=\"Tiempo de lectura\" \/>\n\t<meta name=\"twitter:data2\" content=\"1 minuto\" \/>\n<script type=\"application\/ld+json\" class=\"yoast-schema-graph\">{\"@context\":\"https:\/\/schema.org\",\"@graph\":[{\"@type\":\"WebSite\",\"@id\":\"https:\/\/lafuente.mx\/#website\",\"url\":\"https:\/\/lafuente.mx\/\",\"name\":\"\",\"description\":\"Informaci\u00f3n confiable sobre salud mental\",\"potentialAction\":[{\"@type\":\"SearchAction\",\"target\":{\"@type\":\"EntryPoint\",\"urlTemplate\":\"https:\/\/lafuente.mx\/?s={search_term_string}\"},\"query-input\":\"required name=search_term_string\"}],\"inLanguage\":\"es\"},{\"@type\":\"WebPage\",\"@id\":\"https:\/\/lafuente.mx\/?p=2557\",\"url\":\"https:\/\/lafuente.mx\/?p=2557\",\"name\":\"Neurobiolog\u00eda del apego: modelos explicativos de interacci\u00f3n biol\u00f3gico-ambiental en la psicopatolog\u00eda -\",\"isPartOf\":{\"@id\":\"https:\/\/lafuente.mx\/#website\"},\"datePublished\":\"2024-09-20T17:49:52+00:00\",\"dateModified\":\"2024-09-20T17:49:53+00:00\",\"author\":{\"@id\":\"https:\/\/lafuente.mx\/#\/schema\/person\/603f3aa8e2f6f7879021ab722d39d6b0\"},\"description\":\"Integrar conocimientos de diferentes disciplinas que explican los modelos dimensionales en la psicopatolog\u00eda\",\"breadcrumb\":{\"@id\":\"https:\/\/lafuente.mx\/?p=2557#breadcrumb\"},\"inLanguage\":\"es\",\"potentialAction\":[{\"@type\":\"ReadAction\",\"target\":[\"https:\/\/lafuente.mx\/?p=2557\"]}]},{\"@type\":\"BreadcrumbList\",\"@id\":\"https:\/\/lafuente.mx\/?p=2557#breadcrumb\",\"itemListElement\":[{\"@type\":\"ListItem\",\"position\":1,\"name\":\"Inicio\",\"item\":\"https:\/\/lafuente.mx\/\"},{\"@type\":\"ListItem\",\"position\":2,\"name\":\"Neurobiolog\u00eda del apego: modelos explicativos de interacci\u00f3n biol\u00f3gico-ambiental en la psicopatolog\u00eda\"}]},{\"@type\":\"Person\",\"@id\":\"https:\/\/lafuente.mx\/#\/schema\/person\/603f3aa8e2f6f7879021ab722d39d6b0\",\"name\":\"Claudia Gallardo\",\"image\":{\"@type\":\"ImageObject\",\"inLanguage\":\"es\",\"@id\":\"https:\/\/lafuente.mx\/#\/schema\/person\/image\/\",\"url\":\"https:\/\/secure.gravatar.com\/avatar\/57e359df01b381c34a24d792c1867f6e9888011b76e86673f8dd53994603714d?s=96&d=mm&r=g\",\"contentUrl\":\"https:\/\/secure.gravatar.com\/avatar\/57e359df01b381c34a24d792c1867f6e9888011b76e86673f8dd53994603714d?s=96&d=mm&r=g\",\"caption\":\"Claudia Gallardo\"},\"url\":\"https:\/\/lafuente.mx\/?author=3\"}]}<\/script>\n<!-- \/ Yoast SEO plugin. -->","yoast_head_json":{"title":"Neurobiolog\u00eda del apego: modelos explicativos de interacci\u00f3n biol\u00f3gico-ambiental en la psicopatolog\u00eda -","description":"Integrar conocimientos de diferentes disciplinas que explican los modelos dimensionales en la psicopatolog\u00eda","robots":{"index":"index","follow":"follow","max-snippet":"max-snippet:-1","max-image-preview":"max-image-preview:large","max-video-preview":"max-video-preview:-1"},"canonical":"https:\/\/lafuente.mx\/?p=2557","og_locale":"es_MX","og_type":"article","og_title":"Neurobiolog\u00eda del apego: modelos explicativos de interacci\u00f3n biol\u00f3gico-ambiental en la psicopatolog\u00eda","og_description":"Integrar conocimientos de diferentes disciplinas que explican los modelos dimensionales en la psicopatolog\u00eda","og_url":"https:\/\/lafuente.mx\/?p=2557","article_published_time":"2024-09-20T17:49:52+00:00","article_modified_time":"2024-09-20T17:49:53+00:00","og_image":[{"width":1280,"height":854,"url":"http:\/\/lafuente.mx\/wp-content\/uploads\/2024\/09\/baby-mother-infant-821625.jpg","type":"image\/jpeg"}],"author":"Claudia Gallardo","twitter_card":"summary_large_image","twitter_title":"Neurobiolog\u00eda del apego: modelos explicativos de interacci\u00f3n biol\u00f3gico-ambiental en la psicopatolog\u00eda","twitter_description":"Integrar conocimientos de diferentes disciplinas que explican los modelos dimensionales en la psicopatolog\u00eda","twitter_image":"https:\/\/i0.wp.com\/lafuente.mx\/wp-content\/uploads\/2024\/09\/baby-mother-infant-821625.jpg?fit=1280%2C854&ssl=1","twitter_misc":{"Escrito por":"Claudia Gallardo","Tiempo de lectura":"1 minuto"},"schema":{"@context":"https:\/\/schema.org","@graph":[{"@type":"WebSite","@id":"https:\/\/lafuente.mx\/#website","url":"https:\/\/lafuente.mx\/","name":"","description":"Informaci\u00f3n confiable sobre salud mental","potentialAction":[{"@type":"SearchAction","target":{"@type":"EntryPoint","urlTemplate":"https:\/\/lafuente.mx\/?s={search_term_string}"},"query-input":"required name=search_term_string"}],"inLanguage":"es"},{"@type":"WebPage","@id":"https:\/\/lafuente.mx\/?p=2557","url":"https:\/\/lafuente.mx\/?p=2557","name":"Neurobiolog\u00eda del apego: modelos explicativos de interacci\u00f3n biol\u00f3gico-ambiental en la psicopatolog\u00eda -","isPartOf":{"@id":"https:\/\/lafuente.mx\/#website"},"datePublished":"2024-09-20T17:49:52+00:00","dateModified":"2024-09-20T17:49:53+00:00","author":{"@id":"https:\/\/lafuente.mx\/#\/schema\/person\/603f3aa8e2f6f7879021ab722d39d6b0"},"description":"Integrar conocimientos de diferentes disciplinas que explican los modelos dimensionales en la psicopatolog\u00eda","breadcrumb":{"@id":"https:\/\/lafuente.mx\/?p=2557#breadcrumb"},"inLanguage":"es","potentialAction":[{"@type":"ReadAction","target":["https:\/\/lafuente.mx\/?p=2557"]}]},{"@type":"BreadcrumbList","@id":"https:\/\/lafuente.mx\/?p=2557#breadcrumb","itemListElement":[{"@type":"ListItem","position":1,"name":"Inicio","item":"https:\/\/lafuente.mx\/"},{"@type":"ListItem","position":2,"name":"Neurobiolog\u00eda del apego: modelos explicativos de interacci\u00f3n biol\u00f3gico-ambiental en la psicopatolog\u00eda"}]},{"@type":"Person","@id":"https:\/\/lafuente.mx\/#\/schema\/person\/603f3aa8e2f6f7879021ab722d39d6b0","name":"Claudia Gallardo","image":{"@type":"ImageObject","inLanguage":"es","@id":"https:\/\/lafuente.mx\/#\/schema\/person\/image\/","url":"https:\/\/secure.gravatar.com\/avatar\/57e359df01b381c34a24d792c1867f6e9888011b76e86673f8dd53994603714d?s=96&d=mm&r=g","contentUrl":"https:\/\/secure.gravatar.com\/avatar\/57e359df01b381c34a24d792c1867f6e9888011b76e86673f8dd53994603714d?s=96&d=mm&r=g","caption":"Claudia Gallardo"},"url":"https:\/\/lafuente.mx\/?author=3"}]}},"jetpack_publicize_connections":[],"jetpack_featured_media_url":"https:\/\/i0.wp.com\/lafuente.mx\/wp-content\/uploads\/2024\/09\/baby-mother-infant-821625.jpg?fit=1280%2C854&ssl=1","jetpack-related-posts":[],"jetpack_sharing_enabled":true,"jetpack_shortlink":"https:\/\/wp.me\/pe9WUx-Ff","_links":{"self":[{"href":"https:\/\/lafuente.mx\/index.php?rest_route=\/wp\/v2\/posts\/2557","targetHints":{"allow":["GET"]}}],"collection":[{"href":"https:\/\/lafuente.mx\/index.php?rest_route=\/wp\/v2\/posts"}],"about":[{"href":"https:\/\/lafuente.mx\/index.php?rest_route=\/wp\/v2\/types\/post"}],"author":[{"embeddable":true,"href":"https:\/\/lafuente.mx\/index.php?rest_route=\/wp\/v2\/users\/3"}],"replies":[{"embeddable":true,"href":"https:\/\/lafuente.mx\/index.php?rest_route=%2Fwp%2Fv2%2Fcomments&post=2557"}],"version-history":[{"count":1,"href":"https:\/\/lafuente.mx\/index.php?rest_route=\/wp\/v2\/posts\/2557\/revisions"}],"predecessor-version":[{"id":2559,"href":"https:\/\/lafuente.mx\/index.php?rest_route=\/wp\/v2\/posts\/2557\/revisions\/2559"}],"wp:featuredmedia":[{"embeddable":true,"href":"https:\/\/lafuente.mx\/index.php?rest_route=\/wp\/v2\/media\/2558"}],"wp:attachment":[{"href":"https:\/\/lafuente.mx\/index.php?rest_route=%2Fwp%2Fv2%2Fmedia&parent=2557"}],"wp:term":[{"taxonomy":"category","embeddable":true,"href":"https:\/\/lafuente.mx\/index.php?rest_route=%2Fwp%2Fv2%2Fcategories&post=2557"},{"taxonomy":"post_tag","embeddable":true,"href":"https:\/\/lafuente.mx\/index.php?rest_route=%2Fwp%2Fv2%2Ftags&post=2557"}],"curies":[{"name":"wp","href":"https:\/\/api.w.org\/{rel}","templated":true}]}}