{"id":2543,"date":"2024-09-11T07:53:00","date_gmt":"2024-09-11T07:53:00","guid":{"rendered":"https:\/\/lafuente.mx\/?p=2543"},"modified":"2024-09-10T20:37:47","modified_gmt":"2024-09-10T20:37:47","slug":"enfermedades-neurologicas-y-psiquiatricas-experiencias-de-trabajo-social-en-el-campo-de-la-investigacion-e-intervencion-colaborativa","status":"publish","type":"post","link":"https:\/\/lafuente.mx\/?p=2543","title":{"rendered":"Enfermedades neurol\u00f3gicas y psiqui\u00e1tricas: Experiencias de Trabajo Social en el campo de la investigaci\u00f3n e intervenci\u00f3n colaborativa\u00a0"},"content":{"rendered":"\n<hr class=\"wp-block-separator has-text-color has-vivid-red-color has-alpha-channel-opacity has-vivid-red-background-color has-background\"\/>\n\n\n\n<p class=\"has-medium-font-size\">El presente libro es resultado del Tercer Foro &#8220;Enfermedades neurol\u00f3gicas y psiqui\u00e1tricas: experiencias de Trabajo Social en el campo de la investigaci\u00f3n e intervenci\u00f3n colaborativa&#8221;. Evento acad\u00e9mico de gran colaboraci\u00f3n interinstitucional, promovido por la Escuela Nacional de Trabajo Social (ENTS); el Instituto Nacional de Psiquiatr\u00eda Ram\u00f3n de la Fuente Mu\u00f1iz (INP) y el Instituto Nacional de Neurolog\u00eda y Neurocirug\u00eda &#8220;Manuel Velasco Su\u00e1rez (INNN). Los art\u00edculos contenidos en la obra reflejan las contribuciones individuales y experiencias colectivas en torno a la dimensi\u00f3n, atenci\u00f3n e investigaci\u00f3n sociom\u00e9dica de las enfermedades neurol\u00f3gicas y psiqui\u00e1tricas; enfermedades de alta complejidad que representan un gran riesgo para el equilibrio financiero de los servicios de salud y un alto costo de enormes repercusiones para los pacientes y sus familias.\u00a0<\/p>\n\n\n\n<hr class=\"wp-block-separator has-text-color has-vivid-red-color has-alpha-channel-opacity has-vivid-red-background-color has-background\"\/>\n\n\n\n<figure class=\"wp-block-image size-large\"><img decoding=\"async\" loading=\"lazy\" width=\"640\" height=\"878\" src=\"https:\/\/i0.wp.com\/lafuente.mx\/wp-content\/uploads\/2024\/09\/Captura-de-pantalla-2024-09-10-a-las-12.52.51-746x1024.png?resize=640%2C878&#038;ssl=1\" alt=\"\" class=\"wp-image-2544\" srcset=\"https:\/\/i0.wp.com\/lafuente.mx\/wp-content\/uploads\/2024\/09\/Captura-de-pantalla-2024-09-10-a-las-12.52.51.png?resize=746%2C1024&amp;ssl=1 746w, https:\/\/i0.wp.com\/lafuente.mx\/wp-content\/uploads\/2024\/09\/Captura-de-pantalla-2024-09-10-a-las-12.52.51.png?resize=218%2C300&amp;ssl=1 218w, https:\/\/i0.wp.com\/lafuente.mx\/wp-content\/uploads\/2024\/09\/Captura-de-pantalla-2024-09-10-a-las-12.52.51.png?resize=768%2C1055&amp;ssl=1 768w, https:\/\/i0.wp.com\/lafuente.mx\/wp-content\/uploads\/2024\/09\/Captura-de-pantalla-2024-09-10-a-las-12.52.51.png?w=954&amp;ssl=1 954w\" sizes=\"(max-width: 640px) 100vw, 640px\" data-recalc-dims=\"1\" \/><\/figure>\n\n\n\n<p class=\"has-medium-font-size\"><strong>Autor(es):<\/strong><\/p>\n\n\n\n<p class=\"has-medium-font-size\">Rodr\u00edguez Casillas, Ma. de los \u00c1ngeles (Coordinaci\u00f3n) \/ Volkers Gaussmann, Georgina (Coordinaci\u00f3n) \/ Andia Garvizu, Cintya Giovvana (Coordinaci\u00f3n)\u00a0<\/p>\n\n\n\n<p class=\"has-medium-font-size\"><strong>ISBN\/ISSN:<\/strong> 9786070289408\u00a0<\/p>\n\n\n\n<p class=\"has-medium-font-size\"><strong>Editor:<\/strong> Escuela Nacional de Trabajo Social\u00a0<\/p>\n\n\n\n<p class=\"has-medium-font-size\"><strong>Edici\u00f3n o N\u00famero de Reimpresi\u00f3n:<\/strong> 1a edici\u00f3n, a\u00f1o de edici\u00f3n -2017-\u00a0<\/p>\n\n\n\n<p class=\"has-medium-font-size\"><strong>Tema:<\/strong>Trabajo Social&nbsp;<\/p>\n\n\n\n<p class=\"has-medium-font-size\"><strong>Terminado o acabado:<\/strong> r\u00fastico\u00a0<\/p>\n\n\n\n<p class=\"has-medium-font-size\"><strong>Editor\/Coeditor(es):<\/strong><a href=\"http:\/\/www.libros.unam.mx\/catalogsearch\/advanced\/result\/?manufacturer[]=3185\" target=\"_blank\" rel=\"noreferrer noopener\"> Escuela Nacional de Trabajo Social<\/a>\u00a0<\/p>\n\n\n\n<div class=\"wp-block-buttons is-layout-flex wp-block-buttons-is-layout-flex\">\n<div class=\"wp-block-button\"><a class=\"wp-block-button__link has-vivid-red-background-color has-background wp-element-button\" href=\"https:\/\/www.libros.unam.mx\/enfermedades-neurologicas-y-psiquiatricas-experiencias-de-trabajo-social-en-el-campo-de-la-9786070289408-libro.html\">M\u00e1s informaci\u00f3n<\/a><\/div>\n<\/div>\n","protected":false},"excerpt":{"rendered":"<p>El presente libro es resultado del Tercer Foro &#8220;Enfermedades neurol\u00f3gicas y psiqui\u00e1tricas: experiencias de Trabajo Social en el campo de la investigaci\u00f3n e intervenci\u00f3n colaborativa&#8221;.<\/p>\n","protected":false},"author":3,"featured_media":2544,"comment_status":"closed","ping_status":"closed","sticky":false,"template":"","format":"standard","meta":{"footnotes":"","jetpack_publicize_message":"","jetpack_is_tweetstorm":false,"jetpack_publicize_feature_enabled":true},"categories":[10],"tags":[433,771,21,45,769,770,32,16,207],"jetpack_publicize_connections":[],"yoast_head":"<!-- This site is optimized with the Yoast SEO plugin v19.4 - https:\/\/yoast.com\/wordpress\/plugins\/seo\/ -->\n<title>Enfermedades neurol\u00f3gicas y psiqui\u00e1tricas: Experiencias de Trabajo Social en el campo de la investigaci\u00f3n e intervenci\u00f3n colaborativa\u00a0 -<\/title>\n<meta name=\"description\" content=\"El presente libro es resultado del Tercer Foro &quot;Enfermedades neurol\u00f3gicas y psiqui\u00e1tricas: experiencias de Trabajo Social en el campo de la investigaci\u00f3n e intervenci\u00f3n colaborativa&quot;.\" \/>\n<meta name=\"robots\" content=\"index, follow, max-snippet:-1, max-image-preview:large, max-video-preview:-1\" \/>\n<link rel=\"canonical\" href=\"https:\/\/lafuente.mx\/?p=2543\" \/>\n<meta property=\"og:locale\" content=\"es_MX\" \/>\n<meta property=\"og:type\" content=\"article\" \/>\n<meta property=\"og:title\" content=\"Enfermedades neurol\u00f3gicas y psiqui\u00e1tricas: Experiencias de Trabajo Social en el campo de la investigaci\u00f3n e intervenci\u00f3n colaborativa\" \/>\n<meta property=\"og:description\" content=\"El presente libro es resultado del Tercer Foro &quot;Enfermedades neurol\u00f3gicas y psiqui\u00e1tricas: experiencias de Trabajo Social en el campo de la investigaci\u00f3n e intervenci\u00f3n colaborativa&quot;.\" \/>\n<meta property=\"og:url\" content=\"https:\/\/lafuente.mx\/?p=2543\" \/>\n<meta property=\"article:published_time\" content=\"2024-09-11T07:53:00+00:00\" \/>\n<meta property=\"article:modified_time\" content=\"2024-09-10T20:37:47+00:00\" \/>\n<meta property=\"og:image\" content=\"https:\/\/i0.wp.com\/lafuente.mx\/wp-content\/uploads\/2024\/09\/Captura-de-pantalla-2024-09-10-a-las-12.52.51.png?fit=954%2C1310&ssl=1\" \/>\n\t<meta property=\"og:image:width\" content=\"954\" \/>\n\t<meta property=\"og:image:height\" content=\"1310\" \/>\n\t<meta property=\"og:image:type\" content=\"image\/png\" \/>\n<meta name=\"author\" content=\"Claudia Gallardo\" \/>\n<meta name=\"twitter:card\" content=\"summary_large_image\" \/>\n<meta name=\"twitter:title\" content=\"Enfermedades neurol\u00f3gicas y psiqui\u00e1tricas: Experiencias de Trabajo Social en el campo de la investigaci\u00f3n e intervenci\u00f3n colaborativa\" \/>\n<meta name=\"twitter:description\" content=\"El presente libro es resultado del Tercer Foro &quot;Enfermedades neurol\u00f3gicas y psiqui\u00e1tricas: experiencias de Trabajo Social en el campo de la investigaci\u00f3n e intervenci\u00f3n colaborativa&quot;.\" \/>\n<meta name=\"twitter:image\" content=\"https:\/\/i0.wp.com\/lafuente.mx\/wp-content\/uploads\/2024\/09\/Captura-de-pantalla-2024-09-10-a-las-12.52.51.png?fit=954%2C1310&ssl=1\" \/>\n<meta name=\"twitter:label1\" content=\"Escrito por\" \/>\n\t<meta name=\"twitter:data1\" content=\"Claudia Gallardo\" \/>\n\t<meta name=\"twitter:label2\" content=\"Tiempo de lectura\" \/>\n\t<meta name=\"twitter:data2\" content=\"1 minuto\" \/>\n<script type=\"application\/ld+json\" class=\"yoast-schema-graph\">{\"@context\":\"https:\/\/schema.org\",\"@graph\":[{\"@type\":\"WebSite\",\"@id\":\"https:\/\/lafuente.mx\/#website\",\"url\":\"https:\/\/lafuente.mx\/\",\"name\":\"\",\"description\":\"Informaci\u00f3n confiable sobre salud mental\",\"potentialAction\":[{\"@type\":\"SearchAction\",\"target\":{\"@type\":\"EntryPoint\",\"urlTemplate\":\"https:\/\/lafuente.mx\/?s={search_term_string}\"},\"query-input\":\"required name=search_term_string\"}],\"inLanguage\":\"es-MX\"},{\"@type\":\"WebPage\",\"@id\":\"https:\/\/lafuente.mx\/?p=2543\",\"url\":\"https:\/\/lafuente.mx\/?p=2543\",\"name\":\"Enfermedades neurol\u00f3gicas y psiqui\u00e1tricas: Experiencias de Trabajo Social en el campo de la investigaci\u00f3n e intervenci\u00f3n colaborativa\u00a0 -\",\"isPartOf\":{\"@id\":\"https:\/\/lafuente.mx\/#website\"},\"datePublished\":\"2024-09-11T07:53:00+00:00\",\"dateModified\":\"2024-09-10T20:37:47+00:00\",\"author\":{\"@id\":\"https:\/\/lafuente.mx\/#\/schema\/person\/603f3aa8e2f6f7879021ab722d39d6b0\"},\"description\":\"El presente libro es resultado del Tercer Foro \\\"Enfermedades neurol\u00f3gicas y psiqui\u00e1tricas: experiencias de Trabajo Social en el campo de la investigaci\u00f3n e intervenci\u00f3n colaborativa\\\".\",\"breadcrumb\":{\"@id\":\"https:\/\/lafuente.mx\/?p=2543#breadcrumb\"},\"inLanguage\":\"es-MX\",\"potentialAction\":[{\"@type\":\"ReadAction\",\"target\":[\"https:\/\/lafuente.mx\/?p=2543\"]}]},{\"@type\":\"BreadcrumbList\",\"@id\":\"https:\/\/lafuente.mx\/?p=2543#breadcrumb\",\"itemListElement\":[{\"@type\":\"ListItem\",\"position\":1,\"name\":\"Inicio\",\"item\":\"https:\/\/lafuente.mx\/\"},{\"@type\":\"ListItem\",\"position\":2,\"name\":\"Enfermedades neurol\u00f3gicas y psiqui\u00e1tricas: Experiencias de Trabajo Social en el campo de la investigaci\u00f3n e intervenci\u00f3n colaborativa\u00a0\"}]},{\"@type\":\"Person\",\"@id\":\"https:\/\/lafuente.mx\/#\/schema\/person\/603f3aa8e2f6f7879021ab722d39d6b0\",\"name\":\"Claudia Gallardo\",\"image\":{\"@type\":\"ImageObject\",\"inLanguage\":\"es-MX\",\"@id\":\"https:\/\/lafuente.mx\/#\/schema\/person\/image\/\",\"url\":\"https:\/\/secure.gravatar.com\/avatar\/bfe9c966af1ccfb9d17bcdb9d04e8815?s=96&d=mm&r=g\",\"contentUrl\":\"https:\/\/secure.gravatar.com\/avatar\/bfe9c966af1ccfb9d17bcdb9d04e8815?s=96&d=mm&r=g\",\"caption\":\"Claudia Gallardo\"},\"url\":\"https:\/\/lafuente.mx\/?author=3\"}]}<\/script>\n<!-- \/ Yoast SEO plugin. -->","yoast_head_json":{"title":"Enfermedades neurol\u00f3gicas y psiqui\u00e1tricas: Experiencias de Trabajo Social en el campo de la investigaci\u00f3n e intervenci\u00f3n colaborativa\u00a0 -","description":"El presente libro es resultado del Tercer Foro \"Enfermedades neurol\u00f3gicas y psiqui\u00e1tricas: experiencias de Trabajo Social en el campo de la investigaci\u00f3n e intervenci\u00f3n colaborativa\".","robots":{"index":"index","follow":"follow","max-snippet":"max-snippet:-1","max-image-preview":"max-image-preview:large","max-video-preview":"max-video-preview:-1"},"canonical":"https:\/\/lafuente.mx\/?p=2543","og_locale":"es_MX","og_type":"article","og_title":"Enfermedades neurol\u00f3gicas y psiqui\u00e1tricas: Experiencias de Trabajo Social en el campo de la investigaci\u00f3n e intervenci\u00f3n colaborativa","og_description":"El presente libro es resultado del Tercer Foro \"Enfermedades neurol\u00f3gicas y psiqui\u00e1tricas: experiencias de Trabajo Social en el campo de la investigaci\u00f3n e intervenci\u00f3n colaborativa\".","og_url":"https:\/\/lafuente.mx\/?p=2543","article_published_time":"2024-09-11T07:53:00+00:00","article_modified_time":"2024-09-10T20:37:47+00:00","og_image":[{"width":954,"height":1310,"url":"https:\/\/i0.wp.com\/lafuente.mx\/wp-content\/uploads\/2024\/09\/Captura-de-pantalla-2024-09-10-a-las-12.52.51.png?fit=954%2C1310&ssl=1","type":"image\/png"}],"author":"Claudia Gallardo","twitter_card":"summary_large_image","twitter_title":"Enfermedades neurol\u00f3gicas y psiqui\u00e1tricas: Experiencias de Trabajo Social en el campo de la investigaci\u00f3n e intervenci\u00f3n colaborativa","twitter_description":"El presente libro es resultado del Tercer Foro \"Enfermedades neurol\u00f3gicas y psiqui\u00e1tricas: experiencias de Trabajo Social en el campo de la investigaci\u00f3n e intervenci\u00f3n colaborativa\".","twitter_image":"https:\/\/i0.wp.com\/lafuente.mx\/wp-content\/uploads\/2024\/09\/Captura-de-pantalla-2024-09-10-a-las-12.52.51.png?fit=954%2C1310&ssl=1","twitter_misc":{"Escrito por":"Claudia Gallardo","Tiempo de lectura":"1 minuto"},"schema":{"@context":"https:\/\/schema.org","@graph":[{"@type":"WebSite","@id":"https:\/\/lafuente.mx\/#website","url":"https:\/\/lafuente.mx\/","name":"","description":"Informaci\u00f3n confiable sobre salud mental","potentialAction":[{"@type":"SearchAction","target":{"@type":"EntryPoint","urlTemplate":"https:\/\/lafuente.mx\/?s={search_term_string}"},"query-input":"required name=search_term_string"}],"inLanguage":"es-MX"},{"@type":"WebPage","@id":"https:\/\/lafuente.mx\/?p=2543","url":"https:\/\/lafuente.mx\/?p=2543","name":"Enfermedades neurol\u00f3gicas y psiqui\u00e1tricas: Experiencias de Trabajo Social en el campo de la investigaci\u00f3n e intervenci\u00f3n colaborativa\u00a0 -","isPartOf":{"@id":"https:\/\/lafuente.mx\/#website"},"datePublished":"2024-09-11T07:53:00+00:00","dateModified":"2024-09-10T20:37:47+00:00","author":{"@id":"https:\/\/lafuente.mx\/#\/schema\/person\/603f3aa8e2f6f7879021ab722d39d6b0"},"description":"El presente libro es resultado del Tercer Foro \"Enfermedades neurol\u00f3gicas y psiqui\u00e1tricas: experiencias de Trabajo Social en el campo de la investigaci\u00f3n e intervenci\u00f3n colaborativa\".","breadcrumb":{"@id":"https:\/\/lafuente.mx\/?p=2543#breadcrumb"},"inLanguage":"es-MX","potentialAction":[{"@type":"ReadAction","target":["https:\/\/lafuente.mx\/?p=2543"]}]},{"@type":"BreadcrumbList","@id":"https:\/\/lafuente.mx\/?p=2543#breadcrumb","itemListElement":[{"@type":"ListItem","position":1,"name":"Inicio","item":"https:\/\/lafuente.mx\/"},{"@type":"ListItem","position":2,"name":"Enfermedades neurol\u00f3gicas y psiqui\u00e1tricas: Experiencias de Trabajo Social en el campo de la investigaci\u00f3n e intervenci\u00f3n colaborativa\u00a0"}]},{"@type":"Person","@id":"https:\/\/lafuente.mx\/#\/schema\/person\/603f3aa8e2f6f7879021ab722d39d6b0","name":"Claudia Gallardo","image":{"@type":"ImageObject","inLanguage":"es-MX","@id":"https:\/\/lafuente.mx\/#\/schema\/person\/image\/","url":"https:\/\/secure.gravatar.com\/avatar\/bfe9c966af1ccfb9d17bcdb9d04e8815?s=96&d=mm&r=g","contentUrl":"https:\/\/secure.gravatar.com\/avatar\/bfe9c966af1ccfb9d17bcdb9d04e8815?s=96&d=mm&r=g","caption":"Claudia Gallardo"},"url":"https:\/\/lafuente.mx\/?author=3"}]}},"jetpack_featured_media_url":"https:\/\/i0.wp.com\/lafuente.mx\/wp-content\/uploads\/2024\/09\/Captura-de-pantalla-2024-09-10-a-las-12.52.51.png?fit=954%2C1310&ssl=1","jetpack-related-posts":[{"id":521,"url":"https:\/\/lafuente.mx\/?p=521","url_meta":{"origin":2543,"position":0},"title":"VII FORO ENFERMEDADES NEUROL\u00d3GICAS Y PSIQUI\u00c1TRICAS\u00a0","date":"octubre 31, 2022","format":false,"excerpt":"Experiencias de trabajo social en el campo de la investigaci\u00f3n e intervenci\u00f3n colaborativa\u00a0\u00a0 16, 17 y 18 de noviembre\u00a0\u00a0 Coordinan:\u00a0\u00a0 Instituto Nacional de Neurolog\u00eda,\u00a0\u00a0 Instituto Nacional de de Psiquiatr\u00eda,\u00a0 Escuela Nacional de Trabajo Social, UNAM\u00a0\u00a0 Evento gratuito, Constancia con valor curricular.\u00a0 Horario8:30 a 15:00 h.\u00a0 ObjetivoReflexionar en torno a las\u2026","rel":"","context":"En &quot;Eventos externos&quot;","img":{"alt_text":"","src":"https:\/\/i0.wp.com\/lafuente.mx\/wp-content\/uploads\/2022\/10\/Captura-de-Pantalla-2022-10-31-a-las-13.11.32.png?fit=1200%2C1144&ssl=1&resize=350%2C200","width":350,"height":200},"classes":[]},{"id":1870,"url":"https:\/\/lafuente.mx\/?p=1870","url_meta":{"origin":2543,"position":1},"title":"VIII FORO DE ENFERMEDADES NEUROL\u00d3GICAS Y PSIQUI\u00c1TRICAS \u00a0","date":"noviembre 14, 2023","format":false,"excerpt":"Experiencias de Trabajo Social en el campo de la investigaci\u00f3n e intervenci\u00f3n colaborativa\u00a0 OBJETIVO: Reflexionar en torno a las construcciones te\u00f3ricasmetodol\u00f3gicas del Trabajo Social, y disciplinas afines, con relaci\u00f3n a la pr\u00e1ctica profesional inter y multidisciplinar de investigaci\u00f3n e intervenci\u00f3n en la atenci\u00f3n de las enfermedades neurol\u00f3gicas y los trastornos\u2026","rel":"","context":"En &quot;Eventos externos&quot;","img":{"alt_text":"","src":"https:\/\/i0.wp.com\/lafuente.mx\/wp-content\/uploads\/2023\/11\/Captura-de-Pantalla-2023-11-14-a-las-9.41.38.png?fit=1186%2C750&ssl=1&resize=350%2C200","width":350,"height":200},"classes":[]},{"id":3554,"url":"https:\/\/lafuente.mx\/?p=3554","url_meta":{"origin":2543,"position":2},"title":"Gen\u00e9tica psiqui\u00e1trica\u00a0","date":"enero 21, 2026","format":false,"excerpt":"Dic 2, 2025 |\u00a0Academia\u00a0 La Facultad de Medicina de la UNAM realiz\u00f3 una nueva sesi\u00f3n del Seminario sobre Medicina y Salud dedicada al tema \u201cGen\u00e9tica Psiqui\u00e1trica\u201d, impartida por el doctor Humberto Nicolini S\u00e1nchez,\u00a0Jefe\u00a0del Laboratorio de Enfermedades Psiqui\u00e1tricas, Neurodegenerativas y Adicciones del Instituto Nacional de Medicina Gen\u00f3mica, y moderada por el\u2026","rel":"","context":"En &quot;Noticias&quot;","img":{"alt_text":"","src":"https:\/\/i0.wp.com\/lafuente.mx\/wp-content\/uploads\/2026\/01\/Humberto-Nicolini-1-scaled.jpg?fit=1200%2C763&ssl=1&resize=350%2C200","width":350,"height":200},"classes":[]},{"id":1445,"url":"https:\/\/lafuente.mx\/?p=1445","url_meta":{"origin":2543,"position":3},"title":"PANGEOS","date":"julio 14, 2023","format":false,"excerpt":"PANGEOSEs una Plataforma de An\u00e1lisis Geoestad\u00edstico en Salud Mental la cual re\u00fane en un solo sitio informaci\u00f3n hist\u00f3rica relacionada con recursos humanos, mortalidad, morbilidad y servicios de salud para personas con trastornos mentales, uso de sustancias y lesiones entre los a\u00f1os 2000 y 2021.\u00a0 ANTECEDENTESEn M\u00e9xico los trastornos mentales, neurol\u00f3gicos,\u2026","rel":"","context":"En &quot;Informaci\u00f3n de inter\u00e9s&quot;","img":{"alt_text":"","src":"https:\/\/i0.wp.com\/lafuente.mx\/wp-content\/uploads\/2023\/07\/senora-negocios-marketing-camisa-rayas-oficina-computadora-apuntando-graficos-tablas-scaled.jpg?fit=1200%2C800&ssl=1&resize=350%2C200","width":350,"height":200},"classes":[]},{"id":3353,"url":"https:\/\/lafuente.mx\/?p=3353","url_meta":{"origin":2543,"position":4},"title":"El Instituto Nacional de Psiquiatr\u00eda referente destacado en el estudio y tratamiento de las enfermedades mentales","date":"octubre 20, 2025","format":false,"excerpt":"9 de octubre de 2025 El instituto cuenta con m\u00e1s de 100 personas investigadoras pertenecientes al SNI y tiene en curso 179 protocolos. Adem\u00e1s ocupa el tercer lugar del \u00cdndice H de citaciones en art\u00edculos publicados en revistas especializadas\u00a0 En el marco del D\u00eda Mundial de la Salud Mental se\u2026","rel":"","context":"En &quot;Noticias&quot;","img":{"alt_text":"","src":"https:\/\/i0.wp.com\/lafuente.mx\/wp-content\/uploads\/2025\/10\/RAI-XL_0007_DSC_0046.jpg?fit=1200%2C797&ssl=1&resize=350%2C200","width":350,"height":200},"classes":[]},{"id":2966,"url":"https:\/\/lafuente.mx\/?p=2966","url_meta":{"origin":2543,"position":5},"title":"4\u00aa\u00a0Encuentro Binacional de Neurociencias y Salud Mental","date":"julio 2, 2025","format":false,"excerpt":"Durante los d\u00edas\u00a011 y 12 de abril de este a\u00f1o 2025, se llev\u00f3 a cabo en el auditorio de nuestro Instituto\u00a0Nacional de Psiquiatr\u00eda Ram\u00f3n de la Fuente Mu\u00f1iz\u00a0el\u00a04\u00aa\u00a0Encuentro Binacional de Neurociencias y Salud Mental, con la participaci\u00f3n de destacados profesores-investigadores de la Universidad del Rosario, la Universidad Externado de Colombia,\u2026","rel":"","context":"En &quot;Eventos Acad\u00e9micos del INPRFM&quot;","img":{"alt_text":"","src":"https:\/\/i0.wp.com\/lafuente.mx\/wp-content\/uploads\/2025\/06\/IMG_4138-scaled.jpg?resize=350%2C200&ssl=1","width":350,"height":200},"classes":[]}],"jetpack_sharing_enabled":true,"jetpack_shortlink":"https:\/\/wp.me\/pe9WUx-F1","_links":{"self":[{"href":"https:\/\/lafuente.mx\/index.php?rest_route=\/wp\/v2\/posts\/2543"}],"collection":[{"href":"https:\/\/lafuente.mx\/index.php?rest_route=\/wp\/v2\/posts"}],"about":[{"href":"https:\/\/lafuente.mx\/index.php?rest_route=\/wp\/v2\/types\/post"}],"author":[{"embeddable":true,"href":"https:\/\/lafuente.mx\/index.php?rest_route=\/wp\/v2\/users\/3"}],"replies":[{"embeddable":true,"href":"https:\/\/lafuente.mx\/index.php?rest_route=%2Fwp%2Fv2%2Fcomments&post=2543"}],"version-history":[{"count":2,"href":"https:\/\/lafuente.mx\/index.php?rest_route=\/wp\/v2\/posts\/2543\/revisions"}],"predecessor-version":[{"id":2547,"href":"https:\/\/lafuente.mx\/index.php?rest_route=\/wp\/v2\/posts\/2543\/revisions\/2547"}],"wp:featuredmedia":[{"embeddable":true,"href":"https:\/\/lafuente.mx\/index.php?rest_route=\/wp\/v2\/media\/2544"}],"wp:attachment":[{"href":"https:\/\/lafuente.mx\/index.php?rest_route=%2Fwp%2Fv2%2Fmedia&parent=2543"}],"wp:term":[{"taxonomy":"category","embeddable":true,"href":"https:\/\/lafuente.mx\/index.php?rest_route=%2Fwp%2Fv2%2Fcategories&post=2543"},{"taxonomy":"post_tag","embeddable":true,"href":"https:\/\/lafuente.mx\/index.php?rest_route=%2Fwp%2Fv2%2Ftags&post=2543"}],"curies":[{"name":"wp","href":"https:\/\/api.w.org\/{rel}","templated":true}]}}