{"id":2538,"date":"2024-09-10T18:43:41","date_gmt":"2024-09-10T18:43:41","guid":{"rendered":"https:\/\/lafuente.mx\/?p=2538"},"modified":"2024-09-10T18:43:42","modified_gmt":"2024-09-10T18:43:42","slug":"borrador-automatico-convocatoria-para-el-examen-de-la-promocion-lxxx-de-certificacion","status":"publish","type":"post","link":"https:\/\/lafuente.mx\/?p=2538","title":{"rendered":"CONVOCATORIA PARA EL EXAMEN DE LA PROMOCI\u00d3N LXXX DE CERTIFICACI\u00d3N EN PSIQUIATR\u00cdA\u00a0"},"content":{"rendered":"\n<p class=\"has-larger-font-size wp-block-paragraph\"><strong>PROMOCI\u00d3N LV DE CERTIFICACI\u00d3N EN PSIQUIATR\u00cdA INFANTIL Y DE LA ADOLESCENCIA\u00a0<\/strong><\/p>\n\n\n\n<p class=\"has-larger-font-size wp-block-paragraph\"><strong>PROMOCI\u00d3N XVII DE CERTIFICACI\u00d3N EN MEDICINA DEL SUE\u00d1O\u00a0<\/strong><\/p>\n\n\n\n<hr class=\"wp-block-separator has-text-color has-vivid-green-cyan-color has-alpha-channel-opacity has-vivid-green-cyan-background-color has-background is-style-wide\"\/>\n\n\n\n<p class=\"has-text-color has-large-font-size wp-block-paragraph\" style=\"color:#183044\"><strong>CONSEJO MEXICANO DE PSIQUIATR\u00cdA, A. C.\u00a0<\/strong><\/p>\n\n\n\n<hr class=\"wp-block-separator has-text-color has-vivid-green-cyan-color has-alpha-channel-opacity has-vivid-green-cyan-background-color has-background is-style-wide\"\/>\n\n\n\n<p class=\"wp-block-paragraph\">El Consejo Mexicano de Psiquiatr\u00eda, A. C. en cumplimiento de sus estatutos generales y por medio de su Comisi\u00f3n de Ex\u00e1menes, convoca a los m\u00e9dicos especialistas en Psiquiatr\u00eda que re\u00fanan los requisitos para la Certificaci\u00f3n, a presentar el EXAMEN DE LA \u00a0LXXX PROMOCI\u00d3N DE CERTIFICACI\u00d3N EN PSIQUIATR\u00cdA, DE LA LV PROMOCI\u00d3N DE CERTIFICACI\u00d3N EN PSIQUIATR\u00cdA INFANTIL Y DE LA ADOLESCENCIA Y DE LA XVII PROMOCI\u00d3N DE CERTIFICACI\u00d3N EN MEDICINA DEL SUE\u00d1O.\u00a0<\/p>\n\n\n\n<figure class=\"wp-block-image size-large\"><img data-recalc-dims=\"1\" fetchpriority=\"high\" decoding=\"async\" width=\"640\" height=\"424\" src=\"https:\/\/i0.wp.com\/lafuente.mx\/wp-content\/uploads\/2024\/09\/jamila-polatova-oncology-crayfish-7261803.jpg?resize=640%2C424\" alt=\"jamila polatova, oncology, crayfish-7261803.jpg\" class=\"wp-image-2541\" srcset=\"https:\/\/i0.wp.com\/lafuente.mx\/wp-content\/uploads\/2024\/09\/jamila-polatova-oncology-crayfish-7261803.jpg?resize=1024%2C678&amp;ssl=1 1024w, https:\/\/i0.wp.com\/lafuente.mx\/wp-content\/uploads\/2024\/09\/jamila-polatova-oncology-crayfish-7261803.jpg?resize=300%2C199&amp;ssl=1 300w, https:\/\/i0.wp.com\/lafuente.mx\/wp-content\/uploads\/2024\/09\/jamila-polatova-oncology-crayfish-7261803.jpg?resize=768%2C508&amp;ssl=1 768w, https:\/\/i0.wp.com\/lafuente.mx\/wp-content\/uploads\/2024\/09\/jamila-polatova-oncology-crayfish-7261803.jpg?w=1280&amp;ssl=1 1280w\" sizes=\"(max-width: 640px) 100vw, 640px\" \/><\/figure>\n\n\n\n<p class=\"has-text-color has-large-font-size wp-block-paragraph\" style=\"color:#117c55\"><strong>BASES\u00a0<\/strong><\/p>\n\n\n\n<p class=\"has-medium-font-size wp-block-paragraph\">Tener t\u00edtulo de m\u00e9dico, extendido por una escuela de medicina de reconocido prestigio en el Pa\u00eds. En caso de haber estudiado en el extranjero, el t\u00edtulo deber\u00e1 estar reconocido por la Secretar\u00eda de Educaci\u00f3n P\u00fablica o por la Universidad Nacional Aut\u00f3noma de M\u00e9xico.\u00a0<\/p>\n\n\n\n<p class=\"has-medium-font-size wp-block-paragraph\">Estar debidamente autorizado para ejercer la Medicina por la Direcci\u00f3n General de Profesiones.&nbsp;<\/p>\n\n\n\n<p class=\"has-medium-font-size wp-block-paragraph\">Deber\u00e1 tratarse de una persona de conducta profesional intachable.&nbsp;<\/p>\n\n\n\n<p class=\"has-medium-font-size wp-block-paragraph\">Haber recibido un entrenamiento adecuado en Psiquiatr\u00eda como especialidad de la Medicina y tener la experiencia cl\u00ednica requerida, lo que acreditar\u00e1 mediante documento expedido por la instituci\u00f3n de salud y de educaci\u00f3n responsables del programa cursado.&nbsp;<\/p>\n\n\n\n<p class=\"has-medium-font-size wp-block-paragraph\">Pagar la cuota correspondiente.&nbsp;<\/p>\n\n\n\n<p class=\"has-medium-font-size wp-block-paragraph\">De acuerdo con el reglamento interno de la Comisi\u00f3n de Ex\u00e1menes del CMP, el examen se llevar\u00e1 a cabo el viernes 8 de noviembre 2024,&nbsp;mediante&nbsp;proceso en l\u00ednea, dando inicio exactamente a las 8:00 horas.&nbsp;<\/p>\n\n\n\n<p class=\"has-medium-font-size wp-block-paragraph\">Para la Certificaci\u00f3n en Psiquiatr\u00eda Infantil y de la Adolescencia se requerir\u00e1, adem\u00e1s de la Certificaci\u00f3n vigente en Psiquiatr\u00eda, acreditar los estudios de la subespecialidad en Psiquiatr\u00eda Infantil y de la Adolescencia mediante documento expedido por la instituci\u00f3n de salud y universitaria correspondientes.&nbsp;<\/p>\n\n\n\n<p class=\"has-medium-font-size wp-block-paragraph\">Para la Certificaci\u00f3n en Medicina del Sue\u00f1o se requerir\u00e1, adem\u00e1s de la Certificaci\u00f3n vigente en Psiquiatr\u00eda, acreditar los estudios del curso de alta especialidad en Medicina del Sue\u00f1o mediante documentos expedidos por la instituci\u00f3n educativa correspondiente.&nbsp;<\/p>\n\n\n\n<p class=\"has-medium-font-size wp-block-paragraph\"><strong>PROCEDIMIENTO\u00a0<\/strong><\/p>\n\n\n\n<p class=\"has-medium-font-size wp-block-paragraph\">5.1&nbsp;&nbsp;&nbsp;&nbsp;&nbsp;Realizar el proceso de registro y entrega de documentos totalmente en l\u00ednea, mediante el Sistema de Gesti\u00f3n de M\u00e9dicos Especialistas (SIGME), al cual puede acceder a trav\u00e9s del siguiente enlace&nbsp;https:\/\/ru.sigme.mx\/registro\/cmp, le recomendamos antes de hacerlo descargar gu\u00eda desde el portal del Consejo&nbsp;www.consejomexicanopsiquiatria.org.mx&nbsp;donde tambi\u00e9n podr\u00e1 consultar los estatutos generales y la gu\u00eda de estudios.&nbsp;<\/p>\n\n\n\n<p class=\"has-white-color has-vivid-green-cyan-background-color has-text-color has-background has-large-font-size wp-block-paragraph\"><strong>5.2\u00a0\u00a0\u00a0\u00a0\u00a0\u00a0 La fecha l\u00edmite para recepci\u00f3n de documentos es\u00a0viernes 25 de octubre 2024,\u00a0sin posibilidad de pr\u00f3rroga.\u00a0<\/strong><\/p>\n\n\n\n<p class=\"has-medium-font-size wp-block-paragraph\"><strong>VIGENCIA DE CERTIFICACI\u00d3N\u00a0<\/strong><\/p>\n\n\n\n<p class=\"has-medium-font-size wp-block-paragraph\">Se convoca a todos aquellos especialistas en Psiquiatr\u00eda, Psiquiatr\u00eda Infantil y de la Adolescencia y Medicina del Sue\u00f1o que tengan cinco o m\u00e1s a\u00f1os de haberse certificado o renovado, a enviar su solicitud para la actualizaci\u00f3n de su vigencia, que es un requisito a cumplir de acuerdo con los estatutos aprobados por la Junta de Directores del Consejo Mexicano de Psiquiatr\u00eda y avalados por el Comit\u00e9 Normativo Nacional de Consejos de Especialidades M\u00e9dicas en cumplimiento del Art\u00edculo 81 de la Ley General de Salud.&nbsp;<\/p>\n\n\n\n<p class=\"has-medium-font-size wp-block-paragraph\"><strong>REQUISITOS\u00a0<\/strong><\/p>\n\n\n\n<p class=\"has-medium-font-size wp-block-paragraph\">Realizar el proceso de registro y entrega de documentos totalmente en l\u00ednea, mediante el Sistema de Gesti\u00f3n de M\u00e9dicos Especialistas (SIGME), al cual puede acceder a trav\u00e9s del siguiente enlace&nbsp;https:\/\/ru.sigme.mx\/registro\/cmp, le recomendamos antes de hacerlo descargar gu\u00eda desde el portal del Consejo&nbsp;consejomexicanopsiquiatria.org.mx.&nbsp;<\/p>\n\n\n\n<p class=\"has-medium-font-size wp-block-paragraph\">Cubrir un m\u00ednimo de 250 horas\/cr\u00e9dito de educaci\u00f3n continua durante los \u00faltimos cinco (5) a\u00f1os de su ejercicio profesional. En el caso de Psiquiatr\u00eda Infantil y de la Adolescencia y de Medicina del Sue\u00f1o, deber\u00e1 tener vigente la certificaci\u00f3n en Psiquiatr\u00eda.&nbsp;<\/p>\n\n\n\n<p class=\"has-medium-font-size wp-block-paragraph\">Pagar la cuota correspondiente.\u00a0<\/p>\n\n\n\n<hr class=\"wp-block-separator has-text-color has-vivid-green-cyan-color has-alpha-channel-opacity has-vivid-green-cyan-background-color has-background\"\/>\n\n\n\n<p class=\"has-medium-font-size wp-block-paragraph\">Dr. Dante Manuel Alvear Galindo &nbsp;&nbsp;&nbsp;&nbsp;&nbsp;&nbsp;&nbsp;&nbsp;&nbsp;&nbsp;&nbsp;&nbsp;&nbsp;&nbsp;&nbsp;&nbsp;&nbsp;&nbsp;&nbsp;&nbsp;&nbsp;&nbsp; Dra. Martha Patricia Ontiveros Uribe&nbsp;<\/p>\n\n\n\n<p class=\"has-medium-font-size wp-block-paragraph\"><strong>Presidente\u00a0 <\/strong>\u00a0 \u00a0 \u00a0 \u00a0 \u00a0 \u00a0 \u00a0 \u00a0 \u00a0 \u00a0 \u00a0 \u00a0 \u00a0 \u00a0 \u00a0 \u00a0 \u00a0 \u00a0 \u00a0 \u00a0 \u00a0 \u00a0 \u00a0 \u00a0 \u00a0 \u00a0 \u00a0 \u00a0 \u00a0 \u00a0 <strong>\u00a0Secretaria-Tesorera\u00a0<\/strong><\/p>\n\n\n\n<p class=\"has-text-color has-medium-font-size wp-block-paragraph\" style=\"color:#0e5e41\">Para mayor informaci\u00f3n, favor de dirigirse a los tel\u00e9fonos <br>55 5573 1038 y 55 4160 5458\u00a0 <br>De lunes a viernes de las 9:00 a las 15:00 h<\/p>\n\n\n\n<p class=\"has-text-color has-medium-font-size wp-block-paragraph\" style=\"color:#0e5e41\">contacto@consejomexicanopsiquiatria.org.mx\u00a0<\/p>\n\n\n\n<p class=\"has-text-color has-medium-font-size wp-block-paragraph\" style=\"color:#0e5e41\">www.consejomexicanopsiquiatria.org.mx\u00a0<\/p>\n\n\n\n<hr class=\"wp-block-separator has-text-color has-vivid-green-cyan-color has-alpha-channel-opacity has-vivid-green-cyan-background-color has-background\"\/>\n\n\n\n<div class=\"wp-block-buttons is-layout-flex wp-block-buttons-is-layout-flex\">\n<div class=\"wp-block-button\"><a class=\"wp-block-button__link has-vivid-green-cyan-background-color has-background wp-element-button\" href=\"https:\/\/consejomexicanopsiquiatria.org.mx\/convocatoria-para-el-examen-de-la-promocion-lxxx-de-certificacion-en-psiquiatria\/\">Convocatoria<\/a><\/div>\n<\/div>\n","protected":false},"excerpt":{"rendered":"<p>PROMOCI\u00d3N LV DE CERTIFICACI\u00d3N EN PSIQUIATR\u00cdA INFANTIL Y DE LA ADOLESCENCIA\u00a0 PROMOCI\u00d3N XVII DE CERTIFICACI\u00d3N EN MEDICINA DEL SUE\u00d1O\u00a0 CONSEJO MEXICANO DE PSIQUIATR\u00cdA, A. C.\u00a0<\/p>\n","protected":false},"author":3,"featured_media":2541,"comment_status":"closed","ping_status":"closed","sticky":false,"template":"","format":"standard","meta":{"_jetpack_memberships_contains_paid_content":false,"footnotes":"","jetpack_publicize_message":"","jetpack_publicize_feature_enabled":true,"jetpack_social_post_already_shared":true,"jetpack_social_options":{"image_generator_settings":{"template":"highway","default_image_id":0,"font":"","enabled":false},"version":2}},"categories":[14],"tags":[768,766,21,324,398,32,731],"class_list":["post-2538","post","type-post","status-publish","format-standard","has-post-thumbnail","hentry","category-plataformas-de-ayuda","tag-adolescencia","tag-convocatoria","tag-inprfm","tag-medicina","tag-psiquiatria-infantil","tag-salud-mental","tag-sueno"],"yoast_head":"<!-- This site is optimized with the Yoast SEO plugin v19.4 - https:\/\/yoast.com\/wordpress\/plugins\/seo\/ -->\n<title>CONVOCATORIA PARA EL EXAMEN DE LA PROMOCI\u00d3N LXXX DE CERTIFICACI\u00d3N EN PSIQUIATR\u00cdA\u00a0 -<\/title>\n<meta name=\"description\" content=\"CONVOCATORIA PARA EL EXAMEN DE LA PROMOCI\u00d3N LXXX DE CERTIFICACI\u00d3N EN PSIQUIATR\u00cdA CONSEJO MEXICANO DE PSIQUIATR\u00cdA, A. C. CONVOCATORIA PARA EL EXAMEN DE LA PROMOCI\u00d3N LXXX DE CERTIFICACI\u00d3N EN PSIQUIATR\u00cdA PROMOCI\u00d3N LV DE CERTIFICACI\u00d3N EN PSIQUIATR\u00cdA INFANTIL Y DE LA ADOLESCENCIA PROMOCI\u00d3N XVII DE CERTIFICACI\u00d3N EN MEDICINA DEL SUE\u00d1O\" \/>\n<meta name=\"robots\" content=\"index, follow, max-snippet:-1, max-image-preview:large, max-video-preview:-1\" \/>\n<link rel=\"canonical\" href=\"https:\/\/lafuente.mx\/?p=2538\" \/>\n<meta property=\"og:locale\" content=\"es_MX\" \/>\n<meta property=\"og:type\" content=\"article\" \/>\n<meta property=\"og:title\" content=\"CONVOCATORIA PARA EL EXAMEN DE LA PROMOCI\u00d3N DE CERTIFICACI\u00d3N\" \/>\n<meta property=\"og:description\" content=\"CONVOCATORIA PARA EL EXAMEN DE LA PROMOCI\u00d3N LXXX DE CERTIFICACI\u00d3N EN PSIQUIATR\u00cdA CONSEJO MEXICANO DE PSIQUIATR\u00cdA, A. C. CONVOCATORIA PARA EL EXAMEN DE LA PROMOCI\u00d3N LXXX DE CERTIFICACI\u00d3N EN PSIQUIATR\u00cdA PROMOCI\u00d3N LV DE CERTIFICACI\u00d3N EN PSIQUIATR\u00cdA INFANTIL Y DE LA ADOLESCENCIA PROMOCI\u00d3N XVII DE CERTIFICACI\u00d3N EN MEDICINA DEL SUE\u00d1O\" \/>\n<meta property=\"og:url\" content=\"https:\/\/lafuente.mx\/?p=2538\" \/>\n<meta property=\"article:published_time\" content=\"2024-09-10T18:43:41+00:00\" \/>\n<meta property=\"article:modified_time\" content=\"2024-09-10T18:43:42+00:00\" \/>\n<meta property=\"og:image\" content=\"http:\/\/lafuente.mx\/wp-content\/uploads\/2024\/09\/jamila-polatova-oncology-crayfish-7261803.jpg\" \/>\n\t<meta property=\"og:image:width\" content=\"1280\" \/>\n\t<meta property=\"og:image:height\" content=\"847\" \/>\n\t<meta property=\"og:image:type\" content=\"image\/jpeg\" \/>\n<meta name=\"author\" content=\"Claudia Gallardo\" \/>\n<meta name=\"twitter:card\" content=\"summary_large_image\" \/>\n<meta name=\"twitter:title\" content=\"CONVOCATORIA PARA EL EXAMEN DE LA PROMOCI\u00d3N DE CERTIFICACI\u00d3N\" \/>\n<meta name=\"twitter:description\" content=\"CONVOCATORIA PARA EL EXAMEN DE LA PROMOCI\u00d3N LXXX DE CERTIFICACI\u00d3N EN PSIQUIATR\u00cdA CONSEJO MEXICANO DE PSIQUIATR\u00cdA, A. C. CONVOCATORIA PARA EL EXAMEN DE LA PROMOCI\u00d3N LXXX DE CERTIFICACI\u00d3N EN PSIQUIATR\u00cdA PROMOCI\u00d3N LV DE CERTIFICACI\u00d3N EN PSIQUIATR\u00cdA INFANTIL Y DE LA ADOLESCENCIA PROMOCI\u00d3N XVII DE CERTIFICACI\u00d3N EN MEDICINA DEL SUE\u00d1O\" \/>\n<meta name=\"twitter:image\" content=\"https:\/\/i0.wp.com\/lafuente.mx\/wp-content\/uploads\/2024\/09\/jamila-polatova-oncology-crayfish-7261803.jpg?fit=1280%2C847&ssl=1\" \/>\n<meta name=\"twitter:label1\" content=\"Escrito por\" \/>\n\t<meta name=\"twitter:data1\" content=\"Claudia Gallardo\" \/>\n\t<meta name=\"twitter:label2\" content=\"Tiempo de lectura\" \/>\n\t<meta name=\"twitter:data2\" content=\"4 minutos\" \/>\n<script type=\"application\/ld+json\" class=\"yoast-schema-graph\">{\"@context\":\"https:\/\/schema.org\",\"@graph\":[{\"@type\":\"WebSite\",\"@id\":\"https:\/\/lafuente.mx\/#website\",\"url\":\"https:\/\/lafuente.mx\/\",\"name\":\"\",\"description\":\"Informaci\u00f3n confiable sobre salud mental\",\"potentialAction\":[{\"@type\":\"SearchAction\",\"target\":{\"@type\":\"EntryPoint\",\"urlTemplate\":\"https:\/\/lafuente.mx\/?s={search_term_string}\"},\"query-input\":\"required name=search_term_string\"}],\"inLanguage\":\"es\"},{\"@type\":\"WebPage\",\"@id\":\"https:\/\/lafuente.mx\/?p=2538\",\"url\":\"https:\/\/lafuente.mx\/?p=2538\",\"name\":\"CONVOCATORIA PARA EL EXAMEN DE LA PROMOCI\u00d3N LXXX DE CERTIFICACI\u00d3N EN PSIQUIATR\u00cdA\u00a0 -\",\"isPartOf\":{\"@id\":\"https:\/\/lafuente.mx\/#website\"},\"datePublished\":\"2024-09-10T18:43:41+00:00\",\"dateModified\":\"2024-09-10T18:43:42+00:00\",\"author\":{\"@id\":\"https:\/\/lafuente.mx\/#\/schema\/person\/603f3aa8e2f6f7879021ab722d39d6b0\"},\"description\":\"CONVOCATORIA PARA EL EXAMEN DE LA PROMOCI\u00d3N LXXX DE CERTIFICACI\u00d3N EN PSIQUIATR\u00cdA CONSEJO MEXICANO DE PSIQUIATR\u00cdA, A. C. CONVOCATORIA PARA EL EXAMEN DE LA PROMOCI\u00d3N LXXX DE CERTIFICACI\u00d3N EN PSIQUIATR\u00cdA PROMOCI\u00d3N LV DE CERTIFICACI\u00d3N EN PSIQUIATR\u00cdA INFANTIL Y DE LA ADOLESCENCIA PROMOCI\u00d3N XVII DE CERTIFICACI\u00d3N EN MEDICINA DEL SUE\u00d1O\",\"breadcrumb\":{\"@id\":\"https:\/\/lafuente.mx\/?p=2538#breadcrumb\"},\"inLanguage\":\"es\",\"potentialAction\":[{\"@type\":\"ReadAction\",\"target\":[\"https:\/\/lafuente.mx\/?p=2538\"]}]},{\"@type\":\"BreadcrumbList\",\"@id\":\"https:\/\/lafuente.mx\/?p=2538#breadcrumb\",\"itemListElement\":[{\"@type\":\"ListItem\",\"position\":1,\"name\":\"Inicio\",\"item\":\"https:\/\/lafuente.mx\/\"},{\"@type\":\"ListItem\",\"position\":2,\"name\":\"CONVOCATORIA PARA EL EXAMEN DE LA PROMOCI\u00d3N LXXX DE CERTIFICACI\u00d3N EN PSIQUIATR\u00cdA\u00a0\"}]},{\"@type\":\"Person\",\"@id\":\"https:\/\/lafuente.mx\/#\/schema\/person\/603f3aa8e2f6f7879021ab722d39d6b0\",\"name\":\"Claudia Gallardo\",\"image\":{\"@type\":\"ImageObject\",\"inLanguage\":\"es\",\"@id\":\"https:\/\/lafuente.mx\/#\/schema\/person\/image\/\",\"url\":\"https:\/\/secure.gravatar.com\/avatar\/57e359df01b381c34a24d792c1867f6e9888011b76e86673f8dd53994603714d?s=96&d=mm&r=g\",\"contentUrl\":\"https:\/\/secure.gravatar.com\/avatar\/57e359df01b381c34a24d792c1867f6e9888011b76e86673f8dd53994603714d?s=96&d=mm&r=g\",\"caption\":\"Claudia Gallardo\"},\"url\":\"https:\/\/lafuente.mx\/?author=3\"}]}<\/script>\n<!-- \/ Yoast SEO plugin. -->","yoast_head_json":{"title":"CONVOCATORIA PARA EL EXAMEN DE LA PROMOCI\u00d3N LXXX DE CERTIFICACI\u00d3N EN PSIQUIATR\u00cdA\u00a0 -","description":"CONVOCATORIA PARA EL EXAMEN DE LA PROMOCI\u00d3N LXXX DE CERTIFICACI\u00d3N EN PSIQUIATR\u00cdA CONSEJO MEXICANO DE PSIQUIATR\u00cdA, A. C. CONVOCATORIA PARA EL EXAMEN DE LA PROMOCI\u00d3N LXXX DE CERTIFICACI\u00d3N EN PSIQUIATR\u00cdA PROMOCI\u00d3N LV DE CERTIFICACI\u00d3N EN PSIQUIATR\u00cdA INFANTIL Y DE LA ADOLESCENCIA PROMOCI\u00d3N XVII DE CERTIFICACI\u00d3N EN MEDICINA DEL SUE\u00d1O","robots":{"index":"index","follow":"follow","max-snippet":"max-snippet:-1","max-image-preview":"max-image-preview:large","max-video-preview":"max-video-preview:-1"},"canonical":"https:\/\/lafuente.mx\/?p=2538","og_locale":"es_MX","og_type":"article","og_title":"CONVOCATORIA PARA EL EXAMEN DE LA PROMOCI\u00d3N DE CERTIFICACI\u00d3N","og_description":"CONVOCATORIA PARA EL EXAMEN DE LA PROMOCI\u00d3N LXXX DE CERTIFICACI\u00d3N EN PSIQUIATR\u00cdA CONSEJO MEXICANO DE PSIQUIATR\u00cdA, A. C. CONVOCATORIA PARA EL EXAMEN DE LA PROMOCI\u00d3N LXXX DE CERTIFICACI\u00d3N EN PSIQUIATR\u00cdA PROMOCI\u00d3N LV DE CERTIFICACI\u00d3N EN PSIQUIATR\u00cdA INFANTIL Y DE LA ADOLESCENCIA PROMOCI\u00d3N XVII DE CERTIFICACI\u00d3N EN MEDICINA DEL SUE\u00d1O","og_url":"https:\/\/lafuente.mx\/?p=2538","article_published_time":"2024-09-10T18:43:41+00:00","article_modified_time":"2024-09-10T18:43:42+00:00","og_image":[{"width":1280,"height":847,"url":"http:\/\/lafuente.mx\/wp-content\/uploads\/2024\/09\/jamila-polatova-oncology-crayfish-7261803.jpg","type":"image\/jpeg"}],"author":"Claudia Gallardo","twitter_card":"summary_large_image","twitter_title":"CONVOCATORIA PARA EL EXAMEN DE LA PROMOCI\u00d3N DE CERTIFICACI\u00d3N","twitter_description":"CONVOCATORIA PARA EL EXAMEN DE LA PROMOCI\u00d3N LXXX DE CERTIFICACI\u00d3N EN PSIQUIATR\u00cdA CONSEJO MEXICANO DE PSIQUIATR\u00cdA, A. C. CONVOCATORIA PARA EL EXAMEN DE LA PROMOCI\u00d3N LXXX DE CERTIFICACI\u00d3N EN PSIQUIATR\u00cdA PROMOCI\u00d3N LV DE CERTIFICACI\u00d3N EN PSIQUIATR\u00cdA INFANTIL Y DE LA ADOLESCENCIA PROMOCI\u00d3N XVII DE CERTIFICACI\u00d3N EN MEDICINA DEL SUE\u00d1O","twitter_image":"https:\/\/i0.wp.com\/lafuente.mx\/wp-content\/uploads\/2024\/09\/jamila-polatova-oncology-crayfish-7261803.jpg?fit=1280%2C847&ssl=1","twitter_misc":{"Escrito por":"Claudia Gallardo","Tiempo de lectura":"4 minutos"},"schema":{"@context":"https:\/\/schema.org","@graph":[{"@type":"WebSite","@id":"https:\/\/lafuente.mx\/#website","url":"https:\/\/lafuente.mx\/","name":"","description":"Informaci\u00f3n confiable sobre salud mental","potentialAction":[{"@type":"SearchAction","target":{"@type":"EntryPoint","urlTemplate":"https:\/\/lafuente.mx\/?s={search_term_string}"},"query-input":"required name=search_term_string"}],"inLanguage":"es"},{"@type":"WebPage","@id":"https:\/\/lafuente.mx\/?p=2538","url":"https:\/\/lafuente.mx\/?p=2538","name":"CONVOCATORIA PARA EL EXAMEN DE LA PROMOCI\u00d3N LXXX DE CERTIFICACI\u00d3N EN PSIQUIATR\u00cdA\u00a0 -","isPartOf":{"@id":"https:\/\/lafuente.mx\/#website"},"datePublished":"2024-09-10T18:43:41+00:00","dateModified":"2024-09-10T18:43:42+00:00","author":{"@id":"https:\/\/lafuente.mx\/#\/schema\/person\/603f3aa8e2f6f7879021ab722d39d6b0"},"description":"CONVOCATORIA PARA EL EXAMEN DE LA PROMOCI\u00d3N LXXX DE CERTIFICACI\u00d3N EN PSIQUIATR\u00cdA CONSEJO MEXICANO DE PSIQUIATR\u00cdA, A. C. CONVOCATORIA PARA EL EXAMEN DE LA PROMOCI\u00d3N LXXX DE CERTIFICACI\u00d3N EN PSIQUIATR\u00cdA PROMOCI\u00d3N LV DE CERTIFICACI\u00d3N EN PSIQUIATR\u00cdA INFANTIL Y DE LA ADOLESCENCIA PROMOCI\u00d3N XVII DE CERTIFICACI\u00d3N EN MEDICINA DEL SUE\u00d1O","breadcrumb":{"@id":"https:\/\/lafuente.mx\/?p=2538#breadcrumb"},"inLanguage":"es","potentialAction":[{"@type":"ReadAction","target":["https:\/\/lafuente.mx\/?p=2538"]}]},{"@type":"BreadcrumbList","@id":"https:\/\/lafuente.mx\/?p=2538#breadcrumb","itemListElement":[{"@type":"ListItem","position":1,"name":"Inicio","item":"https:\/\/lafuente.mx\/"},{"@type":"ListItem","position":2,"name":"CONVOCATORIA PARA EL EXAMEN DE LA PROMOCI\u00d3N LXXX DE CERTIFICACI\u00d3N EN PSIQUIATR\u00cdA\u00a0"}]},{"@type":"Person","@id":"https:\/\/lafuente.mx\/#\/schema\/person\/603f3aa8e2f6f7879021ab722d39d6b0","name":"Claudia Gallardo","image":{"@type":"ImageObject","inLanguage":"es","@id":"https:\/\/lafuente.mx\/#\/schema\/person\/image\/","url":"https:\/\/secure.gravatar.com\/avatar\/57e359df01b381c34a24d792c1867f6e9888011b76e86673f8dd53994603714d?s=96&d=mm&r=g","contentUrl":"https:\/\/secure.gravatar.com\/avatar\/57e359df01b381c34a24d792c1867f6e9888011b76e86673f8dd53994603714d?s=96&d=mm&r=g","caption":"Claudia Gallardo"},"url":"https:\/\/lafuente.mx\/?author=3"}]}},"jetpack_publicize_connections":[],"jetpack_featured_media_url":"https:\/\/i0.wp.com\/lafuente.mx\/wp-content\/uploads\/2024\/09\/jamila-polatova-oncology-crayfish-7261803.jpg?fit=1280%2C847&ssl=1","jetpack-related-posts":[],"jetpack_sharing_enabled":true,"jetpack_shortlink":"https:\/\/wp.me\/pe9WUx-EW","_links":{"self":[{"href":"https:\/\/lafuente.mx\/index.php?rest_route=\/wp\/v2\/posts\/2538","targetHints":{"allow":["GET"]}}],"collection":[{"href":"https:\/\/lafuente.mx\/index.php?rest_route=\/wp\/v2\/posts"}],"about":[{"href":"https:\/\/lafuente.mx\/index.php?rest_route=\/wp\/v2\/types\/post"}],"author":[{"embeddable":true,"href":"https:\/\/lafuente.mx\/index.php?rest_route=\/wp\/v2\/users\/3"}],"replies":[{"embeddable":true,"href":"https:\/\/lafuente.mx\/index.php?rest_route=%2Fwp%2Fv2%2Fcomments&post=2538"}],"version-history":[{"count":2,"href":"https:\/\/lafuente.mx\/index.php?rest_route=\/wp\/v2\/posts\/2538\/revisions"}],"predecessor-version":[{"id":2542,"href":"https:\/\/lafuente.mx\/index.php?rest_route=\/wp\/v2\/posts\/2538\/revisions\/2542"}],"wp:featuredmedia":[{"embeddable":true,"href":"https:\/\/lafuente.mx\/index.php?rest_route=\/wp\/v2\/media\/2541"}],"wp:attachment":[{"href":"https:\/\/lafuente.mx\/index.php?rest_route=%2Fwp%2Fv2%2Fmedia&parent=2538"}],"wp:term":[{"taxonomy":"category","embeddable":true,"href":"https:\/\/lafuente.mx\/index.php?rest_route=%2Fwp%2Fv2%2Fcategories&post=2538"},{"taxonomy":"post_tag","embeddable":true,"href":"https:\/\/lafuente.mx\/index.php?rest_route=%2Fwp%2Fv2%2Ftags&post=2538"}],"curies":[{"name":"wp","href":"https:\/\/api.w.org\/{rel}","templated":true}]}}